{"id":38059,"date":"2024-12-01T12:58:48","date_gmt":"2024-12-01T15:58:48","guid":{"rendered":"https:\/\/larevistadigital.com.ar\/blog\/?p=38059"},"modified":"2024-12-01T12:58:48","modified_gmt":"2024-12-01T15:58:48","slug":"milei-apelara-a-la-cadena-nacional-para-referirse-a-su-primer-ano-de-gestion","status":"publish","type":"post","link":"https:\/\/larevistadigital.com.ar\/blog\/milei-apelara-a-la-cadena-nacional-para-referirse-a-su-primer-ano-de-gestion\/","title":{"rendered":"Milei apelar\u00e1 a la cadena nacional para referirse a su primer a\u00f1o de gesti\u00f3n"},"content":{"rendered":"<h2>Hablar\u00e1 de la herencia que recibi\u00f3, los objetivos a futuro y har\u00e1 un balance del primer a\u00f1o de gesti\u00f3n.<\/h2>\n<p>01 de Diciembre de 2024<\/p>\n<p><span>El presidente <strong>Javier Milei<\/strong> utilizar\u00e1 la cadena nacional el pr\u00f3ximo 10 de diciembre para pronunciar un discurso clave en el que abordar\u00e1 la herencia recibida de la gesti\u00f3n ante<\/span><\/p>\n<p><span>En el mensaje, que ser\u00e1 grabado en la Casa de Gobierno, el mandatario har\u00e1 un balance de su primer a\u00f1o de gesti\u00f3n, destacando las reformas impulsadas desde el Poder Ejecutivo, como la Ley Bases, las desregulaciones econ\u00f3micas y las acciones en seguridad lideradas por la Ministra Patricia Bullrich.<\/span><\/p>\n<h3><span style=\"color: #ff0000\">\u00abLo peor ya pas\u00f3\u00bb<\/span><\/h3>\n<p><span>Seg\u00fan adelantaron fuentes oficiales, <strong>Milei<\/strong> transmitir\u00e1 un mensaje de optimismo, afirmando que <strong>\u201clo peor ya pas\u00f3\u201d<\/strong> y que la sociedad puede esperar mejores noticias en el futuro. Agradecer\u00e1 a los ciudadanos por el esfuerzo realizado durante el ajuste, a la vez que ratificar\u00e1 que el rumbo econ\u00f3mico no cambiar\u00e1.<\/span><\/p>\n<p><span>El discurso incluye un repaso exhaustivo del estado actual del pa\u00eds frente a la situaci\u00f3n heredada en 2023, respaldado con datos econ\u00f3micos y reflexiones sobre los cambios pol\u00edticos alcanzados en los \u00faltimos doce meses.<\/span><\/p>\n<h3><span style=\"color: #ff0000\"><strong>Detalles a\u00fan en definici\u00f3n<\/strong><\/span><\/h3>\n<p><span>Si bien todav\u00eda no se ha decidido si el mensaje ser\u00e1 grabado en el despacho presidencial o en el Sal\u00f3n Blanco, se espera que el formato mantenga un tono sobrio, con una fuerte apuesta por las redes sociales para amplificar las partes m\u00e1s destacadas del discurso.<\/span><\/p>\n<h3><span style=\"color: #ff0000\">Reuniones internacionales y mirada al futuro<\/span><\/h3>\n<p><span>En paralelo a la grabaci\u00f3n de su mensaje, el presidente mantendr\u00e1 reuniones con destacados economistas radicados en el extranjero. Entre los invitados se encuentran el profesor de la Universidad de Columbia, Guillermo Calvo, y <strong>Tom Sargent<\/strong>, ganador del Premio Nobel de Econom\u00eda en 2011. Tambi\u00e9n participar\u00e1n otros dos acad\u00e9micos de renombre internacional.<\/span><\/p>\n<blockquote>\n<h3><span>Por otro lado, fuentes cercanas al oficialismo descartaron la realizaci\u00f3n de un acto partidario por el aniversario de su gesti\u00f3n. En cambio, el \u00e9nfasis estar\u00e1 puesto en consolidar los logros comunicativos a trav\u00e9s de plataformas digitales y las intervenciones medi\u00e1ticas.<\/span><\/h3>\n<\/blockquote>\n<p><span>El mensaje del 10 de diciembre ser\u00e1, sin dudas, una oportunidad para que <strong>Milei<\/strong> reafirme su visi\u00f3n de pa\u00eds y trace un horizonte de confianza hacia el pr\u00f3ximo a\u00f1o, marcando el rumbo de su administraci\u00f3n en medio de un contexto desafiante.<\/span><\/p>\n","protected":false},"excerpt":{"rendered":"<div class=\"mh-excerpt\"><p>Hablar\u00e1 de la herencia que recibi\u00f3, los objetivos a futuro y har\u00e1 un balance del primer a\u00f1o de gesti\u00f3n. 01 de Diciembre de 2024 El presidente Javier Milei utilizar\u00e1 la cadena nacional el pr\u00f3ximo 10 <a class=\"mh-excerpt-more\" href=\"https:\/\/larevistadigital.com.ar\/blog\/milei-apelara-a-la-cadena-nacional-para-referirse-a-su-primer-ano-de-gestion\/\" title=\"Milei apelar\u00e1 a la cadena nacional para referirse a su primer a\u00f1o de gesti\u00f3n\">[Leer M\u00e1s]<\/a><\/p>\n<\/div>","protected":false},"author":3,"featured_media":38060,"comment_status":"open","ping_status":"open","sticky":false,"template":"","format":"standard","meta":{"_jetpack_memberships_contains_paid_content":false,"footnotes":"","jetpack_publicize_message":"","jetpack_publicize_feature_enabled":true,"jetpack_social_post_already_shared":true,"jetpack_social_options":{"image_generator_settings":{"template":"highway","default_image_id":0,"font":"","enabled":false},"version":2}},"categories":[50,12],"tags":[],"class_list":{"0":"post-38059","1":"post","2":"type-post","3":"status-publish","4":"format-standard","5":"has-post-thumbnail","7":"category-interes-general","8":"category-politica"},"jetpack_publicize_connections":[],"jetpack_featured_media_url":"https:\/\/i0.wp.com\/larevistadigital.com.ar\/blog\/wp-content\/uploads\/Captura-de-pantalla-2024-11-30-131930-1.png?fit=901%2C489&ssl=1","jetpack_sharing_enabled":true,"jetpack_shortlink":"https:\/\/wp.me\/p8qtrQ-9TR","jetpack-related-posts":[{"id":44582,"url":"https:\/\/larevistadigital.com.ar\/blog\/encuesta-la-desaprobacion-al-gobierno-de-milei-llego-a-su-record\/","url_meta":{"origin":38059,"position":0},"title":"Encuesta: la desaprobaci\u00f3n al gobierno de Milei lleg\u00f3 a su r\u00e9cord","author":"Alejandro Sosa Ruda","date":"17 marzo, 2026","format":false,"excerpt":"El peor momento de Javier Milei seg\u00fan una encuesta: el rechazo supera el 58% y la aprobaci\u00f3n se derrumba. El clima social vuelve a tensarse. 17 de marzo de 2026 Un nuevo relevamiento nacional volvi\u00f3 a encender se\u00f1ales de alerta en la Casa Rosada. Seg\u00fan una encuesta reciente, la desaprobaci\u00f3n\u2026","rel":"","context":"En \u00abINTERES GENERAL\u00bb","block_context":{"text":"INTERES GENERAL","link":"https:\/\/larevistadigital.com.ar\/blog\/category\/interes-general\/"},"img":{"alt_text":"","src":"https:\/\/i0.wp.com\/larevistadigital.com.ar\/blog\/wp-content\/uploads\/Captura-de-pantalla-2026-03-17-231216.jpg?fit=680%2C361&ssl=1&resize=350%2C200","width":350,"height":200,"srcset":"https:\/\/i0.wp.com\/larevistadigital.com.ar\/blog\/wp-content\/uploads\/Captura-de-pantalla-2026-03-17-231216.jpg?fit=680%2C361&ssl=1&resize=350%2C200 1x, https:\/\/i0.wp.com\/larevistadigital.com.ar\/blog\/wp-content\/uploads\/Captura-de-pantalla-2026-03-17-231216.jpg?fit=680%2C361&ssl=1&resize=525%2C300 1.5x"},"classes":[]},{"id":37970,"url":"https:\/\/larevistadigital.com.ar\/blog\/gremios-e-intendentes-organizan-protesta-contra-la-gestion-de-milei\/","url_meta":{"origin":38059,"position":1},"title":"Gremios e intendentes organizan protesta contra la gesti\u00f3n de Milei","author":"Alejandro Sosa Ruda","date":"23 noviembre, 2024","format":false,"excerpt":"Las dos Centrales de Trabajadores Argentinos (CTA Aut\u00f3noma y CTA de los Trabajadores) se reunieron con intendentes del conurbano bonaerense para sumar su apoyo a una movilizaci\u00f3n contra las pol\u00edticas del presidente Javier Milei. 23 de Noviembre de 2024 BUENOS AIRES -\u00a0 En el marco de una serie de encuentros\u2026","rel":"","context":"En \u00abATAQUE DE RADIO\u00bb","block_context":{"text":"ATAQUE DE RADIO","link":"https:\/\/larevistadigital.com.ar\/blog\/category\/ataque-de-radio\/"},"img":{"alt_text":"","src":"https:\/\/i0.wp.com\/larevistadigital.com.ar\/blog\/wp-content\/uploads\/20241122152955_cta-intendentes-conurbano-movilizacion-contra-milei.jpg?fit=880%2C512&ssl=1&resize=350%2C200","width":350,"height":200,"srcset":"https:\/\/i0.wp.com\/larevistadigital.com.ar\/blog\/wp-content\/uploads\/20241122152955_cta-intendentes-conurbano-movilizacion-contra-milei.jpg?fit=880%2C512&ssl=1&resize=350%2C200 1x, https:\/\/i0.wp.com\/larevistadigital.com.ar\/blog\/wp-content\/uploads\/20241122152955_cta-intendentes-conurbano-movilizacion-contra-milei.jpg?fit=880%2C512&ssl=1&resize=525%2C300 1.5x, https:\/\/i0.wp.com\/larevistadigital.com.ar\/blog\/wp-content\/uploads\/20241122152955_cta-intendentes-conurbano-movilizacion-contra-milei.jpg?fit=880%2C512&ssl=1&resize=700%2C400 2x"},"classes":[]},{"id":42823,"url":"https:\/\/larevistadigital.com.ar\/blog\/kicillof-tilda-a-milei-y-caputo-de-endeudadores-seriales-y-promete-no-dejarles-rematar-el-pais\/","url_meta":{"origin":38059,"position":2},"title":"Kicillof tilda a Milei y Caputo de \u201cendeudadores seriales\u201d y promete no dejarles \u201crematar el pa\u00eds\u201d","author":"Alejandro Sosa Ruda","date":"10 diciembre, 2025","format":false,"excerpt":"El gobernador cuestion\u00f3 las restricciones de la naci\u00f3n a la ley de financiamiento provincial, asegurando que los fondos solo cubren el roll over de vencimientos de deuda de Vidal. 10 De Diciembre de 2025 El gobernador de la provincia de Buenos Aires,\u00a0Axel Kicillof, elev\u00f3 el tono de su confrontaci\u00f3n con\u2026","rel":"","context":"En \u00abPOLITICA PROVINCIAL\u00bb","block_context":{"text":"POLITICA PROVINCIAL","link":"https:\/\/larevistadigital.com.ar\/blog\/category\/politica\/politica-provincial\/"},"img":{"alt_text":"","src":"https:\/\/i0.wp.com\/larevistadigital.com.ar\/blog\/wp-content\/uploads\/20251210104723_20251208172729-axel-kicillof-luis-caputo-deuda-provincia.jpg?fit=880%2C512&ssl=1&resize=350%2C200","width":350,"height":200,"srcset":"https:\/\/i0.wp.com\/larevistadigital.com.ar\/blog\/wp-content\/uploads\/20251210104723_20251208172729-axel-kicillof-luis-caputo-deuda-provincia.jpg?fit=880%2C512&ssl=1&resize=350%2C200 1x, https:\/\/i0.wp.com\/larevistadigital.com.ar\/blog\/wp-content\/uploads\/20251210104723_20251208172729-axel-kicillof-luis-caputo-deuda-provincia.jpg?fit=880%2C512&ssl=1&resize=525%2C300 1.5x, https:\/\/i0.wp.com\/larevistadigital.com.ar\/blog\/wp-content\/uploads\/20251210104723_20251208172729-axel-kicillof-luis-caputo-deuda-provincia.jpg?fit=880%2C512&ssl=1&resize=700%2C400 2x"},"classes":[]},{"id":39632,"url":"https:\/\/larevistadigital.com.ar\/blog\/macri-redobla-criticas-al-gobierno-de-milei-y-agita-el-tema-de-la-corrupcion\/","url_meta":{"origin":38059,"position":3},"title":"Macri redobla cr\u00edticas al gobierno de Milei y agita el tema de la corrupci\u00f3n","author":"Alejandro Sosa Ruda","date":"3 mayo, 2025","format":false,"excerpt":"El expresidente cuestion\u00f3 la falta de avances en transparencia del oficialismo y contrast\u00f3 su gesti\u00f3n con la actual. Tambi\u00e9n volvi\u00f3 a cargar contra Karina Milei por las divisiones pol\u00edticas en varios distritos. 03 de Mayo de 2025 Mauricio Macri volvi\u00f3 a cargar con dureza contra el gobierno de Javier Milei,\u2026","rel":"","context":"En \u00abINTERES GENERAL\u00bb","block_context":{"text":"INTERES GENERAL","link":"https:\/\/larevistadigital.com.ar\/blog\/category\/interes-general\/"},"img":{"alt_text":"","src":"https:\/\/i0.wp.com\/larevistadigital.com.ar\/blog\/wp-content\/uploads\/Captura-de-pantalla-2025-05-03-113242.jpg?fit=760%2C422&ssl=1&resize=350%2C200","width":350,"height":200,"srcset":"https:\/\/i0.wp.com\/larevistadigital.com.ar\/blog\/wp-content\/uploads\/Captura-de-pantalla-2025-05-03-113242.jpg?fit=760%2C422&ssl=1&resize=350%2C200 1x, https:\/\/i0.wp.com\/larevistadigital.com.ar\/blog\/wp-content\/uploads\/Captura-de-pantalla-2025-05-03-113242.jpg?fit=760%2C422&ssl=1&resize=525%2C300 1.5x, https:\/\/i0.wp.com\/larevistadigital.com.ar\/blog\/wp-content\/uploads\/Captura-de-pantalla-2025-05-03-113242.jpg?fit=760%2C422&ssl=1&resize=700%2C400 2x"},"classes":[]},{"id":34632,"url":"https:\/\/larevistadigital.com.ar\/blog\/que-presidentes-estaran-en-la-asuncion-de-javier-milei\/","url_meta":{"origin":38059,"position":4},"title":"\u00bfQU\u00c9 PRESIDENTES ESTAR\u00c1N EN LA ASUNCI\u00d3N DE JAVIER MILEI?","author":"Alejandro Sosa Ruda","date":"26 noviembre, 2023","format":false,"excerpt":"Esta semana siguieron los encuentros del equipo entrante con los ministros que se van. Que confirmar d\u00f3nde serpa la entrega del mando. 26 de Noviembre de 2023 A 15 d\u00edas de la asunci\u00f3n de Javier Milei como presidente, el gobierno saliente de Alberto Fern\u00e1ndez\u00a0y el entrante mantuvieron esta semana distintas\u2026","rel":"","context":"En \u00abINTERES GENERAL\u00bb","block_context":{"text":"INTERES GENERAL","link":"https:\/\/larevistadigital.com.ar\/blog\/category\/interes-general\/"},"img":{"alt_text":"","src":"https:\/\/i0.wp.com\/larevistadigital.com.ar\/blog\/wp-content\/uploads\/Captura-de-pantalla-2023-11-26-133234.png?fit=834%2C509&ssl=1&resize=350%2C200","width":350,"height":200,"srcset":"https:\/\/i0.wp.com\/larevistadigital.com.ar\/blog\/wp-content\/uploads\/Captura-de-pantalla-2023-11-26-133234.png?fit=834%2C509&ssl=1&resize=350%2C200 1x, https:\/\/i0.wp.com\/larevistadigital.com.ar\/blog\/wp-content\/uploads\/Captura-de-pantalla-2023-11-26-133234.png?fit=834%2C509&ssl=1&resize=525%2C300 1.5x, https:\/\/i0.wp.com\/larevistadigital.com.ar\/blog\/wp-content\/uploads\/Captura-de-pantalla-2023-11-26-133234.png?fit=834%2C509&ssl=1&resize=700%2C400 2x"},"classes":[]},{"id":39281,"url":"https:\/\/larevistadigital.com.ar\/blog\/kicillof-volvio-a-llamar-a-la-unidad-para-frenar-las-politicas-de-milei-y-defender-la-provincia\/","url_meta":{"origin":38059,"position":5},"title":"Kicillof volvi\u00f3 a llamar a la unidad para frenar las pol\u00edticas de Milei y defender la Provincia","author":"Alejandro Sosa Ruda","date":"4 abril, 2025","format":false,"excerpt":"El gobernador de la provincia de Buenos Aires, Axel Kicillof, encabez\u00f3 este jueves el cierre del ciclo de charlas \u201cDebate del Futuro\u201d en el Teatro Argentino de La Plata. Lo acompa\u00f1aron el ministro de Gobierno, Carlos Bianco; el subsecretario de Econom\u00eda Popular, Daniel Men\u00e9ndez; y el intendente platense, Julio Alak.\u2026","rel":"","context":"En \u00abINTERES GENERAL\u00bb","block_context":{"text":"INTERES GENERAL","link":"https:\/\/larevistadigital.com.ar\/blog\/category\/interes-general\/"},"img":{"alt_text":"","src":"https:\/\/i0.wp.com\/larevistadigital.com.ar\/blog\/wp-content\/uploads\/20250403195806_kicillof-acto-contra-milei-provincia.jpg?fit=880%2C512&ssl=1&resize=350%2C200","width":350,"height":200,"srcset":"https:\/\/i0.wp.com\/larevistadigital.com.ar\/blog\/wp-content\/uploads\/20250403195806_kicillof-acto-contra-milei-provincia.jpg?fit=880%2C512&ssl=1&resize=350%2C200 1x, https:\/\/i0.wp.com\/larevistadigital.com.ar\/blog\/wp-content\/uploads\/20250403195806_kicillof-acto-contra-milei-provincia.jpg?fit=880%2C512&ssl=1&resize=525%2C300 1.5x, https:\/\/i0.wp.com\/larevistadigital.com.ar\/blog\/wp-content\/uploads\/20250403195806_kicillof-acto-contra-milei-provincia.jpg?fit=880%2C512&ssl=1&resize=700%2C400 2x"},"classes":[]}],"_links":{"self":[{"href":"https:\/\/larevistadigital.com.ar\/blog\/wp-json\/wp\/v2\/posts\/38059","targetHints":{"allow":["GET"]}}],"collection":[{"href":"https:\/\/larevistadigital.com.ar\/blog\/wp-json\/wp\/v2\/posts"}],"about":[{"href":"https:\/\/larevistadigital.com.ar\/blog\/wp-json\/wp\/v2\/types\/post"}],"author":[{"embeddable":true,"href":"https:\/\/larevistadigital.com.ar\/blog\/wp-json\/wp\/v2\/users\/3"}],"replies":[{"embeddable":true,"href":"https:\/\/larevistadigital.com.ar\/blog\/wp-json\/wp\/v2\/comments?post=38059"}],"version-history":[{"count":1,"href":"https:\/\/larevistadigital.com.ar\/blog\/wp-json\/wp\/v2\/posts\/38059\/revisions"}],"predecessor-version":[{"id":38061,"href":"https:\/\/larevistadigital.com.ar\/blog\/wp-json\/wp\/v2\/posts\/38059\/revisions\/38061"}],"wp:featuredmedia":[{"embeddable":true,"href":"https:\/\/larevistadigital.com.ar\/blog\/wp-json\/wp\/v2\/media\/38060"}],"wp:attachment":[{"href":"https:\/\/larevistadigital.com.ar\/blog\/wp-json\/wp\/v2\/media?parent=38059"}],"wp:term":[{"taxonomy":"category","embeddable":true,"href":"https:\/\/larevistadigital.com.ar\/blog\/wp-json\/wp\/v2\/categories?post=38059"},{"taxonomy":"post_tag","embeddable":true,"href":"https:\/\/larevistadigital.com.ar\/blog\/wp-json\/wp\/v2\/tags?post=38059"}],"curies":[{"name":"wp","href":"https:\/\/api.w.org\/{rel}","templated":true}]}}