{"id":38062,"date":"2024-12-01T14:28:25","date_gmt":"2024-12-01T17:28:25","guid":{"rendered":"https:\/\/larevistadigital.com.ar\/blog\/?p=38062"},"modified":"2024-12-01T14:28:25","modified_gmt":"2024-12-01T17:28:25","slug":"las-vueltas-olimpicas-2024-fueron-una-fiesta","status":"publish","type":"post","link":"https:\/\/larevistadigital.com.ar\/blog\/las-vueltas-olimpicas-2024-fueron-una-fiesta\/","title":{"rendered":"Las vueltas ol\u00edmpicas 2024 fueron una fiesta"},"content":{"rendered":"<h2>La pol\u00edtica dise\u00f1ada por la Secretaria de Seguridad para evitar conflictos, y avalada por el intendente Gast\u00f3n, ha dado sus frutos.<\/h2>\n<p><strong>CHASCOM\u00daS\u00a0 &#8211;<\/strong>\u00a0 De esta manera se cumpli\u00f3 con lo acordado por los distintos actores involucrados en la reuni\u00f3n realizada semanas atr\u00e1s, cuando se trat\u00f3 el cronograma y las responsabilidades pertinentes. Es el segundo a\u00f1o consecutivo que los egresados de las escuelas secundarias locales desarrollan la vuelta ol\u00edmpica sin disturbios.<\/p>\n<blockquote>\n<h3>\u00c9sto da cuenta del \u00e9xito de las medidas consensuadas con el Departamento Ejecutivo a fin de garantizar la celebraci\u00f3n segura y responsable, respetando la vida cotidiana de la comunidad y preservando el espacio p\u00fablico.<\/h3>\n<\/blockquote>\n<p>Cada vuelta cont\u00f3 con el acompa\u00f1amiento de la Patrulla de Prevenci\u00f3n Municipal y con adultos responsables, presentes durante todo el recorrido, con el objetivo de prevenir incidentes y de promover el respeto.<\/p>\n","protected":false},"excerpt":{"rendered":"<div class=\"mh-excerpt\"><p>La pol\u00edtica dise\u00f1ada por la Secretaria de Seguridad para evitar conflictos, y avalada por el intendente Gast\u00f3n, ha dado sus frutos. CHASCOM\u00daS\u00a0 &#8211;\u00a0 De esta manera se cumpli\u00f3 con lo acordado por los distintos actores <a class=\"mh-excerpt-more\" href=\"https:\/\/larevistadigital.com.ar\/blog\/las-vueltas-olimpicas-2024-fueron-una-fiesta\/\" title=\"Las vueltas ol\u00edmpicas 2024 fueron una fiesta\">[Leer M\u00e1s]<\/a><\/p>\n<\/div>","protected":false},"author":3,"featured_media":38063,"comment_status":"open","ping_status":"open","sticky":false,"template":"","format":"standard","meta":{"_jetpack_memberships_contains_paid_content":false,"footnotes":"","jetpack_publicize_message":"","jetpack_publicize_feature_enabled":true,"jetpack_social_post_already_shared":true,"jetpack_social_options":{"image_generator_settings":{"template":"highway","default_image_id":0,"font":"","enabled":false},"version":2}},"categories":[6],"tags":[],"class_list":{"0":"post-38062","1":"post","2":"type-post","3":"status-publish","4":"format-standard","5":"has-post-thumbnail","7":"category-chascomus"},"jetpack_publicize_connections":[],"jetpack_featured_media_url":"https:\/\/i0.wp.com\/larevistadigital.com.ar\/blog\/wp-content\/uploads\/6749fdc8247a6.png?fit=668%2C445&ssl=1","jetpack_sharing_enabled":true,"jetpack_shortlink":"https:\/\/wp.me\/p8qtrQ-9TU","jetpack-related-posts":[{"id":30231,"url":"https:\/\/larevistadigital.com.ar\/blog\/chascomus-excelente-iniciativa-de-la-camara-de-comercio-la-noche-de-la-vuelta-al-cole\/","url_meta":{"origin":38062,"position":0},"title":"CHASCOM\u00daS: EXCELENTE INICIATIVA DE LA C\u00c1MARA DE COMERCIO&#8230; \u00abLA NOCHE DE LA VUELTA AL COLE\u00bb","author":"Alejandro Sosa Ruda","date":"24 febrero, 2023","format":false,"excerpt":"Una iniciativa muy buena tanto para los comercios, como para los papis que dispondr\u00e1n de tiempo extra para poder adquirir lo necesario para los chicos, y disfrutar de entretenimientos que har\u00e1n una velada hermosa para compartir en familia. 24 de febrero de 2023 CHASCOM\u00daS -\u00a0 La C\u00e1mara de Comercio, Producci\u00f3n,\u2026","rel":"","context":"En \u00abCHASCOM\u00daS\u00bb","block_context":{"text":"CHASCOM\u00daS","link":"https:\/\/larevistadigital.com.ar\/blog\/category\/chascomus\/"},"img":{"alt_text":"","src":"https:\/\/i0.wp.com\/larevistadigital.com.ar\/blog\/wp-content\/uploads\/WhatsApp-Image-2023-02-22-at-14.56.35.jpeg?fit=1081%2C1081&ssl=1&resize=350%2C200","width":350,"height":200,"srcset":"https:\/\/i0.wp.com\/larevistadigital.com.ar\/blog\/wp-content\/uploads\/WhatsApp-Image-2023-02-22-at-14.56.35.jpeg?fit=1081%2C1081&ssl=1&resize=350%2C200 1x, https:\/\/i0.wp.com\/larevistadigital.com.ar\/blog\/wp-content\/uploads\/WhatsApp-Image-2023-02-22-at-14.56.35.jpeg?fit=1081%2C1081&ssl=1&resize=525%2C300 1.5x, https:\/\/i0.wp.com\/larevistadigital.com.ar\/blog\/wp-content\/uploads\/WhatsApp-Image-2023-02-22-at-14.56.35.jpeg?fit=1081%2C1081&ssl=1&resize=700%2C400 2x, https:\/\/i0.wp.com\/larevistadigital.com.ar\/blog\/wp-content\/uploads\/WhatsApp-Image-2023-02-22-at-14.56.35.jpeg?fit=1081%2C1081&ssl=1&resize=1050%2C600 3x"},"classes":[]},{"id":10615,"url":"https:\/\/larevistadigital.com.ar\/blog\/carolina-vieira-otra-importante-carta-de-cambiemos-en-chascomus\/","url_meta":{"origin":38062,"position":1},"title":"CAROLINA VIEIRA: OTRA IMPORTANTE CARTA DE CAMBIEMOS EN CHASCOM\u00daS","author":"Alejandro Sosa Ruda","date":"14 junio, 2019","format":false,"excerpt":"En los \u00faltimos d\u00edas a trascendido que la funcionaria Carolina Vieira ( actual titular de la ANSES CHASCOMUS ), tuvo varios ofrecimiento para participar en las pr\u00f3ximas elecciones. Parece ser que la misma es una de las referentes\u00a0 locales que mejor mide en algunos sondeos que han realizado desde Naci\u00f3n\u2026","rel":"","context":"En \u00abDESTACADAS\u00bb","block_context":{"text":"DESTACADAS","link":"https:\/\/larevistadigital.com.ar\/blog\/category\/destacadas\/"},"img":{"alt_text":"","src":"https:\/\/i0.wp.com\/larevistadigital.com.ar\/blog\/wp-content\/uploads\/thumbnail.jpg?fit=1080%2C801&ssl=1&resize=350%2C200","width":350,"height":200,"srcset":"https:\/\/i0.wp.com\/larevistadigital.com.ar\/blog\/wp-content\/uploads\/thumbnail.jpg?fit=1080%2C801&ssl=1&resize=350%2C200 1x, https:\/\/i0.wp.com\/larevistadigital.com.ar\/blog\/wp-content\/uploads\/thumbnail.jpg?fit=1080%2C801&ssl=1&resize=525%2C300 1.5x, https:\/\/i0.wp.com\/larevistadigital.com.ar\/blog\/wp-content\/uploads\/thumbnail.jpg?fit=1080%2C801&ssl=1&resize=700%2C400 2x, https:\/\/i0.wp.com\/larevistadigital.com.ar\/blog\/wp-content\/uploads\/thumbnail.jpg?fit=1080%2C801&ssl=1&resize=1050%2C600 3x"},"classes":[]},{"id":16911,"url":"https:\/\/larevistadigital.com.ar\/blog\/kicillof-anuncio-la-vuelta-a-las-clases-en-24-distritos\/","url_meta":{"origin":38062,"position":2},"title":"KICILLOF ANUNCI\u00d3 LA VUELTA A LAS CLASES EN 24 DISTRITOS","author":"Alejandro Sosa Ruda","date":"10 octubre, 2020","format":false,"excerpt":"El gobernador bonaerense tambi\u00e9n detall\u00f3 que lanzar\u00e1 el programa ATR, por medio del cual unos 45 mil maestros y estudiantes avanzados\u00a0\"van a ir a buscar a la casa a los chicos que tuvieron problemas\"\u00a0para conectarse con su escuela. El gobernador bonaerense Axel Kicillof\u00a0anunci\u00f3 que en\u00a024 distritos de la provincia de\u2026","rel":"","context":"En \u00abINTERES GENERAL\u00bb","block_context":{"text":"INTERES GENERAL","link":"https:\/\/larevistadigital.com.ar\/blog\/category\/interes-general\/"},"img":{"alt_text":"","src":"https:\/\/i0.wp.com\/larevistadigital.com.ar\/blog\/wp-content\/uploads\/Axel-Kicillof-1-3.jpg?fit=1200%2C800&ssl=1&resize=350%2C200","width":350,"height":200,"srcset":"https:\/\/i0.wp.com\/larevistadigital.com.ar\/blog\/wp-content\/uploads\/Axel-Kicillof-1-3.jpg?fit=1200%2C800&ssl=1&resize=350%2C200 1x, https:\/\/i0.wp.com\/larevistadigital.com.ar\/blog\/wp-content\/uploads\/Axel-Kicillof-1-3.jpg?fit=1200%2C800&ssl=1&resize=525%2C300 1.5x, https:\/\/i0.wp.com\/larevistadigital.com.ar\/blog\/wp-content\/uploads\/Axel-Kicillof-1-3.jpg?fit=1200%2C800&ssl=1&resize=700%2C400 2x, https:\/\/i0.wp.com\/larevistadigital.com.ar\/blog\/wp-content\/uploads\/Axel-Kicillof-1-3.jpg?fit=1200%2C800&ssl=1&resize=1050%2C600 3x"},"classes":[]},{"id":39645,"url":"https:\/\/larevistadigital.com.ar\/blog\/chascomus-impresionante-cantidad-de-turistas-el-pasado-fin-de-semana-largo\/","url_meta":{"origin":38062,"position":3},"title":"Chascom\u00fas: \u00a1Impresionante cantidad de turistas el pasado fin de semana largo!","author":"Alejandro Sosa Ruda","date":"5 mayo, 2025","format":false,"excerpt":"El \u00faltimo fin de semana largo se vivi\u00f3 con gran afluencia de visitantes en Chascom\u00fas, registr\u00e1ndose una ocupaci\u00f3n tur\u00edstica que alcanz\u00f3 el 85 % en las plazas habilitadas. 05 de Mayo de 2025 CHASCOM\u00daS -\u00a0 Seg\u00fan los datos ofrecidos por la subsecretar\u00eda de Turismo de la Municipalidad de Chascom\u00fas, los\u2026","rel":"","context":"En \u00abCHASCOM\u00daS\u00bb","block_context":{"text":"CHASCOM\u00daS","link":"https:\/\/larevistadigital.com.ar\/blog\/category\/chascomus\/"},"img":{"alt_text":"","src":"https:\/\/i0.wp.com\/larevistadigital.com.ar\/blog\/wp-content\/uploads\/6818f020cf27b.png?fit=668%2C445&ssl=1&resize=350%2C200","width":350,"height":200,"srcset":"https:\/\/i0.wp.com\/larevistadigital.com.ar\/blog\/wp-content\/uploads\/6818f020cf27b.png?fit=668%2C445&ssl=1&resize=350%2C200 1x, https:\/\/i0.wp.com\/larevistadigital.com.ar\/blog\/wp-content\/uploads\/6818f020cf27b.png?fit=668%2C445&ssl=1&resize=525%2C300 1.5x"},"classes":[]},{"id":39727,"url":"https:\/\/larevistadigital.com.ar\/blog\/chascomus-consultorio-de-lactancia\/","url_meta":{"origin":38062,"position":4},"title":"Chascom\u00fas: Consultorio de lactancia","author":"Alejandro Sosa Ruda","date":"10 mayo, 2025","format":false,"excerpt":"Ampl\u00eda el horario de atenci\u00f3n el espacio del Hospital Municipal destinado a personas gestantes. 09 de Mayo de 2025 CHASCOM\u00daS -\u00a0 El consultorio de lactancia destinado a personas gestantes, a cargo de la Lic. en Obstetricia Cielo Cano, atiende martes y mi\u00e9rcoles en el horario de 14 a 17.30 hs\u2026","rel":"","context":"En \u00abCHASCOM\u00daS\u00bb","block_context":{"text":"CHASCOM\u00daS","link":"https:\/\/larevistadigital.com.ar\/blog\/category\/chascomus\/"},"img":{"alt_text":"","src":"https:\/\/i0.wp.com\/larevistadigital.com.ar\/blog\/wp-content\/uploads\/681e3916644d7.png?fit=668%2C445&ssl=1&resize=350%2C200","width":350,"height":200,"srcset":"https:\/\/i0.wp.com\/larevistadigital.com.ar\/blog\/wp-content\/uploads\/681e3916644d7.png?fit=668%2C445&ssl=1&resize=350%2C200 1x, https:\/\/i0.wp.com\/larevistadigital.com.ar\/blog\/wp-content\/uploads\/681e3916644d7.png?fit=668%2C445&ssl=1&resize=525%2C300 1.5x"},"classes":[]},{"id":30255,"url":"https:\/\/larevistadigital.com.ar\/blog\/es-hoy-casa-priante-te-espera-con-promos-y-sorteos-de-2000-a-000-horas-en-la-noche-de-la-vuelta-al-cole\/","url_meta":{"origin":38062,"position":5},"title":"\u00a1ES HOY! CASA PRIANTE TE ESPERA CON PROMOS Y SORTEOS DE 20:00 A 0:00 HORAS EN \u00abLA NOCHE DE LA VUELTA AL COLE\u00bb","author":"Alejandro Sosa Ruda","date":"27 febrero, 2023","format":false,"excerpt":"La interesante iniciativa de la \"C\u00e1mara de Comercio, Producci\u00f3n, Industria y Servicios\" ser\u00e1 durante la noche de hoy, donde los comercios adheridos tienen preparadas muchas sorpresas para los m\u00e1s chicos, y oportunidades para los papis que necesitan comprar material escolar. Como siempre, Casa Priante formar\u00e1 parte de la iniciativa, con\u2026","rel":"","context":"En \u00abCHASCOM\u00daS\u00bb","block_context":{"text":"CHASCOM\u00daS","link":"https:\/\/larevistadigital.com.ar\/blog\/category\/chascomus\/"},"img":{"alt_text":"","src":"https:\/\/i0.wp.com\/larevistadigital.com.ar\/blog\/wp-content\/uploads\/330365632_6101414559919690_6855792379846402807_n.jpg?fit=848%2C1200&ssl=1&resize=350%2C200","width":350,"height":200,"srcset":"https:\/\/i0.wp.com\/larevistadigital.com.ar\/blog\/wp-content\/uploads\/330365632_6101414559919690_6855792379846402807_n.jpg?fit=848%2C1200&ssl=1&resize=350%2C200 1x, https:\/\/i0.wp.com\/larevistadigital.com.ar\/blog\/wp-content\/uploads\/330365632_6101414559919690_6855792379846402807_n.jpg?fit=848%2C1200&ssl=1&resize=525%2C300 1.5x, https:\/\/i0.wp.com\/larevistadigital.com.ar\/blog\/wp-content\/uploads\/330365632_6101414559919690_6855792379846402807_n.jpg?fit=848%2C1200&ssl=1&resize=700%2C400 2x"},"classes":[]}],"_links":{"self":[{"href":"https:\/\/larevistadigital.com.ar\/blog\/wp-json\/wp\/v2\/posts\/38062","targetHints":{"allow":["GET"]}}],"collection":[{"href":"https:\/\/larevistadigital.com.ar\/blog\/wp-json\/wp\/v2\/posts"}],"about":[{"href":"https:\/\/larevistadigital.com.ar\/blog\/wp-json\/wp\/v2\/types\/post"}],"author":[{"embeddable":true,"href":"https:\/\/larevistadigital.com.ar\/blog\/wp-json\/wp\/v2\/users\/3"}],"replies":[{"embeddable":true,"href":"https:\/\/larevistadigital.com.ar\/blog\/wp-json\/wp\/v2\/comments?post=38062"}],"version-history":[{"count":1,"href":"https:\/\/larevistadigital.com.ar\/blog\/wp-json\/wp\/v2\/posts\/38062\/revisions"}],"predecessor-version":[{"id":38064,"href":"https:\/\/larevistadigital.com.ar\/blog\/wp-json\/wp\/v2\/posts\/38062\/revisions\/38064"}],"wp:featuredmedia":[{"embeddable":true,"href":"https:\/\/larevistadigital.com.ar\/blog\/wp-json\/wp\/v2\/media\/38063"}],"wp:attachment":[{"href":"https:\/\/larevistadigital.com.ar\/blog\/wp-json\/wp\/v2\/media?parent=38062"}],"wp:term":[{"taxonomy":"category","embeddable":true,"href":"https:\/\/larevistadigital.com.ar\/blog\/wp-json\/wp\/v2\/categories?post=38062"},{"taxonomy":"post_tag","embeddable":true,"href":"https:\/\/larevistadigital.com.ar\/blog\/wp-json\/wp\/v2\/tags?post=38062"}],"curies":[{"name":"wp","href":"https:\/\/api.w.org\/{rel}","templated":true}]}}