{"id":38065,"date":"2024-12-01T14:40:24","date_gmt":"2024-12-01T17:40:24","guid":{"rendered":"https:\/\/larevistadigital.com.ar\/blog\/?p=38065"},"modified":"2024-12-01T14:40:24","modified_gmt":"2024-12-01T17:40:24","slug":"excelente-medida-se-hicieron-allanamientos-por-maniobras-peligrosas-en-moto","status":"publish","type":"post","link":"https:\/\/larevistadigital.com.ar\/blog\/excelente-medida-se-hicieron-allanamientos-por-maniobras-peligrosas-en-moto\/","title":{"rendered":"Excelente medida: Se hicieron allanamientos por maniobras peligrosas en moto"},"content":{"rendered":"<h2><span style=\"font-size: 16px\">Tras detectarse las infracciones, se secuestraron veh\u00edculos y avanzan imputaciones penales contra los conductores.<\/span><\/h2>\n<p>01 de diciembre de 2024<\/p>\n<div class=\"post_content page_margin_top_section clearfix\">\n<div class=\"content_box\">\n<div id=\"miDiv1\" class=\"text\">\n<p><strong>CHASCOM\u00daS\u00a0 &#8211;\u00a0<\/strong> En el marco de una serie de operativos destinados a erradicar las maniobras peligrosas realizadas en motocicletas, se llevaron a cabo allanamientos en los barrios La Concordia y El Hueco.<\/p>\n<blockquote>\n<h3>Las acciones responden a denuncias presentadas por la Direcci\u00f3n de Prevenci\u00f3n del Delito y Violencias, dependiente de la Secretar\u00eda de Seguridad Ciudadana del municipio, en cumplimiento del art\u00edculo 193 bis del C\u00f3digo Penal.<\/h3>\n<\/blockquote>\n<p>El procedimiento, ordenado por la Fiscal\u00eda N\u00b0 9 a cargo de la <strong>Dra. Daniela Bertoletti<\/strong>, incluy\u00f3 el secuestro de veh\u00edculos y la imputaci\u00f3n de los conductores involucrados en este tipo de maniobras, que representan un riesgo tanto para quienes las realizan como para los peatones y automovilistas que transitan la v\u00eda p\u00fablica.<\/p>\n<blockquote>\n<h3>Los incidentes detectados tuvieron lugar en la avenida Costanera Espa\u00f1a y en avenida Presidente Alfons\u00edn.<\/h3>\n<\/blockquote>\n<p>Las secuencias que permitieron identificar a los responsables fueron obtenidas mediante el trabajo del Laboratorio de Im\u00e1genes del Centro de Monitoreo, en conjunto con la Patrulla de Prevenci\u00f3n Municipal.<\/p>\n<blockquote>\n<h3>Desde la Secretar\u00eda de Seguridad Ciudadana destacaron que las acciones de los infractores, como ocultar patentes o cubrirse, no evitaron su identificaci\u00f3n.<\/h3>\n<\/blockquote>\n<p>Se trata del tercer allanamiento positivo realizado en la ciudad en lo que va del a\u00f1o, en colaboraci\u00f3n con las Fiscal\u00edas N\u00b0 9 y 10.<\/p>\n<p>En uno de los casos, el procedimiento estuvo a cargo de la Estaci\u00f3n de Polic\u00eda Comunal y en el otro, fue realizado por personal de la DDI Chascom\u00fas.<\/p>\n<\/div>\n<\/div>\n<\/div>\n","protected":false},"excerpt":{"rendered":"<div class=\"mh-excerpt\"><p>Tras detectarse las infracciones, se secuestraron veh\u00edculos y avanzan imputaciones penales contra los conductores. 01 de diciembre de 2024 CHASCOM\u00daS\u00a0 &#8211;\u00a0 En el marco de una serie de operativos destinados a erradicar las maniobras peligrosas <a class=\"mh-excerpt-more\" href=\"https:\/\/larevistadigital.com.ar\/blog\/excelente-medida-se-hicieron-allanamientos-por-maniobras-peligrosas-en-moto\/\" title=\"Excelente medida: Se hicieron allanamientos por maniobras peligrosas en moto\">[Leer M\u00e1s]<\/a><\/p>\n<\/div>","protected":false},"author":3,"featured_media":38066,"comment_status":"open","ping_status":"open","sticky":false,"template":"","format":"standard","meta":{"_jetpack_memberships_contains_paid_content":false,"footnotes":"","jetpack_publicize_message":"","jetpack_publicize_feature_enabled":true,"jetpack_social_post_already_shared":true,"jetpack_social_options":{"image_generator_settings":{"template":"highway","default_image_id":0,"font":"","enabled":false},"version":2}},"categories":[6,44],"tags":[],"class_list":{"0":"post-38065","1":"post","2":"type-post","3":"status-publish","4":"format-standard","5":"has-post-thumbnail","7":"category-chascomus","8":"category-policiales"},"jetpack_publicize_connections":[],"jetpack_featured_media_url":"https:\/\/i0.wp.com\/larevistadigital.com.ar\/blog\/wp-content\/uploads\/6749f2a192325.png?fit=668%2C445&ssl=1","jetpack_sharing_enabled":true,"jetpack_shortlink":"https:\/\/wp.me\/p8qtrQ-9TX","jetpack-related-posts":[{"id":35763,"url":"https:\/\/larevistadigital.com.ar\/blog\/chascomus-denuncia-y-retencion-de-motovehiculos-a-conductores-que-realizan-maniobras-peligrosas\/","url_meta":{"origin":38065,"position":0},"title":"CHASCOM\u00daS: DENUNCIA Y RETENCI\u00d3N DE MOTOVEH\u00cdCULOS A CONDUCTORES QUE REALIZAN MANIOBRAS PELIGROSAS","author":"Alejandro Sosa Ruda","date":"5 abril, 2024","format":false,"excerpt":"La Municipalidad present\u00f3 denuncias penales contra vecinos que circulaban por la v\u00eda p\u00fablica poniendo en riesgo a otros conductores. 5 de abril de 2024 CHASCOM\u00daS -\u00a0 Las c\u00e1maras del Centro de Monitoreo captaron a un conductor que circulaba parado sobre el asiento de una motocicleta en la avenida Presidente Alfons\u00edn.\u2026","rel":"","context":"En \u00abCHASCOM\u00daS\u00bb","block_context":{"text":"CHASCOM\u00daS","link":"https:\/\/larevistadigital.com.ar\/blog\/category\/chascomus\/"},"img":{"alt_text":"","src":"https:\/\/i0.wp.com\/larevistadigital.com.ar\/blog\/wp-content\/uploads\/CENTRO-DE-MONITOREO.jpg?fit=600%2C400&ssl=1&resize=350%2C200","width":350,"height":200,"srcset":"https:\/\/i0.wp.com\/larevistadigital.com.ar\/blog\/wp-content\/uploads\/CENTRO-DE-MONITOREO.jpg?fit=600%2C400&ssl=1&resize=350%2C200 1x, https:\/\/i0.wp.com\/larevistadigital.com.ar\/blog\/wp-content\/uploads\/CENTRO-DE-MONITOREO.jpg?fit=600%2C400&ssl=1&resize=525%2C300 1.5x"},"classes":[]},{"id":44706,"url":"https:\/\/larevistadigital.com.ar\/blog\/allanamientos-en-castelli-por-motos-ilegales-secuestraron-vehiculos-por-ruidos-y-maniobras-peligrosas\/","url_meta":{"origin":38065,"position":1},"title":"Allanamientos en Castelli por motos ilegales: secuestraron veh\u00edculos por ruidos y maniobras peligrosas","author":"Alejandro Sosa Ruda","date":"25 marzo, 2026","format":false,"excerpt":"Los operativos se realizaron tras denuncias de vecinos. Detectaron escapes adulterados, falta de documentaci\u00f3n y condiciones irregulares para circular. 25 de marzo de 2025 CASTELLI -\u00a0 \u00a0Durante la jornada de este viernes, personal policial llev\u00f3 adelante distintos allanamientos en viviendas de la ciudad de Castelli, en el marco de la\u2026","rel":"","context":"En \u00abCASTELLI\u00bb","block_context":{"text":"CASTELLI","link":"https:\/\/larevistadigital.com.ar\/blog\/category\/castelli\/"},"img":{"alt_text":"","src":"https:\/\/i0.wp.com\/larevistadigital.com.ar\/blog\/wp-content\/uploads\/WhatsApp-Image-2026-03-13-at-11.24.27.jpeg?fit=675%2C1200&ssl=1&resize=350%2C200","width":350,"height":200,"srcset":"https:\/\/i0.wp.com\/larevistadigital.com.ar\/blog\/wp-content\/uploads\/WhatsApp-Image-2026-03-13-at-11.24.27.jpeg?fit=675%2C1200&ssl=1&resize=350%2C200 1x, https:\/\/i0.wp.com\/larevistadigital.com.ar\/blog\/wp-content\/uploads\/WhatsApp-Image-2026-03-13-at-11.24.27.jpeg?fit=675%2C1200&ssl=1&resize=525%2C300 1.5x"},"classes":[]},{"id":42433,"url":"https:\/\/larevistadigital.com.ar\/blog\/secuestran-dos-motos-por-realizar-maniobras-peligrosas-en-el-casco-urbano-de-chascomus\/","url_meta":{"origin":38065,"position":2},"title":"Secuestran dos motos por realizar maniobras peligrosas en el casco urbano de Chascom\u00fas","author":"Alejandro Sosa Ruda","date":"8 noviembre, 2025","format":false,"excerpt":"Se lleg\u00f3 por una denuncia del municipio y con el trabajo de las C\u00e1maras del Centro de Monitoreo. 08 de Noviembre de 2025 CHASCOM\u00daS\u00a0 -\u00a0 \u00a0La SubDDI Chascom\u00fas llev\u00f3 adelante un importante operativo que culmin\u00f3 con el secuestro de dos motocicletas tipo enduro o motocross, utilizadas por sus conductores para\u2026","rel":"","context":"En \u00abCHASCOM\u00daS\u00bb","block_context":{"text":"CHASCOM\u00daS","link":"https:\/\/larevistadigital.com.ar\/blog\/category\/chascomus\/"},"img":{"alt_text":"","src":"https:\/\/i0.wp.com\/larevistadigital.com.ar\/blog\/wp-content\/uploads\/Captura-de-pantalla-2025-11-08-161024.jpg?fit=407%2C256&ssl=1&resize=350%2C200","width":350,"height":200},"classes":[]},{"id":39058,"url":"https:\/\/larevistadigital.com.ar\/blog\/fue-citado-a-indagatoria-el-conductor-de-una-moto-que-realizaba-maniobras-peligrosas\/","url_meta":{"origin":38065,"position":3},"title":"Fue citado a indagatoria el conductor de una moto que realizaba maniobras peligrosas","author":"Alejandro Sosa Ruda","date":"22 marzo, 2025","format":false,"excerpt":"La imputaci\u00f3n surge de una denuncia de la Secretar\u00eda de Seguridad Ciudadana. 22 de Marzo de 2025 CHASCOM\u00daS -\u00a0 \u00a0La Unidad Fiscal Descentralizada N\u00b0 10, a cargo del fiscal Jonathan Robert, cit\u00f3 a indagatoria a un motociclista que realizaba maniobras de alto riesgo en la zona de la costanera de\u2026","rel":"","context":"En \u00abDESTACADAS\u00bb","block_context":{"text":"DESTACADAS","link":"https:\/\/larevistadigital.com.ar\/blog\/category\/destacadas\/"},"img":{"alt_text":"","src":"https:\/\/i0.wp.com\/larevistadigital.com.ar\/blog\/wp-content\/uploads\/67dd9dc9d963f.png?fit=668%2C445&ssl=1&resize=350%2C200","width":350,"height":200,"srcset":"https:\/\/i0.wp.com\/larevistadigital.com.ar\/blog\/wp-content\/uploads\/67dd9dc9d963f.png?fit=668%2C445&ssl=1&resize=350%2C200 1x, https:\/\/i0.wp.com\/larevistadigital.com.ar\/blog\/wp-content\/uploads\/67dd9dc9d963f.png?fit=668%2C445&ssl=1&resize=525%2C300 1.5x"},"classes":[]},{"id":42519,"url":"https:\/\/larevistadigital.com.ar\/blog\/chascomus-retencion-de-cuatriciclos-que-realizaban-maniobras-peligrosas\/","url_meta":{"origin":38065,"position":4},"title":"Chascom\u00fas: Retenci\u00f3n de cuatriciclos que realizaban maniobras peligrosas","author":"Alejandro Sosa Ruda","date":"17 noviembre, 2025","format":false,"excerpt":"Personal municipal intervino luego de una alerta vecinal. 17 de Noviembre de 2025 CHASCOM\u00daS -\u00a0 \u00a0Un aviso recibido el domingo a trav\u00e9s del sistema \u201cOjos en Alerta\u201d activ\u00f3 un operativo conjunto entre el Centro de Monitoreo, la Patrulla Municipal e Inspector\u00eda, que termin\u00f3 con infracciones, retenciones y el secuestro de\u2026","rel":"","context":"En \u00abINTERES GENERAL\u00bb","block_context":{"text":"INTERES GENERAL","link":"https:\/\/larevistadigital.com.ar\/blog\/category\/interes-general\/"},"img":{"alt_text":"","src":"https:\/\/i0.wp.com\/larevistadigital.com.ar\/blog\/wp-content\/uploads\/691b584f69391.png?fit=668%2C445&ssl=1&resize=350%2C200","width":350,"height":200,"srcset":"https:\/\/i0.wp.com\/larevistadigital.com.ar\/blog\/wp-content\/uploads\/691b584f69391.png?fit=668%2C445&ssl=1&resize=350%2C200 1x, https:\/\/i0.wp.com\/larevistadigital.com.ar\/blog\/wp-content\/uploads\/691b584f69391.png?fit=668%2C445&ssl=1&resize=525%2C300 1.5x"},"classes":[]},{"id":41498,"url":"https:\/\/larevistadigital.com.ar\/blog\/chascomus-imputan-penalmente-a-un-joven-por-realizar-maniobras-peligrosas\/","url_meta":{"origin":38065,"position":5},"title":"Chascom\u00fas: Imputan penalmente a un joven por realizar maniobras peligrosas","author":"Alejandro Sosa Ruda","date":"18 septiembre, 2025","format":false,"excerpt":"Un joven fue citado a indagatoria tras una investigaci\u00f3n realizada con im\u00e1genes de c\u00e1maras del Centro de Monitoreo municipal. 18 de Septiembre de 2025 CHASCOM\u00daS -\u00a0 \u00a0La Fiscal\u00eda descentralizada de Chascom\u00fas, a cargo del Dr. Jonathan Robert (UFID N\u00b010), inici\u00f3 una a partir de una denuncia del director de Prevenci\u00f3n\u2026","rel":"","context":"En \u00abDESTACADAS\u00bb","block_context":{"text":"DESTACADAS","link":"https:\/\/larevistadigital.com.ar\/blog\/category\/destacadas\/"},"img":{"alt_text":"","src":"https:\/\/i0.wp.com\/larevistadigital.com.ar\/blog\/wp-content\/uploads\/68cc42715abda.png?fit=668%2C445&ssl=1&resize=350%2C200","width":350,"height":200,"srcset":"https:\/\/i0.wp.com\/larevistadigital.com.ar\/blog\/wp-content\/uploads\/68cc42715abda.png?fit=668%2C445&ssl=1&resize=350%2C200 1x, https:\/\/i0.wp.com\/larevistadigital.com.ar\/blog\/wp-content\/uploads\/68cc42715abda.png?fit=668%2C445&ssl=1&resize=525%2C300 1.5x"},"classes":[]}],"_links":{"self":[{"href":"https:\/\/larevistadigital.com.ar\/blog\/wp-json\/wp\/v2\/posts\/38065","targetHints":{"allow":["GET"]}}],"collection":[{"href":"https:\/\/larevistadigital.com.ar\/blog\/wp-json\/wp\/v2\/posts"}],"about":[{"href":"https:\/\/larevistadigital.com.ar\/blog\/wp-json\/wp\/v2\/types\/post"}],"author":[{"embeddable":true,"href":"https:\/\/larevistadigital.com.ar\/blog\/wp-json\/wp\/v2\/users\/3"}],"replies":[{"embeddable":true,"href":"https:\/\/larevistadigital.com.ar\/blog\/wp-json\/wp\/v2\/comments?post=38065"}],"version-history":[{"count":1,"href":"https:\/\/larevistadigital.com.ar\/blog\/wp-json\/wp\/v2\/posts\/38065\/revisions"}],"predecessor-version":[{"id":38067,"href":"https:\/\/larevistadigital.com.ar\/blog\/wp-json\/wp\/v2\/posts\/38065\/revisions\/38067"}],"wp:featuredmedia":[{"embeddable":true,"href":"https:\/\/larevistadigital.com.ar\/blog\/wp-json\/wp\/v2\/media\/38066"}],"wp:attachment":[{"href":"https:\/\/larevistadigital.com.ar\/blog\/wp-json\/wp\/v2\/media?parent=38065"}],"wp:term":[{"taxonomy":"category","embeddable":true,"href":"https:\/\/larevistadigital.com.ar\/blog\/wp-json\/wp\/v2\/categories?post=38065"},{"taxonomy":"post_tag","embeddable":true,"href":"https:\/\/larevistadigital.com.ar\/blog\/wp-json\/wp\/v2\/tags?post=38065"}],"curies":[{"name":"wp","href":"https:\/\/api.w.org\/{rel}","templated":true}]}}