{"id":38073,"date":"2024-12-01T18:03:41","date_gmt":"2024-12-01T21:03:41","guid":{"rendered":"https:\/\/larevistadigital.com.ar\/blog\/?p=38073"},"modified":"2024-12-01T18:03:41","modified_gmt":"2024-12-01T21:03:41","slug":"kicillof-la-verdadera-libertad-solo-se-alcanza-con-mas-derechos-acceso-a-la-educacion-e-igualdad-de-oportunidades","status":"publish","type":"post","link":"https:\/\/larevistadigital.com.ar\/blog\/kicillof-la-verdadera-libertad-solo-se-alcanza-con-mas-derechos-acceso-a-la-educacion-e-igualdad-de-oportunidades\/","title":{"rendered":"Kicillof: \u201cLa verdadera libertad solo se alcanza con m\u00e1s derechos, acceso a la educaci\u00f3n e igualdad de oportunidades\u201d"},"content":{"rendered":"<h2>El Gobernador inaugur\u00f3 un edificio escolar y entreg\u00f3 computadoras a estudiantes secundarios. Tambi\u00e9n distribuy\u00f3 escrituras gratuitas, puso en funcionamiento una ambulancia y anunci\u00f3 nuevas obras de infraestructura.<\/h2>\n<p>01 de diciembre de 2024<\/p>\n<p><strong>BUENOS AIRES &#8211;\u00a0<\/strong> El gobernador de la provincia de Buenos Aires, <strong>Axel Kicillof<\/strong>, visit\u00f3 este viernes el partido de Patagones, donde junto al intendente local, <strong>Ricardo Marino<\/strong>, inaugur\u00f3 el nuevo edificio del Centro de Educaci\u00f3n F\u00edsica (CEF) N\u00ba166 y puso en funcionamiento una ambulancia para fortalecer la gesti\u00f3n de emergencias. Adem\u00e1s, anunci\u00f3 nuevas obras de infraestructura y entreg\u00f3 computadoras y escrituras gratuitas.<\/p>\n<p>Con la participaci\u00f3n del director general de Cultura y Educaci\u00f3n, <strong>Alberto Sileoni<\/strong>, se inaugur\u00f3 el nuevo edificio del CEF ubicado en la localidad de Villalonga, en tanto que adem\u00e1s se hizo entrega de kits deportivos y mobiliario para el establecimiento. En materia educativa, se puso en funcionamiento tambi\u00e9n una combi para la Escuela de Educaci\u00f3n Especial N\u00ba502 y, en la continuidad del programa <em><strong>\u201cConectar Igualdad Bonaerense\u201d<\/strong><\/em>, se otorgaron netbooks a alumnos de cinco escuelas.<\/p>\n<p><em><strong>\u201cFrente al abandono del Estado nacional y el ataque permanente a la educaci\u00f3n p\u00fablica, en la provincia de Buenos Aires seguimos construyendo escuelas y llevamos a cada municipio las herramientas que los pibes y las pibas necesitan para seguir estudiando\u201d<\/strong><\/em>, expres\u00f3 <strong>Kicillof<\/strong> y agreg\u00f3: <strong><em>\u201cDe esto se trata la libertad, de ampliar derechos, facilitar el acceso a la educaci\u00f3n y generar igualdad de oportunidades para todos y todas\u201d.<\/em><\/strong><\/p>\n<p>En el marco de su visita a la ciudad, <strong>Kicillof<\/strong> afirm\u00f3 que se brindar\u00e1 financiamiento para poner en valor el acceso al distrito a trav\u00e9s de la calle Hip\u00f3lito Yrigoyen y se avanzar\u00e1 tambi\u00e9n con las obras de la defensa del frente costero y la construcci\u00f3n de la Casa de la Provincia. Asimismo, anunci\u00f3 que la Provincia retomar\u00e1 proyectos paralizados por el Gobierno nacional: obras de cloaca, agua potable y construcci\u00f3n de un Centro de Desarrollo Infantil (CDI).<\/p>\n<blockquote>\n<h3>Asimismo, acompa\u00f1ado por el ministro de Infraestructura y Servicios P\u00fablicos, Gabriel Katopodis, efectu\u00f3 la entrega de un m\u00f3dulo potabilizador que mejorar\u00e1 el suministro de agua potable en beneficio de los vecinos y vecinas de Villalonga y Stroeder.<\/h3>\n<\/blockquote>\n<p>En ese sentido, el mandatario bonaerense subray\u00f3 que <em><strong>\u201cnosotros no venimos a Patagones para decir que no hay plata y que nuestras vecinas y vecinos se las tienen que arreglar solos\u201d. \u201cHay que hacer el esfuerzo de recorrer los barrios, comprender las problem\u00e1ticas y tener bien claras cu\u00e1les son las prioridades: ante el ajuste de este modelo de especulaci\u00f3n financiera, nosotros reafirmamos que podemos conversar con todos los sectores, pero que primero est\u00e1 el pueblo de la provincia de Buenos Aires\u201d<\/strong><\/em>, indic\u00f3.<\/p>\n<p>Por su parte el intendente <strong>Marino<\/strong> resalt\u00f3: <strong><em>\u201cEn el contexto actual que enfrenta nuestro pa\u00eds, con un gobierno nacional que le cierra puertas a los bonaerenses, encontramos la gesti\u00f3n del gobierno de la provincia de Buenos Aires que nos brinda la posibilidad de avanzar y seguir adelante para mejorarle la calidad de vida de nuestros vecinos\u201d. \u201cHoy m\u00e1s que nunca tenemos que seguir estrechando lazos entre el gobierno provincial y nuestra comunidad: estamos aqu\u00ed para construir juntos el futuro de Patagones\u201d<\/em><\/strong>, resalt\u00f3.<\/p>\n<p><span style=\"color: #ff0000\"><strong>Nueva ambulancia, escrituras gratuitas y firma de convenios<\/strong><\/span><\/p>\n<p>Durante la jornada, <strong>Kicillof<\/strong> y el ministro de Salud, <strong>Nicol\u00e1s Kreplak<\/strong>, entregaron una nueva ambulancia de alta complejidad -la N\u00ba338 en la Provincia desde que se inici\u00f3 la gesti\u00f3n- y un otoemisor para detectar p\u00e9rdidas auditivas en reci\u00e9n nacidos en el Hospital Municipal \u201cDr. Luis Alberto Urizar\u201d.<\/p>\n<p>A continuaci\u00f3n, el Gobernador y el ministro de Transporte, <strong>Jorge D\u2019Onofrio<\/strong>, pusieron en funcionamiento un minib\u00fas para facilitar el traslado de los vecinos y vecinas de Bah\u00eda San Blas y, en el marco del programa <strong>\u201cMi escritura, Mi casa\u201d<\/strong>, se distribuyeron 227 escrituras gratuitas para familias del distrito, junto a la ministra de H\u00e1bitat y Desarrollo Urbano, Silvina Batakis, y su par de Justicia y Derechos Humanos, Juan Mart\u00edn Mena.<\/p>\n<p>Adem\u00e1s, la jefa de Asesores del Gobernador, Cristina \u00c1lvarez Rodr\u00edguez, firm\u00f3 un convenio de asistencia del Consejo Federal de Inversiones para desarrollar un plan de gesti\u00f3n tur\u00edstica. En tanto, junto al ministro de Desarrollo Agrario, Javier Rodr\u00edguez, se suscribi\u00f3 un acuerdo para la ejecuci\u00f3n de la 4\u00ba etapa del plan estrat\u00e9gico de Caminos Rurales, y se otorg\u00f3 la habilitaci\u00f3n al frigor\u00edfico La Morocha Petro S.A.S, el primero de gran escala destinado al ganado ovino en el municipio.<\/p>\n<blockquote>\n<h3>Por \u00faltimo, <strong>Kicillof<\/strong> remarc\u00f3:<strong><em> \u201cEn la provincia de Buenos Aires no les vamos a soltar la mano a quienes m\u00e1s nos necesitan: aunque nos quiten los recursos que nos corresponden, continuaremos con la obra p\u00fablica y los programas que ampl\u00edan el acceso a la salud, la educaci\u00f3n y el trabajo en los 135 municipios\u201d.<\/em><\/strong><\/h3>\n<\/blockquote>\n<p>Participaron de las actividades la escribana general de Gobierno, Paula Sidoti; los directores de Educaci\u00f3n F\u00edsica, Leonardo Troncoso; de Educaci\u00f3n Especial, Sebasti\u00e1n Urquiza; y de Coordinaci\u00f3n de la Gesti\u00f3n Territorial Interior Sur de la Jefatura de Asesores del Gobernador, Gabriel Godoy; el presidente de ABSA, Hugo Obed, el director Esteban Spivak y el gerente de Administraci\u00f3n y Finanzas de la instituci\u00f3n, Federico Stiz; la directora interina del hospital municipal, Fabiana Rossi; los directores del CEF N\u00b0166, Fabrizio Sandroni, y de la EEE N\u00b0502, Ariel Scho.<\/p>\n","protected":false},"excerpt":{"rendered":"<div class=\"mh-excerpt\"><p>El Gobernador inaugur\u00f3 un edificio escolar y entreg\u00f3 computadoras a estudiantes secundarios. Tambi\u00e9n distribuy\u00f3 escrituras gratuitas, puso en funcionamiento una ambulancia y anunci\u00f3 nuevas obras de infraestructura. 01 de diciembre de 2024 BUENOS AIRES &#8211;\u00a0 <a class=\"mh-excerpt-more\" href=\"https:\/\/larevistadigital.com.ar\/blog\/kicillof-la-verdadera-libertad-solo-se-alcanza-con-mas-derechos-acceso-a-la-educacion-e-igualdad-de-oportunidades\/\" title=\"Kicillof: \u201cLa verdadera libertad solo se alcanza con m\u00e1s derechos, acceso a la educaci\u00f3n e igualdad de oportunidades\u201d\">[Leer M\u00e1s]<\/a><\/p>\n<\/div>","protected":false},"author":3,"featured_media":38074,"comment_status":"open","ping_status":"open","sticky":false,"template":"","format":"standard","meta":{"_jetpack_memberships_contains_paid_content":false,"footnotes":"","jetpack_publicize_message":"","jetpack_publicize_feature_enabled":true,"jetpack_social_post_already_shared":true,"jetpack_social_options":{"image_generator_settings":{"template":"highway","default_image_id":0,"font":"","enabled":false},"version":2}},"categories":[247,24,51],"tags":[],"class_list":{"0":"post-38073","1":"post","2":"type-post","3":"status-publish","4":"format-standard","5":"has-post-thumbnail","7":"category-ataque-de-radio","8":"category-politica-provincial","9":"category-regionales"},"jetpack_publicize_connections":[],"jetpack_featured_media_url":"https:\/\/i0.wp.com\/larevistadigital.com.ar\/blog\/wp-content\/uploads\/Axel-Kicillof_71.jpg?fit=743%2C530&ssl=1","jetpack_sharing_enabled":true,"jetpack_shortlink":"https:\/\/wp.me\/p8qtrQ-9U5","jetpack-related-posts":[{"id":39008,"url":"https:\/\/larevistadigital.com.ar\/blog\/la-provincia-de-buenos-aires-puso-en-funcionamiento-un-nuevo-edificio-escolar-en-san-andres-de-giles\/","url_meta":{"origin":38073,"position":0},"title":"La Provincia de Buenos Aires puso en funcionamiento un nuevo edificio escolar en San Andr\u00e9s de Giles","author":"Alejandro Sosa Ruda","date":"14 marzo, 2025","format":false,"excerpt":"Fue en un acto encabezado por el gobernador Axel Kicillof, quien adem\u00e1s entreg\u00f3 una ambulancia de alta complejidad para fortalecer la atenci\u00f3n en el distrito. 14 de Marzo de 2025 El gobernador de la provincia de Buenos Aires, Axel Kicillof, encabez\u00f3 este jueves el acto de inauguraci\u00f3n del nuevo edificio\u2026","rel":"","context":"En \u00abDESTACADAS\u00bb","block_context":{"text":"DESTACADAS","link":"https:\/\/larevistadigital.com.ar\/blog\/category\/destacadas\/"},"img":{"alt_text":"","src":"https:\/\/i0.wp.com\/larevistadigital.com.ar\/blog\/wp-content\/uploads\/77A26362.jpg?fit=743%2C530&ssl=1&resize=350%2C200","width":350,"height":200,"srcset":"https:\/\/i0.wp.com\/larevistadigital.com.ar\/blog\/wp-content\/uploads\/77A26362.jpg?fit=743%2C530&ssl=1&resize=350%2C200 1x, https:\/\/i0.wp.com\/larevistadigital.com.ar\/blog\/wp-content\/uploads\/77A26362.jpg?fit=743%2C530&ssl=1&resize=525%2C300 1.5x, https:\/\/i0.wp.com\/larevistadigital.com.ar\/blog\/wp-content\/uploads\/77A26362.jpg?fit=743%2C530&ssl=1&resize=700%2C400 2x"},"classes":[]},{"id":42632,"url":"https:\/\/larevistadigital.com.ar\/blog\/necochea-kicillof-inauguro-el-nuevo-jardin-de-infantes-n-919\/","url_meta":{"origin":38073,"position":1},"title":"Necochea: Kicillof inaugur\u00f3 el nuevo jard\u00edn de infantes N\u00b0 919","author":"Alejandro Sosa Ruda","date":"25 noviembre, 2025","format":false,"excerpt":"Adem\u00e1s, el Gobernador puso en funcionamiento la Comisar\u00eda 2\u00aa de Quequ\u00e9n, recorri\u00f3 el Centro de Integraci\u00f3n Municipal y entreg\u00f3 una ambulancia de alta complejidad. 25 de Noviembre de 2025 El gobernador de la provincia de Buenos Aires, Axel Kicillof, encabez\u00f3 este martes la inauguraci\u00f3n formal del Jard\u00edn de Infantes N\u00ba\u2026","rel":"","context":"En \u00abPOLITICA PROVINCIAL\u00bb","block_context":{"text":"POLITICA PROVINCIAL","link":"https:\/\/larevistadigital.com.ar\/blog\/category\/politica\/politica-provincial\/"},"img":{"alt_text":"","src":"https:\/\/i0.wp.com\/larevistadigital.com.ar\/blog\/wp-content\/uploads\/DON4585-scaled.jpg?fit=1200%2C800&ssl=1&resize=350%2C200","width":350,"height":200,"srcset":"https:\/\/i0.wp.com\/larevistadigital.com.ar\/blog\/wp-content\/uploads\/DON4585-scaled.jpg?fit=1200%2C800&ssl=1&resize=350%2C200 1x, https:\/\/i0.wp.com\/larevistadigital.com.ar\/blog\/wp-content\/uploads\/DON4585-scaled.jpg?fit=1200%2C800&ssl=1&resize=525%2C300 1.5x, https:\/\/i0.wp.com\/larevistadigital.com.ar\/blog\/wp-content\/uploads\/DON4585-scaled.jpg?fit=1200%2C800&ssl=1&resize=700%2C400 2x, https:\/\/i0.wp.com\/larevistadigital.com.ar\/blog\/wp-content\/uploads\/DON4585-scaled.jpg?fit=1200%2C800&ssl=1&resize=1050%2C600 3x"},"classes":[]},{"id":40375,"url":"https:\/\/larevistadigital.com.ar\/blog\/kicillof-inauguro-el-nuevo-edificio-de-la-escuela-secundaria-n-14-en-presidente-derqui\/","url_meta":{"origin":38073,"position":2},"title":"Kicillof inaugur\u00f3 el nuevo edificio de la Escuela Secundaria N\u00b0 14 en Presidente Derqui","author":"Alejandro Sosa Ruda","date":"8 julio, 2025","format":false,"excerpt":"Adem\u00e1s, el Gobernador habilit\u00f3 un tramo de las obras de mejoras en la Avenida Estanislao L\u00f3pez y puso en funcionamiento un centro de atenci\u00f3n primaria de la\u00a0 salud local. 08 de Julio de 2025 BUENOS AIRES -\u00a0\u00a0 \u00a0El gobernador de la provincia de Buenos Aires, Axel Kicillof, encabez\u00f3 este martes\u2026","rel":"","context":"En \u00abPOLITICA PROVINCIAL\u00bb","block_context":{"text":"POLITICA PROVINCIAL","link":"https:\/\/larevistadigital.com.ar\/blog\/category\/politica\/politica-provincial\/"},"img":{"alt_text":"","src":"https:\/\/i0.wp.com\/larevistadigital.com.ar\/blog\/wp-content\/uploads\/25-07-08-11-37-37-5914.jpg?fit=743%2C530&ssl=1&resize=350%2C200","width":350,"height":200,"srcset":"https:\/\/i0.wp.com\/larevistadigital.com.ar\/blog\/wp-content\/uploads\/25-07-08-11-37-37-5914.jpg?fit=743%2C530&ssl=1&resize=350%2C200 1x, https:\/\/i0.wp.com\/larevistadigital.com.ar\/blog\/wp-content\/uploads\/25-07-08-11-37-37-5914.jpg?fit=743%2C530&ssl=1&resize=525%2C300 1.5x, https:\/\/i0.wp.com\/larevistadigital.com.ar\/blog\/wp-content\/uploads\/25-07-08-11-37-37-5914.jpg?fit=743%2C530&ssl=1&resize=700%2C400 2x"},"classes":[]},{"id":36760,"url":"https:\/\/larevistadigital.com.ar\/blog\/brandsen-la-provincia-entrego-una-ambulancia-y-equipamiento-para-el-hospital-municipal\/","url_meta":{"origin":38073,"position":3},"title":"BRANDSEN: LA PROVINCIA ENTREG\u00d3 UNA AMBULANCIA Y EQUIPAMIENTO PARA EL HOSPITAL MUNICIPAL","author":"Alejandro Sosa Ruda","date":"22 julio, 2024","format":false,"excerpt":"Se inaugur\u00f3 tambi\u00e9n la Oficina de Acceso y Derecho a la Salud (OADS) del hospital para atender a personas con discapacidades. 22 de Julio de 2024 BRANDSEN -\u00a0 El gobernador de la provincia de Buenos Aires, Axel Kicillof, visit\u00f3 este mi\u00e9rcoles el partido de Brandsen, donde puso en funcionamiento una\u2026","rel":"","context":"En \u00abDESTACADAS\u00bb","block_context":{"text":"DESTACADAS","link":"https:\/\/larevistadigital.com.ar\/blog\/category\/destacadas\/"},"img":{"alt_text":"","src":"https:\/\/i0.wp.com\/larevistadigital.com.ar\/blog\/wp-content\/uploads\/Axel-Kicillof_35.jpg?fit=743%2C530&ssl=1&resize=350%2C200","width":350,"height":200,"srcset":"https:\/\/i0.wp.com\/larevistadigital.com.ar\/blog\/wp-content\/uploads\/Axel-Kicillof_35.jpg?fit=743%2C530&ssl=1&resize=350%2C200 1x, https:\/\/i0.wp.com\/larevistadigital.com.ar\/blog\/wp-content\/uploads\/Axel-Kicillof_35.jpg?fit=743%2C530&ssl=1&resize=525%2C300 1.5x, https:\/\/i0.wp.com\/larevistadigital.com.ar\/blog\/wp-content\/uploads\/Axel-Kicillof_35.jpg?fit=743%2C530&ssl=1&resize=700%2C400 2x"},"classes":[]},{"id":44442,"url":"https:\/\/larevistadigital.com.ar\/blog\/jornada-record-en-ezeiza-kicillof-inauguro-seis-edificios-educativos-en-un-mismo-dia\/","url_meta":{"origin":38073,"position":4},"title":"Jornada r\u00e9cord: En Ezeiza, Kicillof inaugur\u00f3 seis edificios educativos en un mismo d\u00eda","author":"Alejandro Sosa Ruda","date":"10 marzo, 2026","format":false,"excerpt":"El gobernador bonaerense present\u00f3 diferentes edificios p\u00fablicos que tienen como objetivo beneficiar a m\u00e1s de 3.800 alumnos y alumnas de nivel secundario del distrito. 10 de marzo de 2026 El gobernador de la\u00a0provincia de Buenos Aires,\u00a0Axel Kicillof, encabez\u00f3 este martes una jornada r\u00e9cord de inauguraciones en\u00a0Ezeiza, donde puso en funcionamiento\u2026","rel":"","context":"En \u00abPOLITICA PROVINCIAL\u00bb","block_context":{"text":"POLITICA PROVINCIAL","link":"https:\/\/larevistadigital.com.ar\/blog\/category\/politica\/politica-provincial\/"},"img":{"alt_text":"","src":"https:\/\/i0.wp.com\/larevistadigital.com.ar\/blog\/wp-content\/uploads\/Captura-de-pantalla-2026-03-10-201934.jpg?fit=795%2C456&ssl=1&resize=350%2C200","width":350,"height":200,"srcset":"https:\/\/i0.wp.com\/larevistadigital.com.ar\/blog\/wp-content\/uploads\/Captura-de-pantalla-2026-03-10-201934.jpg?fit=795%2C456&ssl=1&resize=350%2C200 1x, https:\/\/i0.wp.com\/larevistadigital.com.ar\/blog\/wp-content\/uploads\/Captura-de-pantalla-2026-03-10-201934.jpg?fit=795%2C456&ssl=1&resize=525%2C300 1.5x, https:\/\/i0.wp.com\/larevistadigital.com.ar\/blog\/wp-content\/uploads\/Captura-de-pantalla-2026-03-10-201934.jpg?fit=795%2C456&ssl=1&resize=700%2C400 2x"},"classes":[]},{"id":39550,"url":"https:\/\/larevistadigital.com.ar\/blog\/el-gobernador-kicillof-presento-nuevas-obras-en-educacion-y-seguridad\/","url_meta":{"origin":38073,"position":5},"title":"El gobernador Kicillof present\u00f3 nuevas obras en Educaci\u00f3n y Seguridad","author":"Alejandro Sosa Ruda","date":"26 abril, 2025","format":false,"excerpt":"El gobernador bonaerense Axel Kicillof visit\u00f3 este viernes Trenque Lauquen para inaugurar obras en escuelas y reforzar el sistema de seguridad local. Adem\u00e1s, entreg\u00f3 computadoras del programa Conectar Igualdad Bonaerense y puso en marcha nuevos patrulleros para el distrito. 26 de Abril de 2026 BUENOS AIRES -\u00a0\u00a0Durante el acto, Kicillof\u2026","rel":"","context":"En \u00abDESTACADAS\u00bb","block_context":{"text":"DESTACADAS","link":"https:\/\/larevistadigital.com.ar\/blog\/category\/destacadas\/"},"img":{"alt_text":"","src":"https:\/\/i0.wp.com\/larevistadigital.com.ar\/blog\/wp-content\/uploads\/20250425173040_kicillof-trenque-lauquen-escuela-primaria-n3.jpg?fit=880%2C512&ssl=1&resize=350%2C200","width":350,"height":200,"srcset":"https:\/\/i0.wp.com\/larevistadigital.com.ar\/blog\/wp-content\/uploads\/20250425173040_kicillof-trenque-lauquen-escuela-primaria-n3.jpg?fit=880%2C512&ssl=1&resize=350%2C200 1x, https:\/\/i0.wp.com\/larevistadigital.com.ar\/blog\/wp-content\/uploads\/20250425173040_kicillof-trenque-lauquen-escuela-primaria-n3.jpg?fit=880%2C512&ssl=1&resize=525%2C300 1.5x, https:\/\/i0.wp.com\/larevistadigital.com.ar\/blog\/wp-content\/uploads\/20250425173040_kicillof-trenque-lauquen-escuela-primaria-n3.jpg?fit=880%2C512&ssl=1&resize=700%2C400 2x"},"classes":[]}],"_links":{"self":[{"href":"https:\/\/larevistadigital.com.ar\/blog\/wp-json\/wp\/v2\/posts\/38073","targetHints":{"allow":["GET"]}}],"collection":[{"href":"https:\/\/larevistadigital.com.ar\/blog\/wp-json\/wp\/v2\/posts"}],"about":[{"href":"https:\/\/larevistadigital.com.ar\/blog\/wp-json\/wp\/v2\/types\/post"}],"author":[{"embeddable":true,"href":"https:\/\/larevistadigital.com.ar\/blog\/wp-json\/wp\/v2\/users\/3"}],"replies":[{"embeddable":true,"href":"https:\/\/larevistadigital.com.ar\/blog\/wp-json\/wp\/v2\/comments?post=38073"}],"version-history":[{"count":1,"href":"https:\/\/larevistadigital.com.ar\/blog\/wp-json\/wp\/v2\/posts\/38073\/revisions"}],"predecessor-version":[{"id":38075,"href":"https:\/\/larevistadigital.com.ar\/blog\/wp-json\/wp\/v2\/posts\/38073\/revisions\/38075"}],"wp:featuredmedia":[{"embeddable":true,"href":"https:\/\/larevistadigital.com.ar\/blog\/wp-json\/wp\/v2\/media\/38074"}],"wp:attachment":[{"href":"https:\/\/larevistadigital.com.ar\/blog\/wp-json\/wp\/v2\/media?parent=38073"}],"wp:term":[{"taxonomy":"category","embeddable":true,"href":"https:\/\/larevistadigital.com.ar\/blog\/wp-json\/wp\/v2\/categories?post=38073"},{"taxonomy":"post_tag","embeddable":true,"href":"https:\/\/larevistadigital.com.ar\/blog\/wp-json\/wp\/v2\/tags?post=38073"}],"curies":[{"name":"wp","href":"https:\/\/api.w.org\/{rel}","templated":true}]}}