{"id":38085,"date":"2024-12-01T19:27:23","date_gmt":"2024-12-01T22:27:23","guid":{"rendered":"https:\/\/larevistadigital.com.ar\/blog\/?p=38085"},"modified":"2024-12-01T19:27:23","modified_gmt":"2024-12-01T22:27:23","slug":"me-llevaron-puesto-colapinto-tras-la-frustracion-de-un-choque-que-lo-dejo-afuera-del-gran-premio-de-qatar","status":"publish","type":"post","link":"https:\/\/larevistadigital.com.ar\/blog\/me-llevaron-puesto-colapinto-tras-la-frustracion-de-un-choque-que-lo-dejo-afuera-del-gran-premio-de-qatar\/","title":{"rendered":"\u00abMe llevaron puesto\u00bb&#8230; Colapinto tras la frustraci\u00f3n de un choque que lo dej\u00f3 afuera del Gran Premio de Qatar"},"content":{"rendered":"<h3>El piloto argentino coment\u00f3 el incidente que lo dej\u00f3 afuera a 500 metros de la largada de la ante\u00faltima prueba de la temporada de F\u00f3rmula 1. Fue una acci\u00f3n en la que no tuvo responsabilidad. \u201cFue una boludez lo que hicieron\u201d, se lament\u00f3.<\/h3>\n<p>01 de diciembre de 2024<\/p>\n<div class=\"flex-1 overflow-hidden\">\n<div class=\"h-full\">\n<div class=\"react-scroll-to-bottom--css-jjxfu-79elbk h-full\">\n<div class=\"react-scroll-to-bottom--css-jjxfu-1n7m0yu\">\n<div class=\"flex flex-col text-sm md:pb-9\">\n<article class=\"w-full scroll-mb-[var(--thread-trailing-height,150px)] text-token-text-primary focus-visible:outline-2 focus-visible:outline-offset-[-4px]\" dir=\"auto\" data-testid=\"conversation-turn-7\" data-scroll-anchor=\"true\">\n<div class=\"m-auto text-base py-[18px] px-3 md:px-4 w-full md:px-5 lg:px-4 xl:px-5\">\n<div class=\"mx-auto flex flex-1 gap-4 text-base md:gap-5 lg:gap-6 md:max-w-3xl lg:max-w-[40rem] xl:max-w-[48rem]\">\n<div class=\"group\/conversation-turn relative flex w-full min-w-0 flex-col agent-turn\">\n<div class=\"flex-col gap-1 md:gap-3\">\n<div class=\"flex max-w-full flex-col flex-grow\">\n<div class=\"min-h-8 text-message flex w-full flex-col items-end gap-2 whitespace-normal break-words [.text-message+&amp;]:mt-5\" dir=\"auto\" data-message-author-role=\"assistant\" data-message-id=\"9ddd918b-e4e3-4733-bdb0-0b7036965ba0\" data-message-model-slug=\"gpt-4o\">\n<div class=\"flex w-full flex-col gap-1 empty:hidden first:pt-[3px]\">\n<div class=\"markdown prose w-full break-words dark:prose-invert light\">\n<p><span>El Gran Premio de Qatar arranc\u00f3 con un espect\u00e1culo ca\u00f3tico que dej\u00f3 a cinco autos fuera de combate en los primeros metros de carrera. Entre los protagonistas de este desastre estuvieron <strong>Nico H\u00fclkenberg, Esteban Ocon y Franco Colapinto<\/strong>. Para el joven piloto argentino, el incidente signific\u00f3 su segundo abandono en la F\u00f3rmula 1, sum\u00e1ndose al choque detr\u00e1s del <\/span><em><span>coche de seguridad<\/span><\/em><span> en Interlagos.<\/span><\/p>\n<p><span>Todo comenz\u00f3 cuando <strong>H\u00fclkenberg<\/strong>, piloto de Haas, lleg\u00f3 pasado a la primera curva tras una salida agresiva. Un brusco bloqueo de neum\u00e1ticos desencaden\u00f3 el desastre: <strong>Ocon<\/strong>, en un intento desesperado por esquivar al alem\u00e1n, no logr\u00f3 evitar el impacto. El choque llev\u00f3 al Alpine de <strong>Ocon<\/strong> directamente contra el Williams de <strong>Colapinto<\/strong>, que intentaba mantenerse fuera de problemas al transitar por el exterior. Pero no fue suficiente.<\/span><\/p>\n<p><span>Ya en las cajas, <strong>Colapinto<\/strong> se resign\u00f3 a seguir la carrera desde los monitores, acompa\u00f1ado de su equipo y con los auriculares puestos. Observ\u00f3 con atenci\u00f3n el desempe\u00f1o de su compa\u00f1ero <strong>Alex Albon<\/strong>, quien logr\u00f3 terminar en la d\u00e9cimoquinta posici\u00f3n, lejos de las expectativas pero al menos cruzando la meta.<\/span><\/p>\n<h4><span style=\"color: #ff0000\">\u201cUn desastre total\u201d: la frustraci\u00f3n de Colapinto<\/span><\/h4>\n<p><span>Despu\u00e9s de la carrera, el piloto argentino expres\u00f3 su frustraci\u00f3n por lo ocurrido. <em><strong>\u201cUna l\u00e1stima. No pude hacer nada. Trat\u00e9 por la izquierda y me llevaron a puesto igual. Un desastre. En la primera curva, largando desde atr\u00e1s, fue una boludez lo que hicieron. Un auto adentro que se llev\u00f3 puesto a dos. No tengo muchas palabras para explicar qu\u00e9 pas\u00f3. Un d\u00eda muy complicado, otra vez\u201d<\/strong><\/em>, dijo, visiblemente afectado.<\/span><\/p>\n<blockquote>\n<h3><span>Colapinto, de 21 a\u00f1os, reflexion\u00f3 sobre su suerte reciente en la categor\u00eda: <strong><em>\u201cUna racha muy mala y son cosas que pasan, como en cualquier deporte. Esperamos dar vuelta la p\u00e1gina y cerrar el a\u00f1o, que para m\u00ed va a ser motivacionalmente importante\u201d.<\/em><\/strong><\/span><\/h3>\n<\/blockquote>\n<p><span>A pesar del sabor amargo, el joven piloto destac\u00f3 lo que pudo haber sido:<strong><em> \u201cFue una carrera bastante divertida. Me dio bronca no haberla podido correr y hubo muchas posibilidades de hacer algo y quiz\u00e1s hasta sumar puntos. Una pena\u201d.<\/em><\/strong><\/span><\/p>\n<h4><span style=\"color: #ff0000\">El golpe en el bolsillo: da\u00f1os preocupantes<\/span><\/h4>\n<p><span>El impacto dej\u00f3 al Williams FW 46 de <strong>Colapinto<\/strong> con da\u00f1os significativos, un problema que el equipo deber\u00e1 evaluar minuciosamente. <em><strong>\u201cMe choc\u00f3 fuerte. Hay que ver c\u00f3mo lo arreglan. Hay que ver qu\u00e9 se rompi\u00f3 y c\u00f3mo se puede arreglar\u201d<\/strong><\/em>, coment\u00f3 preocupado.<\/span><\/p>\n<p><span>Este abandono marca un nuevo traspi\u00e9 en la incipiente carrera de <strong>Colapinto<\/strong> en la F\u00f3rmula 1, que ha estado plagada de incidentes. Desde el accidente en las pr\u00e1cticas libres de Azerbaiy\u00e1n hasta el caos de la clasificaci\u00f3n en Las Vegas, sumado al golpe en Interlagos bajo lluvia torrencial, el pilarense sigue acumulando experiencias agridulces en la M\u00e1xima.<\/span><\/p>\n<p><span>El Gran Premio de Qatar ser\u00e1 grabado como otro cap\u00edtulo desafiante para el argentino, quien busca cerrar la temporada con energ\u00edas renovadas y, sobre todo, con resultados que reflejan su talento y potencial en el automovilismo mundial.<\/span><\/p>\n<\/div>\n<\/div>\n<\/div>\n<\/div>\n<div class=\"pr-2 lg:pr-0\"><\/div>\n<div class=\"mt-3 w-full empty:hidden\">\n<div class=\"text-center\"><\/div>\n<\/div>\n<\/div>\n<div class=\"absolute\">\n<div class=\"flex items-center justify-center\"><\/div>\n<\/div>\n<\/div>\n<\/div>\n<\/div>\n<\/article>\n<\/div>\n<\/div>\n<\/div>\n<\/div>\n<\/div>\n<div class=\"md:pt-0 dark:border-white\/20 md:border-transparent md:dark:border-transparent w-full\">\n<div>\n<div class=\"m-auto text-base px-3 md:px-4 w-full md:px-5 lg:px-4 xl:px-5\">\n<div class=\"mx-auto flex flex-1 gap-4 text-base md:gap-5 lg:gap-6 md:max-w-3xl lg:max-w-[40rem] xl:max-w-[48rem]\">\n<div class=\"flex justify-center\"><\/div>\n<div class=\"relative flex h-full max-w-full flex-1 flex-col\">\n<div class=\"absolute bottom-full left-0 right-0 z-20\"><\/div>\n<div class=\"relative h-0\">\n<div class=\"absolute bottom-3 space-y-2 z-20\"><\/div>\n<\/div>\n<div class=\"group relative flex w-full items-center\">\n<div id=\"composer-background\" class=\"flex w-full cursor-text flex-col rounded-3xl px-2.5 py-1 transition-colors contain-inline-size bg-[#f4f4f4] dark:bg-token-main-surface-secondary\">\n<div class=\"flex min-h-[44px] items-center px-2\">\n<div class=\"max-w-full flex-1\">\n<div class=\"_prosemirror-parent_15ceg_1 text-token-text-primary max-h-[25dvh] max-h-52 overflow-auto default-browser\"><textarea class=\"block h-10 w-full resize-none border-0 bg-transparent px-0 py-2 text-token-text-primary placeholder:text-token-text-secondary\"><\/textarea>window.__oai_logHTML?window.__oai_logHTML():window.__oai_SSR_HTML=window.__oai_SSR_HTML||Date.now();requestAnimationFrame((function(){window.__oai_logTTI?window.__oai_logTTI():window.__oai_SSR_TTI=window.__oai_SSR_TTI||Date.now()}))<\/p>\n<div id=\"prompt-textarea\" class=\"ProseMirror\"><\/div>\n<\/div>\n<\/div>\n<\/div>\n<\/div>\n<\/div>\n<\/div>\n<\/div>\n<\/div>\n<\/div>\n<\/div>\n","protected":false},"excerpt":{"rendered":"<div class=\"mh-excerpt\"><p>El piloto argentino coment\u00f3 el incidente que lo dej\u00f3 afuera a 500 metros de la largada de la ante\u00faltima prueba de la temporada de F\u00f3rmula 1. Fue una acci\u00f3n en la que no tuvo responsabilidad. <a class=\"mh-excerpt-more\" href=\"https:\/\/larevistadigital.com.ar\/blog\/me-llevaron-puesto-colapinto-tras-la-frustracion-de-un-choque-que-lo-dejo-afuera-del-gran-premio-de-qatar\/\" title=\"\u00abMe llevaron puesto\u00bb&#8230; Colapinto tras la frustraci\u00f3n de un choque que lo dej\u00f3 afuera del Gran Premio de Qatar\">[Leer M\u00e1s]<\/a><\/p>\n<\/div>","protected":false},"author":3,"featured_media":38086,"comment_status":"open","ping_status":"open","sticky":false,"template":"","format":"standard","meta":{"_jetpack_memberships_contains_paid_content":false,"footnotes":"","jetpack_publicize_message":"","jetpack_publicize_feature_enabled":true,"jetpack_social_post_already_shared":true,"jetpack_social_options":{"image_generator_settings":{"template":"highway","default_image_id":0,"font":"","enabled":false},"version":2}},"categories":[8,41],"tags":[],"class_list":{"0":"post-38085","1":"post","2":"type-post","3":"status-publish","4":"format-standard","5":"has-post-thumbnail","7":"category-deportes","8":"category-destacadas"},"jetpack_publicize_connections":[],"jetpack_featured_media_url":"https:\/\/i0.wp.com\/larevistadigital.com.ar\/blog\/wp-content\/uploads\/images-9.jpg?fit=293%2C172&ssl=1","jetpack_sharing_enabled":true,"jetpack_shortlink":"https:\/\/wp.me\/p8qtrQ-9Uh","jetpack-related-posts":[{"id":29386,"url":"https:\/\/larevistadigital.com.ar\/blog\/qatar-2022-marruevos-en-el-mundial-de-las-sorpresas-dejo-afuera-al-portugal-de-ronaldo-y-espera-por-el-rival-para-la-semifinal\/","url_meta":{"origin":38085,"position":0},"title":"QATAR 2022 \u00a1\u00bbMARRUEVOS\u00bb! EN EL MUNDIAL DE LAS SORPRESAS, DEJ\u00d3 AFUERA AL PORTUGAL DE RONALDO, Y ESPERA POR EL RIVAL PARA LA SEMIFINAL","author":"Alejandro Sosa Ruda","date":"10 diciembre, 2022","format":false,"excerpt":"En un mundial plagado de \"batacazos\", que evidentemente ya no lo son tanto, Marruecos dej\u00f3 afuera al Portugal de Cristiano Ronaldo, e hizo historia siendo el primer equipo africano en llegar a semifinales en un mundial. 10 de diciembre de 2022 QATAR -\u00a0\u00a0En lo que se ha transformado en un\u2026","rel":"","context":"En \u00abDESTACADAS\u00bb","block_context":{"text":"DESTACADAS","link":"https:\/\/larevistadigital.com.ar\/blog\/category\/destacadas\/"},"img":{"alt_text":"","src":"https:\/\/i0.wp.com\/larevistadigital.com.ar\/blog\/wp-content\/uploads\/f608x342-8422_38145_15.jpeg?fit=608%2C342&ssl=1&resize=350%2C200","width":350,"height":200,"srcset":"https:\/\/i0.wp.com\/larevistadigital.com.ar\/blog\/wp-content\/uploads\/f608x342-8422_38145_15.jpeg?fit=608%2C342&ssl=1&resize=350%2C200 1x, https:\/\/i0.wp.com\/larevistadigital.com.ar\/blog\/wp-content\/uploads\/f608x342-8422_38145_15.jpeg?fit=608%2C342&ssl=1&resize=525%2C300 1.5x"},"classes":[]},{"id":15899,"url":"https:\/\/larevistadigital.com.ar\/blog\/manchester-city-dejo-afuera-de-la-champions-al-real-madrid-al-ganarle-por-2-a-1\/","url_meta":{"origin":38085,"position":1},"title":"MANCHESTER CITY DEJ\u00d3 AFUERA DE LA CHAMPIONS AL REAL MADRID AL GANARLE POR 2 A 1","author":"Alejandro Sosa Ruda","date":"10 agosto, 2020","format":false,"excerpt":"La jornada de hoy de la Champions League tuvo varios duelos atractivos. Entre ellos, el m\u00e1s destacado fue la cita en Manchester entre el City de Guardiola y el Real Madrid de Zidane. Al t\u00e9rmino del entretiempo, el partido esta empatado 1-1 con goles de Sterling para el City, mientras\u2026","rel":"","context":"En \u00abDEPORTES\u00bb","block_context":{"text":"DEPORTES","link":"https:\/\/larevistadigital.com.ar\/blog\/category\/deportes\/"},"img":{"alt_text":"","src":"https:\/\/i0.wp.com\/larevistadigital.com.ar\/blog\/wp-content\/uploads\/ee2hhllxgaaekk3-scaled.jpg?fit=1200%2C800&ssl=1&resize=350%2C200","width":350,"height":200,"srcset":"https:\/\/i0.wp.com\/larevistadigital.com.ar\/blog\/wp-content\/uploads\/ee2hhllxgaaekk3-scaled.jpg?fit=1200%2C800&ssl=1&resize=350%2C200 1x, https:\/\/i0.wp.com\/larevistadigital.com.ar\/blog\/wp-content\/uploads\/ee2hhllxgaaekk3-scaled.jpg?fit=1200%2C800&ssl=1&resize=525%2C300 1.5x, https:\/\/i0.wp.com\/larevistadigital.com.ar\/blog\/wp-content\/uploads\/ee2hhllxgaaekk3-scaled.jpg?fit=1200%2C800&ssl=1&resize=700%2C400 2x, https:\/\/i0.wp.com\/larevistadigital.com.ar\/blog\/wp-content\/uploads\/ee2hhllxgaaekk3-scaled.jpg?fit=1200%2C800&ssl=1&resize=1050%2C600 3x"},"classes":[]},{"id":30484,"url":"https:\/\/larevistadigital.com.ar\/blog\/el-bayern-munich-dejo-afuera-de-la-champions-al-psg-de-messi-y-mbappe\/","url_meta":{"origin":38085,"position":2},"title":"EL BAYERN MUNICH DEJ\u00d3 AFUERA DE LA CHAMPIONS AL PSG DE MESSI Y MBAPPE","author":"Alejandro Sosa Ruda","date":"8 marzo, 2023","format":false,"excerpt":"Se jug\u00f3 en Alemania, y el resultado fue 2 a 0. De esta manera redonde\u00f3 un 3 a 0 en el global de la serie. El equipo franc\u00e9s fue totalmente dominado. Milan elimin\u00f3 al Tottenham en la otra serie. 8 de marzo de 2023 MUNICH -\u00a0 Bayern Munich elimin\u00f3 este\u2026","rel":"","context":"En \u00abDEPORTES\u00bb","block_context":{"text":"DEPORTES","link":"https:\/\/larevistadigital.com.ar\/blog\/category\/deportes\/"},"img":{"alt_text":"","src":"https:\/\/i0.wp.com\/larevistadigital.com.ar\/blog\/wp-content\/uploads\/PSG-BAYERN.png?fit=805%2C508&ssl=1&resize=350%2C200","width":350,"height":200,"srcset":"https:\/\/i0.wp.com\/larevistadigital.com.ar\/blog\/wp-content\/uploads\/PSG-BAYERN.png?fit=805%2C508&ssl=1&resize=350%2C200 1x, https:\/\/i0.wp.com\/larevistadigital.com.ar\/blog\/wp-content\/uploads\/PSG-BAYERN.png?fit=805%2C508&ssl=1&resize=525%2C300 1.5x, https:\/\/i0.wp.com\/larevistadigital.com.ar\/blog\/wp-content\/uploads\/PSG-BAYERN.png?fit=805%2C508&ssl=1&resize=700%2C400 2x"},"classes":[]},{"id":8378,"url":"https:\/\/larevistadigital.com.ar\/blog\/malas-noticias-para-river-se-fracturo-exequiel-palacios\/","url_meta":{"origin":38085,"position":3},"title":"MALAS NOTICIAS PARA RIVER: SE FRACTUR\u00d3 EXEQUIEL PALACIOS","author":"Alejandro Sosa Ruda","date":"12 febrero, 2019","format":false,"excerpt":"Cuando nadie lo esperaba, el volante sufri\u00f3 una\u00a0fractura proximal de peron\u00e9 derecho. Estar\u00e1 casi dos meses afuera.\u00a0 Despu\u00e9s de lo que fue el enorme triunfo y humillaci\u00f3n ante Racing, las malas noticias no se detienen en River. Ayer se confirm\u00f3 la lesi\u00f3n de Enzo P\u00e9rez y hoy hay una nueva\u2026","rel":"","context":"En \u00abDEPORTES\u00bb","block_context":{"text":"DEPORTES","link":"https:\/\/larevistadigital.com.ar\/blog\/category\/deportes\/"},"img":{"alt_text":"","src":"https:\/\/i0.wp.com\/larevistadigital.com.ar\/blog\/wp-content\/uploads\/2019\/02\/gettyimages-1097526270_crop1549981398105.jpg_1693159006.jpg?fit=711%2C397&ssl=1&resize=350%2C200","width":350,"height":200,"srcset":"https:\/\/i0.wp.com\/larevistadigital.com.ar\/blog\/wp-content\/uploads\/2019\/02\/gettyimages-1097526270_crop1549981398105.jpg_1693159006.jpg?fit=711%2C397&ssl=1&resize=350%2C200 1x, https:\/\/i0.wp.com\/larevistadigital.com.ar\/blog\/wp-content\/uploads\/2019\/02\/gettyimages-1097526270_crop1549981398105.jpg_1693159006.jpg?fit=711%2C397&ssl=1&resize=525%2C300 1.5x, https:\/\/i0.wp.com\/larevistadigital.com.ar\/blog\/wp-content\/uploads\/2019\/02\/gettyimages-1097526270_crop1549981398105.jpg_1693159006.jpg?fit=711%2C397&ssl=1&resize=700%2C400 2x"},"classes":[]},{"id":4523,"url":"https:\/\/larevistadigital.com.ar\/blog\/chascomus-segun-flavio-ponce-ricardo-alfonsin-se-enoja-la-ve-desde-afuera\/","url_meta":{"origin":38085,"position":4},"title":"CHASCOM\u00daS: SEG\u00daN FLAVIO PONCE, RICARDO ALFONS\u00cdN SE ENOJA PORQUE \u201cLA VE DESDE AFUERA\u201d","author":"Alejandro Sosa Ruda","date":"15 enero, 2018","format":false,"excerpt":"Luego de las fuertes declaraciones del ex Diputado Nacional Ricardo Alfons\u00edn, en donde critic\u00f3 con dureza a algunos integrantes de su partido, por la forma de manejarse en la convivencia con el PRO, principalmente a \u201calgunos de Chascom\u00fas\u201d seg\u00fan las propias palabras del Jefe del Morena, quien sali\u00f3 al cruce\u2026","rel":"","context":"En \u00abCHASCOM\u00daS\u00bb","block_context":{"text":"CHASCOM\u00daS","link":"https:\/\/larevistadigital.com.ar\/blog\/category\/chascomus\/"},"img":{"alt_text":"","src":"https:\/\/i0.wp.com\/larevistadigital.com.ar\/blog\/wp-content\/uploads\/2018\/01\/259911_2169007827644_6409037_n.jpg?fit=650%2C867&ssl=1&resize=350%2C200","width":350,"height":200,"srcset":"https:\/\/i0.wp.com\/larevistadigital.com.ar\/blog\/wp-content\/uploads\/2018\/01\/259911_2169007827644_6409037_n.jpg?fit=650%2C867&ssl=1&resize=350%2C200 1x, https:\/\/i0.wp.com\/larevistadigital.com.ar\/blog\/wp-content\/uploads\/2018\/01\/259911_2169007827644_6409037_n.jpg?fit=650%2C867&ssl=1&resize=525%2C300 1.5x"},"classes":[]},{"id":14109,"url":"https:\/\/larevistadigital.com.ar\/blog\/video-con-resumen-y-goles-atletico-madrid-dio-vuelta-un-partidazo-y-dejo-afuera-al-barsa\/","url_meta":{"origin":38085,"position":5},"title":"[VIDEO CON RESUMEN Y GOLES] ATL\u00c9TICO MADRID DIO VUELTA UN PARTIDAZO Y DEJ\u00d3 AFUERA AL BARSA","author":"Alejandro Sosa Ruda","date":"9 enero, 2020","format":false,"excerpt":"El Atl\u00e9tico Madrid se meti\u00f3 in extremis\u00a0este jueves en la\u00a0final\u00a0de la\u00a0Supercopa de Espa\u00f1a\u00a0tras remontar un partido incre\u00edble que le gan\u00f3\u00a03-2\u00a0al\u00a0Barcelona\u00a0en la semifinal disputada en el estadio King Abdullah de la ciudad saud\u00ed de Yed\u00e1. Koke abri\u00f3 el marcador para los rojiblancos (46), pero poco despu\u00e9s Lionel Messi\u00a0igual\u00f3 (51) y Antoine\u2026","rel":"","context":"En \u00abDEPORTES\u00bb","block_context":{"text":"DEPORTES","link":"https:\/\/larevistadigital.com.ar\/blog\/category\/deportes\/"},"img":{"alt_text":"","src":"https:\/\/i0.wp.com\/larevistadigital.com.ar\/blog\/wp-content\/uploads\/atletico-madrid-barcelona-supercopa-ap-09012020.jpg?fit=650%2C446&ssl=1&resize=350%2C200","width":350,"height":200,"srcset":"https:\/\/i0.wp.com\/larevistadigital.com.ar\/blog\/wp-content\/uploads\/atletico-madrid-barcelona-supercopa-ap-09012020.jpg?fit=650%2C446&ssl=1&resize=350%2C200 1x, https:\/\/i0.wp.com\/larevistadigital.com.ar\/blog\/wp-content\/uploads\/atletico-madrid-barcelona-supercopa-ap-09012020.jpg?fit=650%2C446&ssl=1&resize=525%2C300 1.5x"},"classes":[]}],"_links":{"self":[{"href":"https:\/\/larevistadigital.com.ar\/blog\/wp-json\/wp\/v2\/posts\/38085","targetHints":{"allow":["GET"]}}],"collection":[{"href":"https:\/\/larevistadigital.com.ar\/blog\/wp-json\/wp\/v2\/posts"}],"about":[{"href":"https:\/\/larevistadigital.com.ar\/blog\/wp-json\/wp\/v2\/types\/post"}],"author":[{"embeddable":true,"href":"https:\/\/larevistadigital.com.ar\/blog\/wp-json\/wp\/v2\/users\/3"}],"replies":[{"embeddable":true,"href":"https:\/\/larevistadigital.com.ar\/blog\/wp-json\/wp\/v2\/comments?post=38085"}],"version-history":[{"count":1,"href":"https:\/\/larevistadigital.com.ar\/blog\/wp-json\/wp\/v2\/posts\/38085\/revisions"}],"predecessor-version":[{"id":38087,"href":"https:\/\/larevistadigital.com.ar\/blog\/wp-json\/wp\/v2\/posts\/38085\/revisions\/38087"}],"wp:featuredmedia":[{"embeddable":true,"href":"https:\/\/larevistadigital.com.ar\/blog\/wp-json\/wp\/v2\/media\/38086"}],"wp:attachment":[{"href":"https:\/\/larevistadigital.com.ar\/blog\/wp-json\/wp\/v2\/media?parent=38085"}],"wp:term":[{"taxonomy":"category","embeddable":true,"href":"https:\/\/larevistadigital.com.ar\/blog\/wp-json\/wp\/v2\/categories?post=38085"},{"taxonomy":"post_tag","embeddable":true,"href":"https:\/\/larevistadigital.com.ar\/blog\/wp-json\/wp\/v2\/tags?post=38085"}],"curies":[{"name":"wp","href":"https:\/\/api.w.org\/{rel}","templated":true}]}}