{"id":38117,"date":"2024-12-05T19:20:52","date_gmt":"2024-12-05T22:20:52","guid":{"rendered":"https:\/\/larevistadigital.com.ar\/blog\/?p=38117"},"modified":"2024-12-05T19:20:52","modified_gmt":"2024-12-05T22:20:52","slug":"el-intendente-gaston-emprende-el-viaje-a-europa-para-encontrarse-con-el-papa-francisco","status":"publish","type":"post","link":"https:\/\/larevistadigital.com.ar\/blog\/el-intendente-gaston-emprende-el-viaje-a-europa-para-encontrarse-con-el-papa-francisco\/","title":{"rendered":"El Intendente Gast\u00f3n, emprende el viaje a Europa para encontrarse con el Papa Franc\u00edsco"},"content":{"rendered":"<h3 class=\"excerpt\">El intendente visitar\u00e1 Espa\u00f1a e Italia para promover la propuesta \u201cChascom\u00fas Km0 de la Democracia\u201d y ser\u00e1 recibido por el Papa Francisco. El concejal Leandro Bordalecou asume como intendente interino durante su licencia.<\/h3>\n<p>05 de Diciembre de 2024<\/p>\n<div id=\"miDiv1\" class=\"text\">\n<p><strong>CHASCOM\u00daS &#8211;\u00a0<\/strong> \u00a0Desde el jueves 5 hasta el s\u00e1bado 21 de diciembre, el intendente <strong>Javier Gast\u00f3n<\/strong> realizar\u00e1 un viaje oficial a Espa\u00f1a e Italia. En ese per\u00edodo, cubrir\u00e1 el cargo de forma interina <strong>Leandro Bordalecou<\/strong>, \u200b\u200bquien encabez\u00f3 la lista de concejales de Uni\u00f3n por la Patria en las \u00faltimas elecciones.<\/p>\n<p><span>El acto administrativo de traspaso de mando tuvo lugar este jueves en el despacho comunal, donde los funcionarios firmaron el acta correspondiente en presencia del contador municipal, Gast\u00f3n Gualazzini, y de la tesorera municipal Carmen Ibarguren. En la reuni\u00f3n, dialogaron sobre diversos temas relacionados con la gesti\u00f3n local.<\/span><\/p>\n<blockquote>\n<h3><span>Este viaje oficial busca afianzar la proyecci\u00f3n internacional de Chascom\u00fas y fortalecer los v\u00ednculos culturales y educativos con Espa\u00f1a e Italia.<\/span><\/h3>\n<\/blockquote>\n<p><span>La agenda del intendente incluye una destacada reuni\u00f3n con el <strong>Papa Francisco<\/strong>, prevista para el s\u00e1bado 14 de diciembre en el Vaticano.\u00a0<\/span><\/p>\n<blockquote>\n<h3><span>Entre otras actividades, visitar\u00e1 ciudades como Lal\u00edn, Zaragoza, Barcelona, \u200b\u200bMadrid, Salamanca y Roma, resaltando los valores democr\u00e1ticos impulsados \u200b\u200bpor el expresidente Ra\u00fal Alfons\u00edn.<\/span><\/h3>\n<\/blockquote>\n<p><span>Adem\u00e1s,<strong> Gast\u00f3n<\/strong> mantendr\u00e1 encuentros con autoridades internacionales y representantes de la Universidad Aut\u00f3noma de Barcelona, \u200b\u200bla Universidad de Santiago de Compostela y la Orquesta de Madrid, entre otros.<\/span><\/p>\n<blockquote>\n<h3><span>Como se informar\u00e1 oportunamente, la licencia fue previamente aprobada por el Concejo Deliberante.<\/span><\/h3>\n<\/blockquote>\n<p><span>El viaje es financiado por la Organizaci\u00f3n de Estados Iberoamericanos (OEI), que cubrir\u00e1 el costo del pasaje del intendente. <strong>Gast\u00f3n<\/strong> viajar\u00e1 acompa\u00f1ado por su esposa, <strong>Andrea<\/strong>, quien se har\u00e1 carga de su propio traslado.<\/span><\/p>\n<\/div>\n","protected":false},"excerpt":{"rendered":"<div class=\"mh-excerpt\"><p>El intendente visitar\u00e1 Espa\u00f1a e Italia para promover la propuesta \u201cChascom\u00fas Km0 de la Democracia\u201d y ser\u00e1 recibido por el Papa Francisco. El concejal Leandro Bordalecou asume como intendente interino durante su licencia. 05 de <a class=\"mh-excerpt-more\" href=\"https:\/\/larevistadigital.com.ar\/blog\/el-intendente-gaston-emprende-el-viaje-a-europa-para-encontrarse-con-el-papa-francisco\/\" title=\"El Intendente Gast\u00f3n, emprende el viaje a Europa para encontrarse con el Papa Franc\u00edsco\">[Leer M\u00e1s]<\/a><\/p>\n<\/div>","protected":false},"author":3,"featured_media":38118,"comment_status":"open","ping_status":"open","sticky":false,"template":"","format":"standard","meta":{"_jetpack_memberships_contains_paid_content":false,"footnotes":"","jetpack_publicize_message":"","jetpack_publicize_feature_enabled":true,"jetpack_social_post_already_shared":true,"jetpack_social_options":{"image_generator_settings":{"template":"highway","default_image_id":0,"font":"","enabled":false},"version":2}},"categories":[50],"tags":[258,260,259,261],"class_list":{"0":"post-38117","1":"post","2":"type-post","3":"status-publish","4":"format-standard","5":"has-post-thumbnail","7":"category-interes-general","8":"tag-gaston","9":"tag-licencia","10":"tag-papa-francisco","11":"tag-viaje-a-europa"},"jetpack_publicize_connections":[],"jetpack_featured_media_url":"https:\/\/i0.wp.com\/larevistadigital.com.ar\/blog\/wp-content\/uploads\/6751f352933b7.png?fit=668%2C445&ssl=1","jetpack_sharing_enabled":true,"jetpack_shortlink":"https:\/\/wp.me\/p8qtrQ-9UN","jetpack-related-posts":[{"id":36991,"url":"https:\/\/larevistadigital.com.ar\/blog\/el-concejal-leandro-bordalecou-asumira-como-intendente-interino\/","url_meta":{"origin":38117,"position":0},"title":"EL CONCEJAL LEANDRO BORDALECOU, ASUMIR\u00c1 COMO INTENDENTE INTERINO","author":"Alejandro Sosa Ruda","date":"18 agosto, 2024","format":false,"excerpt":"El intendente Javier Gast\u00f3n har\u00e1 uso de una licencia en su cargo, desde el domingo 18 hasta el s\u00e1bado 31 de agosto inclusive. 18 de Agosto de 2024 CHASCOM\u00daS -\u00a0 Durante su ausencia, asumir\u00e1 el cargo de forma interina, el concejal Leandro Bordalecou, quien ocup\u00f3 el primer lugar en la\u2026","rel":"","context":"En \u00abCHASCOM\u00daS\u00bb","block_context":{"text":"CHASCOM\u00daS","link":"https:\/\/larevistadigital.com.ar\/blog\/category\/chascomus\/"},"img":{"alt_text":"","src":"https:\/\/i0.wp.com\/larevistadigital.com.ar\/blog\/wp-content\/uploads\/66bf8ca259d48.png?fit=668%2C445&ssl=1&resize=350%2C200","width":350,"height":200,"srcset":"https:\/\/i0.wp.com\/larevistadigital.com.ar\/blog\/wp-content\/uploads\/66bf8ca259d48.png?fit=668%2C445&ssl=1&resize=350%2C200 1x, https:\/\/i0.wp.com\/larevistadigital.com.ar\/blog\/wp-content\/uploads\/66bf8ca259d48.png?fit=668%2C445&ssl=1&resize=525%2C300 1.5x"},"classes":[]},{"id":39481,"url":"https:\/\/larevistadigital.com.ar\/blog\/banderas-a-media-asta-y-suspension-de-actos-oficiales-en-adhesion-al-duelo-nacional-por-el-fallecimiento-del-papa-francisco\/","url_meta":{"origin":38117,"position":1},"title":"Banderas a media asta y suspensi\u00f3n de actos oficiales en adhesi\u00f3n al duelo nacional por el fallecimiento del Papa Francisco","author":"Alejandro Sosa Ruda","date":"22 abril, 2025","format":false,"excerpt":"El intendente Javier Gast\u00f3n expres\u00f3 su pesar y record\u00f3 el hist\u00f3rico encuentro con el Sumo Pont\u00edfice durante una audiencia privada en el Vaticano. 21 de Abril de 2025 CHASCOM\u00daS -\u00a0 \u00a0En el marco del duelo nacional decretado por el Gobierno tras el fallecimiento del Papa Francisco, hasta el pr\u00f3ximo lunes\u2026","rel":"","context":"En \u00abCHASCOM\u00daS\u00bb","block_context":{"text":"CHASCOM\u00daS","link":"https:\/\/larevistadigital.com.ar\/blog\/category\/chascomus\/"},"img":{"alt_text":"","src":"https:\/\/i0.wp.com\/larevistadigital.com.ar\/blog\/wp-content\/uploads\/68068ca7cc290.png?fit=668%2C445&ssl=1&resize=350%2C200","width":350,"height":200,"srcset":"https:\/\/i0.wp.com\/larevistadigital.com.ar\/blog\/wp-content\/uploads\/68068ca7cc290.png?fit=668%2C445&ssl=1&resize=350%2C200 1x, https:\/\/i0.wp.com\/larevistadigital.com.ar\/blog\/wp-content\/uploads\/68068ca7cc290.png?fit=668%2C445&ssl=1&resize=525%2C300 1.5x"},"classes":[]},{"id":38312,"url":"https:\/\/larevistadigital.com.ar\/blog\/bordalecou-y-alfonsin-participaron-del-acto-de-egreso-en-la-escuela-municipal-n-1\/","url_meta":{"origin":38117,"position":2},"title":"Bordalecou y Alfons\u00edn participaron del acto de egreso en la Escuela Municipal N\u00b0 1","author":"Alejandro Sosa Ruda","date":"18 diciembre, 2024","format":false,"excerpt":"Particip\u00f3 del acto de fin de curso acompa\u00f1ando la despedida a los egresados 18 de Diciembre de 2024 CHASCOM\u00daS -\u00a0 El intendente interino Leandro Bordalecou junto al subsecretario de Infancias y Juventudes, Lucio Alfons\u00edn, participaron esta ma\u00f1ana del acto de fin de curso de la Escuela Municipal N\u00b0 1 \u201cJuan\u2026","rel":"","context":"En \u00abCHASCOM\u00daS\u00bb","block_context":{"text":"CHASCOM\u00daS","link":"https:\/\/larevistadigital.com.ar\/blog\/category\/chascomus\/"},"img":{"alt_text":"","src":"https:\/\/i0.wp.com\/larevistadigital.com.ar\/blog\/wp-content\/uploads\/6763033f5d2ca.png?fit=668%2C445&ssl=1&resize=350%2C200","width":350,"height":200,"srcset":"https:\/\/i0.wp.com\/larevistadigital.com.ar\/blog\/wp-content\/uploads\/6763033f5d2ca.png?fit=668%2C445&ssl=1&resize=350%2C200 1x, https:\/\/i0.wp.com\/larevistadigital.com.ar\/blog\/wp-content\/uploads\/6763033f5d2ca.png?fit=668%2C445&ssl=1&resize=525%2C300 1.5x"},"classes":[]},{"id":38188,"url":"https:\/\/larevistadigital.com.ar\/blog\/javier-gaston-presento-en-lalin-el-proyecto-chascomus-km0-de-la-democracia\/","url_meta":{"origin":38117,"position":3},"title":"Javier Gast\u00f3n present\u00f3 en Lal\u00edn el proyecto \u201cChascom\u00fas KM0 de la Democracia\u201d","author":"Alejandro Sosa Ruda","date":"9 diciembre, 2024","format":false,"excerpt":"En el Concejo de la ciudad gallega, brind\u00f3 detalles de la iniciativa que busca destacar el legado de Ra\u00fal Alfons\u00edn y fortalecer los valores democr\u00e1ticos. 09 de diciembre de 2024 CHASCOM\u00daS -\u00a0 \u00a0El intendente Javier Gast\u00f3n inici\u00f3 su viaje oficial a Europa con una agenda enfocada en promover los valores\u2026","rel":"","context":"En \u00abCHASCOM\u00daS\u00bb","block_context":{"text":"CHASCOM\u00daS","link":"https:\/\/larevistadigital.com.ar\/blog\/category\/chascomus\/"},"img":{"alt_text":"","src":"https:\/\/i0.wp.com\/larevistadigital.com.ar\/blog\/wp-content\/uploads\/67572cf2a6226.png?fit=668%2C445&ssl=1&resize=350%2C200","width":350,"height":200,"srcset":"https:\/\/i0.wp.com\/larevistadigital.com.ar\/blog\/wp-content\/uploads\/67572cf2a6226.png?fit=668%2C445&ssl=1&resize=350%2C200 1x, https:\/\/i0.wp.com\/larevistadigital.com.ar\/blog\/wp-content\/uploads\/67572cf2a6226.png?fit=668%2C445&ssl=1&resize=525%2C300 1.5x"},"classes":[]},{"id":37869,"url":"https:\/\/larevistadigital.com.ar\/blog\/chascomus-el-intendente-gaston-recorrio-la-obra-del-parador-lamadrid\/","url_meta":{"origin":38117,"position":4},"title":"Chascom\u00fas: El intendente Gast\u00f3n recorri\u00f3 la obra del Parador Lamadrid","author":"Alejandro Sosa Ruda","date":"13 noviembre, 2024","format":false,"excerpt":"Javier Gast\u00f3n visit\u00f3 la obra de puesta en valor que se encuentra en su etapa final. 13 de Noviembre de 2024 CHASCOM\u00daS -\u00a0 Las obras de recuperaci\u00f3n y puesta en valor del edificio ubicado en Av. Costanera Espa\u00f1a y Av. Tte. Gral. Juan Domingo Per\u00f3n, se encuentran pr\u00f3ximas a finalizar,\u2026","rel":"","context":"En \u00abCHASCOM\u00daS\u00bb","block_context":{"text":"CHASCOM\u00daS","link":"https:\/\/larevistadigital.com.ar\/blog\/category\/chascomus\/"},"img":{"alt_text":"","src":"https:\/\/i0.wp.com\/larevistadigital.com.ar\/blog\/wp-content\/uploads\/6734ec3219551.png?fit=668%2C445&ssl=1&resize=350%2C200","width":350,"height":200,"srcset":"https:\/\/i0.wp.com\/larevistadigital.com.ar\/blog\/wp-content\/uploads\/6734ec3219551.png?fit=668%2C445&ssl=1&resize=350%2C200 1x, https:\/\/i0.wp.com\/larevistadigital.com.ar\/blog\/wp-content\/uploads\/6734ec3219551.png?fit=668%2C445&ssl=1&resize=525%2C300 1.5x"},"classes":[]},{"id":12881,"url":"https:\/\/larevistadigital.com.ar\/blog\/javier-gaston-fue-reelecto-como-intendente-de-chascomus\/","url_meta":{"origin":38117,"position":5},"title":"JAVIER GAST\u00d3N FUE REELECTO COMO INTENDENTE DE CHASCOM\u00daS","author":"Alejandro Sosa Ruda","date":"28 octubre, 2019","format":false,"excerpt":"El Intendente de Chascom\u00fas, y candidato por el Frente de Todos, Javier Gast\u00f3n, gan\u00f3 la elecci\u00f3n por amplio margen como hab\u00eda ocurrido en las PASO de agosto pasado, y gobernar\u00e1 la ciudad por cuatro a\u00f1os m\u00e1s a partir de diciembre. Con un gran porcentaje de adhesi\u00f3n de los vecinos, el\u2026","rel":"","context":"En \u00abCHASCOM\u00daS\u00bb","block_context":{"text":"CHASCOM\u00daS","link":"https:\/\/larevistadigital.com.ar\/blog\/category\/chascomus\/"},"img":{"alt_text":"","src":"https:\/\/i0.wp.com\/larevistadigital.com.ar\/blog\/wp-content\/uploads\/Screenshot_1-55.jpg?fit=712%2C597&ssl=1&resize=350%2C200","width":350,"height":200,"srcset":"https:\/\/i0.wp.com\/larevistadigital.com.ar\/blog\/wp-content\/uploads\/Screenshot_1-55.jpg?fit=712%2C597&ssl=1&resize=350%2C200 1x, https:\/\/i0.wp.com\/larevistadigital.com.ar\/blog\/wp-content\/uploads\/Screenshot_1-55.jpg?fit=712%2C597&ssl=1&resize=525%2C300 1.5x, https:\/\/i0.wp.com\/larevistadigital.com.ar\/blog\/wp-content\/uploads\/Screenshot_1-55.jpg?fit=712%2C597&ssl=1&resize=700%2C400 2x"},"classes":[]}],"_links":{"self":[{"href":"https:\/\/larevistadigital.com.ar\/blog\/wp-json\/wp\/v2\/posts\/38117","targetHints":{"allow":["GET"]}}],"collection":[{"href":"https:\/\/larevistadigital.com.ar\/blog\/wp-json\/wp\/v2\/posts"}],"about":[{"href":"https:\/\/larevistadigital.com.ar\/blog\/wp-json\/wp\/v2\/types\/post"}],"author":[{"embeddable":true,"href":"https:\/\/larevistadigital.com.ar\/blog\/wp-json\/wp\/v2\/users\/3"}],"replies":[{"embeddable":true,"href":"https:\/\/larevistadigital.com.ar\/blog\/wp-json\/wp\/v2\/comments?post=38117"}],"version-history":[{"count":1,"href":"https:\/\/larevistadigital.com.ar\/blog\/wp-json\/wp\/v2\/posts\/38117\/revisions"}],"predecessor-version":[{"id":38119,"href":"https:\/\/larevistadigital.com.ar\/blog\/wp-json\/wp\/v2\/posts\/38117\/revisions\/38119"}],"wp:featuredmedia":[{"embeddable":true,"href":"https:\/\/larevistadigital.com.ar\/blog\/wp-json\/wp\/v2\/media\/38118"}],"wp:attachment":[{"href":"https:\/\/larevistadigital.com.ar\/blog\/wp-json\/wp\/v2\/media?parent=38117"}],"wp:term":[{"taxonomy":"category","embeddable":true,"href":"https:\/\/larevistadigital.com.ar\/blog\/wp-json\/wp\/v2\/categories?post=38117"},{"taxonomy":"post_tag","embeddable":true,"href":"https:\/\/larevistadigital.com.ar\/blog\/wp-json\/wp\/v2\/tags?post=38117"}],"curies":[{"name":"wp","href":"https:\/\/api.w.org\/{rel}","templated":true}]}}