{"id":38120,"date":"2024-12-05T19:32:52","date_gmt":"2024-12-05T22:32:52","guid":{"rendered":"https:\/\/larevistadigital.com.ar\/blog\/?p=38120"},"modified":"2024-12-05T19:32:52","modified_gmt":"2024-12-05T22:32:52","slug":"se-firmo-el-contrato-de-concesion-para-el-parador-punta-norte","status":"publish","type":"post","link":"https:\/\/larevistadigital.com.ar\/blog\/se-firmo-el-contrato-de-concesion-para-el-parador-punta-norte\/","title":{"rendered":"Se firm\u00f3 el contrato de concesi\u00f3n para el parador Punta Norte"},"content":{"rendered":"<h2 class=\"excerpt\">Un grupo de inversores locales asumir\u00e1 la gesti\u00f3n del espacio.<\/h2>\n<p>05 De Diciembre de 2024<\/p>\n<div id=\"miDiv1\" class=\"text\">\n<p><strong>CHASCOM\u00daS &#8211;\u00a0<\/strong> En el despacho comunal, el intendente Javier Gast\u00f3n, se formaliz\u00f3 la concesi\u00f3n del parador Punta Norte mediante la firma de un contrato con la sociedad an\u00f3nima en formaci\u00f3n \u201cPunta Norte S.A.\u201d.<\/p>\n<blockquote>\n<h3>La concesi\u00f3n fue otorgada en el marco de la Licitaci\u00f3n P\u00fablica N\u00b012\/2023 (tercer llamado), tiene una duraci\u00f3n inicial de nueve a\u00f1os y contempla la posibilidad de extenderse por hasta tres a\u00f1os m\u00e1s.<\/h3>\n<\/blockquote>\n<p>El predio, ubicado en la intersecci\u00f3n de avenida costanera Pedro Urruty y bulevar Pedro Nicol\u00e1s Escribano, abarca 13.978 metros cuadrados, incluyendo 141 metros de frente a la laguna.<\/p>\n<blockquote>\n<h3>Los nuevos responsables del espacio, Nicol\u00e1s Giacchino, Mariano Musmeci y Tom\u00e1s Reeves, planean trabajar en la recuperaci\u00f3n del predio y avanzar en su acondicionamiento.<\/h3>\n<\/blockquote>\n<p>Seg\u00fan informaron, el pr\u00f3ximo a\u00f1o est\u00e1 prevista la incorporaci\u00f3n de un restaurante que ampliar\u00e1 la oferta gastron\u00f3mica de la ciudad, consolidando al parador como un atractivo tur\u00edstico y recreativo en la costanera.<\/p>\n<\/div>\n","protected":false},"excerpt":{"rendered":"<div class=\"mh-excerpt\"><p>Un grupo de inversores locales asumir\u00e1 la gesti\u00f3n del espacio. 05 De Diciembre de 2024 CHASCOM\u00daS &#8211;\u00a0 En el despacho comunal, el intendente Javier Gast\u00f3n, se formaliz\u00f3 la concesi\u00f3n del parador Punta Norte mediante la <a class=\"mh-excerpt-more\" href=\"https:\/\/larevistadigital.com.ar\/blog\/se-firmo-el-contrato-de-concesion-para-el-parador-punta-norte\/\" title=\"Se firm\u00f3 el contrato de concesi\u00f3n para el parador Punta Norte\">[Leer M\u00e1s]<\/a><\/p>\n<\/div>","protected":false},"author":3,"featured_media":38121,"comment_status":"open","ping_status":"open","sticky":false,"template":"","format":"standard","meta":{"_jetpack_memberships_contains_paid_content":false,"footnotes":"","jetpack_publicize_message":"","jetpack_publicize_feature_enabled":true,"jetpack_social_post_already_shared":true,"jetpack_social_options":{"image_generator_settings":{"template":"highway","default_image_id":0,"font":"","enabled":false},"version":2}},"categories":[50],"tags":[262],"class_list":{"0":"post-38120","1":"post","2":"type-post","3":"status-publish","4":"format-standard","5":"has-post-thumbnail","7":"category-interes-general","8":"tag-concesion-punta-norte"},"jetpack_publicize_connections":[],"jetpack_featured_media_url":"https:\/\/i0.wp.com\/larevistadigital.com.ar\/blog\/wp-content\/uploads\/6751e51408ea8.png?fit=668%2C445&ssl=1","jetpack_sharing_enabled":true,"jetpack_shortlink":"https:\/\/wp.me\/p8qtrQ-9UQ","jetpack-related-posts":[{"id":36320,"url":"https:\/\/larevistadigital.com.ar\/blog\/se-concreta-la-concesion-del-predio-punta-norte\/","url_meta":{"origin":38120,"position":0},"title":"SE CONCRETA LA CONCESI\u00d3N DEL PREDIO PUNTA NORTE","author":"Alejandro Sosa Ruda","date":"15 junio, 2024","format":false,"excerpt":"El predio fue adjudicado y se trabaja en el contrato de concesi\u00f3n que se suscribir\u00e1 la pr\u00f3xima semana 15 de Junio de 2024 CHASCOM\u00daS -\u00a0 Fue concesionado el parador tur\u00edstico Punta Norte, ubicado en la intersecci\u00f3n de Av. Escribano y Alem. La oferta realizada por los se\u00f1ores Tomas Michelini y\u2026","rel":"","context":"En \u00abINTERES GENERAL\u00bb","block_context":{"text":"INTERES GENERAL","link":"https:\/\/larevistadigital.com.ar\/blog\/category\/interes-general\/"},"img":{"alt_text":"","src":"https:\/\/i0.wp.com\/larevistadigital.com.ar\/blog\/wp-content\/uploads\/2024_06_15_02_18_48_670993.jpg?fit=600%2C400&ssl=1&resize=350%2C200","width":350,"height":200,"srcset":"https:\/\/i0.wp.com\/larevistadigital.com.ar\/blog\/wp-content\/uploads\/2024_06_15_02_18_48_670993.jpg?fit=600%2C400&ssl=1&resize=350%2C200 1x, https:\/\/i0.wp.com\/larevistadigital.com.ar\/blog\/wp-content\/uploads\/2024_06_15_02_18_48_670993.jpg?fit=600%2C400&ssl=1&resize=525%2C300 1.5x"},"classes":[]},{"id":38358,"url":"https:\/\/larevistadigital.com.ar\/blog\/inauguracion-del-parador-punta-norte-en-chascomus\/","url_meta":{"origin":38120,"position":1},"title":"Inauguraci\u00f3n del Parador Punta Norte en Chascom\u00fas","author":"Alejandro Sosa Ruda","date":"21 diciembre, 2024","format":false,"excerpt":"El pasado jueves se llev\u00f3 a cabo la inauguraci\u00f3n del parador Punta Norte, un proyecto que busca ampliar la oferta de servicios y propuestas tur\u00edsticas en la zona de la laguna de Chascom\u00fas. 21 de Diciembre de 2024 CHASCOM\u00daS -\u00a0 El evento cont\u00f3 con la presencia del intendente interino Leandro\u2026","rel":"","context":"En \u00abCHASCOM\u00daS\u00bb","block_context":{"text":"CHASCOM\u00daS","link":"https:\/\/larevistadigital.com.ar\/blog\/category\/chascomus\/"},"img":{"alt_text":"","src":"https:\/\/i0.wp.com\/larevistadigital.com.ar\/blog\/wp-content\/uploads\/6765b1db4287d.png?fit=668%2C445&ssl=1&resize=350%2C200","width":350,"height":200,"srcset":"https:\/\/i0.wp.com\/larevistadigital.com.ar\/blog\/wp-content\/uploads\/6765b1db4287d.png?fit=668%2C445&ssl=1&resize=350%2C200 1x, https:\/\/i0.wp.com\/larevistadigital.com.ar\/blog\/wp-content\/uploads\/6765b1db4287d.png?fit=668%2C445&ssl=1&resize=525%2C300 1.5x"},"classes":[]},{"id":34727,"url":"https:\/\/larevistadigital.com.ar\/blog\/chascomus-fue-declarada-desierta-la-licitacion-de-punta-norte\/","url_meta":{"origin":38120,"position":2},"title":"CHASCOM\u00daS: FUE DECLARADA DESIERTA LA LICITACI\u00d3N DE PUNTA NORTE","author":"Alejandro Sosa Ruda","date":"4 diciembre, 2023","format":false,"excerpt":"Vencido el plazo oficial, no se presentaron ofertas para la explotaci\u00f3n comercial del parador Punta Norte. 4 de Diciembre de 2023 CHASCOM\u00daS -\u00a0 El llamado a los interesados en la Licitaci\u00f3n P\u00fablica N\u00ba 12\/2023, \u201cConcesi\u00f3n de la Unidad de Servicios Tur\u00edsticos Punta Norte\u201d, se realiz\u00f3 entre el 25 de septiembre\u2026","rel":"","context":"En \u00abCHASCOM\u00daS\u00bb","block_context":{"text":"CHASCOM\u00daS","link":"https:\/\/larevistadigital.com.ar\/blog\/category\/chascomus\/"},"img":{"alt_text":"","src":"https:\/\/i0.wp.com\/larevistadigital.com.ar\/blog\/wp-content\/uploads\/2023_12_01_22_54_32_660281.jpg?fit=800%2C514&ssl=1&resize=350%2C200","width":350,"height":200,"srcset":"https:\/\/i0.wp.com\/larevistadigital.com.ar\/blog\/wp-content\/uploads\/2023_12_01_22_54_32_660281.jpg?fit=800%2C514&ssl=1&resize=350%2C200 1x, https:\/\/i0.wp.com\/larevistadigital.com.ar\/blog\/wp-content\/uploads\/2023_12_01_22_54_32_660281.jpg?fit=800%2C514&ssl=1&resize=525%2C300 1.5x, https:\/\/i0.wp.com\/larevistadigital.com.ar\/blog\/wp-content\/uploads\/2023_12_01_22_54_32_660281.jpg?fit=800%2C514&ssl=1&resize=700%2C400 2x"},"classes":[]},{"id":36698,"url":"https:\/\/larevistadigital.com.ar\/blog\/se-decidio-anular-la-concesion-otorgada-hace-unos-dias-de-punta-norte\/","url_meta":{"origin":38120,"position":3},"title":"SE DECIDI\u00d3 ANULAR LA CONCESI\u00d3N OTORGADA HACE UNOS D\u00cdAS DE \u00abPUNTA NORTE\u00bb","author":"Alejandro Sosa Ruda","date":"15 julio, 2024","format":false,"excerpt":"Fue por irregularidades en documentaci\u00f3n presentada. La decisi\u00f3n del municipio es realizar una nueva licitaci\u00f3n lo m\u00e1s pronto posible. 15 de Julio de 2024 CHASCOM\u00daS -\u00a0\u00a0Luego de que hace unos d\u00edas se otorgara la concesi\u00f3n del Parador \"Punta Norte\" en la ciudad, desde el gobierno municipal se observaron irregularidades en\u2026","rel":"","context":"En \u00abINTERES GENERAL\u00bb","block_context":{"text":"INTERES GENERAL","link":"https:\/\/larevistadigital.com.ar\/blog\/category\/interes-general\/"},"img":{"alt_text":"","src":"https:\/\/i0.wp.com\/larevistadigital.com.ar\/blog\/wp-content\/uploads\/Captura-de-pantalla-2024-07-15-182043.png?fit=730%2C413&ssl=1&resize=350%2C200","width":350,"height":200,"srcset":"https:\/\/i0.wp.com\/larevistadigital.com.ar\/blog\/wp-content\/uploads\/Captura-de-pantalla-2024-07-15-182043.png?fit=730%2C413&ssl=1&resize=350%2C200 1x, https:\/\/i0.wp.com\/larevistadigital.com.ar\/blog\/wp-content\/uploads\/Captura-de-pantalla-2024-07-15-182043.png?fit=730%2C413&ssl=1&resize=525%2C300 1.5x, https:\/\/i0.wp.com\/larevistadigital.com.ar\/blog\/wp-content\/uploads\/Captura-de-pantalla-2024-07-15-182043.png?fit=730%2C413&ssl=1&resize=700%2C400 2x"},"classes":[]},{"id":42782,"url":"https:\/\/larevistadigital.com.ar\/blog\/chascomus-el-servicio-de-guardavidas-brinda-seguridad-para-vecinos-y-turistas\/","url_meta":{"origin":38120,"position":4},"title":"Chascom\u00fas: El servicio de guardavidas brinda seguridad para vecinos y turistas","author":"Alejandro Sosa Ruda","date":"5 diciembre, 2025","format":false,"excerpt":"La Municipalidad cuenta con puestos en diferentes sectores de la costanera, para brindar protecci\u00f3n y asistencia a quienes ingresan a las aguas de la laguna. 05 de Diciembre de 2025 CHASCOM\u00daS -\u00a0 \u00a0El equipo de rescatistas, dependiente de la Secretar\u00eda de Seguridad Ciudadana, resguarda la seguridad en la laguna local\u2026","rel":"","context":"En \u00abCHASCOM\u00daS\u00bb","block_context":{"text":"CHASCOM\u00daS","link":"https:\/\/larevistadigital.com.ar\/blog\/category\/chascomus\/"},"img":{"alt_text":"","src":"https:\/\/i0.wp.com\/larevistadigital.com.ar\/blog\/wp-content\/uploads\/693319e390c69.png?fit=668%2C445&ssl=1&resize=350%2C200","width":350,"height":200,"srcset":"https:\/\/i0.wp.com\/larevistadigital.com.ar\/blog\/wp-content\/uploads\/693319e390c69.png?fit=668%2C445&ssl=1&resize=350%2C200 1x, https:\/\/i0.wp.com\/larevistadigital.com.ar\/blog\/wp-content\/uploads\/693319e390c69.png?fit=668%2C445&ssl=1&resize=525%2C300 1.5x"},"classes":[]},{"id":25368,"url":"https:\/\/larevistadigital.com.ar\/blog\/chascomus-paradojas-de-las-concesiones-municipales\/","url_meta":{"origin":38120,"position":5},"title":"CHASCOM\u00daS: PARADOJAS DE LAS CONCESIONES MUNICIPALES&#8230;","author":"Alejandro Sosa Ruda","date":"23 mayo, 2022","format":false,"excerpt":"Un vecino hizo llegar a nuestra redacci\u00f3n una reflexi\u00f3n acerca del comportamiento de las autoridades con las distintas concesiones, haciendo foco en las notables desigualdades. (PEDIDO DE PUBLICACI\u00d3N) DIJO JES\u00daS: \u201cCON LA MEDIDA CON QUE MIDAN SERAN MEDIDOS\u201d (LUCAS 6, 36-38) (Evidentemente, una frase desconocida por el Intendente y el\u2026","rel":"","context":"En \u00abDESTACADAS\u00bb","block_context":{"text":"DESTACADAS","link":"https:\/\/larevistadigital.com.ar\/blog\/category\/destacadas\/"},"img":{"alt_text":"","src":"https:\/\/i0.wp.com\/larevistadigital.com.ar\/blog\/wp-content\/uploads\/punta-norte-2.jpg?fit=1080%2C526&ssl=1&resize=350%2C200","width":350,"height":200,"srcset":"https:\/\/i0.wp.com\/larevistadigital.com.ar\/blog\/wp-content\/uploads\/punta-norte-2.jpg?fit=1080%2C526&ssl=1&resize=350%2C200 1x, https:\/\/i0.wp.com\/larevistadigital.com.ar\/blog\/wp-content\/uploads\/punta-norte-2.jpg?fit=1080%2C526&ssl=1&resize=525%2C300 1.5x, https:\/\/i0.wp.com\/larevistadigital.com.ar\/blog\/wp-content\/uploads\/punta-norte-2.jpg?fit=1080%2C526&ssl=1&resize=700%2C400 2x, https:\/\/i0.wp.com\/larevistadigital.com.ar\/blog\/wp-content\/uploads\/punta-norte-2.jpg?fit=1080%2C526&ssl=1&resize=1050%2C600 3x"},"classes":[]}],"_links":{"self":[{"href":"https:\/\/larevistadigital.com.ar\/blog\/wp-json\/wp\/v2\/posts\/38120","targetHints":{"allow":["GET"]}}],"collection":[{"href":"https:\/\/larevistadigital.com.ar\/blog\/wp-json\/wp\/v2\/posts"}],"about":[{"href":"https:\/\/larevistadigital.com.ar\/blog\/wp-json\/wp\/v2\/types\/post"}],"author":[{"embeddable":true,"href":"https:\/\/larevistadigital.com.ar\/blog\/wp-json\/wp\/v2\/users\/3"}],"replies":[{"embeddable":true,"href":"https:\/\/larevistadigital.com.ar\/blog\/wp-json\/wp\/v2\/comments?post=38120"}],"version-history":[{"count":1,"href":"https:\/\/larevistadigital.com.ar\/blog\/wp-json\/wp\/v2\/posts\/38120\/revisions"}],"predecessor-version":[{"id":38122,"href":"https:\/\/larevistadigital.com.ar\/blog\/wp-json\/wp\/v2\/posts\/38120\/revisions\/38122"}],"wp:featuredmedia":[{"embeddable":true,"href":"https:\/\/larevistadigital.com.ar\/blog\/wp-json\/wp\/v2\/media\/38121"}],"wp:attachment":[{"href":"https:\/\/larevistadigital.com.ar\/blog\/wp-json\/wp\/v2\/media?parent=38120"}],"wp:term":[{"taxonomy":"category","embeddable":true,"href":"https:\/\/larevistadigital.com.ar\/blog\/wp-json\/wp\/v2\/categories?post=38120"},{"taxonomy":"post_tag","embeddable":true,"href":"https:\/\/larevistadigital.com.ar\/blog\/wp-json\/wp\/v2\/tags?post=38120"}],"curies":[{"name":"wp","href":"https:\/\/api.w.org\/{rel}","templated":true}]}}