{"id":38123,"date":"2024-12-05T19:39:03","date_gmt":"2024-12-05T22:39:03","guid":{"rendered":"https:\/\/larevistadigital.com.ar\/blog\/?p=38123"},"modified":"2024-12-05T19:39:03","modified_gmt":"2024-12-05T22:39:03","slug":"partio-un-nuevo-contingente-de-egresados-con-destino-a-la-costa","status":"publish","type":"post","link":"https:\/\/larevistadigital.com.ar\/blog\/partio-un-nuevo-contingente-de-egresados-con-destino-a-la-costa\/","title":{"rendered":"Parti\u00f3 un nuevo contingente de egresados con destino a La Costa"},"content":{"rendered":"<h3 class=\"excerpt\">El viaje totalmente financiado por la Municipalidad de Chascom\u00fas, cierra una etapa en la vida de alumnos de 6to a\u00f1o del nivel primario de distintos establecimientos educativos<\/h3>\n<p>05 de Diciembre de 2024<\/p>\n<div id=\"miDiv1\" class=\"text\">\n<p><strong>CHASCOM\u00daS &#8211;\u00a0<\/strong> Se trata del tercer contingente de egresados, que cierran la etapa escolar primaria, en el marco del programa municipal que desde 2019, promueve la integraci\u00f3n de los estudiantes a trav\u00e9s de un viaje educativo y recreativo.<\/p>\n<p>El destino es San Clemente del Tuy\u00fa. Durante la traves\u00eda que tiene una duraci\u00f3n total de cuatro jornadas, los chicos visitar\u00e1n la Reserva Municipal Vivero Cosme Argerich, la playa y otros lugares tur\u00edsticos de la localidad. Esta iniciativa es posible gracias a una articulaci\u00f3n de la Municipalidad de Chascom\u00fas con la Jefatura Distrital y con la Municipalidad de La Costa.<\/p>\n<blockquote>\n<h3>Contando los tres contingentes, participaron del programa alrededor de 600 estudiantes de diversos contextos y, aproximadamente 60 manifestaron ver el mar por primera vez en sus vidas.<\/h3>\n<\/blockquote>\n<p>El primer grupo parti\u00f3 el 20 de noviembre con alumnos de las escuelas EP 05, EP 26, EP 09, Municipal 3, EP 3, EP 17, EP 27, EP 30, EP 31, EP 38 y EP 7. El segundo, viaj\u00f3 ayer 4 de diciembre, con egresados de las escuelas EP 13, IDC, EP 55 (1era divisi\u00f3n), Municipal 2 y EP 45. Hoy, fue el turno del tercer grupo que a\u00fan disfruta del viaje, con alumnos de las escuelas EP 04, Municipal 1, EP 14, EP 15, EP 16, EP 19, EP 20, EP 25, EP 53, EP 02 (A Y B), EP 34, EP 47 y EP 8.<\/p>\n<p>Todos los viajes est\u00e1n coordinados por Marcelo Hilgert, director del Centro de Educaci\u00f3n F\u00edsica (CEF).<\/p>\n<\/div>\n","protected":false},"excerpt":{"rendered":"<div class=\"mh-excerpt\"><p>El viaje totalmente financiado por la Municipalidad de Chascom\u00fas, cierra una etapa en la vida de alumnos de 6to a\u00f1o del nivel primario de distintos establecimientos educativos 05 de Diciembre de 2024 CHASCOM\u00daS &#8211;\u00a0 Se <a class=\"mh-excerpt-more\" href=\"https:\/\/larevistadigital.com.ar\/blog\/partio-un-nuevo-contingente-de-egresados-con-destino-a-la-costa\/\" title=\"Parti\u00f3 un nuevo contingente de egresados con destino a La Costa\">[Leer M\u00e1s]<\/a><\/p>\n<\/div>","protected":false},"author":3,"featured_media":38124,"comment_status":"open","ping_status":"open","sticky":false,"template":"","format":"standard","meta":{"_jetpack_memberships_contains_paid_content":false,"footnotes":"","jetpack_publicize_message":"","jetpack_publicize_feature_enabled":true,"jetpack_social_post_already_shared":true,"jetpack_social_options":{"image_generator_settings":{"template":"highway","default_image_id":0,"font":"","enabled":false},"version":2}},"categories":[6],"tags":[],"class_list":{"0":"post-38123","1":"post","2":"type-post","3":"status-publish","4":"format-standard","5":"has-post-thumbnail","7":"category-chascomus"},"jetpack_publicize_connections":[],"jetpack_featured_media_url":"https:\/\/i0.wp.com\/larevistadigital.com.ar\/blog\/wp-content\/uploads\/6751e9d4a3480.png?fit=668%2C445&ssl=1","jetpack_sharing_enabled":true,"jetpack_shortlink":"https:\/\/wp.me\/p8qtrQ-9UT","jetpack-related-posts":[{"id":38209,"url":"https:\/\/larevistadigital.com.ar\/blog\/egresados-esta-manana-partio-el-ultimo-contingente-del-ano-hacia-la-costa\/","url_meta":{"origin":38123,"position":0},"title":"Egresados: esta ma\u00f1ana parti\u00f3 el \u00faltimo contingente del a\u00f1o hacia La Costa","author":"Alejandro Sosa Ruda","date":"11 diciembre, 2024","format":false,"excerpt":"170 chicos egresados de diferentes escuelas primarias disfrutan ya de su viaje educativo y recreativo, totalmente financiado por la Municipalidad de Chascom\u00fas. 11 de Diciembre de 2024 CHASCOM\u00daS\u00a0 -\u00a0 \u00a0En el marco del programa municipal que promueve la integraci\u00f3n de los estudiantes a trav\u00e9s de un viaje educativo y recreativo,\u2026","rel":"","context":"En \u00abINTERES GENERAL\u00bb","block_context":{"text":"INTERES GENERAL","link":"https:\/\/larevistadigital.com.ar\/blog\/category\/interes-general\/"},"img":{"alt_text":"","src":"https:\/\/i0.wp.com\/larevistadigital.com.ar\/blog\/wp-content\/uploads\/6759e5f889b74.png?fit=668%2C445&ssl=1&resize=350%2C200","width":350,"height":200,"srcset":"https:\/\/i0.wp.com\/larevistadigital.com.ar\/blog\/wp-content\/uploads\/6759e5f889b74.png?fit=668%2C445&ssl=1&resize=350%2C200 1x, https:\/\/i0.wp.com\/larevistadigital.com.ar\/blog\/wp-content\/uploads\/6759e5f889b74.png?fit=668%2C445&ssl=1&resize=525%2C300 1.5x"},"classes":[]},{"id":42856,"url":"https:\/\/larevistadigital.com.ar\/blog\/chascomus-egresados-de-la-escuela-secundaria-municipal-recibieron-sus-diplomas\/","url_meta":{"origin":38123,"position":1},"title":"Chascom\u00fas: Egresados de la Escuela Secundaria Municipal recibieron sus diplomas","author":"Alejandro Sosa Ruda","date":"12 diciembre, 2025","format":false,"excerpt":"El intendente Javier Gast\u00f3n acompa\u00f1\u00f3 el cierre del ciclo lectivo en el establecimiento educativo. 12 de Diciembre de 2025 CHASCOM\u00daS -\u00a0 \u00a0 En la Escuela Secundaria Municipal \u201cElo\u00edsa Gonz\u00e1lez de Soler\u201d, se realiz\u00f3 el acto de entrega de diplomas a los estudiantes que completaron sus estudios. La ceremonia cont\u00f3 con\u2026","rel":"","context":"En \u00abCHASCOM\u00daS\u00bb","block_context":{"text":"CHASCOM\u00daS","link":"https:\/\/larevistadigital.com.ar\/blog\/category\/chascomus\/"},"img":{"alt_text":"","src":"https:\/\/i0.wp.com\/larevistadigital.com.ar\/blog\/wp-content\/uploads\/693c56841a86a.png?fit=668%2C445&ssl=1&resize=350%2C200","width":350,"height":200,"srcset":"https:\/\/i0.wp.com\/larevistadigital.com.ar\/blog\/wp-content\/uploads\/693c56841a86a.png?fit=668%2C445&ssl=1&resize=350%2C200 1x, https:\/\/i0.wp.com\/larevistadigital.com.ar\/blog\/wp-content\/uploads\/693c56841a86a.png?fit=668%2C445&ssl=1&resize=525%2C300 1.5x"},"classes":[]},{"id":38253,"url":"https:\/\/larevistadigital.com.ar\/blog\/chascomus-egresados-del-fines-cerraron-el-ano\/","url_meta":{"origin":38123,"position":2},"title":"Chascom\u00fas: Egresados del FINES cerraron el a\u00f1o","author":"Alejandro Sosa Ruda","date":"14 diciembre, 2024","format":false,"excerpt":"Con un acto de colaci\u00f3n en el Museo Pampeano donde se valor\u00f3 el esfuerzo de los estudiantes y sus familias 14 de Diciembre de 2024 CHASCOM\u00daS -\u00a0 Alrededor de cuarenta egresados participaron ayer del acto de cierre de a\u00f1o, pertenecientes a las comisiones del CIC 30 de mayo, Biblioteca Padre\u2026","rel":"","context":"En \u00abINTERES GENERAL\u00bb","block_context":{"text":"INTERES GENERAL","link":"https:\/\/larevistadigital.com.ar\/blog\/category\/interes-general\/"},"img":{"alt_text":"","src":"https:\/\/i0.wp.com\/larevistadigital.com.ar\/blog\/wp-content\/uploads\/675c7db3bcbe9.png?fit=668%2C445&ssl=1&resize=350%2C200","width":350,"height":200,"srcset":"https:\/\/i0.wp.com\/larevistadigital.com.ar\/blog\/wp-content\/uploads\/675c7db3bcbe9.png?fit=668%2C445&ssl=1&resize=350%2C200 1x, https:\/\/i0.wp.com\/larevistadigital.com.ar\/blog\/wp-content\/uploads\/675c7db3bcbe9.png?fit=668%2C445&ssl=1&resize=525%2C300 1.5x"},"classes":[]},{"id":38312,"url":"https:\/\/larevistadigital.com.ar\/blog\/bordalecou-y-alfonsin-participaron-del-acto-de-egreso-en-la-escuela-municipal-n-1\/","url_meta":{"origin":38123,"position":3},"title":"Bordalecou y Alfons\u00edn participaron del acto de egreso en la Escuela Municipal N\u00b0 1","author":"Alejandro Sosa Ruda","date":"18 diciembre, 2024","format":false,"excerpt":"Particip\u00f3 del acto de fin de curso acompa\u00f1ando la despedida a los egresados 18 de Diciembre de 2024 CHASCOM\u00daS -\u00a0 El intendente interino Leandro Bordalecou junto al subsecretario de Infancias y Juventudes, Lucio Alfons\u00edn, participaron esta ma\u00f1ana del acto de fin de curso de la Escuela Municipal N\u00b0 1 \u201cJuan\u2026","rel":"","context":"En \u00abCHASCOM\u00daS\u00bb","block_context":{"text":"CHASCOM\u00daS","link":"https:\/\/larevistadigital.com.ar\/blog\/category\/chascomus\/"},"img":{"alt_text":"","src":"https:\/\/i0.wp.com\/larevistadigital.com.ar\/blog\/wp-content\/uploads\/6763033f5d2ca.png?fit=668%2C445&ssl=1&resize=350%2C200","width":350,"height":200,"srcset":"https:\/\/i0.wp.com\/larevistadigital.com.ar\/blog\/wp-content\/uploads\/6763033f5d2ca.png?fit=668%2C445&ssl=1&resize=350%2C200 1x, https:\/\/i0.wp.com\/larevistadigital.com.ar\/blog\/wp-content\/uploads\/6763033f5d2ca.png?fit=668%2C445&ssl=1&resize=525%2C300 1.5x"},"classes":[]},{"id":37220,"url":"https:\/\/larevistadigital.com.ar\/blog\/javier-gaston-continuaremos-acompanando-los-viajes-de-egresados-para-todas-las-escuelas-primarias\/","url_meta":{"origin":38123,"position":4},"title":"Javier Gast\u00f3n: \u201cContinuaremos acompa\u00f1ando los viajes de egresados para todas las escuelas primarias\u201d","author":"Alejandro Sosa Ruda","date":"13 septiembre, 2024","format":false,"excerpt":"El intendente hizo el anuncio durante el acto por el D\u00eda del Maestro, destacando la importancia de esta experiencia para los estudiantes chascomunenses. 13 de Septiembre de 2024 CHASCOM\u00daS -\u00a0 En el marco de la celebraci\u00f3n, que tuvo lugar este jueves en la plaza Domingo Faustino Sarmiento, el intendente Javier\u2026","rel":"","context":"En \u00abINTERES GENERAL\u00bb","block_context":{"text":"INTERES GENERAL","link":"https:\/\/larevistadigital.com.ar\/blog\/category\/interes-general\/"},"img":{"alt_text":"","src":"https:\/\/i0.wp.com\/larevistadigital.com.ar\/blog\/wp-content\/uploads\/66e321a750a5b.png?fit=668%2C445&ssl=1&resize=350%2C200","width":350,"height":200,"srcset":"https:\/\/i0.wp.com\/larevistadigital.com.ar\/blog\/wp-content\/uploads\/66e321a750a5b.png?fit=668%2C445&ssl=1&resize=350%2C200 1x, https:\/\/i0.wp.com\/larevistadigital.com.ar\/blog\/wp-content\/uploads\/66e321a750a5b.png?fit=668%2C445&ssl=1&resize=525%2C300 1.5x"},"classes":[]},{"id":14600,"url":"https:\/\/larevistadigital.com.ar\/blog\/aviso-importante-la-municipalidad-de-chascomus-informo-que-se-suspenden-los-turnos-programados-en-el-hospital-municipal\/","url_meta":{"origin":38123,"position":5},"title":"AVISO IMPORTANTE: LA MUNICIPALIDAD DE CHASCOM\u00daS INFORM\u00d3 QUE SE SUSPENDEN LOS TURNOS PROGRAMADOS EN EL HOSPITAL MUNICIPAL","author":"Alejandro Sosa Ruda","date":"4 febrero, 2020","format":false,"excerpt":"Hace instantes, la Municipalidad de Chascom\u00fas a trav\u00e9s del grupo de \"Prensa\" en whatsapp, inform\u00f3 que con motivo del accidente ocurrido a la ma\u00f1ana en el que un micro volc\u00f3 a la altura del puente Samboromb\u00f3n se suspenden los turnos programados. EL COMUNICADO: Desde la Municipalidad de Chascom\u00fas, queremos informar\u2026","rel":"","context":"En \u00abCHASCOM\u00daS\u00bb","block_context":{"text":"CHASCOM\u00daS","link":"https:\/\/larevistadigital.com.ar\/blog\/category\/chascomus\/"},"img":{"alt_text":"","src":"https:\/\/i0.wp.com\/larevistadigital.com.ar\/blog\/wp-content\/uploads\/municipalidad-de-chascomus.jpg?fit=1200%2C800&ssl=1&resize=350%2C200","width":350,"height":200,"srcset":"https:\/\/i0.wp.com\/larevistadigital.com.ar\/blog\/wp-content\/uploads\/municipalidad-de-chascomus.jpg?fit=1200%2C800&ssl=1&resize=350%2C200 1x, https:\/\/i0.wp.com\/larevistadigital.com.ar\/blog\/wp-content\/uploads\/municipalidad-de-chascomus.jpg?fit=1200%2C800&ssl=1&resize=525%2C300 1.5x, https:\/\/i0.wp.com\/larevistadigital.com.ar\/blog\/wp-content\/uploads\/municipalidad-de-chascomus.jpg?fit=1200%2C800&ssl=1&resize=700%2C400 2x, https:\/\/i0.wp.com\/larevistadigital.com.ar\/blog\/wp-content\/uploads\/municipalidad-de-chascomus.jpg?fit=1200%2C800&ssl=1&resize=1050%2C600 3x"},"classes":[]}],"_links":{"self":[{"href":"https:\/\/larevistadigital.com.ar\/blog\/wp-json\/wp\/v2\/posts\/38123","targetHints":{"allow":["GET"]}}],"collection":[{"href":"https:\/\/larevistadigital.com.ar\/blog\/wp-json\/wp\/v2\/posts"}],"about":[{"href":"https:\/\/larevistadigital.com.ar\/blog\/wp-json\/wp\/v2\/types\/post"}],"author":[{"embeddable":true,"href":"https:\/\/larevistadigital.com.ar\/blog\/wp-json\/wp\/v2\/users\/3"}],"replies":[{"embeddable":true,"href":"https:\/\/larevistadigital.com.ar\/blog\/wp-json\/wp\/v2\/comments?post=38123"}],"version-history":[{"count":1,"href":"https:\/\/larevistadigital.com.ar\/blog\/wp-json\/wp\/v2\/posts\/38123\/revisions"}],"predecessor-version":[{"id":38125,"href":"https:\/\/larevistadigital.com.ar\/blog\/wp-json\/wp\/v2\/posts\/38123\/revisions\/38125"}],"wp:featuredmedia":[{"embeddable":true,"href":"https:\/\/larevistadigital.com.ar\/blog\/wp-json\/wp\/v2\/media\/38124"}],"wp:attachment":[{"href":"https:\/\/larevistadigital.com.ar\/blog\/wp-json\/wp\/v2\/media?parent=38123"}],"wp:term":[{"taxonomy":"category","embeddable":true,"href":"https:\/\/larevistadigital.com.ar\/blog\/wp-json\/wp\/v2\/categories?post=38123"},{"taxonomy":"post_tag","embeddable":true,"href":"https:\/\/larevistadigital.com.ar\/blog\/wp-json\/wp\/v2\/tags?post=38123"}],"curies":[{"name":"wp","href":"https:\/\/api.w.org\/{rel}","templated":true}]}}