{"id":38126,"date":"2024-12-05T19:45:37","date_gmt":"2024-12-05T22:45:37","guid":{"rendered":"https:\/\/larevistadigital.com.ar\/blog\/?p=38126"},"modified":"2024-12-05T19:45:37","modified_gmt":"2024-12-05T22:45:37","slug":"acto-de-titularizaciones-interinas-en-educacion-municipal","status":"publish","type":"post","link":"https:\/\/larevistadigital.com.ar\/blog\/acto-de-titularizaciones-interinas-en-educacion-municipal\/","title":{"rendered":"Acto de Titularizaciones Interinas en Educaci\u00f3n Municipal"},"content":{"rendered":"<h2 class=\"excerpt\">Los interesados pueden acceder a los listados de cargos vacantes exhibidos en la Direcci\u00f3n de Educaci\u00f3n<\/h2>\n<p>05 de Diciembre de 2024<\/p>\n<div id=\"miDiv1\" class=\"text\">\n<p><strong>CHASCOM\u00daS &#8211;\u00a0<\/strong> El d\u00eda lunes 9 de diciembre a las 17.30 hs, se realizar\u00e1 el acto p\u00fablico para Titularizaciones interinas de cargos y m\u00f3dulos docentes del \u00e1mbito municipal, para nivel inicial, primario y secundario, en ese orden.<\/p>\n<blockquote>\n<h3>Todas las horas y cargos que se encuentren vacantes a la fecha 9\/12\/2024 se ofrecer\u00e1n por orden de m\u00e9rito, a quienes conforman el listado oficial 2025.<\/h3>\n<\/blockquote>\n<p>Las vacantes se encuentran en exhibici\u00f3n en la Direcci\u00f3n de Educaci\u00f3n Municipal, en Mendoza 95, de 8 a 14 horas.<\/p>\n<\/div>\n","protected":false},"excerpt":{"rendered":"<div class=\"mh-excerpt\"><p>Los interesados pueden acceder a los listados de cargos vacantes exhibidos en la Direcci\u00f3n de Educaci\u00f3n 05 de Diciembre de 2024 CHASCOM\u00daS &#8211;\u00a0 El d\u00eda lunes 9 de diciembre a las 17.30 hs, se realizar\u00e1 <a class=\"mh-excerpt-more\" href=\"https:\/\/larevistadigital.com.ar\/blog\/acto-de-titularizaciones-interinas-en-educacion-municipal\/\" title=\"Acto de Titularizaciones Interinas en Educaci\u00f3n Municipal\">[Leer M\u00e1s]<\/a><\/p>\n<\/div>","protected":false},"author":3,"featured_media":38127,"comment_status":"open","ping_status":"open","sticky":false,"template":"","format":"standard","meta":{"_jetpack_memberships_contains_paid_content":false,"footnotes":"","jetpack_publicize_message":"","jetpack_publicize_feature_enabled":true,"jetpack_social_post_already_shared":true,"jetpack_social_options":{"image_generator_settings":{"template":"highway","default_image_id":0,"font":"","enabled":false},"version":2}},"categories":[6],"tags":[],"class_list":{"0":"post-38126","1":"post","2":"type-post","3":"status-publish","4":"format-standard","5":"has-post-thumbnail","7":"category-chascomus"},"jetpack_publicize_connections":[],"jetpack_featured_media_url":"https:\/\/i0.wp.com\/larevistadigital.com.ar\/blog\/wp-content\/uploads\/6751e79f486db.png?fit=668%2C445&ssl=1","jetpack_sharing_enabled":true,"jetpack_shortlink":"https:\/\/wp.me\/p8qtrQ-9UW","jetpack-related-posts":[{"id":42271,"url":"https:\/\/larevistadigital.com.ar\/blog\/escuelas-municipales-abre-la-inscripcion-al-ciclo-lectivo-2026\/","url_meta":{"origin":38126,"position":0},"title":"Escuelas municipales: abre la inscripci\u00f3n al ciclo lectivo 2026","author":"Alejandro Sosa Ruda","date":"29 octubre, 2025","format":false,"excerpt":"Ser\u00e1 a partir del 10 de noviembre de acuerdo al calendario de la DGCYE Abren las inscripciones para las instituciones educativas de gesti\u00f3n municipal. El calendario de acuerdo a las disposiciones de la Direcci\u00f3n General de Cultura y Educaci\u00f3n de la Provincia de Buenos Aires comprende a todos los niveles\u2026","rel":"","context":"En \u00abCHASCOM\u00daS\u00bb","block_context":{"text":"CHASCOM\u00daS","link":"https:\/\/larevistadigital.com.ar\/blog\/category\/chascomus\/"},"img":{"alt_text":"","src":"https:\/\/i0.wp.com\/larevistadigital.com.ar\/blog\/wp-content\/uploads\/69023e14174bd.png?fit=668%2C445&ssl=1&resize=350%2C200","width":350,"height":200,"srcset":"https:\/\/i0.wp.com\/larevistadigital.com.ar\/blog\/wp-content\/uploads\/69023e14174bd.png?fit=668%2C445&ssl=1&resize=350%2C200 1x, https:\/\/i0.wp.com\/larevistadigital.com.ar\/blog\/wp-content\/uploads\/69023e14174bd.png?fit=668%2C445&ssl=1&resize=525%2C300 1.5x"},"classes":[]},{"id":36468,"url":"https:\/\/larevistadigital.com.ar\/blog\/se-extiende-el-periodo-de-inscripcion-a-los-listados-oficiales-municipales-2025\/","url_meta":{"origin":38126,"position":1},"title":"SE EXTIENDE EL PERIODO DE INSCRIPCI\u00d3N A LOS LISTADOS OFICIALES MUNICIPALES 2025","author":"Alejandro Sosa Ruda","date":"28 junio, 2024","format":false,"excerpt":"El Tribunal Docente Municipal informa que inscripci\u00f3n para el listado oficial 2025 se realizar\u00e1 hasta el viernes 12 de julio de 2024, para aspirantes con t\u00edtulo docente, para desempe\u00f1arse en los establecimientos educativos municipales. 28 de Junio de 2024 CHASCOM\u00daS -\u00a0 El horario de atenci\u00f3n de la oficina de Educaci\u00f3n\u2026","rel":"","context":"En \u00abCHASCOM\u00daS\u00bb","block_context":{"text":"CHASCOM\u00daS","link":"https:\/\/larevistadigital.com.ar\/blog\/category\/chascomus\/"},"img":{"alt_text":"","src":"https:\/\/i0.wp.com\/larevistadigital.com.ar\/blog\/wp-content\/uploads\/2024_06_28_02_08_05_9937011.jpg?fit=600%2C401&ssl=1&resize=350%2C200","width":350,"height":200,"srcset":"https:\/\/i0.wp.com\/larevistadigital.com.ar\/blog\/wp-content\/uploads\/2024_06_28_02_08_05_9937011.jpg?fit=600%2C401&ssl=1&resize=350%2C200 1x, https:\/\/i0.wp.com\/larevistadigital.com.ar\/blog\/wp-content\/uploads\/2024_06_28_02_08_05_9937011.jpg?fit=600%2C401&ssl=1&resize=525%2C300 1.5x"},"classes":[]},{"id":5115,"url":"https:\/\/larevistadigital.com.ar\/blog\/habra-clases-educacion-vial-desde-12-marzo-chascomus\/","url_meta":{"origin":38126,"position":2},"title":"Habr\u00e1 clases de Educaci\u00f3n Vial desde el 12 de marzo en Chascom\u00fas","author":"admin","date":"1 marzo, 2018","format":false,"excerpt":"Desde la Secretar\u00eda de Seguridad Ciudadana del Municipio se inform\u00f3 que \u201cse est\u00e1 trabajando con las escuelas del distrito para que a partir del 12 de marzo se comiencen con las clases de educaci\u00f3n vial\u201d. Se agreg\u00f3 en un parte de prensa que \u201cse han realizado los primeros encuentros con\u2026","rel":"","context":"En \u00abCHASCOM\u00daS\u00bb","block_context":{"text":"CHASCOM\u00daS","link":"https:\/\/larevistadigital.com.ar\/blog\/category\/chascomus\/"},"img":{"alt_text":"","src":"https:\/\/i0.wp.com\/larevistadigital.com.ar\/blog\/wp-content\/uploads\/2018\/03\/educacin-vialpptx-1-638.jpg?fit=638%2C479&ssl=1&resize=350%2C200","width":350,"height":200,"srcset":"https:\/\/i0.wp.com\/larevistadigital.com.ar\/blog\/wp-content\/uploads\/2018\/03\/educacin-vialpptx-1-638.jpg?fit=638%2C479&ssl=1&resize=350%2C200 1x, https:\/\/i0.wp.com\/larevistadigital.com.ar\/blog\/wp-content\/uploads\/2018\/03\/educacin-vialpptx-1-638.jpg?fit=638%2C479&ssl=1&resize=525%2C300 1.5x"},"classes":[]},{"id":28406,"url":"https:\/\/larevistadigital.com.ar\/blog\/intimacion-y-denuncia-por-discriminacion-a-colegio-por-dejar-sin-vacantes-a-ocho-chicos-discapacitados\/","url_meta":{"origin":38126,"position":3},"title":"INTIMACI\u00d3N Y DENUNCIA POR DISCRIMINACI\u00d3N A COLEGIO POR DEJAR SIN VACANTES A OCHO CHICOS DISCAPACITADOS","author":"Alejandro Sosa Ruda","date":"13 octubre, 2022","format":false,"excerpt":"La Direcci\u00f3n de Cultura y Educaci\u00f3n provincial intim\u00f3 a las autoridades a retrotraer la decisi\u00f3n de la Instituci\u00f3n en un plazo de 48 horas, tras la denuncia de padres y madres a la instituci\u00f3n por haber dejado a sus hijos con discapacidad sin vacantes. 13 de Octubre de 2022 PILAR\u2026","rel":"","context":"En \u00abINTERES GENERAL\u00bb","block_context":{"text":"INTERES GENERAL","link":"https:\/\/larevistadigital.com.ar\/blog\/category\/interes-general\/"},"img":{"alt_text":"","src":"https:\/\/i0.wp.com\/larevistadigital.com.ar\/blog\/wp-content\/uploads\/20221012190719_magno.jpg?fit=880%2C512&ssl=1&resize=350%2C200","width":350,"height":200,"srcset":"https:\/\/i0.wp.com\/larevistadigital.com.ar\/blog\/wp-content\/uploads\/20221012190719_magno.jpg?fit=880%2C512&ssl=1&resize=350%2C200 1x, https:\/\/i0.wp.com\/larevistadigital.com.ar\/blog\/wp-content\/uploads\/20221012190719_magno.jpg?fit=880%2C512&ssl=1&resize=525%2C300 1.5x, https:\/\/i0.wp.com\/larevistadigital.com.ar\/blog\/wp-content\/uploads\/20221012190719_magno.jpg?fit=880%2C512&ssl=1&resize=700%2C400 2x"},"classes":[]},{"id":41013,"url":"https:\/\/larevistadigital.com.ar\/blog\/educacion-publica-mas-de-80-estudiantes-finalizaron-diplomaturas-dictadas-en-el-intech\/","url_meta":{"origin":38126,"position":4},"title":"Educaci\u00f3n P\u00fablica: M\u00e1s de 80 estudiantes finalizaron diplomaturas dictadas en el INTECH","author":"Alejandro Sosa Ruda","date":"20 agosto, 2025","format":false,"excerpt":"El intendente Javier Gast\u00f3n y el subsecretario de Educaci\u00f3n provincial, Pablo Urquiza, encabezaron la entrega de certificados. 20 de agosto de 2025 CHASCOM\u00daS\u00a0 -\u00a0 \u00a0En un acto realizado en el Centro Universitario Chascom\u00fas, m\u00e1s de 80 estudiantes recibieron sus diplomas tras completar la Diplomatura en Recursos Acu\u00e1ticos y la Diplomatura\u2026","rel":"","context":"En \u00abCHASCOM\u00daS\u00bb","block_context":{"text":"CHASCOM\u00daS","link":"https:\/\/larevistadigital.com.ar\/blog\/category\/chascomus\/"},"img":{"alt_text":"","src":"https:\/\/i0.wp.com\/larevistadigital.com.ar\/blog\/wp-content\/uploads\/68a5fa03143ce.png?fit=668%2C445&ssl=1&resize=350%2C200","width":350,"height":200,"srcset":"https:\/\/i0.wp.com\/larevistadigital.com.ar\/blog\/wp-content\/uploads\/68a5fa03143ce.png?fit=668%2C445&ssl=1&resize=350%2C200 1x, https:\/\/i0.wp.com\/larevistadigital.com.ar\/blog\/wp-content\/uploads\/68a5fa03143ce.png?fit=668%2C445&ssl=1&resize=525%2C300 1.5x"},"classes":[]},{"id":42856,"url":"https:\/\/larevistadigital.com.ar\/blog\/chascomus-egresados-de-la-escuela-secundaria-municipal-recibieron-sus-diplomas\/","url_meta":{"origin":38126,"position":5},"title":"Chascom\u00fas: Egresados de la Escuela Secundaria Municipal recibieron sus diplomas","author":"Alejandro Sosa Ruda","date":"12 diciembre, 2025","format":false,"excerpt":"El intendente Javier Gast\u00f3n acompa\u00f1\u00f3 el cierre del ciclo lectivo en el establecimiento educativo. 12 de Diciembre de 2025 CHASCOM\u00daS -\u00a0 \u00a0 En la Escuela Secundaria Municipal \u201cElo\u00edsa Gonz\u00e1lez de Soler\u201d, se realiz\u00f3 el acto de entrega de diplomas a los estudiantes que completaron sus estudios. La ceremonia cont\u00f3 con\u2026","rel":"","context":"En \u00abCHASCOM\u00daS\u00bb","block_context":{"text":"CHASCOM\u00daS","link":"https:\/\/larevistadigital.com.ar\/blog\/category\/chascomus\/"},"img":{"alt_text":"","src":"https:\/\/i0.wp.com\/larevistadigital.com.ar\/blog\/wp-content\/uploads\/693c56841a86a.png?fit=668%2C445&ssl=1&resize=350%2C200","width":350,"height":200,"srcset":"https:\/\/i0.wp.com\/larevistadigital.com.ar\/blog\/wp-content\/uploads\/693c56841a86a.png?fit=668%2C445&ssl=1&resize=350%2C200 1x, https:\/\/i0.wp.com\/larevistadigital.com.ar\/blog\/wp-content\/uploads\/693c56841a86a.png?fit=668%2C445&ssl=1&resize=525%2C300 1.5x"},"classes":[]}],"_links":{"self":[{"href":"https:\/\/larevistadigital.com.ar\/blog\/wp-json\/wp\/v2\/posts\/38126","targetHints":{"allow":["GET"]}}],"collection":[{"href":"https:\/\/larevistadigital.com.ar\/blog\/wp-json\/wp\/v2\/posts"}],"about":[{"href":"https:\/\/larevistadigital.com.ar\/blog\/wp-json\/wp\/v2\/types\/post"}],"author":[{"embeddable":true,"href":"https:\/\/larevistadigital.com.ar\/blog\/wp-json\/wp\/v2\/users\/3"}],"replies":[{"embeddable":true,"href":"https:\/\/larevistadigital.com.ar\/blog\/wp-json\/wp\/v2\/comments?post=38126"}],"version-history":[{"count":1,"href":"https:\/\/larevistadigital.com.ar\/blog\/wp-json\/wp\/v2\/posts\/38126\/revisions"}],"predecessor-version":[{"id":38128,"href":"https:\/\/larevistadigital.com.ar\/blog\/wp-json\/wp\/v2\/posts\/38126\/revisions\/38128"}],"wp:featuredmedia":[{"embeddable":true,"href":"https:\/\/larevistadigital.com.ar\/blog\/wp-json\/wp\/v2\/media\/38127"}],"wp:attachment":[{"href":"https:\/\/larevistadigital.com.ar\/blog\/wp-json\/wp\/v2\/media?parent=38126"}],"wp:term":[{"taxonomy":"category","embeddable":true,"href":"https:\/\/larevistadigital.com.ar\/blog\/wp-json\/wp\/v2\/categories?post=38126"},{"taxonomy":"post_tag","embeddable":true,"href":"https:\/\/larevistadigital.com.ar\/blog\/wp-json\/wp\/v2\/tags?post=38126"}],"curies":[{"name":"wp","href":"https:\/\/api.w.org\/{rel}","templated":true}]}}