{"id":38129,"date":"2024-12-05T20:17:09","date_gmt":"2024-12-05T23:17:09","guid":{"rendered":"https:\/\/larevistadigital.com.ar\/blog\/?p=38129"},"modified":"2024-12-05T20:25:41","modified_gmt":"2024-12-05T23:25:41","slug":"villa-gesell-un-bombero-voluntario-sufrio-un-grave-accidente-mientras-practicaba-surf-y-pelea-por-su-vida","status":"publish","type":"post","link":"https:\/\/larevistadigital.com.ar\/blog\/villa-gesell-un-bombero-voluntario-sufrio-un-grave-accidente-mientras-practicaba-surf-y-pelea-por-su-vida\/","title":{"rendered":"Villa Gesell: un bombero voluntario sufri\u00f3 un grave accidente mientras practicaba surf y pelea por su vida"},"content":{"rendered":"<h2 class=\"nota__hero__summary\">Pablo Eliseo Stocco fue trasladado en un vuelo sanitario a La Plata y su estado es reservado.<\/h2>\n<p>05 de Diciembre de 2024<\/p>\n<p><strong>VILLA GESELL &#8211;\u00a0 Pablo Eliseo Stocco<\/strong>, Oficial Auxiliar de Dotaci\u00f3n del cuerpo de\u00a0Bomberos Voluntarios de Villa Gesell, pelea por su vida luego de un sufrir ayer por la ma\u00f1ana un grave accidente mientras practicaba surf en las playas del distrito.<\/p>\n<blockquote>\n<h3>El accidente, ocurri\u00f3 a la altura del Balneario Elis\u00e9o, en Costanera entre los paseos 110 y 111, donde el hombre fue a surfear como lo hac\u00eda de costumbre.<\/h3>\n<\/blockquote>\n<p>Al querer salir del agua,<strong>\u00a0una ola lo habr\u00eda desestabilizado<\/strong>. Lamentablemente al caer, sufri\u00f3 un fuerte golpe y perdi\u00f3 el conocimiento, seg\u00fan inform\u00f3 el portal Minuto G. Rescatado por quienes lo acompa\u00f1aban, fue llevado r\u00e1pidamente al <strong>Hospital Municipal de Villa Gesell,<\/strong>\u00a0donde se le realizaron los primeros estudios.<\/p>\n<p>M\u00e1s tarde, pudo comprobarse que la gran complicaci\u00f3n en la salud del bombero fueron las secuelas de las heridas ocasionadas por \u00a0los\u00a0<strong>golpes sufridos en la columna, el cr\u00e1neo y el rostro<\/strong>.<\/p>\n<p>Luego, se especul\u00f3 con trasladar a Stocco al Higa de Mar del Plata, pero, finalmente, ante la gravedad del caso, el intendente\u00a0<strong>Gustavo Barrera<\/strong>\u00a0gestion\u00f3 ante el viceministro de Salud de la provincia\u00a0<strong>un vuelo sanitario\u00a0<\/strong>para que Stocco sea llevado a un centro de salud de mayor complejidad en la ciudad de<strong>\u00a0La Plata.<\/strong><\/p>\n<p>fuente: entrel\u00edneas.info<\/p>\n","protected":false},"excerpt":{"rendered":"<div class=\"mh-excerpt\"><p>Pablo Eliseo Stocco fue trasladado en un vuelo sanitario a La Plata y su estado es reservado. 05 de Diciembre de 2024 VILLA GESELL &#8211;\u00a0 Pablo Eliseo Stocco, Oficial Auxiliar de Dotaci\u00f3n del cuerpo de\u00a0Bomberos <a class=\"mh-excerpt-more\" href=\"https:\/\/larevistadigital.com.ar\/blog\/villa-gesell-un-bombero-voluntario-sufrio-un-grave-accidente-mientras-practicaba-surf-y-pelea-por-su-vida\/\" title=\"Villa Gesell: un bombero voluntario sufri\u00f3 un grave accidente mientras practicaba surf y pelea por su vida\">[Leer M\u00e1s]<\/a><\/p>\n<\/div>","protected":false},"author":3,"featured_media":38130,"comment_status":"open","ping_status":"open","sticky":false,"template":"","format":"standard","meta":{"_jetpack_memberships_contains_paid_content":false,"footnotes":"","jetpack_publicize_message":"","jetpack_publicize_feature_enabled":true,"jetpack_social_post_already_shared":true,"jetpack_social_options":{"image_generator_settings":{"template":"highway","default_image_id":0,"font":"","enabled":false},"version":2}},"categories":[51],"tags":[],"class_list":{"0":"post-38129","1":"post","2":"type-post","3":"status-publish","4":"format-standard","5":"has-post-thumbnail","7":"category-regionales"},"jetpack_publicize_connections":[],"jetpack_featured_media_url":"https:\/\/i0.wp.com\/larevistadigital.com.ar\/blog\/wp-content\/uploads\/d9ddb9f17b853ba9459415a87b2a3a59fe57851d.jpg?fit=1140%2C722&ssl=1","jetpack_sharing_enabled":true,"jetpack_shortlink":"https:\/\/wp.me\/p8qtrQ-9UZ","jetpack-related-posts":[{"id":8695,"url":"https:\/\/larevistadigital.com.ar\/blog\/increible-dos-muertes-el-mismo-dia-por-accidentes-con-cuatriciclos-en-villa-gesell\/","url_meta":{"origin":38129,"position":0},"title":"INCRE\u00cdBLE: DOS MUERTES EL MISMO D\u00cdA POR ACCIDENTES CON CUATRICICLOS EN VILLA GESELL","author":"Alejandro Sosa Ruda","date":"24 febrero, 2019","format":false,"excerpt":"Por la tarde un hombre de 35 y por la noche una joven de 17 perdieron la vida en sendos accidentes en los m\u00e9danos de Villa Gesell Un hombre de 35 a\u00f1os y una adolescente de 17 fallecieron este s\u00e1bado en la ciudad de Villa Gesell en distintos accidentes mientras\u2026","rel":"","context":"En \u00abPOLICIALES\u00bb","block_context":{"text":"POLICIALES","link":"https:\/\/larevistadigital.com.ar\/blog\/category\/policiales\/"},"img":{"alt_text":"","src":"https:\/\/i0.wp.com\/larevistadigital.com.ar\/blog\/wp-content\/uploads\/2019\/02\/14920181019191.jpg?fit=1200%2C788&ssl=1&resize=350%2C200","width":350,"height":200,"srcset":"https:\/\/i0.wp.com\/larevistadigital.com.ar\/blog\/wp-content\/uploads\/2019\/02\/14920181019191.jpg?fit=1200%2C788&ssl=1&resize=350%2C200 1x, https:\/\/i0.wp.com\/larevistadigital.com.ar\/blog\/wp-content\/uploads\/2019\/02\/14920181019191.jpg?fit=1200%2C788&ssl=1&resize=525%2C300 1.5x, https:\/\/i0.wp.com\/larevistadigital.com.ar\/blog\/wp-content\/uploads\/2019\/02\/14920181019191.jpg?fit=1200%2C788&ssl=1&resize=700%2C400 2x, https:\/\/i0.wp.com\/larevistadigital.com.ar\/blog\/wp-content\/uploads\/2019\/02\/14920181019191.jpg?fit=1200%2C788&ssl=1&resize=1050%2C600 3x"},"classes":[]},{"id":33758,"url":"https:\/\/larevistadigital.com.ar\/blog\/villa-gesell-accidente-entre-un-utv-y-una-moto-en-los-medanos-hay-un-herido\/","url_meta":{"origin":38129,"position":1},"title":"VILLA GESELL: ACCIDENTE ENTRE UN UTV Y UNA MOTO EN LOS M\u00c9DANOS. HAY UN HERIDO.","author":"Alejandro Sosa Ruda","date":"4 octubre, 2023","format":false,"excerpt":"Durante la tarde de este martes, se registr\u00f3 un incidente en la zona de m\u00e9danos de Villa Gesell, resultando en un herido con politraumatismos. 04 de Octubre de 2023 VILLA GESELL\u00a0 -\u00a0 \u00a0El choque tuvo lugar aproximadamente a las 15:30 en la zona de m\u00e9danos al norte del distrito, cerca\u2026","rel":"","context":"En \u00abREGIONALES\u00bb","block_context":{"text":"REGIONALES","link":"https:\/\/larevistadigital.com.ar\/blog\/category\/regionales\/"},"img":{"alt_text":"","src":"https:\/\/i0.wp.com\/larevistadigital.com.ar\/blog\/wp-content\/uploads\/b68db4d42b004cefbbf8b0741c034fd688aea86c.png?fit=1140%2C671&ssl=1&resize=350%2C200","width":350,"height":200,"srcset":"https:\/\/i0.wp.com\/larevistadigital.com.ar\/blog\/wp-content\/uploads\/b68db4d42b004cefbbf8b0741c034fd688aea86c.png?fit=1140%2C671&ssl=1&resize=350%2C200 1x, https:\/\/i0.wp.com\/larevistadigital.com.ar\/blog\/wp-content\/uploads\/b68db4d42b004cefbbf8b0741c034fd688aea86c.png?fit=1140%2C671&ssl=1&resize=525%2C300 1.5x, https:\/\/i0.wp.com\/larevistadigital.com.ar\/blog\/wp-content\/uploads\/b68db4d42b004cefbbf8b0741c034fd688aea86c.png?fit=1140%2C671&ssl=1&resize=700%2C400 2x, https:\/\/i0.wp.com\/larevistadigital.com.ar\/blog\/wp-content\/uploads\/b68db4d42b004cefbbf8b0741c034fd688aea86c.png?fit=1140%2C671&ssl=1&resize=1050%2C600 3x"},"classes":[]},{"id":44042,"url":"https:\/\/larevistadigital.com.ar\/blog\/grave-accidente-en-los-medanos-de-villa-gesell-volco-un-utv-y-una-mujer-esta-en-terapia-intensiva\/","url_meta":{"origin":38129,"position":2},"title":"Grave accidente en los m\u00e9danos de Villa Gesell: volc\u00f3 un UTV y una mujer est\u00e1 en terapia intensiva","author":"Alejandro Sosa Ruda","date":"18 febrero, 2026","format":false,"excerpt":"El hecho ocurri\u00f3 en la zona conocida como \u201cLa Olla\u201d. La v\u00edctima, de 33 a\u00f1os, fue derivada a Mar del Plata con pron\u00f3stico reservado. El veh\u00edculo habr\u00eda circulado a alta velocidad y no hubo otros rodados involucrados. 18 de febrero de 2026 VILLA GESELL -\u00a0 \u00a0 Un nuevo siniestro con\u2026","rel":"","context":"En \u00abDESTACADAS\u00bb","block_context":{"text":"DESTACADAS","link":"https:\/\/larevistadigital.com.ar\/blog\/category\/destacadas\/"},"img":{"alt_text":"","src":"https:\/\/i0.wp.com\/larevistadigital.com.ar\/blog\/wp-content\/uploads\/4bc76fe6773a45f18cb02e7a89582b1676911f15.png?fit=1140%2C666&ssl=1&resize=350%2C200","width":350,"height":200,"srcset":"https:\/\/i0.wp.com\/larevistadigital.com.ar\/blog\/wp-content\/uploads\/4bc76fe6773a45f18cb02e7a89582b1676911f15.png?fit=1140%2C666&ssl=1&resize=350%2C200 1x, https:\/\/i0.wp.com\/larevistadigital.com.ar\/blog\/wp-content\/uploads\/4bc76fe6773a45f18cb02e7a89582b1676911f15.png?fit=1140%2C666&ssl=1&resize=525%2C300 1.5x, https:\/\/i0.wp.com\/larevistadigital.com.ar\/blog\/wp-content\/uploads\/4bc76fe6773a45f18cb02e7a89582b1676911f15.png?fit=1140%2C666&ssl=1&resize=700%2C400 2x, https:\/\/i0.wp.com\/larevistadigital.com.ar\/blog\/wp-content\/uploads\/4bc76fe6773a45f18cb02e7a89582b1676911f15.png?fit=1140%2C666&ssl=1&resize=1050%2C600 3x"},"classes":[]},{"id":44102,"url":"https:\/\/larevistadigital.com.ar\/blog\/villa-gesell-otro-accidente-fatal-ahora-un-joven-en-su-moto-durante-el-enduro-de-verano\/","url_meta":{"origin":38129,"position":3},"title":"Villa Gesell: Otro accidente fatal. Ahora un joven en su moto durante el \u00abEnduro de Verano\u00bb","author":"Alejandro Sosa Ruda","date":"22 febrero, 2026","format":false,"excerpt":"Ten\u00eda 28 a\u00f1os y participaba del tradicional evento en los m\u00e9danos. Circulaba sin casco y cay\u00f3 tras enfrentar un corte pronunciado en la arena. Falleci\u00f3 pese a las maniobras de reanimaci\u00f3n. 22 de febrero de 2026 VILLA GESELL -\u00a0 \u00a0Un joven de 28 a\u00f1os, oriundo de Ensenada, muri\u00f3 este fin\u2026","rel":"","context":"En \u00abPOLICIALES\u00bb","block_context":{"text":"POLICIALES","link":"https:\/\/larevistadigital.com.ar\/blog\/category\/policiales\/"},"img":{"alt_text":"","src":"https:\/\/i0.wp.com\/larevistadigital.com.ar\/blog\/wp-content\/uploads\/d201a6483fb04bf07efc40d0a65e9890f120c84f.jpeg?fit=1108%2C900&ssl=1&resize=350%2C200","width":350,"height":200,"srcset":"https:\/\/i0.wp.com\/larevistadigital.com.ar\/blog\/wp-content\/uploads\/d201a6483fb04bf07efc40d0a65e9890f120c84f.jpeg?fit=1108%2C900&ssl=1&resize=350%2C200 1x, https:\/\/i0.wp.com\/larevistadigital.com.ar\/blog\/wp-content\/uploads\/d201a6483fb04bf07efc40d0a65e9890f120c84f.jpeg?fit=1108%2C900&ssl=1&resize=525%2C300 1.5x, https:\/\/i0.wp.com\/larevistadigital.com.ar\/blog\/wp-content\/uploads\/d201a6483fb04bf07efc40d0a65e9890f120c84f.jpeg?fit=1108%2C900&ssl=1&resize=700%2C400 2x, https:\/\/i0.wp.com\/larevistadigital.com.ar\/blog\/wp-content\/uploads\/d201a6483fb04bf07efc40d0a65e9890f120c84f.jpeg?fit=1108%2C900&ssl=1&resize=1050%2C600 3x"},"classes":[]},{"id":24896,"url":"https:\/\/larevistadigital.com.ar\/blog\/muere-nativo-de-madariaga-en-los-medanos-de-villa-gesell\/","url_meta":{"origin":38129,"position":4},"title":"MUERE NATIVO DE MADARIAGA EN LOS M\u00c9DANOS DE VILLA GESELL","author":"Alejandro Sosa Ruda","date":"29 marzo, 2022","format":false,"excerpt":"El hombre se descompens\u00f3 mientras disfrutaba un espect\u00e1culo de motos. VILLA GESELL -\u00a0 En las \u00faltimas horas, un conocido vecino de General Madariaga muri\u00f3 mientras se encontraba disfrutando de una tarde de motocross en la zona de m\u00e9danos, en el l\u00edmite entre los Partidos de Villa Gesell y Pinamar. La\u2026","rel":"","context":"En \u00abREGIONALES\u00bb","block_context":{"text":"REGIONALES","link":"https:\/\/larevistadigital.com.ar\/blog\/category\/regionales\/"},"img":{"alt_text":"","src":"https:\/\/i0.wp.com\/larevistadigital.com.ar\/blog\/wp-content\/uploads\/96d76020fbbb8396b69ffc9dc4b588478fd00c0c.jpg?fit=1140%2C560&ssl=1&resize=350%2C200","width":350,"height":200,"srcset":"https:\/\/i0.wp.com\/larevistadigital.com.ar\/blog\/wp-content\/uploads\/96d76020fbbb8396b69ffc9dc4b588478fd00c0c.jpg?fit=1140%2C560&ssl=1&resize=350%2C200 1x, https:\/\/i0.wp.com\/larevistadigital.com.ar\/blog\/wp-content\/uploads\/96d76020fbbb8396b69ffc9dc4b588478fd00c0c.jpg?fit=1140%2C560&ssl=1&resize=525%2C300 1.5x, https:\/\/i0.wp.com\/larevistadigital.com.ar\/blog\/wp-content\/uploads\/96d76020fbbb8396b69ffc9dc4b588478fd00c0c.jpg?fit=1140%2C560&ssl=1&resize=700%2C400 2x, https:\/\/i0.wp.com\/larevistadigital.com.ar\/blog\/wp-content\/uploads\/96d76020fbbb8396b69ffc9dc4b588478fd00c0c.jpg?fit=1140%2C560&ssl=1&resize=1050%2C600 3x"},"classes":[]},{"id":43614,"url":"https:\/\/larevistadigital.com.ar\/blog\/villa-gesell-denunciaron-a-un-guardavidas-por-abandonar-a-un-kayakista-en-el-mar-y-filmarlo-mientras-se-burlaba\/","url_meta":{"origin":38129,"position":5},"title":"Villa Gesell: Denunciaron a un guardavidas por abandonar a un kayakista en el mar y filmarlo mientras se burlaba","author":"Alejandro Sosa Ruda","date":"26 enero, 2026","format":false,"excerpt":"El hecho ocurri\u00f3 en una playa de Villa Gesell. El trabajador no asisti\u00f3 al hombre que ten\u00eda dificultades para salir del agua y registr\u00f3 la situaci\u00f3n con su celular. Fue denunciado penalmente y separado del cargo. 26 de enero de 2026 VILLA GESELL\u00a0 \u00a0-\u00a0 \u00a0 Un grave episodio gener\u00f3 indignaci\u00f3n\u2026","rel":"","context":"En \u00abREGIONALES\u00bb","block_context":{"text":"REGIONALES","link":"https:\/\/larevistadigital.com.ar\/blog\/category\/regionales\/"},"img":{"alt_text":"","src":"https:\/\/i0.wp.com\/larevistadigital.com.ar\/blog\/wp-content\/uploads\/Captura-de-pantalla-2026-01-26-210602.jpg?fit=709%2C407&ssl=1&resize=350%2C200","width":350,"height":200,"srcset":"https:\/\/i0.wp.com\/larevistadigital.com.ar\/blog\/wp-content\/uploads\/Captura-de-pantalla-2026-01-26-210602.jpg?fit=709%2C407&ssl=1&resize=350%2C200 1x, https:\/\/i0.wp.com\/larevistadigital.com.ar\/blog\/wp-content\/uploads\/Captura-de-pantalla-2026-01-26-210602.jpg?fit=709%2C407&ssl=1&resize=525%2C300 1.5x, https:\/\/i0.wp.com\/larevistadigital.com.ar\/blog\/wp-content\/uploads\/Captura-de-pantalla-2026-01-26-210602.jpg?fit=709%2C407&ssl=1&resize=700%2C400 2x"},"classes":[]}],"_links":{"self":[{"href":"https:\/\/larevistadigital.com.ar\/blog\/wp-json\/wp\/v2\/posts\/38129","targetHints":{"allow":["GET"]}}],"collection":[{"href":"https:\/\/larevistadigital.com.ar\/blog\/wp-json\/wp\/v2\/posts"}],"about":[{"href":"https:\/\/larevistadigital.com.ar\/blog\/wp-json\/wp\/v2\/types\/post"}],"author":[{"embeddable":true,"href":"https:\/\/larevistadigital.com.ar\/blog\/wp-json\/wp\/v2\/users\/3"}],"replies":[{"embeddable":true,"href":"https:\/\/larevistadigital.com.ar\/blog\/wp-json\/wp\/v2\/comments?post=38129"}],"version-history":[{"count":3,"href":"https:\/\/larevistadigital.com.ar\/blog\/wp-json\/wp\/v2\/posts\/38129\/revisions"}],"predecessor-version":[{"id":38133,"href":"https:\/\/larevistadigital.com.ar\/blog\/wp-json\/wp\/v2\/posts\/38129\/revisions\/38133"}],"wp:featuredmedia":[{"embeddable":true,"href":"https:\/\/larevistadigital.com.ar\/blog\/wp-json\/wp\/v2\/media\/38130"}],"wp:attachment":[{"href":"https:\/\/larevistadigital.com.ar\/blog\/wp-json\/wp\/v2\/media?parent=38129"}],"wp:term":[{"taxonomy":"category","embeddable":true,"href":"https:\/\/larevistadigital.com.ar\/blog\/wp-json\/wp\/v2\/categories?post=38129"},{"taxonomy":"post_tag","embeddable":true,"href":"https:\/\/larevistadigital.com.ar\/blog\/wp-json\/wp\/v2\/tags?post=38129"}],"curies":[{"name":"wp","href":"https:\/\/api.w.org\/{rel}","templated":true}]}}