{"id":38134,"date":"2024-12-05T20:45:43","date_gmt":"2024-12-05T23:45:43","guid":{"rendered":"https:\/\/larevistadigital.com.ar\/blog\/?p=38134"},"modified":"2024-12-05T20:53:20","modified_gmt":"2024-12-05T23:53:20","slug":"mar-del-plata-incendio-en-un-hotel-de-la-perla-los-pasajeros-saltaban-por-las-ventanas-para-huir-del-fuego","status":"publish","type":"post","link":"https:\/\/larevistadigital.com.ar\/blog\/mar-del-plata-incendio-en-un-hotel-de-la-perla-los-pasajeros-saltaban-por-las-ventanas-para-huir-del-fuego\/","title":{"rendered":"Mar del Plata: Incendio en un Hotel de La Perla. Los pasajeros saltaban por las ventanas para huir del fuego"},"content":{"rendered":"<h2 class=\"intro\">El fuego se origin\u00f3 en el segundo piso de un hotel ubicado en Catamarca al 1100. Tres personas sufrieron politraumatismos y debieron ser hospitalizadas.<\/h2>\n<p>05 de Diciembre de 2024<\/p>\n<p><strong>MAR DEL PLATA &#8211;\u00a0<\/strong>\u00a0 \u00a0El siniestro ocurri\u00f3 en horas de la tarde, en la zona de La Perla, donde se produjo el incendio de un hotel.<\/p>\n<blockquote>\n<h3>Pasadas las 19 en el hotel <span class=\"text_bold\">Reina S,<\/span>\u00a0de siete pisos de alto, ubicado en\u00a0<span class=\"text_bold\">Catamarca al 1100, comenz\u00f3 el fuego. <\/span>Se investigan los motivos que lo ocasionaron.<\/h3>\n<\/blockquote>\n<p>Una dotaci\u00f3n del cuartel central de Bomberos trabaj\u00f3 en el lugar para combatir las llamas y evacuar a la totalidad de las personas que se encontraban dentro del establecimiento hotelero junto con personal de Riesgos Especiales.<\/p>\n<p><a href=\"https:\/\/twitter.com\/i\/status\/1864805142861652352\">https:\/\/twitter.com\/i\/status\/1864805142861652352<\/a><\/p>\n<p>Un terrible dramatismo se vivi\u00f3 con personas que debieron saltar por las ventanas hacia el interior del edificio para escapar del fuego y salvar sus vidas, sufriendo golpes al momento de caer. La grabaci\u00f3n que compartieron a <span class=\"text_bold\">0223<\/span>\u00a0desde otro edificio del barrio de La Perla refleja la desesperaci\u00f3n y c\u00f3mo las v\u00edctimas lograron bajar a una especie de terraza.<\/p>\n","protected":false},"excerpt":{"rendered":"<div class=\"mh-excerpt\"><p>El fuego se origin\u00f3 en el segundo piso de un hotel ubicado en Catamarca al 1100. Tres personas sufrieron politraumatismos y debieron ser hospitalizadas. 05 de Diciembre de 2024 MAR DEL PLATA &#8211;\u00a0\u00a0 \u00a0El siniestro <a class=\"mh-excerpt-more\" href=\"https:\/\/larevistadigital.com.ar\/blog\/mar-del-plata-incendio-en-un-hotel-de-la-perla-los-pasajeros-saltaban-por-las-ventanas-para-huir-del-fuego\/\" title=\"Mar del Plata: Incendio en un Hotel de La Perla. Los pasajeros saltaban por las ventanas para huir del fuego\">[Leer M\u00e1s]<\/a><\/p>\n<\/div>","protected":false},"author":3,"featured_media":38135,"comment_status":"open","ping_status":"open","sticky":false,"template":"","format":"standard","meta":{"_jetpack_memberships_contains_paid_content":false,"footnotes":"","jetpack_publicize_message":"","jetpack_publicize_feature_enabled":true,"jetpack_social_post_already_shared":true,"jetpack_social_options":{"image_generator_settings":{"template":"highway","default_image_id":0,"font":"","enabled":false},"version":2}},"categories":[44,51],"tags":[],"class_list":{"0":"post-38134","1":"post","2":"type-post","3":"status-publish","4":"format-standard","5":"has-post-thumbnail","7":"category-policiales","8":"category-regionales"},"jetpack_publicize_connections":[],"jetpack_featured_media_url":"https:\/\/i0.wp.com\/larevistadigital.com.ar\/blog\/wp-content\/uploads\/Captura-de-pantalla-2024-12-05-203658.png?fit=744%2C426&ssl=1","jetpack_sharing_enabled":true,"jetpack_shortlink":"https:\/\/wp.me\/p8qtrQ-9V4","jetpack-related-posts":[{"id":36499,"url":"https:\/\/larevistadigital.com.ar\/blog\/impresionante-incendio-que-arraso-el-restaurante-la-gran-familia-en-san-bernardo\/","url_meta":{"origin":38134,"position":0},"title":"IMPRESIONANTE INCENDIO QUE ARRAS\u00d3 EL RESTAURANTE \u00abLA GRAN FAMILIA\u00bb EN SAN BERNARDO","author":"Alejandro Sosa Ruda","date":"1 julio, 2024","format":false,"excerpt":"Se desat\u00f3 un voraz incendio en el reconocido restaurante \"La Gran Familia\" de San Bernardo, ubicado en Querini entre La Rioja y Catamarca. 01 de Julio de 2024 SAN BERNARDO -\u00a0\u00a0Dirante la jornada de ayer, se produjo un voraz incendio en el conocido restaurante \"La Gran Familia\" de la localidad\u2026","rel":"","context":"En \u00abPOLICIALES\u00bb","block_context":{"text":"POLICIALES","link":"https:\/\/larevistadigital.com.ar\/blog\/category\/policiales\/"},"img":{"alt_text":"","src":"https:\/\/i0.wp.com\/larevistadigital.com.ar\/blog\/wp-content\/uploads\/71338ec839ab1c8e5fe1a09a752a2383726b7fd9.jpeg?fit=1140%2C760&ssl=1&resize=350%2C200","width":350,"height":200,"srcset":"https:\/\/i0.wp.com\/larevistadigital.com.ar\/blog\/wp-content\/uploads\/71338ec839ab1c8e5fe1a09a752a2383726b7fd9.jpeg?fit=1140%2C760&ssl=1&resize=350%2C200 1x, https:\/\/i0.wp.com\/larevistadigital.com.ar\/blog\/wp-content\/uploads\/71338ec839ab1c8e5fe1a09a752a2383726b7fd9.jpeg?fit=1140%2C760&ssl=1&resize=525%2C300 1.5x, https:\/\/i0.wp.com\/larevistadigital.com.ar\/blog\/wp-content\/uploads\/71338ec839ab1c8e5fe1a09a752a2383726b7fd9.jpeg?fit=1140%2C760&ssl=1&resize=700%2C400 2x, https:\/\/i0.wp.com\/larevistadigital.com.ar\/blog\/wp-content\/uploads\/71338ec839ab1c8e5fe1a09a752a2383726b7fd9.jpeg?fit=1140%2C760&ssl=1&resize=1050%2C600 3x"},"classes":[]},{"id":12305,"url":"https:\/\/larevistadigital.com.ar\/blog\/tragico-incendio-en-hotel-de-flores-un-nene-muerto-y-23-afectados\/","url_meta":{"origin":38134,"position":1},"title":"TR\u00c1GICO INCENDIO EN HOTEL DE FLORES. UN NENE MUERTO Y 23 AFECTADOS","author":"Alejandro Sosa Ruda","date":"26 septiembre, 2019","format":false,"excerpt":"El fuego se inici\u00f3 en el primer piso del abergue familiar, donde las llamas ya fueron dominadas, y termin\u00f3 tomando 25 habitaciones. Hay dos menores en grave estado. Un nene de tres a\u00f1os muri\u00f3 tras incendiarse un hotel familiar, ubicado en la calle Fray Cayetano Rodr\u00edguez al 345, en el\u2026","rel":"","context":"En \u00abINTERES GENERAL\u00bb","block_context":{"text":"INTERES GENERAL","link":"https:\/\/larevistadigital.com.ar\/blog\/category\/interes-general\/"},"img":{"alt_text":"","src":"https:\/\/i0.wp.com\/larevistadigital.com.ar\/blog\/wp-content\/uploads\/Screenshot_1-40.jpg?fit=1128%2C548&ssl=1&resize=350%2C200","width":350,"height":200,"srcset":"https:\/\/i0.wp.com\/larevistadigital.com.ar\/blog\/wp-content\/uploads\/Screenshot_1-40.jpg?fit=1128%2C548&ssl=1&resize=350%2C200 1x, https:\/\/i0.wp.com\/larevistadigital.com.ar\/blog\/wp-content\/uploads\/Screenshot_1-40.jpg?fit=1128%2C548&ssl=1&resize=525%2C300 1.5x, https:\/\/i0.wp.com\/larevistadigital.com.ar\/blog\/wp-content\/uploads\/Screenshot_1-40.jpg?fit=1128%2C548&ssl=1&resize=700%2C400 2x, https:\/\/i0.wp.com\/larevistadigital.com.ar\/blog\/wp-content\/uploads\/Screenshot_1-40.jpg?fit=1128%2C548&ssl=1&resize=1050%2C600 3x"},"classes":[]},{"id":40342,"url":"https:\/\/larevistadigital.com.ar\/blog\/incendio-en-el-casa-laurel-hotel-boutique-de-chascomus-evacuacion-momentos-de-tension-en-la-madrugada\/","url_meta":{"origin":38134,"position":2},"title":"Incendio en el Casa Laurel Hotel Boutique de Chascom\u00fas: evacuaci\u00f3n, momentos de tensi\u00f3n en la madrugada","author":"Alejandro Sosa Ruda","date":"6 julio, 2025","format":false,"excerpt":"Una falla en el sistema el\u00e9ctrico del Casa Laurel Hotel Boutique provoc\u00f3 un incendio que oblig\u00f3 a evacuar a 21 personas. Un empleado result\u00f3 herido al intentar colaborar con los hu\u00e9spedes. 06 de Julio de 2025 CHASCOM\u00daS -\u00a0 \u00a0Una madrugada agitada vivi\u00f3 la ciudad de Chascom\u00fas este s\u00e1bado, cuando se\u2026","rel":"","context":"En \u00abDESTACADAS\u00bb","block_context":{"text":"DESTACADAS","link":"https:\/\/larevistadigital.com.ar\/blog\/category\/destacadas\/"},"img":{"alt_text":"","src":"https:\/\/i0.wp.com\/larevistadigital.com.ar\/blog\/wp-content\/uploads\/CASA-LAUREL-HOTEL-BOUTIQUE.jpg?fit=960%2C1200&ssl=1&resize=350%2C200","width":350,"height":200,"srcset":"https:\/\/i0.wp.com\/larevistadigital.com.ar\/blog\/wp-content\/uploads\/CASA-LAUREL-HOTEL-BOUTIQUE.jpg?fit=960%2C1200&ssl=1&resize=350%2C200 1x, https:\/\/i0.wp.com\/larevistadigital.com.ar\/blog\/wp-content\/uploads\/CASA-LAUREL-HOTEL-BOUTIQUE.jpg?fit=960%2C1200&ssl=1&resize=525%2C300 1.5x, https:\/\/i0.wp.com\/larevistadigital.com.ar\/blog\/wp-content\/uploads\/CASA-LAUREL-HOTEL-BOUTIQUE.jpg?fit=960%2C1200&ssl=1&resize=700%2C400 2x"},"classes":[]},{"id":14129,"url":"https:\/\/larevistadigital.com.ar\/blog\/mar-del-plata-insolito-prendio-fuego-su-moto-para-que-los-inspectores-no-se-la-secuestraran\/","url_meta":{"origin":38134,"position":3},"title":"MAR DEL PLATA: \u00a1INS\u00d3LITO! PRENDI\u00d3 FUEGO SU MOTO PARA QUE LOS INSPECTORES NO SE LA SECUESTRARAN","author":"Alejandro Sosa Ruda","date":"13 enero, 2020","format":false,"excerpt":"El particular episodio se registr\u00f3 en la madrugada de este domingo en el Monumento a la Bandera. El veh\u00edculo qued\u00f3 totalmente destruido. Un operativo de la Subsecretar\u00eda de Transporte y\u00a0Tr\u00e1nsito en la costa marplatense termin\u00f3 este domingo de la manera menos pensada: un joven prendi\u00f3 fuego su propia moto cuando\u2026","rel":"","context":"En \u00abREGIONALES\u00bb","block_context":{"text":"REGIONALES","link":"https:\/\/larevistadigital.com.ar\/blog\/category\/regionales\/"},"img":{"alt_text":"","src":"https:\/\/i0.wp.com\/larevistadigital.com.ar\/blog\/wp-content\/uploads\/1578922804765.jpeg?fit=639%2C360&ssl=1&resize=350%2C200","width":350,"height":200,"srcset":"https:\/\/i0.wp.com\/larevistadigital.com.ar\/blog\/wp-content\/uploads\/1578922804765.jpeg?fit=639%2C360&ssl=1&resize=350%2C200 1x, https:\/\/i0.wp.com\/larevistadigital.com.ar\/blog\/wp-content\/uploads\/1578922804765.jpeg?fit=639%2C360&ssl=1&resize=525%2C300 1.5x"},"classes":[]},{"id":27408,"url":"https:\/\/larevistadigital.com.ar\/blog\/la-plata-mueren-dos-nenes-tras-quedar-atrapados-en-un-incendio\/","url_meta":{"origin":38134,"position":4},"title":"LA PLATA: MUEREN DOS NENES TRAS QUEDAR ATRAPADOS EN UN INCENDIO","author":"Alejandro Sosa Ruda","date":"31 agosto, 2022","format":false,"excerpt":"Las llamas se apoderaron de una vivienda y la consumieron por completo. Los peque\u00f1os no lograron escapar del fuego y murieron calcinados en el lugar. 31 de agosto de 2022 Un\u00a0tr\u00e1gico incendio conmociona a La Plata.\u00a0Las llamas se desataron en las primeras horas de este mi\u00e9rcoles y\u00a0dos nenes murieron tras\u2026","rel":"","context":"En \u00abPOLICIALES\u00bb","block_context":{"text":"POLICIALES","link":"https:\/\/larevistadigital.com.ar\/blog\/category\/policiales\/"},"img":{"alt_text":"","src":"https:\/\/i0.wp.com\/larevistadigital.com.ar\/blog\/wp-content\/uploads\/1661945256242.jpeg?fit=1200%2C594&ssl=1&resize=350%2C200","width":350,"height":200,"srcset":"https:\/\/i0.wp.com\/larevistadigital.com.ar\/blog\/wp-content\/uploads\/1661945256242.jpeg?fit=1200%2C594&ssl=1&resize=350%2C200 1x, https:\/\/i0.wp.com\/larevistadigital.com.ar\/blog\/wp-content\/uploads\/1661945256242.jpeg?fit=1200%2C594&ssl=1&resize=525%2C300 1.5x, https:\/\/i0.wp.com\/larevistadigital.com.ar\/blog\/wp-content\/uploads\/1661945256242.jpeg?fit=1200%2C594&ssl=1&resize=700%2C400 2x, https:\/\/i0.wp.com\/larevistadigital.com.ar\/blog\/wp-content\/uploads\/1661945256242.jpeg?fit=1200%2C594&ssl=1&resize=1050%2C600 3x"},"classes":[]},{"id":29339,"url":"https:\/\/larevistadigital.com.ar\/blog\/mar-del-plata-dos-hermanitos-de-4-y-6-anos-sufrieron-graves-quemaduras-en-un-incendio\/","url_meta":{"origin":38134,"position":5},"title":"MAR DEL PLATA: DOS HERMANITOS DE 4 Y 6 A\u00d1OS SUFRIERON GRAVES QUEMADURAS EN UN INCENDIO.","author":"Alejandro Sosa Ruda","date":"9 diciembre, 2022","format":false,"excerpt":"Ambos est\u00e1n internados en el Hospital Materno Infantil y uno de ellos se encuentra en la sala de terapia intensiva. El incendio ocurri\u00f3 en una vivienda de El Coyunco. 8 de diciembre de 2022 MAR DEL PLATA -\u00a0 Dos hermanos, de 4 y 6 a\u00f1os, sufrieron graves quemaduras al incendiarse\u2026","rel":"","context":"En \u00abPOLICIALES\u00bb","block_context":{"text":"POLICIALES","link":"https:\/\/larevistadigital.com.ar\/blog\/category\/policiales\/"},"img":{"alt_text":"","src":"https:\/\/i0.wp.com\/larevistadigital.com.ar\/blog\/wp-content\/uploads\/NENES.jpg?fit=797%2C466&ssl=1&resize=350%2C200","width":350,"height":200,"srcset":"https:\/\/i0.wp.com\/larevistadigital.com.ar\/blog\/wp-content\/uploads\/NENES.jpg?fit=797%2C466&ssl=1&resize=350%2C200 1x, https:\/\/i0.wp.com\/larevistadigital.com.ar\/blog\/wp-content\/uploads\/NENES.jpg?fit=797%2C466&ssl=1&resize=525%2C300 1.5x, https:\/\/i0.wp.com\/larevistadigital.com.ar\/blog\/wp-content\/uploads\/NENES.jpg?fit=797%2C466&ssl=1&resize=700%2C400 2x"},"classes":[]}],"_links":{"self":[{"href":"https:\/\/larevistadigital.com.ar\/blog\/wp-json\/wp\/v2\/posts\/38134","targetHints":{"allow":["GET"]}}],"collection":[{"href":"https:\/\/larevistadigital.com.ar\/blog\/wp-json\/wp\/v2\/posts"}],"about":[{"href":"https:\/\/larevistadigital.com.ar\/blog\/wp-json\/wp\/v2\/types\/post"}],"author":[{"embeddable":true,"href":"https:\/\/larevistadigital.com.ar\/blog\/wp-json\/wp\/v2\/users\/3"}],"replies":[{"embeddable":true,"href":"https:\/\/larevistadigital.com.ar\/blog\/wp-json\/wp\/v2\/comments?post=38134"}],"version-history":[{"count":3,"href":"https:\/\/larevistadigital.com.ar\/blog\/wp-json\/wp\/v2\/posts\/38134\/revisions"}],"predecessor-version":[{"id":38138,"href":"https:\/\/larevistadigital.com.ar\/blog\/wp-json\/wp\/v2\/posts\/38134\/revisions\/38138"}],"wp:featuredmedia":[{"embeddable":true,"href":"https:\/\/larevistadigital.com.ar\/blog\/wp-json\/wp\/v2\/media\/38135"}],"wp:attachment":[{"href":"https:\/\/larevistadigital.com.ar\/blog\/wp-json\/wp\/v2\/media?parent=38134"}],"wp:term":[{"taxonomy":"category","embeddable":true,"href":"https:\/\/larevistadigital.com.ar\/blog\/wp-json\/wp\/v2\/categories?post=38134"},{"taxonomy":"post_tag","embeddable":true,"href":"https:\/\/larevistadigital.com.ar\/blog\/wp-json\/wp\/v2\/tags?post=38134"}],"curies":[{"name":"wp","href":"https:\/\/api.w.org\/{rel}","templated":true}]}}