{"id":38139,"date":"2024-12-05T21:29:21","date_gmt":"2024-12-06T00:29:21","guid":{"rendered":"https:\/\/larevistadigital.com.ar\/blog\/?p=38139"},"modified":"2024-12-05T21:29:21","modified_gmt":"2024-12-06T00:29:21","slug":"horror-en-berisso-una-nena-invita-a-sus-amiguitas-a-una-pijamada-y-el-padre-abuso-de-dos-de-ellas","status":"publish","type":"post","link":"https:\/\/larevistadigital.com.ar\/blog\/horror-en-berisso-una-nena-invita-a-sus-amiguitas-a-una-pijamada-y-el-padre-abuso-de-dos-de-ellas\/","title":{"rendered":"HORROR EN BERISSO: UNA NENA INVITA A SUS AMIGUITAS A UNA PIJAMADA Y EL PADRE ABUS\u00d3 DE DOS DE ELLAS"},"content":{"rendered":"<h2>El abusador fue detenido. Todo sali\u00f3 a la luz, cuando una de las nenas cont\u00f3 a su mam\u00e1 lo sucedido.<\/h2>\n<p>05 de Diciembre de 2024<\/p>\n<p><strong>BERISSO &#8211;\u00a0 \u00a0<\/strong>Un aberrante hecho, ocurri\u00f3 en el contexto de algo que debi\u00f3 ser una fiesta para los chicos, ya que un individuo de 53 a\u00f1os abus\u00f3 de dos de las amiguitas de su hija de 13 a\u00f1os.<\/p>\n<blockquote>\n<h3>El siniestro sujeto, viol\u00f3 a dos de las\u00a0 ni\u00f1as, aprovechando la confianza que ten\u00edan en \u00e9l. Todo se descubri\u00f3 cuando una de las ni\u00f1as con mucho valor, le cont\u00f3 a su madre el horror que hab\u00eda sufrido.<\/h3>\n<\/blockquote>\n<p>La mujer radic\u00f3 la denuncia y puso en marcha una investigaci\u00f3n que termin\u00f3 con la\u00a0<span class=\"text_bold\">detenci\u00f3n del presunto abusador<\/span>.<\/p>\n<p>En la denuncia, se afirma que las nenas se hab\u00edan quedado a dormir en la casa de una amiga cuando, en horas de la madrugada, <span class=\"text_bold\">el padre de la menor ingres\u00f3 a la habitaci\u00f3n\u00a0<\/span>y cometi\u00f3 el aberrante acto. Los investigadores creen que aprovech\u00f3 la oscuridad y la confianza de las menores.<\/p>\n<p><em><strong><span class=\"text_bold\">\u00abLa denuncia fue investigada por el Gabinete de Delitos contra la Integridad Sexual de la DDI La Plata y con el avance de la pesquisa se recolectaron pruebas suficientes como para que desde la fiscal\u00eda pidan la detenci\u00f3n\u00bb<\/span><\/strong><\/em>, informaron fuentes policiales.<\/p>\n<p>fuente 0223<\/p>\n<p>&nbsp;<\/p>\n","protected":false},"excerpt":{"rendered":"<div class=\"mh-excerpt\"><p>El abusador fue detenido. Todo sali\u00f3 a la luz, cuando una de las nenas cont\u00f3 a su mam\u00e1 lo sucedido. 05 de Diciembre de 2024 BERISSO &#8211;\u00a0 \u00a0Un aberrante hecho, ocurri\u00f3 en el contexto de <a class=\"mh-excerpt-more\" href=\"https:\/\/larevistadigital.com.ar\/blog\/horror-en-berisso-una-nena-invita-a-sus-amiguitas-a-una-pijamada-y-el-padre-abuso-de-dos-de-ellas\/\" title=\"HORROR EN BERISSO: UNA NENA INVITA A SUS AMIGUITAS A UNA PIJAMADA Y EL PADRE ABUS\u00d3 DE DOS DE ELLAS\">[Leer M\u00e1s]<\/a><\/p>\n<\/div>","protected":false},"author":3,"featured_media":38140,"comment_status":"open","ping_status":"open","sticky":false,"template":"","format":"standard","meta":{"_jetpack_memberships_contains_paid_content":false,"footnotes":"","jetpack_publicize_message":"","jetpack_publicize_feature_enabled":true,"jetpack_social_post_already_shared":true,"jetpack_social_options":{"image_generator_settings":{"template":"highway","default_image_id":0,"font":"","enabled":false},"version":2}},"categories":[44,51],"tags":[],"class_list":{"0":"post-38139","1":"post","2":"type-post","3":"status-publish","4":"format-standard","5":"has-post-thumbnail","7":"category-policiales","8":"category-regionales"},"jetpack_publicize_connections":[],"jetpack_featured_media_url":"https:\/\/i0.wp.com\/larevistadigital.com.ar\/blog\/wp-content\/uploads\/Captura-de-pantalla-2024-12-05-210759.png?fit=570%2C334&ssl=1","jetpack_sharing_enabled":true,"jetpack_shortlink":"https:\/\/wp.me\/p8qtrQ-9V9","jetpack-related-posts":[{"id":11933,"url":"https:\/\/larevistadigital.com.ar\/blog\/reviso-el-telefono-de-su-marido-porque-sospechaba-que-era-infiel-y-descubrio-que-abusaba-de-sus-ahijadas\/","url_meta":{"origin":38139,"position":0},"title":"REVIS\u00d3 EL TELEFONO DE SU MARIDO PORQUE SOSPECHABA QUE ERA INFIEL, Y DESCUBRI\u00d3 QUE ABUSABA DE SUS AHIJADAS","author":"Alejandro Sosa Ruda","date":"20 agosto, 2019","format":false,"excerpt":"Tiene 38 a\u00f1os.\u00a0En el celular hallaron filmaciones, fotos y material pornogr\u00e1fico. Un hombre de 38 a\u00f1os fue detenido por abusar a sus dos ahijadas de nueve a\u00f1os en Villa Fiorito, partido de Lomas de Zamora. Fue descubierto por su esposa, que sospechaba que su pareja le era infiel y al\u2026","rel":"","context":"En \u00abINTERES GENERAL\u00bb","block_context":{"text":"INTERES GENERAL","link":"https:\/\/larevistadigital.com.ar\/blog\/category\/interes-general\/"},"img":{"alt_text":"","src":"https:\/\/i0.wp.com\/larevistadigital.com.ar\/blog\/wp-content\/uploads\/1566309968483.jpg?fit=735%2C461&ssl=1&resize=350%2C200","width":350,"height":200,"srcset":"https:\/\/i0.wp.com\/larevistadigital.com.ar\/blog\/wp-content\/uploads\/1566309968483.jpg?fit=735%2C461&ssl=1&resize=350%2C200 1x, https:\/\/i0.wp.com\/larevistadigital.com.ar\/blog\/wp-content\/uploads\/1566309968483.jpg?fit=735%2C461&ssl=1&resize=525%2C300 1.5x, https:\/\/i0.wp.com\/larevistadigital.com.ar\/blog\/wp-content\/uploads\/1566309968483.jpg?fit=735%2C461&ssl=1&resize=700%2C400 2x"},"classes":[]},{"id":35300,"url":"https:\/\/larevistadigital.com.ar\/blog\/abuso-sexualmente-de-una-nina-y-pide-la-domiciliaria\/","url_meta":{"origin":38139,"position":1},"title":"ABUS\u00d3 SEXUALMENTE DE UNA NI\u00d1A, Y PIDE LA DOMICILIARIA","author":"Alejandro Sosa Ruda","date":"21 febrero, 2024","format":false,"excerpt":"El acusado se encuentra con prisi\u00f3n preventiva en una Unidad Penitenciaria provincial. 21 de febrero de 2023 MAR DEL TUY\u00da -\u00a0\u00a0 La Justicia imput\u00f3 a R.C M . por abuso sexual, perpetrado a una ni\u00f1a menor de 10 a\u00f1os, y en las \u00faltimas horas, la defensa del abusador present\u00f3 un\u2026","rel":"","context":"En \u00abPOLICIALES\u00bb","block_context":{"text":"POLICIALES","link":"https:\/\/larevistadigital.com.ar\/blog\/category\/policiales\/"},"img":{"alt_text":"","src":"https:\/\/i0.wp.com\/larevistadigital.com.ar\/blog\/wp-content\/uploads\/menores-abuso.png?fit=1001%2C565&ssl=1&resize=350%2C200","width":350,"height":200,"srcset":"https:\/\/i0.wp.com\/larevistadigital.com.ar\/blog\/wp-content\/uploads\/menores-abuso.png?fit=1001%2C565&ssl=1&resize=350%2C200 1x, https:\/\/i0.wp.com\/larevistadigital.com.ar\/blog\/wp-content\/uploads\/menores-abuso.png?fit=1001%2C565&ssl=1&resize=525%2C300 1.5x, https:\/\/i0.wp.com\/larevistadigital.com.ar\/blog\/wp-content\/uploads\/menores-abuso.png?fit=1001%2C565&ssl=1&resize=700%2C400 2x"},"classes":[]},{"id":23609,"url":"https:\/\/larevistadigital.com.ar\/blog\/engano-con-regalos-y-caramelos-a-una-nena-de-7-anos-y-abuso-de-ella\/","url_meta":{"origin":38139,"position":2},"title":"ENGA\u00d1\u00d3 CON REGALOS Y CARAMELOS A UNA NENA DE 7 A\u00d1OS Y ABUS\u00d3 DE ELLA","author":"Alejandro Sosa Ruda","date":"27 enero, 2022","format":false,"excerpt":"El aberrante hecho fue descubierto por la empleada dom\u00e9stica del agresor, que fue detenido en la localidad de Ver\u00f3nica. VER\u00d3NICA -\u00a0 Un conmocionante hecho de abuso de menores tuvo lugar en la regi\u00f3n y sali\u00f3 a la luz en las \u00faltimas horas, luego de que la trabajadora dom\u00e9stica de un\u2026","rel":"","context":"En \u00abPOLICIALES\u00bb","block_context":{"text":"POLICIALES","link":"https:\/\/larevistadigital.com.ar\/blog\/category\/policiales\/"},"img":{"alt_text":"","src":"https:\/\/i0.wp.com\/larevistadigital.com.ar\/blog\/wp-content\/uploads\/Captura-39.png?fit=1200%2C606&ssl=1&resize=350%2C200","width":350,"height":200,"srcset":"https:\/\/i0.wp.com\/larevistadigital.com.ar\/blog\/wp-content\/uploads\/Captura-39.png?fit=1200%2C606&ssl=1&resize=350%2C200 1x, https:\/\/i0.wp.com\/larevistadigital.com.ar\/blog\/wp-content\/uploads\/Captura-39.png?fit=1200%2C606&ssl=1&resize=525%2C300 1.5x, https:\/\/i0.wp.com\/larevistadigital.com.ar\/blog\/wp-content\/uploads\/Captura-39.png?fit=1200%2C606&ssl=1&resize=700%2C400 2x, https:\/\/i0.wp.com\/larevistadigital.com.ar\/blog\/wp-content\/uploads\/Captura-39.png?fit=1200%2C606&ssl=1&resize=1050%2C600 3x"},"classes":[]},{"id":18933,"url":"https:\/\/larevistadigital.com.ar\/blog\/detienen-a-ex-funcionario-judicial-de-dolores-por-violacion-luego-de-permanecer-5-anos-profugo\/","url_meta":{"origin":38139,"position":3},"title":"DETIENEN A EX FUNCIONARIO JUDICIAL DE DOLORES POR VIOLACI\u00d3N, LUEGO DE PERMANECER 5 A\u00d1OS PR\u00d3FUGO","author":"Alejandro Sosa Ruda","date":"19 febrero, 2021","format":false,"excerpt":"Hab\u00eda sido sentenciado a 9 a\u00f1os en junio de 2015 por abuso sexual a dos ni\u00f1as. Fue detenido en Tandil. DOLORES - Un ex funcionario judicial de Dolores condenado por la violaci\u00f3n de dos menores que se encontraba pr\u00f3fugo desde hace cinco a\u00f1os fue detenido ayer en Tandil. Miguel \u00c1ngel\u2026","rel":"","context":"En \u00abDOLORES\u00bb","block_context":{"text":"DOLORES","link":"https:\/\/larevistadigital.com.ar\/blog\/category\/dolores\/"},"img":{"alt_text":"","src":"https:\/\/i0.wp.com\/larevistadigital.com.ar\/blog\/wp-content\/uploads\/9a797013a690a26831e1a1d38fb60d7e671b3072.jpeg?fit=1140%2C846&ssl=1&resize=350%2C200","width":350,"height":200,"srcset":"https:\/\/i0.wp.com\/larevistadigital.com.ar\/blog\/wp-content\/uploads\/9a797013a690a26831e1a1d38fb60d7e671b3072.jpeg?fit=1140%2C846&ssl=1&resize=350%2C200 1x, https:\/\/i0.wp.com\/larevistadigital.com.ar\/blog\/wp-content\/uploads\/9a797013a690a26831e1a1d38fb60d7e671b3072.jpeg?fit=1140%2C846&ssl=1&resize=525%2C300 1.5x, https:\/\/i0.wp.com\/larevistadigital.com.ar\/blog\/wp-content\/uploads\/9a797013a690a26831e1a1d38fb60d7e671b3072.jpeg?fit=1140%2C846&ssl=1&resize=700%2C400 2x, https:\/\/i0.wp.com\/larevistadigital.com.ar\/blog\/wp-content\/uploads\/9a797013a690a26831e1a1d38fb60d7e671b3072.jpeg?fit=1140%2C846&ssl=1&resize=1050%2C600 3x"},"classes":[]},{"id":3735,"url":"https:\/\/larevistadigital.com.ar\/blog\/castelli-condenan-abusador\/","url_meta":{"origin":38139,"position":4},"title":"CASTELLI: CONDENAN A ABUSADOR","author":"Alejandro Sosa Ruda","date":"7 noviembre, 2017","format":false,"excerpt":"Condenan a un vecino de la localidad de Castelli a \u201cNueve meses de prisi\u00f3n de ejecuci\u00f3n condicional\u201d por abusar sexualmente de una menor en el 2012 En un fallo dictado por la Dra. Anal\u00eda Avalos como Juez unipersonal del Tribunal en lo Criminal n\u00ba 2 Departamental, se conden\u00f3 a un\u2026","rel":"","context":"En \u00abCASTELLI\u00bb","block_context":{"text":"CASTELLI","link":"https:\/\/larevistadigital.com.ar\/blog\/category\/castelli\/"},"img":{"alt_text":"","src":"https:\/\/i0.wp.com\/larevistadigital.com.ar\/blog\/wp-content\/uploads\/2017\/11\/y-quien-defiende-al-ciudadano-frente-a-la-justicia.jpg?fit=1200%2C675&ssl=1&resize=350%2C200","width":350,"height":200,"srcset":"https:\/\/i0.wp.com\/larevistadigital.com.ar\/blog\/wp-content\/uploads\/2017\/11\/y-quien-defiende-al-ciudadano-frente-a-la-justicia.jpg?fit=1200%2C675&ssl=1&resize=350%2C200 1x, https:\/\/i0.wp.com\/larevistadigital.com.ar\/blog\/wp-content\/uploads\/2017\/11\/y-quien-defiende-al-ciudadano-frente-a-la-justicia.jpg?fit=1200%2C675&ssl=1&resize=525%2C300 1.5x, https:\/\/i0.wp.com\/larevistadigital.com.ar\/blog\/wp-content\/uploads\/2017\/11\/y-quien-defiende-al-ciudadano-frente-a-la-justicia.jpg?fit=1200%2C675&ssl=1&resize=700%2C400 2x, https:\/\/i0.wp.com\/larevistadigital.com.ar\/blog\/wp-content\/uploads\/2017\/11\/y-quien-defiende-al-ciudadano-frente-a-la-justicia.jpg?fit=1200%2C675&ssl=1&resize=1050%2C600 3x"},"classes":[]},{"id":28811,"url":"https:\/\/larevistadigital.com.ar\/blog\/bahia-blanca-mato-al-abusador-de-su-hija-pero-no-ira-preso\/","url_meta":{"origin":38139,"position":5},"title":"BAH\u00cdA BLANCA: MAT\u00d3 AL ABUSADOR DE SU HIJA, PERO NO IR\u00c1 PRESO","author":"Alejandro Sosa Ruda","date":"7 noviembre, 2022","format":false,"excerpt":"Fernando Mat\u00edas Vila fue condenado por matar a cuchillazos al abusador de su hija de 5 a\u00f1os en Bah\u00eda Blanca, pero no ir\u00e1 a la c\u00e1rcel. El 1 de noviembre un jurado popular lo conden\u00f3 a menos de tres a\u00f1os de prisi\u00f3n. Ante la pena otorgada el C\u00f3digo Penal de\u2026","rel":"","context":"En \u00abPOLICIALES\u00bb","block_context":{"text":"POLICIALES","link":"https:\/\/larevistadigital.com.ar\/blog\/category\/policiales\/"},"img":{"alt_text":"","src":"https:\/\/i0.wp.com\/larevistadigital.com.ar\/blog\/wp-content\/uploads\/20221105172739_abu.jpg?fit=880%2C512&ssl=1&resize=350%2C200","width":350,"height":200,"srcset":"https:\/\/i0.wp.com\/larevistadigital.com.ar\/blog\/wp-content\/uploads\/20221105172739_abu.jpg?fit=880%2C512&ssl=1&resize=350%2C200 1x, https:\/\/i0.wp.com\/larevistadigital.com.ar\/blog\/wp-content\/uploads\/20221105172739_abu.jpg?fit=880%2C512&ssl=1&resize=525%2C300 1.5x, https:\/\/i0.wp.com\/larevistadigital.com.ar\/blog\/wp-content\/uploads\/20221105172739_abu.jpg?fit=880%2C512&ssl=1&resize=700%2C400 2x"},"classes":[]}],"_links":{"self":[{"href":"https:\/\/larevistadigital.com.ar\/blog\/wp-json\/wp\/v2\/posts\/38139","targetHints":{"allow":["GET"]}}],"collection":[{"href":"https:\/\/larevistadigital.com.ar\/blog\/wp-json\/wp\/v2\/posts"}],"about":[{"href":"https:\/\/larevistadigital.com.ar\/blog\/wp-json\/wp\/v2\/types\/post"}],"author":[{"embeddable":true,"href":"https:\/\/larevistadigital.com.ar\/blog\/wp-json\/wp\/v2\/users\/3"}],"replies":[{"embeddable":true,"href":"https:\/\/larevistadigital.com.ar\/blog\/wp-json\/wp\/v2\/comments?post=38139"}],"version-history":[{"count":1,"href":"https:\/\/larevistadigital.com.ar\/blog\/wp-json\/wp\/v2\/posts\/38139\/revisions"}],"predecessor-version":[{"id":38141,"href":"https:\/\/larevistadigital.com.ar\/blog\/wp-json\/wp\/v2\/posts\/38139\/revisions\/38141"}],"wp:featuredmedia":[{"embeddable":true,"href":"https:\/\/larevistadigital.com.ar\/blog\/wp-json\/wp\/v2\/media\/38140"}],"wp:attachment":[{"href":"https:\/\/larevistadigital.com.ar\/blog\/wp-json\/wp\/v2\/media?parent=38139"}],"wp:term":[{"taxonomy":"category","embeddable":true,"href":"https:\/\/larevistadigital.com.ar\/blog\/wp-json\/wp\/v2\/categories?post=38139"},{"taxonomy":"post_tag","embeddable":true,"href":"https:\/\/larevistadigital.com.ar\/blog\/wp-json\/wp\/v2\/tags?post=38139"}],"curies":[{"name":"wp","href":"https:\/\/api.w.org\/{rel}","templated":true}]}}