{"id":38142,"date":"2024-12-05T21:43:22","date_gmt":"2024-12-06T00:43:22","guid":{"rendered":"https:\/\/larevistadigital.com.ar\/blog\/?p=38142"},"modified":"2024-12-05T21:43:22","modified_gmt":"2024-12-06T00:43:22","slug":"mujer-secuestrada-y-obligada-a-prostituirse-logra-escapar-tras-dos-anos-de-cautiverio","status":"publish","type":"post","link":"https:\/\/larevistadigital.com.ar\/blog\/mujer-secuestrada-y-obligada-a-prostituirse-logra-escapar-tras-dos-anos-de-cautiverio\/","title":{"rendered":"Mujer secuestrada y obligada a prostituirse, logra escapar tras dos a\u00f1os de cautiverio"},"content":{"rendered":"<h2 class=\"fparrafo ctext fz18 lh25\">Una mujer de 30 a\u00f1os vivi\u00f3 una verdadera pesadilla de violencia de g\u00e9nero en Ingeniero Allan, Partido de Florencio Varela, donde un hombre la mantuvo cautiva durante dos a\u00f1os, la amenaz\u00f3 y la explot\u00f3 sexualmente.<\/h2>\n<p>05 de Diciembre de 2024<\/p>\n<p><b>FLORENCIO VARELA\u00a0 &#8211;\u00a0 \u00a0<\/b>El calvario lleg\u00f3 a su fin el 19 de noviembre, cuando logr\u00f3 escapar y denunciar al agresor, quien fue detenido ese mismo d\u00eda. La mujer hab\u00eda conocido al hombre en 2019, en un momento de extrema vulnerabilidad tras una separaci\u00f3n y sin un lugar donde vivir con sus dos hijas peque\u00f1as.<\/p>\n<blockquote>\n<h3>En un principio, acept\u00f3 mudarse con \u00e9l, pero r\u00e1pidamente comenz\u00f3 a ser abusada, intimidada y forzada a prostituirse. La situaci\u00f3n se agrav\u00f3 cuando el hombre, armado, la oblig\u00f3 a regresar con \u00e9l tras encontrarla refugiada en la casa del padre de sus hijas.<\/h3>\n<\/blockquote>\n<p>El acusado prepar\u00f3 un espacio de madera en su vivienda donde explotaba sexualmente a la v\u00edctima, quien era forzada a atender a m\u00faltiples \u00abclientes\u00bb cada noche. Viv\u00eda en condiciones inhumanas, privada de higiene b\u00e1sica y sometida a constantes amenazas.<\/p>\n<blockquote>\n<h3>La mujer estaba totalmente controlada, confinada a una casilla precaria con techo de chapa y acceso a un s\u00f3tano. A pesar de estar al tanto de lo que ocurr\u00eda, los vecinos no intervinieron por temor al agresor.<\/h3>\n<\/blockquote>\n<p>La v\u00edctima aprovech\u00f3 un descuido para escapar, aunque el hombre intent\u00f3 dispararle mientras hu\u00eda. Pese a ello, logr\u00f3 refugiarse en la casa de un vecino y alertar a la polic\u00eda. Durante un operativo posterior, las autoridades incautaron un arma de fuego y dispositivos electr\u00f3nicos que est\u00e1n siendo analizados.<\/p>\n<p><span style=\"color: #ff0000\"><b>Rechazo a la excarcelaci\u00f3n<\/b><\/span><\/p>\n<p>El juez <strong>Diego Ag\u00fcero<\/strong>, del Juzgado de Garant\u00edas N\u00ba 6, rechaz\u00f3 el pedido de excarcelaci\u00f3n del acusado, destacando el riesgo que representaba tanto para la v\u00edctima como para los testigos.<\/p>\n<p><span style=\"color: #ff0000\"><b>Perspectiva de G\u00e9nero<\/b><\/span><\/p>\n<p>En su resoluci\u00f3n, subray\u00f3 la importancia de aplicar una perspectiva de g\u00e9nero en la justicia y mencion\u00f3 casos paradigm\u00e1ticos como el de Luc\u00eda P\u00e9rez, recordando que garantizar los derechos de las mujeres es una obligaci\u00f3n constitucional.<\/p>\n<p><span style=\"color: #ff0000\"><b>Cargos grav\u00edsimos<\/b><\/span><\/p>\n<p>El imputado enfrenta cargos por promoci\u00f3n de la prostituci\u00f3n, amenazas y tenencia ilegal de armas. La v\u00edctima, en tanto, intenta recomponer su vida tras a\u00f1os de sufrimiento y abuso. \u00a0<b>(InfoGEI)Ac<\/b><\/p>\n","protected":false},"excerpt":{"rendered":"<div class=\"mh-excerpt\"><p>Una mujer de 30 a\u00f1os vivi\u00f3 una verdadera pesadilla de violencia de g\u00e9nero en Ingeniero Allan, Partido de Florencio Varela, donde un hombre la mantuvo cautiva durante dos a\u00f1os, la amenaz\u00f3 y la explot\u00f3 sexualmente. <a class=\"mh-excerpt-more\" href=\"https:\/\/larevistadigital.com.ar\/blog\/mujer-secuestrada-y-obligada-a-prostituirse-logra-escapar-tras-dos-anos-de-cautiverio\/\" title=\"Mujer secuestrada y obligada a prostituirse, logra escapar tras dos a\u00f1os de cautiverio\">[Leer M\u00e1s]<\/a><\/p>\n<\/div>","protected":false},"author":3,"featured_media":38143,"comment_status":"open","ping_status":"open","sticky":false,"template":"","format":"standard","meta":{"_jetpack_memberships_contains_paid_content":false,"footnotes":"","jetpack_publicize_message":"","jetpack_publicize_feature_enabled":true,"jetpack_social_post_already_shared":true,"jetpack_social_options":{"image_generator_settings":{"template":"highway","default_image_id":0,"font":"","enabled":false},"version":2}},"categories":[44,51],"tags":[],"class_list":{"0":"post-38142","1":"post","2":"type-post","3":"status-publish","4":"format-standard","5":"has-post-thumbnail","7":"category-policiales","8":"category-regionales"},"jetpack_publicize_connections":[],"jetpack_featured_media_url":"https:\/\/i0.wp.com\/larevistadigital.com.ar\/blog\/wp-content\/uploads\/20241205160552_mujer-secuestrada-amenazada-prostituirse-allan.jpg?fit=880%2C512&ssl=1","jetpack_sharing_enabled":true,"jetpack_shortlink":"https:\/\/wp.me\/p8qtrQ-9Vc","jetpack-related-posts":[{"id":34122,"url":"https:\/\/larevistadigital.com.ar\/blog\/varela-dogo-argentino-defendio-a-una-mujer-del-ataque-de-su-pareja\/","url_meta":{"origin":38142,"position":0},"title":"VARELA: DOGO ARGENTINO DEFENDI\u00d3 A UNA MUJER DEL ATAQUE DE SU PAREJA","author":"Alejandro Sosa Ruda","date":"19 octubre, 2023","format":false,"excerpt":"El animal sali\u00f3 en defensa de una mujer que estaba siendo agredida por su pareja, un hombre de 77 a\u00f1os, y lo enfrent\u00f3 mordi\u00e9ndolo en las piernas y brazos. 19 de Octubre de 2023 FLORENCIO VARELA -\u00a0 \u00a0Un perro se convirti\u00f3 en el h\u00e9roe de una situaci\u00f3n violenta en Florencio\u2026","rel":"","context":"En \u00abREGIONALES\u00bb","block_context":{"text":"REGIONALES","link":"https:\/\/larevistadigital.com.ar\/blog\/category\/regionales\/"},"img":{"alt_text":"","src":"https:\/\/i0.wp.com\/larevistadigital.com.ar\/blog\/wp-content\/uploads\/20231019165139_0208dogo-argentino-1124972.jpg?fit=880%2C512&ssl=1&resize=350%2C200","width":350,"height":200,"srcset":"https:\/\/i0.wp.com\/larevistadigital.com.ar\/blog\/wp-content\/uploads\/20231019165139_0208dogo-argentino-1124972.jpg?fit=880%2C512&ssl=1&resize=350%2C200 1x, https:\/\/i0.wp.com\/larevistadigital.com.ar\/blog\/wp-content\/uploads\/20231019165139_0208dogo-argentino-1124972.jpg?fit=880%2C512&ssl=1&resize=525%2C300 1.5x, https:\/\/i0.wp.com\/larevistadigital.com.ar\/blog\/wp-content\/uploads\/20231019165139_0208dogo-argentino-1124972.jpg?fit=880%2C512&ssl=1&resize=700%2C400 2x"},"classes":[]},{"id":24535,"url":"https:\/\/larevistadigital.com.ar\/blog\/nuevo-femicidio-ahora-en-florencio-varela-una-mujer-de-56-anos\/","url_meta":{"origin":38142,"position":1},"title":"NUEVO FEMICIDIO. AHORA EN FLORENCIO VARELA, UNA MUJER DE 56 A\u00d1OS","author":"Alejandro Sosa Ruda","date":"12 marzo, 2022","format":false,"excerpt":"Al realizar la autopsia, se determin\u00f3 que la muerte fue 12 horas antes del hallazgo, y ten\u00eda un fuerte golpe que podr\u00eda haberle provocado la muerte. La preocupaci\u00f3n y accionar de su actual novio fueron determinantes para poder saber lo que hab\u00eda sucedido con la mujer. FLORENCIO VARELA -\u00a0 En\u2026","rel":"","context":"En \u00abINTERES GENERAL\u00bb","block_context":{"text":"INTERES GENERAL","link":"https:\/\/larevistadigital.com.ar\/blog\/category\/interes-general\/"},"img":{"alt_text":"","src":"https:\/\/i0.wp.com\/larevistadigital.com.ar\/blog\/wp-content\/uploads\/20220311160901_ramona.jpg?fit=880%2C512&ssl=1&resize=350%2C200","width":350,"height":200,"srcset":"https:\/\/i0.wp.com\/larevistadigital.com.ar\/blog\/wp-content\/uploads\/20220311160901_ramona.jpg?fit=880%2C512&ssl=1&resize=350%2C200 1x, https:\/\/i0.wp.com\/larevistadigital.com.ar\/blog\/wp-content\/uploads\/20220311160901_ramona.jpg?fit=880%2C512&ssl=1&resize=525%2C300 1.5x, https:\/\/i0.wp.com\/larevistadigital.com.ar\/blog\/wp-content\/uploads\/20220311160901_ramona.jpg?fit=880%2C512&ssl=1&resize=700%2C400 2x"},"classes":[]},{"id":33242,"url":"https:\/\/larevistadigital.com.ar\/blog\/detienen-a-una-mujer-que-obligaba-a-su-hija-menor-a-prostituirse\/","url_meta":{"origin":38142,"position":2},"title":"DETIENEN A UNA MUJER QUE OBLIGABA A SU HIJA MENOR A PROSTITUIRSE","author":"Alejandro Sosa Ruda","date":"3 septiembre, 2023","format":false,"excerpt":"La v\u00edctima tiene 16 a\u00f1os. Fue encerrada en una vivienda\u00a0 y era obligada a mantener relaciones sexuales con un hombre a cambio de dinero. La madre de la menor y la due\u00f1a de la vivienda, quedaron detenidas. Buscan al abusador que ya est\u00e1 identificado. 3 de septiembre de 2023 PILAR\u2026","rel":"","context":"En \u00abINTERES GENERAL\u00bb","block_context":{"text":"INTERES GENERAL","link":"https:\/\/larevistadigital.com.ar\/blog\/category\/interes-general\/"},"img":{"alt_text":"","src":"https:\/\/i0.wp.com\/larevistadigital.com.ar\/blog\/wp-content\/uploads\/20230903103606_menor-madre-prostituirse.jpg?fit=880%2C512&ssl=1&resize=350%2C200","width":350,"height":200,"srcset":"https:\/\/i0.wp.com\/larevistadigital.com.ar\/blog\/wp-content\/uploads\/20230903103606_menor-madre-prostituirse.jpg?fit=880%2C512&ssl=1&resize=350%2C200 1x, https:\/\/i0.wp.com\/larevistadigital.com.ar\/blog\/wp-content\/uploads\/20230903103606_menor-madre-prostituirse.jpg?fit=880%2C512&ssl=1&resize=525%2C300 1.5x, https:\/\/i0.wp.com\/larevistadigital.com.ar\/blog\/wp-content\/uploads\/20230903103606_menor-madre-prostituirse.jpg?fit=880%2C512&ssl=1&resize=700%2C400 2x"},"classes":[]},{"id":11003,"url":"https:\/\/larevistadigital.com.ar\/blog\/florencio-varela-brutal-golpiza-a-colectivero\/","url_meta":{"origin":38142,"position":3},"title":"FLORENCIO VARELA: BRUTAL GOLPIZA A COLECTIVERO","author":"Alejandro Sosa Ruda","date":"2 julio, 2019","format":false,"excerpt":"Todo empez\u00f3 cuando Franco Almir\u00f3n, chofer de un colectivo de la L\u00ednea 500, fue chocado por un auto que circulaba a gran velocidad en el que viajaban dos hombres con una mujer embarazada, a la que supuestamente llevaban al Hospital Mi Pueblo de Florencio Varela. La discusi\u00f3n termin\u00f3 en una\u2026","rel":"","context":"En \u00abINTERES GENERAL\u00bb","block_context":{"text":"INTERES GENERAL","link":"https:\/\/larevistadigital.com.ar\/blog\/category\/interes-general\/"},"img":{"alt_text":"","src":"https:\/\/i0.wp.com\/larevistadigital.com.ar\/blog\/wp-content\/uploads\/20190701_135628.jpg?fit=1081%2C605&ssl=1&resize=350%2C200","width":350,"height":200,"srcset":"https:\/\/i0.wp.com\/larevistadigital.com.ar\/blog\/wp-content\/uploads\/20190701_135628.jpg?fit=1081%2C605&ssl=1&resize=350%2C200 1x, https:\/\/i0.wp.com\/larevistadigital.com.ar\/blog\/wp-content\/uploads\/20190701_135628.jpg?fit=1081%2C605&ssl=1&resize=525%2C300 1.5x, https:\/\/i0.wp.com\/larevistadigital.com.ar\/blog\/wp-content\/uploads\/20190701_135628.jpg?fit=1081%2C605&ssl=1&resize=700%2C400 2x, https:\/\/i0.wp.com\/larevistadigital.com.ar\/blog\/wp-content\/uploads\/20190701_135628.jpg?fit=1081%2C605&ssl=1&resize=1050%2C600 3x"},"classes":[]},{"id":26364,"url":"https:\/\/larevistadigital.com.ar\/blog\/pergamino-absuelven-a-una-mujer-que-descuartizo-a-su-pareja-porque-la-drogaba-y-la-obligaba-a-prostituirse\/","url_meta":{"origin":38142,"position":4},"title":"PERGAMINO: ABSUELVEN A UNA MUJER QUE DESCUARTIZ\u00d3 A SU PAREJA PORQUE LA DROGABA Y LA OBLIGABA A PROSTITUIRSE","author":"Alejandro Sosa Ruda","date":"5 julio, 2022","format":false,"excerpt":"El juez Guillermo Burrone, del Tribunal Oral Criminal 1 de Pergamino, le dio el veredicto a Mafalda Secreto, acusada de matar y descuartizar a su pareja Jos\u00e9 Luis Arenas, quien la golpeaba, drogaba y obligaba a prostituirse. \"Doy gracias a la Justicia que me escuch\u00f3\", asegur\u00f3 Secreto una vez conocida\u2026","rel":"","context":"En \u00abINTERES GENERAL\u00bb","block_context":{"text":"INTERES GENERAL","link":"https:\/\/larevistadigital.com.ar\/blog\/category\/interes-general\/"},"img":{"alt_text":"","src":"https:\/\/i0.wp.com\/larevistadigital.com.ar\/blog\/wp-content\/uploads\/20220704160714_absuelven-a-la-mujer-que-descuartizo-a-su-pareja-porque-la-drogaba-y-la-obligaba-a-prostituirse.jpg?fit=880%2C512&ssl=1&resize=350%2C200","width":350,"height":200,"srcset":"https:\/\/i0.wp.com\/larevistadigital.com.ar\/blog\/wp-content\/uploads\/20220704160714_absuelven-a-la-mujer-que-descuartizo-a-su-pareja-porque-la-drogaba-y-la-obligaba-a-prostituirse.jpg?fit=880%2C512&ssl=1&resize=350%2C200 1x, https:\/\/i0.wp.com\/larevistadigital.com.ar\/blog\/wp-content\/uploads\/20220704160714_absuelven-a-la-mujer-que-descuartizo-a-su-pareja-porque-la-drogaba-y-la-obligaba-a-prostituirse.jpg?fit=880%2C512&ssl=1&resize=525%2C300 1.5x, https:\/\/i0.wp.com\/larevistadigital.com.ar\/blog\/wp-content\/uploads\/20220704160714_absuelven-a-la-mujer-que-descuartizo-a-su-pareja-porque-la-drogaba-y-la-obligaba-a-prostituirse.jpg?fit=880%2C512&ssl=1&resize=700%2C400 2x"},"classes":[]},{"id":42462,"url":"https:\/\/larevistadigital.com.ar\/blog\/un-turista-fallecio-tras-descompensarse-mientras-pescaba-en-la-laguna-de-chascomus\/","url_meta":{"origin":38142,"position":5},"title":"Un turista falleci\u00f3 tras descompensarse mientras pescaba en la laguna de Chascom\u00fas","author":"Alejandro Sosa Ruda","date":"14 noviembre, 2025","format":false,"excerpt":"El hombre, de 55 a\u00f1os y oriundo de Florencio Varela, sufri\u00f3 una descompensaci\u00f3n mientras pescaba con amigos. Pese a recibir atenci\u00f3n m\u00e9dica y RCP, falleci\u00f3 en el Hospital Municipal. 14 de Noviembre de 2025 CHASCOM\u00daS -\u00a0 Un turista de 55 a\u00f1os, proveniente de Florencio Varela, falleci\u00f3 este martes en Chascom\u00fas\u2026","rel":"","context":"En \u00abINTERES GENERAL\u00bb","block_context":{"text":"INTERES GENERAL","link":"https:\/\/larevistadigital.com.ar\/blog\/category\/interes-general\/"},"img":{"alt_text":"","src":"https:\/\/i0.wp.com\/larevistadigital.com.ar\/blog\/wp-content\/uploads\/nueva-ambulancia-hospital-bariloche.jpg?fit=915%2C608&ssl=1&resize=350%2C200","width":350,"height":200,"srcset":"https:\/\/i0.wp.com\/larevistadigital.com.ar\/blog\/wp-content\/uploads\/nueva-ambulancia-hospital-bariloche.jpg?fit=915%2C608&ssl=1&resize=350%2C200 1x, https:\/\/i0.wp.com\/larevistadigital.com.ar\/blog\/wp-content\/uploads\/nueva-ambulancia-hospital-bariloche.jpg?fit=915%2C608&ssl=1&resize=525%2C300 1.5x, https:\/\/i0.wp.com\/larevistadigital.com.ar\/blog\/wp-content\/uploads\/nueva-ambulancia-hospital-bariloche.jpg?fit=915%2C608&ssl=1&resize=700%2C400 2x"},"classes":[]}],"_links":{"self":[{"href":"https:\/\/larevistadigital.com.ar\/blog\/wp-json\/wp\/v2\/posts\/38142","targetHints":{"allow":["GET"]}}],"collection":[{"href":"https:\/\/larevistadigital.com.ar\/blog\/wp-json\/wp\/v2\/posts"}],"about":[{"href":"https:\/\/larevistadigital.com.ar\/blog\/wp-json\/wp\/v2\/types\/post"}],"author":[{"embeddable":true,"href":"https:\/\/larevistadigital.com.ar\/blog\/wp-json\/wp\/v2\/users\/3"}],"replies":[{"embeddable":true,"href":"https:\/\/larevistadigital.com.ar\/blog\/wp-json\/wp\/v2\/comments?post=38142"}],"version-history":[{"count":1,"href":"https:\/\/larevistadigital.com.ar\/blog\/wp-json\/wp\/v2\/posts\/38142\/revisions"}],"predecessor-version":[{"id":38144,"href":"https:\/\/larevistadigital.com.ar\/blog\/wp-json\/wp\/v2\/posts\/38142\/revisions\/38144"}],"wp:featuredmedia":[{"embeddable":true,"href":"https:\/\/larevistadigital.com.ar\/blog\/wp-json\/wp\/v2\/media\/38143"}],"wp:attachment":[{"href":"https:\/\/larevistadigital.com.ar\/blog\/wp-json\/wp\/v2\/media?parent=38142"}],"wp:term":[{"taxonomy":"category","embeddable":true,"href":"https:\/\/larevistadigital.com.ar\/blog\/wp-json\/wp\/v2\/categories?post=38142"},{"taxonomy":"post_tag","embeddable":true,"href":"https:\/\/larevistadigital.com.ar\/blog\/wp-json\/wp\/v2\/tags?post=38142"}],"curies":[{"name":"wp","href":"https:\/\/api.w.org\/{rel}","templated":true}]}}