{"id":38149,"date":"2024-12-06T21:12:42","date_gmt":"2024-12-07T00:12:42","guid":{"rendered":"https:\/\/larevistadigital.com.ar\/blog\/?p=38149"},"modified":"2024-12-06T21:12:42","modified_gmt":"2024-12-07T00:12:42","slug":"kicillof-recorrio-la-expo-escobar-innova-y-se-reunio-con-empresarios-de-la-region","status":"publish","type":"post","link":"https:\/\/larevistadigital.com.ar\/blog\/kicillof-recorrio-la-expo-escobar-innova-y-se-reunio-con-empresarios-de-la-region\/","title":{"rendered":"Kicillof recorri\u00f3 la Expo Escobar Innova y se reuni\u00f3 con empresarios de la regi\u00f3n"},"content":{"rendered":"<h2>Adem\u00e1s, el Gobernador entreg\u00f3 actas de inscripci\u00f3n tard\u00eda en el marco del programa Mi Identidad, Mi Derecho.<\/h2>\n<p>06 de Diciembre de 2024<\/p>\n<p><strong>BUENOS AIRES &#8211;\u00a0 <\/strong>El gobernador de la provincia de Buenos Aires, <strong>Axel Kicillof<\/strong>, encabez\u00f3 este jueves en el Estadio \u00danico <strong>\u201cDiego Armando Maradona\u201d<\/strong> de La Plata el acto de entrega de 750 computadoras personales a estudiantes de 46 escuelas de la regi\u00f3n capital. Fue junto a la vicegobernadora <strong>Ver\u00f3nica Magario<\/strong>; el ministro de Gobierno, <strong>Carlos Bianco<\/strong>; el director general de Cultura y Educaci\u00f3n, <strong>Alberto Sileoni<\/strong>; y el intendente local, Julio Alak.<\/p>\n<blockquote>\n<h3>En ese marco, Kicillof afirm\u00f3: <em>\u201cEstudiar, entretenerse o formarse profesionalmente es un derecho que no puede ponerse en riesgo: ah\u00ed es donde tiene que estar presente el Estado para que todos y todas puedan saltar esa barrera de acceso.\u201d\u00a0<\/em><\/h3>\n<\/blockquote>\n<p>A trav\u00e9s del trabajo articulado entre el Ministerio de Gobierno y la Direcci\u00f3n General de Cultura y Educaci\u00f3n, las entregas durante este a\u00f1o se destinan a escuelas de educaci\u00f3n especial, rurales, de islas y establecimientos de alta vulnerabilidad social. En esta ocasi\u00f3n, fueron beneficiados alumnos de los municipios de La Plata, Berisso, Ensenada, Brandsen, Punta Indio y Magdalena.<\/p>\n<blockquote>\n<h3><em>\u201cA pesar de que el Gobierno nacional nos sac\u00f3 los recursos para muchas de las pol\u00edticas que llevamos adelante en la provincia de Buenos Aires, tenemos la decisi\u00f3n y el compromiso de continuar con la entrega de computadoras personales para los chicos y chicas que est\u00e1n terminando los estudios secundarios\u201d<\/em>, sostuvo Bianco.<\/h3>\n<\/blockquote>\n<p>Por su parte<strong>, Sileoni<\/strong> remarc\u00f3: <strong><em>\u201cEn la actualidad la computadora no es un privilegio, es una herramienta que necesitan los pibes y las pibas para proyectar sus estudios superiores, para relacionarse con sus pares o para jugar: cada uno de estos j\u00f3venes hoy se est\u00e1 llevando a su casa un derecho\u201d.<\/em><\/strong><\/p>\n<blockquote>\n<h3>En tanto, Alak afirm\u00f3:<em> \u201cEsta es una pol\u00edtica indispensable para desarrollar el conocimiento, pero tambi\u00e9n para que los chicos y chicas tengan una herramienta para disfrutar en sus tiempos de entretenimiento\u201d.\u00a0<\/em><\/h3>\n<\/blockquote>\n<p>Por \u00faltimo, el Gobernador sostuvo: <strong><em>\u201cEn la provincia no somos insensibles ni miramos con indiferencia: frente a las desigualdades que genera el mercado, vamos a estar siempre acompa\u00f1ando a aquellos que m\u00e1s lo necesiten\u201d. \u201cSin igualdad de oportunidades, la libertad es una excusa que solo utilizan para quitarnos derechos: el Gobierno provincial seguir\u00e1 fortaleciendo las pol\u00edticas p\u00fablicas que permitan que ning\u00fan bonaerense se quede afuera\u201d<\/em><\/strong>, concluy\u00f3.<\/p>\n<p>Estuvieron presentes el intendente de Berisso, <strong>Fabi\u00e1n Cagliardi<\/strong>; el subsecretario de Educaci\u00f3n, <strong>Pablo Urquiza<\/strong>; su par de Educaci\u00f3n e Innovaci\u00f3n local, <strong>Yamila Olariaga<\/strong>; la diputada provincial <strong>Luc\u00eda Ia\u00f1ez<\/strong>; y la secretaria de Educaci\u00f3n de La Plata, <strong>Paula Lambertini<\/strong>.<\/p>\n","protected":false},"excerpt":{"rendered":"<div class=\"mh-excerpt\"><p>Adem\u00e1s, el Gobernador entreg\u00f3 actas de inscripci\u00f3n tard\u00eda en el marco del programa Mi Identidad, Mi Derecho. 06 de Diciembre de 2024 BUENOS AIRES &#8211;\u00a0 El gobernador de la provincia de Buenos Aires, Axel Kicillof, <a class=\"mh-excerpt-more\" href=\"https:\/\/larevistadigital.com.ar\/blog\/kicillof-recorrio-la-expo-escobar-innova-y-se-reunio-con-empresarios-de-la-region\/\" title=\"Kicillof recorri\u00f3 la Expo Escobar Innova y se reuni\u00f3 con empresarios de la regi\u00f3n\">[Leer M\u00e1s]<\/a><\/p>\n<\/div>","protected":false},"author":3,"featured_media":38150,"comment_status":"open","ping_status":"open","sticky":false,"template":"","format":"standard","meta":{"_jetpack_memberships_contains_paid_content":false,"footnotes":"","jetpack_publicize_message":"","jetpack_publicize_feature_enabled":true,"jetpack_social_post_already_shared":true,"jetpack_social_options":{"image_generator_settings":{"template":"highway","default_image_id":0,"font":"","enabled":false},"version":2}},"categories":[247,24,51],"tags":[],"class_list":{"0":"post-38149","1":"post","2":"type-post","3":"status-publish","4":"format-standard","5":"has-post-thumbnail","7":"category-ataque-de-radio","8":"category-politica-provincial","9":"category-regionales"},"jetpack_publicize_connections":[],"jetpack_featured_media_url":"https:\/\/i0.wp.com\/larevistadigital.com.ar\/blog\/wp-content\/uploads\/Axel-Kicillof_73.jpg?fit=743%2C530&ssl=1","jetpack_sharing_enabled":true,"jetpack_shortlink":"https:\/\/wp.me\/p8qtrQ-9Vj","jetpack-related-posts":[{"id":35570,"url":"https:\/\/larevistadigital.com.ar\/blog\/el-viceministro-de-cultura-juan-ignacio-cote-rossi-visito-la-isla-martin-garcia-junto-al-gobernador-kicillof\/","url_meta":{"origin":38149,"position":0},"title":"EL VICEMINISTRO DE CULTURA, JUAN IGNACIO \u00abCOTE\u00bb ROSSI VISIT\u00d3 LA ISLA MART\u00cdN GARC\u00cdA JUNTO AL GOBERNADOR KICILLOF","author":"Alejandro Sosa Ruda","date":"16 marzo, 2024","format":false,"excerpt":"\u00a0 16 de marzo de 2024 LRD - El chascomunense Juan Ignacio \"Cote\" Rossi, viceministro de Cultura de la Provincia de Buenos Aires, junto al gobernador Axel Kicillof\u00a0 y en representaci\u00f3n del Instituto Cultural de la Provincia de Buenos Aires, de un reconocimiento a Eva Per\u00f3n, abanderada de los humildes\u2026","rel":"","context":"En \u00abINTERES GENERAL\u00bb","block_context":{"text":"INTERES GENERAL","link":"https:\/\/larevistadigital.com.ar\/blog\/category\/interes-general\/"},"img":{"alt_text":"","src":"https:\/\/i0.wp.com\/larevistadigital.com.ar\/blog\/wp-content\/uploads\/432381351_824620576348153_5614084164306149309_n.jpg?fit=1200%2C1200&ssl=1&resize=350%2C200","width":350,"height":200,"srcset":"https:\/\/i0.wp.com\/larevistadigital.com.ar\/blog\/wp-content\/uploads\/432381351_824620576348153_5614084164306149309_n.jpg?fit=1200%2C1200&ssl=1&resize=350%2C200 1x, https:\/\/i0.wp.com\/larevistadigital.com.ar\/blog\/wp-content\/uploads\/432381351_824620576348153_5614084164306149309_n.jpg?fit=1200%2C1200&ssl=1&resize=525%2C300 1.5x, https:\/\/i0.wp.com\/larevistadigital.com.ar\/blog\/wp-content\/uploads\/432381351_824620576348153_5614084164306149309_n.jpg?fit=1200%2C1200&ssl=1&resize=700%2C400 2x, https:\/\/i0.wp.com\/larevistadigital.com.ar\/blog\/wp-content\/uploads\/432381351_824620576348153_5614084164306149309_n.jpg?fit=1200%2C1200&ssl=1&resize=1050%2C600 3x"},"classes":[]},{"id":41728,"url":"https:\/\/larevistadigital.com.ar\/blog\/el-gobernador-axel-kicillof-visitara-chascomus-en-el-marco-de-una-nueva-reunion-del-consejo-provincial-de-turismo\/","url_meta":{"origin":38149,"position":1},"title":"El gobernador Axel Kicillof visitar\u00e1 Chascom\u00fas en el marco de una nueva reuni\u00f3n del Consejo Provincial de Turismo","author":"Alejandro Sosa Ruda","date":"3 octubre, 2025","format":false,"excerpt":"El encuentro reunir\u00e1 a representantes de los 135 municipios bonaerenses y contar\u00e1 con la presencia de ministros y autoridades provinciales. 03 de octubre de 2025 BUENOS AIRES -\u00a0 \u00a0El gobernador de la provincia de Buenos Aires, Axel Kicillof, visitar\u00e1 la ciudad de Chascom\u00fas el pr\u00f3ximo lunes 13 de octubre, en\u2026","rel":"","context":"En \u00abPOLITICA\u00bb","block_context":{"text":"POLITICA","link":"https:\/\/larevistadigital.com.ar\/blog\/category\/politica\/"},"img":{"alt_text":"","src":"https:\/\/i0.wp.com\/larevistadigital.com.ar\/blog\/wp-content\/uploads\/Captura-de-pantalla-2025-10-03-144909.jpg?fit=714%2C458&ssl=1&resize=350%2C200","width":350,"height":200,"srcset":"https:\/\/i0.wp.com\/larevistadigital.com.ar\/blog\/wp-content\/uploads\/Captura-de-pantalla-2025-10-03-144909.jpg?fit=714%2C458&ssl=1&resize=350%2C200 1x, https:\/\/i0.wp.com\/larevistadigital.com.ar\/blog\/wp-content\/uploads\/Captura-de-pantalla-2025-10-03-144909.jpg?fit=714%2C458&ssl=1&resize=525%2C300 1.5x, https:\/\/i0.wp.com\/larevistadigital.com.ar\/blog\/wp-content\/uploads\/Captura-de-pantalla-2025-10-03-144909.jpg?fit=714%2C458&ssl=1&resize=700%2C400 2x"},"classes":[]},{"id":34283,"url":"https:\/\/larevistadigital.com.ar\/blog\/destacan-el-notable-acompanamiento-migrante-al-gobernador-kicillof-en-la-pcia-de-bs-as\/","url_meta":{"origin":38149,"position":2},"title":"DESTACAN EL \u00abNOTABLE ACOMPA\u00d1AMIENTO MIGRANTE\u00bb AL GOBERNADOR KICILLOF EN LA PCIA. DE BS.AS.","author":"Alejandro Sosa Ruda","date":"31 octubre, 2023","format":false,"excerpt":"As\u00ed lo expres\u00f3 la directora de Migraciones Internacionales bonaerense, Manuela Hoya. Record\u00f3 que en territorio provincial, \"hay un mill\u00f3n de electores\" extranjeros \"tienen derecho a votar a todos los cuerpos provinciales\". 31 de Octubre de 2023 BUENOS AIRES -\u00a0 Manuela Hoya, la directora de Migraciones Internacionales de la provincia de\u2026","rel":"","context":"En \u00abDESTACADAS\u00bb","block_context":{"text":"DESTACADAS","link":"https:\/\/larevistadigital.com.ar\/blog\/category\/destacadas\/"},"img":{"alt_text":"","src":"https:\/\/i0.wp.com\/larevistadigital.com.ar\/blog\/wp-content\/uploads\/Captura-de-pantalla-2023-10-31-143707.png?fit=1060%2C529&ssl=1&resize=350%2C200","width":350,"height":200,"srcset":"https:\/\/i0.wp.com\/larevistadigital.com.ar\/blog\/wp-content\/uploads\/Captura-de-pantalla-2023-10-31-143707.png?fit=1060%2C529&ssl=1&resize=350%2C200 1x, https:\/\/i0.wp.com\/larevistadigital.com.ar\/blog\/wp-content\/uploads\/Captura-de-pantalla-2023-10-31-143707.png?fit=1060%2C529&ssl=1&resize=525%2C300 1.5x, https:\/\/i0.wp.com\/larevistadigital.com.ar\/blog\/wp-content\/uploads\/Captura-de-pantalla-2023-10-31-143707.png?fit=1060%2C529&ssl=1&resize=700%2C400 2x, https:\/\/i0.wp.com\/larevistadigital.com.ar\/blog\/wp-content\/uploads\/Captura-de-pantalla-2023-10-31-143707.png?fit=1060%2C529&ssl=1&resize=1050%2C600 3x"},"classes":[]},{"id":34736,"url":"https:\/\/larevistadigital.com.ar\/blog\/el-gobernador-kicillof-da-un-paso-al-frente-por-la-coparticipacion-en-la-provincia-de-buenos-aires\/","url_meta":{"origin":38149,"position":3},"title":"EL GOBERNADOR KICILLOF DA UN PASO AL FRENTE POR LA COPARTICIPACI\u00d3N EN LA PROVINCIA DE BUENOS AIRES","author":"Alejandro Sosa Ruda","date":"4 diciembre, 2023","format":false,"excerpt":"El Gobernador de la Provincia de Buenos Aires, Axel Kicillof advirti\u00f3 el d\u00eda de hoy que se pondr\u00e1 en \"pi\u00e9 de guerra\" por los recursos coparticipables de la provincia. A trav\u00e9s de una publicaci\u00f3n en su cuenta de \"X\" (ex-Twitter), el mandatario asegur\u00f3 que \"va a continuar peleando por los\u2026","rel":"","context":"En \u00abPOLITICA\u00bb","block_context":{"text":"POLITICA","link":"https:\/\/larevistadigital.com.ar\/blog\/category\/politica\/"},"img":{"alt_text":"","src":"https:\/\/i0.wp.com\/larevistadigital.com.ar\/blog\/wp-content\/uploads\/1701645238273.jpg?fit=790%2C493&ssl=1&resize=350%2C200","width":350,"height":200,"srcset":"https:\/\/i0.wp.com\/larevistadigital.com.ar\/blog\/wp-content\/uploads\/1701645238273.jpg?fit=790%2C493&ssl=1&resize=350%2C200 1x, https:\/\/i0.wp.com\/larevistadigital.com.ar\/blog\/wp-content\/uploads\/1701645238273.jpg?fit=790%2C493&ssl=1&resize=525%2C300 1.5x, https:\/\/i0.wp.com\/larevistadigital.com.ar\/blog\/wp-content\/uploads\/1701645238273.jpg?fit=790%2C493&ssl=1&resize=700%2C400 2x"},"classes":[]},{"id":38152,"url":"https:\/\/larevistadigital.com.ar\/blog\/kicillof-entrego-750-computadoras-para-estudiantes-de-la-region-capital\/","url_meta":{"origin":38149,"position":4},"title":"Kicillof entreg\u00f3 750 computadoras para estudiantes de la regi\u00f3n capital","author":"Alejandro Sosa Ruda","date":"6 diciembre, 2024","format":false,"excerpt":"En esta ocasi\u00f3n, fueron beneficiados alumnos de los municipios de La Plata, Berisso, Ensenada, Brandsen, Punta Indio y Magdalena. 6 de Diciembre de 2024 BUENOS AIRES -\u00a0 El gobernador de la provincia de Buenos Aires, Axel Kicillof, encabez\u00f3 este jueves en el Estadio \u00danico \u201cDiego Armando Maradona\u201d de La Plata\u2026","rel":"","context":"En \u00abATAQUE DE RADIO\u00bb","block_context":{"text":"ATAQUE DE RADIO","link":"https:\/\/larevistadigital.com.ar\/blog\/category\/ataque-de-radio\/"},"img":{"alt_text":"","src":"https:\/\/i0.wp.com\/larevistadigital.com.ar\/blog\/wp-content\/uploads\/WhatsApp-Image-2024-12-06-at-16.37.52-1.jpeg?fit=743%2C530&ssl=1&resize=350%2C200","width":350,"height":200,"srcset":"https:\/\/i0.wp.com\/larevistadigital.com.ar\/blog\/wp-content\/uploads\/WhatsApp-Image-2024-12-06-at-16.37.52-1.jpeg?fit=743%2C530&ssl=1&resize=350%2C200 1x, https:\/\/i0.wp.com\/larevistadigital.com.ar\/blog\/wp-content\/uploads\/WhatsApp-Image-2024-12-06-at-16.37.52-1.jpeg?fit=743%2C530&ssl=1&resize=525%2C300 1.5x, https:\/\/i0.wp.com\/larevistadigital.com.ar\/blog\/wp-content\/uploads\/WhatsApp-Image-2024-12-06-at-16.37.52-1.jpeg?fit=743%2C530&ssl=1&resize=700%2C400 2x"},"classes":[]},{"id":36851,"url":"https:\/\/larevistadigital.com.ar\/blog\/el-gobernador-kicillof-participo-de-la-apertura-del-10-congreso-mundial-de-educacion\/","url_meta":{"origin":38149,"position":5},"title":"EL GOBERNADOR KICILLOF, PARTICIP\u00d3 DE LA APERTURA DEL 10\u00b0 CONGRESO MUNDIAL DE EDUCACI\u00d3N","author":"Alejandro Sosa Ruda","date":"30 julio, 2024","format":false,"excerpt":"La jornada se desarroll\u00f3 en el Centro de Convenciones de la Ciudad Aut\u00f3noma de Buenos Aires. 30 de Julio de 2024 BUENOS AIRES\u00a0 -\u00a0 El gobernador de la provincia de Buenos Aires, Axel Kicillof, particip\u00f3 este lunes de la apertura del 10\u00b0 Congreso Mundial de la Internacional de Educaci\u00f3n (IE),\u2026","rel":"","context":"En \u00abDESTACADAS\u00bb","block_context":{"text":"DESTACADAS","link":"https:\/\/larevistadigital.com.ar\/blog\/category\/destacadas\/"},"img":{"alt_text":"","src":"https:\/\/i0.wp.com\/larevistadigital.com.ar\/blog\/wp-content\/uploads\/WhatsApp-Image-2024-07-29-at-12.52.07.jpeg?fit=743%2C530&ssl=1&resize=350%2C200","width":350,"height":200,"srcset":"https:\/\/i0.wp.com\/larevistadigital.com.ar\/blog\/wp-content\/uploads\/WhatsApp-Image-2024-07-29-at-12.52.07.jpeg?fit=743%2C530&ssl=1&resize=350%2C200 1x, https:\/\/i0.wp.com\/larevistadigital.com.ar\/blog\/wp-content\/uploads\/WhatsApp-Image-2024-07-29-at-12.52.07.jpeg?fit=743%2C530&ssl=1&resize=525%2C300 1.5x, https:\/\/i0.wp.com\/larevistadigital.com.ar\/blog\/wp-content\/uploads\/WhatsApp-Image-2024-07-29-at-12.52.07.jpeg?fit=743%2C530&ssl=1&resize=700%2C400 2x"},"classes":[]}],"_links":{"self":[{"href":"https:\/\/larevistadigital.com.ar\/blog\/wp-json\/wp\/v2\/posts\/38149","targetHints":{"allow":["GET"]}}],"collection":[{"href":"https:\/\/larevistadigital.com.ar\/blog\/wp-json\/wp\/v2\/posts"}],"about":[{"href":"https:\/\/larevistadigital.com.ar\/blog\/wp-json\/wp\/v2\/types\/post"}],"author":[{"embeddable":true,"href":"https:\/\/larevistadigital.com.ar\/blog\/wp-json\/wp\/v2\/users\/3"}],"replies":[{"embeddable":true,"href":"https:\/\/larevistadigital.com.ar\/blog\/wp-json\/wp\/v2\/comments?post=38149"}],"version-history":[{"count":1,"href":"https:\/\/larevistadigital.com.ar\/blog\/wp-json\/wp\/v2\/posts\/38149\/revisions"}],"predecessor-version":[{"id":38151,"href":"https:\/\/larevistadigital.com.ar\/blog\/wp-json\/wp\/v2\/posts\/38149\/revisions\/38151"}],"wp:featuredmedia":[{"embeddable":true,"href":"https:\/\/larevistadigital.com.ar\/blog\/wp-json\/wp\/v2\/media\/38150"}],"wp:attachment":[{"href":"https:\/\/larevistadigital.com.ar\/blog\/wp-json\/wp\/v2\/media?parent=38149"}],"wp:term":[{"taxonomy":"category","embeddable":true,"href":"https:\/\/larevistadigital.com.ar\/blog\/wp-json\/wp\/v2\/categories?post=38149"},{"taxonomy":"post_tag","embeddable":true,"href":"https:\/\/larevistadigital.com.ar\/blog\/wp-json\/wp\/v2\/tags?post=38149"}],"curies":[{"name":"wp","href":"https:\/\/api.w.org\/{rel}","templated":true}]}}