{"id":38152,"date":"2024-12-06T21:26:52","date_gmt":"2024-12-07T00:26:52","guid":{"rendered":"https:\/\/larevistadigital.com.ar\/blog\/?p=38152"},"modified":"2024-12-06T21:26:52","modified_gmt":"2024-12-07T00:26:52","slug":"kicillof-entrego-750-computadoras-para-estudiantes-de-la-region-capital","status":"publish","type":"post","link":"https:\/\/larevistadigital.com.ar\/blog\/kicillof-entrego-750-computadoras-para-estudiantes-de-la-region-capital\/","title":{"rendered":"Kicillof entreg\u00f3 750 computadoras para estudiantes de la regi\u00f3n capital"},"content":{"rendered":"<h2>En esta ocasi\u00f3n, fueron beneficiados alumnos de los municipios de La Plata, Berisso, Ensenada, Brandsen, Punta Indio y Magdalena.<\/h2>\n<p>6 de Diciembre de 2024<\/p>\n<p><strong>BUENOS AIRES &#8211;\u00a0 <\/strong>El gobernador de la provincia de Buenos Aires, Axel Kicillof, encabez\u00f3 este jueves en el Estadio \u00danico \u201cDiego Armando Maradona\u201d de La Plata el acto de entrega de 750 computadoras personales a estudiantes de 46 escuelas de la regi\u00f3n capital. Fue junto a la vicegobernadora Ver\u00f3nica Magario; el ministro de Gobierno, Carlos Bianco; el director general de Cultura y Educaci\u00f3n, Alberto Sileoni; y el intendente local, Julio Alak.<\/p>\n<div class=\"field field-name-body field-type-text-with-summary field-label-hidden\">\n<div class=\"field-items\">\n<div class=\"field-item even\">\n<blockquote>\n<h3>En ese marco, Kicillof afirm\u00f3: <em>\u201cEstudiar, entretenerse o formarse profesionalmente es un derecho que no puede ponerse en riesgo: ah\u00ed es donde tiene que estar presente el Estado para que todos y todas puedan saltar esa barrera de acceso.\u201d\u00a0<\/em><\/h3>\n<\/blockquote>\n<p>A trav\u00e9s del trabajo articulado entre el Ministerio de Gobierno y la Direcci\u00f3n General de Cultura y Educaci\u00f3n, las entregas durante este a\u00f1o se destinan a escuelas de educaci\u00f3n especial, rurales, de islas y establecimientos de alta vulnerabilidad social. En esta ocasi\u00f3n, fueron beneficiados alumnos de los municipios de La Plata, Berisso, Ensenada, Brandsen, Punta Indio y Magdalena.<\/p>\n<blockquote>\n<h3><strong><em>\u201cA pesar de que el Gobierno nacional nos sac\u00f3 los recursos para muchas de las pol\u00edticas que llevamos adelante en la provincia de Buenos Aires, tenemos la decisi\u00f3n y el compromiso de continuar con la entrega de computadoras personales para los chicos y chicas que est\u00e1n terminando los estudios secundarios\u201d,<\/em><\/strong> sostuvo Bianco.<\/h3>\n<\/blockquote>\n<p>Por su parte, Sileoni remarc\u00f3: <strong><em>\u201cEn la actualidad la computadora no es un privilegio, es una herramienta que necesitan los pibes y las pibas para proyectar sus estudios superiores, para relacionarse con sus pares o para jugar: cada uno de estos j\u00f3venes hoy se est\u00e1 llevando a su casa un derecho\u201d.\u00a0<\/em><\/strong><\/p>\n<blockquote>\n<h3>En tanto, Alak afirm\u00f3: <em>\u201cEsta es una pol\u00edtica indispensable para desarrollar el conocimiento, pero tambi\u00e9n para que los chicos y chicas tengan una herramienta para disfrutar en sus tiempos de entretenimiento\u201d.\u00a0<\/em><\/h3>\n<\/blockquote>\n<p>Por \u00faltimo, el Gobernador sostuvo: <strong><em>\u201cEn la provincia no somos insensibles ni miramos con indiferencia: frente a las desigualdades que genera el mercado, vamos a estar siempre acompa\u00f1ando a aquellos que m\u00e1s lo necesiten\u201d. \u201cSin igualdad de oportunidades, la libertad es una excusa que solo utilizan para quitarnos derechos: el Gobierno provincial seguir\u00e1 fortaleciendo las pol\u00edticas p\u00fablicas que permitan que ning\u00fan bonaerense se quede afuera\u201d<\/em><\/strong>, concluy\u00f3.<\/p>\n<p>Estuvieron presentes el intendente de Berisso, <strong>Fabi\u00e1n Cagliardi<\/strong>; el subsecretario de Educaci\u00f3n, <strong>Pablo Urquiza<\/strong>; su par de Educaci\u00f3n e Innovaci\u00f3n local, <strong>Yamila Olariaga<\/strong>; la diputada provincial <strong>Luc\u00eda Ia\u00f1ez<\/strong>; y la secretaria de Educaci\u00f3n de La Plata, <strong>Paula Lambertini<\/strong>.<\/p>\n<\/div>\n<\/div>\n<\/div>\n<div class=\"social-share clearfix\"><\/div>\n","protected":false},"excerpt":{"rendered":"<div class=\"mh-excerpt\"><p>En esta ocasi\u00f3n, fueron beneficiados alumnos de los municipios de La Plata, Berisso, Ensenada, Brandsen, Punta Indio y Magdalena. 6 de Diciembre de 2024 BUENOS AIRES &#8211;\u00a0 El gobernador de la provincia de Buenos Aires, <a class=\"mh-excerpt-more\" href=\"https:\/\/larevistadigital.com.ar\/blog\/kicillof-entrego-750-computadoras-para-estudiantes-de-la-region-capital\/\" title=\"Kicillof entreg\u00f3 750 computadoras para estudiantes de la regi\u00f3n capital\">[Leer M\u00e1s]<\/a><\/p>\n<\/div>","protected":false},"author":3,"featured_media":38153,"comment_status":"open","ping_status":"open","sticky":false,"template":"","format":"standard","meta":{"_jetpack_memberships_contains_paid_content":false,"footnotes":"","jetpack_publicize_message":"","jetpack_publicize_feature_enabled":true,"jetpack_social_post_already_shared":true,"jetpack_social_options":{"image_generator_settings":{"template":"highway","default_image_id":0,"font":"","enabled":false},"version":2}},"categories":[247,50,24],"tags":[],"class_list":{"0":"post-38152","1":"post","2":"type-post","3":"status-publish","4":"format-standard","5":"has-post-thumbnail","7":"category-ataque-de-radio","8":"category-interes-general","9":"category-politica-provincial"},"jetpack_publicize_connections":[],"jetpack_featured_media_url":"https:\/\/i0.wp.com\/larevistadigital.com.ar\/blog\/wp-content\/uploads\/WhatsApp-Image-2024-12-06-at-16.37.52-1.jpeg?fit=743%2C530&ssl=1","jetpack_sharing_enabled":true,"jetpack_shortlink":"https:\/\/wp.me\/p8qtrQ-9Vm","jetpack-related-posts":[{"id":38149,"url":"https:\/\/larevistadigital.com.ar\/blog\/kicillof-recorrio-la-expo-escobar-innova-y-se-reunio-con-empresarios-de-la-region\/","url_meta":{"origin":38152,"position":0},"title":"Kicillof recorri\u00f3 la Expo Escobar Innova y se reuni\u00f3 con empresarios de la regi\u00f3n","author":"Alejandro Sosa Ruda","date":"6 diciembre, 2024","format":false,"excerpt":"Adem\u00e1s, el Gobernador entreg\u00f3 actas de inscripci\u00f3n tard\u00eda en el marco del programa Mi Identidad, Mi Derecho. 06 de Diciembre de 2024 BUENOS AIRES -\u00a0 El gobernador de la provincia de Buenos Aires, Axel Kicillof, encabez\u00f3 este jueves en el Estadio \u00danico \u201cDiego Armando Maradona\u201d de La Plata el acto\u2026","rel":"","context":"En \u00abATAQUE DE RADIO\u00bb","block_context":{"text":"ATAQUE DE RADIO","link":"https:\/\/larevistadigital.com.ar\/blog\/category\/ataque-de-radio\/"},"img":{"alt_text":"","src":"https:\/\/i0.wp.com\/larevistadigital.com.ar\/blog\/wp-content\/uploads\/Axel-Kicillof_73.jpg?fit=743%2C530&ssl=1&resize=350%2C200","width":350,"height":200,"srcset":"https:\/\/i0.wp.com\/larevistadigital.com.ar\/blog\/wp-content\/uploads\/Axel-Kicillof_73.jpg?fit=743%2C530&ssl=1&resize=350%2C200 1x, https:\/\/i0.wp.com\/larevistadigital.com.ar\/blog\/wp-content\/uploads\/Axel-Kicillof_73.jpg?fit=743%2C530&ssl=1&resize=525%2C300 1.5x, https:\/\/i0.wp.com\/larevistadigital.com.ar\/blog\/wp-content\/uploads\/Axel-Kicillof_73.jpg?fit=743%2C530&ssl=1&resize=700%2C400 2x"},"classes":[]},{"id":36368,"url":"https:\/\/larevistadigital.com.ar\/blog\/kicillof-encabezo-la-ceremonia-de-promesa-a-la-bandera-nacional-de-estudiantes-bonaerenses\/","url_meta":{"origin":38152,"position":1},"title":"KICILLOF ENCABEZ\u00d3 LA CEREMONIA DE PROMESA A LA BANDERA NACIONAL DE ESTUDIANTES BONAERENSES","author":"Alejandro Sosa Ruda","date":"19 junio, 2024","format":false,"excerpt":"Participaron 810 estudiantes que cursan el 4\u00b0 grado en escuelas primarias de la regi\u00f3n. 19 de Junio de 2024 BUENOS AIRES -\u00a0 El gobernador de la provincia de Buenos Aires, Axel Kicillof, encabez\u00f3 este mi\u00e9rcoles el acto de promesa de lealtad a la bandera nacional por parte de alumnos y\u2026","rel":"","context":"En \u00abINTERES GENERAL\u00bb","block_context":{"text":"INTERES GENERAL","link":"https:\/\/larevistadigital.com.ar\/blog\/category\/interes-general\/"},"img":{"alt_text":"","src":"https:\/\/i0.wp.com\/larevistadigital.com.ar\/blog\/wp-content\/uploads\/DAE4072.jpg?fit=743%2C530&ssl=1&resize=350%2C200","width":350,"height":200,"srcset":"https:\/\/i0.wp.com\/larevistadigital.com.ar\/blog\/wp-content\/uploads\/DAE4072.jpg?fit=743%2C530&ssl=1&resize=350%2C200 1x, https:\/\/i0.wp.com\/larevistadigital.com.ar\/blog\/wp-content\/uploads\/DAE4072.jpg?fit=743%2C530&ssl=1&resize=525%2C300 1.5x, https:\/\/i0.wp.com\/larevistadigital.com.ar\/blog\/wp-content\/uploads\/DAE4072.jpg?fit=743%2C530&ssl=1&resize=700%2C400 2x"},"classes":[]},{"id":40166,"url":"https:\/\/larevistadigital.com.ar\/blog\/kicillof-desembarca-en-mar-del-plata-para-cerrar-un-nuevo-encuentro-del-programa-puentes\/","url_meta":{"origin":38152,"position":2},"title":"Kicillof desembarca en Mar del Plata para cerrar un nuevo encuentro del Programa Puentes","author":"Alejandro Sosa Ruda","date":"24 junio, 2025","format":false,"excerpt":"El gobernador bonaerense participar\u00e1 del evento educativo este viernes 27, en el Gran Hotel Provincial. La jornada reunir\u00e1 a referentes pol\u00edticos, universitarios y del sector productivo. 24 de Junio de 2025 BUENOS AIRES -\u00a0 \u00a0Este viernes 27 de junio, el gobernador Axel Kicillof visitar\u00e1 Mar del Plata para encabezar el\u2026","rel":"","context":"En \u00abPOLITICA PROVINCIAL\u00bb","block_context":{"text":"POLITICA PROVINCIAL","link":"https:\/\/larevistadigital.com.ar\/blog\/category\/politica\/politica-provincial\/"},"img":{"alt_text":"","src":"https:\/\/i0.wp.com\/larevistadigital.com.ar\/blog\/wp-content\/uploads\/Captura-de-pantalla-2025-06-24-122038.jpg?fit=651%2C510&ssl=1&resize=350%2C200","width":350,"height":200,"srcset":"https:\/\/i0.wp.com\/larevistadigital.com.ar\/blog\/wp-content\/uploads\/Captura-de-pantalla-2025-06-24-122038.jpg?fit=651%2C510&ssl=1&resize=350%2C200 1x, https:\/\/i0.wp.com\/larevistadigital.com.ar\/blog\/wp-content\/uploads\/Captura-de-pantalla-2025-06-24-122038.jpg?fit=651%2C510&ssl=1&resize=525%2C300 1.5x"},"classes":[]},{"id":33521,"url":"https:\/\/larevistadigital.com.ar\/blog\/zarate-kicillof-anuncio-la-construccion-de-un-nuevo-hospital\/","url_meta":{"origin":38152,"position":3},"title":"Z\u00c1RATE: KICILLOF ANUNCI\u00d3 LA CONSTRUCCI\u00d3N DE UN NUEVO HOSPITAL","author":"Alejandro Sosa Ruda","date":"20 septiembre, 2023","format":false,"excerpt":"Adem\u00e1s, el mandatario puso en funcionamiento dos ambulancias para fortalecer la gesti\u00f3n de emergencias en el distrito y entreg\u00f3 20 computadoras destinadas a la implementaci\u00f3n del programa de Historia de Salud Integrada (HSI). 20 de Septiembre de 2023 BUENOS AIRES -\u00a0 El gobernador de la provincia de Buenos Aires, Axel\u2026","rel":"","context":"En \u00abPOLITICA PROVINCIAL\u00bb","block_context":{"text":"POLITICA PROVINCIAL","link":"https:\/\/larevistadigital.com.ar\/blog\/category\/politica\/politica-provincial\/"},"img":{"alt_text":"","src":"https:\/\/i0.wp.com\/larevistadigital.com.ar\/blog\/wp-content\/uploads\/650b755d919cb_1200.jpg?fit=1200%2C675&ssl=1&resize=350%2C200","width":350,"height":200,"srcset":"https:\/\/i0.wp.com\/larevistadigital.com.ar\/blog\/wp-content\/uploads\/650b755d919cb_1200.jpg?fit=1200%2C675&ssl=1&resize=350%2C200 1x, https:\/\/i0.wp.com\/larevistadigital.com.ar\/blog\/wp-content\/uploads\/650b755d919cb_1200.jpg?fit=1200%2C675&ssl=1&resize=525%2C300 1.5x, https:\/\/i0.wp.com\/larevistadigital.com.ar\/blog\/wp-content\/uploads\/650b755d919cb_1200.jpg?fit=1200%2C675&ssl=1&resize=700%2C400 2x, https:\/\/i0.wp.com\/larevistadigital.com.ar\/blog\/wp-content\/uploads\/650b755d919cb_1200.jpg?fit=1200%2C675&ssl=1&resize=1050%2C600 3x"},"classes":[]},{"id":34137,"url":"https:\/\/larevistadigital.com.ar\/blog\/axel-kicillof-cerro-la-campana-junto-a-julio-alak-mario-secco-y-fabian-cagliardi\/","url_meta":{"origin":38152,"position":4},"title":"AXEL KICILLOF CERR\u00d3 LA CAMPA\u00d1A JUNTO A JULIO ALAK, MARIO SECCO Y FABI\u00c1N CAGLIARDI","author":"Alejandro Sosa Ruda","date":"19 octubre, 2023","format":false,"excerpt":"El candidato a intendente de La Plata de UxP firm\u00f3 un acta compromiso junto a los intendentes de Berisso y Ensenada para fomentar el desarrollo de la regi\u00f3n. 19 de Octubre de 2023 BUENOS AIRES -\u00a0 El candidato a intendente de\u00a0Uni\u00f3n por la Patria,\u00a0Julio Alak, cerr\u00f3 este jueves su campa\u00f1a\u2026","rel":"","context":"En \u00abDESTACADAS\u00bb","block_context":{"text":"DESTACADAS","link":"https:\/\/larevistadigital.com.ar\/blog\/category\/destacadas\/"},"img":{"alt_text":"","src":"https:\/\/i0.wp.com\/larevistadigital.com.ar\/blog\/wp-content\/uploads\/Captura-de-pantalla-2023-10-19-232941.png?fit=881%2C425&ssl=1&resize=350%2C200","width":350,"height":200,"srcset":"https:\/\/i0.wp.com\/larevistadigital.com.ar\/blog\/wp-content\/uploads\/Captura-de-pantalla-2023-10-19-232941.png?fit=881%2C425&ssl=1&resize=350%2C200 1x, https:\/\/i0.wp.com\/larevistadigital.com.ar\/blog\/wp-content\/uploads\/Captura-de-pantalla-2023-10-19-232941.png?fit=881%2C425&ssl=1&resize=525%2C300 1.5x, https:\/\/i0.wp.com\/larevistadigital.com.ar\/blog\/wp-content\/uploads\/Captura-de-pantalla-2023-10-19-232941.png?fit=881%2C425&ssl=1&resize=700%2C400 2x"},"classes":[]},{"id":39550,"url":"https:\/\/larevistadigital.com.ar\/blog\/el-gobernador-kicillof-presento-nuevas-obras-en-educacion-y-seguridad\/","url_meta":{"origin":38152,"position":5},"title":"El gobernador Kicillof present\u00f3 nuevas obras en Educaci\u00f3n y Seguridad","author":"Alejandro Sosa Ruda","date":"26 abril, 2025","format":false,"excerpt":"El gobernador bonaerense Axel Kicillof visit\u00f3 este viernes Trenque Lauquen para inaugurar obras en escuelas y reforzar el sistema de seguridad local. Adem\u00e1s, entreg\u00f3 computadoras del programa Conectar Igualdad Bonaerense y puso en marcha nuevos patrulleros para el distrito. 26 de Abril de 2026 BUENOS AIRES -\u00a0\u00a0Durante el acto, Kicillof\u2026","rel":"","context":"En \u00abDESTACADAS\u00bb","block_context":{"text":"DESTACADAS","link":"https:\/\/larevistadigital.com.ar\/blog\/category\/destacadas\/"},"img":{"alt_text":"","src":"https:\/\/i0.wp.com\/larevistadigital.com.ar\/blog\/wp-content\/uploads\/20250425173040_kicillof-trenque-lauquen-escuela-primaria-n3.jpg?fit=880%2C512&ssl=1&resize=350%2C200","width":350,"height":200,"srcset":"https:\/\/i0.wp.com\/larevistadigital.com.ar\/blog\/wp-content\/uploads\/20250425173040_kicillof-trenque-lauquen-escuela-primaria-n3.jpg?fit=880%2C512&ssl=1&resize=350%2C200 1x, https:\/\/i0.wp.com\/larevistadigital.com.ar\/blog\/wp-content\/uploads\/20250425173040_kicillof-trenque-lauquen-escuela-primaria-n3.jpg?fit=880%2C512&ssl=1&resize=525%2C300 1.5x, https:\/\/i0.wp.com\/larevistadigital.com.ar\/blog\/wp-content\/uploads\/20250425173040_kicillof-trenque-lauquen-escuela-primaria-n3.jpg?fit=880%2C512&ssl=1&resize=700%2C400 2x"},"classes":[]}],"_links":{"self":[{"href":"https:\/\/larevistadigital.com.ar\/blog\/wp-json\/wp\/v2\/posts\/38152","targetHints":{"allow":["GET"]}}],"collection":[{"href":"https:\/\/larevistadigital.com.ar\/blog\/wp-json\/wp\/v2\/posts"}],"about":[{"href":"https:\/\/larevistadigital.com.ar\/blog\/wp-json\/wp\/v2\/types\/post"}],"author":[{"embeddable":true,"href":"https:\/\/larevistadigital.com.ar\/blog\/wp-json\/wp\/v2\/users\/3"}],"replies":[{"embeddable":true,"href":"https:\/\/larevistadigital.com.ar\/blog\/wp-json\/wp\/v2\/comments?post=38152"}],"version-history":[{"count":1,"href":"https:\/\/larevistadigital.com.ar\/blog\/wp-json\/wp\/v2\/posts\/38152\/revisions"}],"predecessor-version":[{"id":38154,"href":"https:\/\/larevistadigital.com.ar\/blog\/wp-json\/wp\/v2\/posts\/38152\/revisions\/38154"}],"wp:featuredmedia":[{"embeddable":true,"href":"https:\/\/larevistadigital.com.ar\/blog\/wp-json\/wp\/v2\/media\/38153"}],"wp:attachment":[{"href":"https:\/\/larevistadigital.com.ar\/blog\/wp-json\/wp\/v2\/media?parent=38152"}],"wp:term":[{"taxonomy":"category","embeddable":true,"href":"https:\/\/larevistadigital.com.ar\/blog\/wp-json\/wp\/v2\/categories?post=38152"},{"taxonomy":"post_tag","embeddable":true,"href":"https:\/\/larevistadigital.com.ar\/blog\/wp-json\/wp\/v2\/tags?post=38152"}],"curies":[{"name":"wp","href":"https:\/\/api.w.org\/{rel}","templated":true}]}}