{"id":38155,"date":"2024-12-06T21:33:11","date_gmt":"2024-12-07T00:33:11","guid":{"rendered":"https:\/\/larevistadigital.com.ar\/blog\/?p=38155"},"modified":"2024-12-06T21:33:11","modified_gmt":"2024-12-07T00:33:11","slug":"la-pobreza-afecta-al-499-de-los-argentinos-en-el-tercer-trimestre","status":"publish","type":"post","link":"https:\/\/larevistadigital.com.ar\/blog\/la-pobreza-afecta-al-499-de-los-argentinos-en-el-tercer-trimestre\/","title":{"rendered":"La pobreza afecta al 49,9% de los argentinos en el tercer trimestre"},"content":{"rendered":"<h2 class=\"fparrafo ctext fz18 lh25\">De acuerdo con estimaciones del Observatorio de la Deuda Social de la Universidad Cat\u00f3lica Argentina (ODSA-UCA), la pobreza en Argentina alcanz\u00f3 al 49,9% de la poblaci\u00f3n y la indigencia al 12,3% durante el tercer trimestre de 2024.<\/h2>\n<p>06 de Diciembre de 2024<\/p>\n<p><strong>BUENOS AIRES &#8211;\u00a0<\/strong> La pobreza infantil registr\u00f3 un incremento significativo, afectando al 65,5% de los menores de 18 a\u00f1os, frente al 62,9% del a\u00f1o anterior. La indigencia en este grupo tambi\u00e9n subi\u00f3, pasando de 16,2% a 19,2%. <strong><em>\u201cDos de cada diez ni\u00f1os viven en pobreza extrema, una situaci\u00f3n que recuerda los niveles cr\u00edticos de la crisis de 2002 y representa una grave p\u00e9rdida de capital humano\u201d<\/em><\/strong>, advirti\u00f3 el informe.<\/p>\n<p><span style=\"color: #ff0000\"><b>Factores de la mejora relativa<\/b><\/span><br \/>\nEl director del ODSA, <strong>Agust\u00edn Salvia<\/strong>, atribuy\u00f3 la reciente disminuci\u00f3n de la pobreza e indigencia a la desaceleraci\u00f3n de la inflaci\u00f3n y la estabilidad del empleo. Sin embargo, aclar\u00f3 que esto no se traduce en una mejora tangible para las familias, ya que el aumento de costos en servicios b\u00e1sicos como transporte y energ\u00eda reduce su capacidad de consumo.<\/p>\n<p><span style=\"color: #ff0000\"><b>Precarizaci\u00f3n laboral y desigualdad persistente<\/b><\/span><br \/>\nEl empleo pleno sigue siendo un desaf\u00edo estructural: solo 4 de cada 10 personas tienen un trabajo formal, mientras que el 51,8% de los trabajadores no realiza aportes a la seguridad social. Los ingresos laborales cayeron un 19% entre 2022 y 2024, siendo los empleos informales los m\u00e1s afectados, con una reducci\u00f3n superior al 20%.<\/p>\n<p><span style=\"color: #ff0000\"><b>La inseguridad alimentaria y el rol del Estado<\/b><\/span><br \/>\nLa inseguridad alimentaria alcanz\u00f3 al 24,3% de la poblaci\u00f3n, un incremento sostenido desde 2018. Los programas sociales, como la Asignaci\u00f3n Universal por Hijo (AUH) y la Tarjeta Alimentar, mitigan parcialmente el impacto, cubriendo el 50% de la canasta alimentaria y el 25% de la canasta b\u00e1sica total. Actualmente, el 36,3% de los hogares recibe alg\u00fan tipo de asistencia estatal.<\/p>\n<p><span style=\"color: #ff0000\"><b>Tres Argentinas: un retrato de la desigualdad<\/b><\/span><br \/>\nEl informe clasifica a la poblaci\u00f3n en tres grandes grupos: un 3% pertenece a la \u00e9lite econ\u00f3mica, un 27% a las clases medias integradas, un 40% a las clases medias tradicionales, y un 30% a las clases pobres estructurales.<\/p>\n<p>El informe concluye que, aunque hubo un leve alivio en los indicadores de pobreza, el pa\u00eds enfrenta problemas estructurales agravados por la inflaci\u00f3n, la precarizaci\u00f3n laboral y el deterioro del poder adquisitivo.\u00a0<b>(InfoGEI)Ac<\/b><\/p>\n","protected":false},"excerpt":{"rendered":"<div class=\"mh-excerpt\"><p>De acuerdo con estimaciones del Observatorio de la Deuda Social de la Universidad Cat\u00f3lica Argentina (ODSA-UCA), la pobreza en Argentina alcanz\u00f3 al 49,9% de la poblaci\u00f3n y la indigencia al 12,3% durante el tercer trimestre <a class=\"mh-excerpt-more\" href=\"https:\/\/larevistadigital.com.ar\/blog\/la-pobreza-afecta-al-499-de-los-argentinos-en-el-tercer-trimestre\/\" title=\"La pobreza afecta al 49,9% de los argentinos en el tercer trimestre\">[Leer M\u00e1s]<\/a><\/p>\n<\/div>","protected":false},"author":3,"featured_media":38156,"comment_status":"open","ping_status":"open","sticky":false,"template":"","format":"standard","meta":{"_jetpack_memberships_contains_paid_content":false,"footnotes":"","jetpack_publicize_message":"","jetpack_publicize_feature_enabled":true,"jetpack_social_post_already_shared":true,"jetpack_social_options":{"image_generator_settings":{"template":"highway","default_image_id":0,"font":"","enabled":false},"version":2}},"categories":[50,12],"tags":[],"class_list":{"0":"post-38155","1":"post","2":"type-post","3":"status-publish","4":"format-standard","5":"has-post-thumbnail","7":"category-interes-general","8":"category-politica"},"jetpack_publicize_connections":[],"jetpack_featured_media_url":"https:\/\/i0.wp.com\/larevistadigital.com.ar\/blog\/wp-content\/uploads\/20241206183932_pobreza-tercer-trimestre-uca-odsa.jpg?fit=880%2C512&ssl=1","jetpack_sharing_enabled":true,"jetpack_shortlink":"https:\/\/wp.me\/p8qtrQ-9Vp","jetpack-related-posts":[{"id":901,"url":"https:\/\/larevistadigital.com.ar\/blog\/la-pobreza-subio-al-33-primer-ano-del-gobierno-macri-segun-la-uca\/","url_meta":{"origin":38155,"position":0},"title":"La pobreza subi\u00f3 al 33% durante el primer a\u00f1o del gobierno de Macri, seg\u00fan la UCA","author":"Alejandro Sosa Ruda","date":"10 marzo, 2017","format":false,"excerpt":"Fue anunciado en un informe elaborado por el Observatorio de la Deuda Social Argentina de la Universidad Cat\u00f3lica Argentina. \"La tasa de pobreza ascendi\u00f3 de 29 por ciento a fines de 2015 a 32,9 en el tercer trimestre de 2016, lo cual significar\u00eda un aumento de 1,5 millones de nuevos\u2026","rel":"","context":"En \u00abPOLITICA\u00bb","block_context":{"text":"POLITICA","link":"https:\/\/larevistadigital.com.ar\/blog\/category\/politica\/"},"img":{"alt_text":"","src":"https:\/\/i0.wp.com\/larevistadigital.com.ar\/blog\/wp-content\/uploads\/2017\/03\/66e8cb5aa1efc14aa22f1b98edea787e.jpg?fit=700%2C512&ssl=1&resize=350%2C200","width":350,"height":200,"srcset":"https:\/\/i0.wp.com\/larevistadigital.com.ar\/blog\/wp-content\/uploads\/2017\/03\/66e8cb5aa1efc14aa22f1b98edea787e.jpg?fit=700%2C512&ssl=1&resize=350%2C200 1x, https:\/\/i0.wp.com\/larevistadigital.com.ar\/blog\/wp-content\/uploads\/2017\/03\/66e8cb5aa1efc14aa22f1b98edea787e.jpg?fit=700%2C512&ssl=1&resize=525%2C300 1.5x, https:\/\/i0.wp.com\/larevistadigital.com.ar\/blog\/wp-content\/uploads\/2017\/03\/66e8cb5aa1efc14aa22f1b98edea787e.jpg?fit=700%2C512&ssl=1&resize=700%2C400 2x"},"classes":[]},{"id":35117,"url":"https:\/\/larevistadigital.com.ar\/blog\/tratando-de-eludir-responsabilidades-por-jorge-macchi\/","url_meta":{"origin":38155,"position":1},"title":"TRATANDO DE ELUDIR RESPONSABILIDADES&#8230; (Por Jorge Macchi)","author":"Alejandro Sosa Ruda","date":"26 enero, 2024","format":false,"excerpt":"Una interesante y necesaria reflexi\u00f3n del dirigente radical, que conoce del tema y lo aborda, mientras muchos miran hacia otro lado. 26 de enero de 2023 Esta\u00a0semana, el Intendente Municipal, tanto en medios locales como en provinciales, manifest\u00f3:\u00a0que en las \u00faltimas semanas se registr\u00f3 un notable incremento en las solicitudes\u2026","rel":"","context":"En \u00abDESTACADAS\u00bb","block_context":{"text":"DESTACADAS","link":"https:\/\/larevistadigital.com.ar\/blog\/category\/destacadas\/"},"img":{"alt_text":"","src":"https:\/\/i0.wp.com\/larevistadigital.com.ar\/blog\/wp-content\/uploads\/Captura-de-pantalla-2024-01-26-123757.png?fit=842%2C559&ssl=1&resize=350%2C200","width":350,"height":200,"srcset":"https:\/\/i0.wp.com\/larevistadigital.com.ar\/blog\/wp-content\/uploads\/Captura-de-pantalla-2024-01-26-123757.png?fit=842%2C559&ssl=1&resize=350%2C200 1x, https:\/\/i0.wp.com\/larevistadigital.com.ar\/blog\/wp-content\/uploads\/Captura-de-pantalla-2024-01-26-123757.png?fit=842%2C559&ssl=1&resize=525%2C300 1.5x, https:\/\/i0.wp.com\/larevistadigital.com.ar\/blog\/wp-content\/uploads\/Captura-de-pantalla-2024-01-26-123757.png?fit=842%2C559&ssl=1&resize=700%2C400 2x"},"classes":[]},{"id":231,"url":"https:\/\/larevistadigital.com.ar\/blog\/no-le-ponemos-freno-al-gobierno-terminamos-2011-sebastian-maturano-ferroviario\/","url_meta":{"origin":38155,"position":2},"title":"\u201cSi no le ponemos un freno al gobierno, terminamos como en el 2011\u201d SEBASTI\u00c1N MATURANO (FERROVIARIO)","author":"editor","date":"13 febrero, 2017","format":false,"excerpt":"Durante el primer encuentro del ciclo de charlas \u201cEl rol de la juventud en la coyuntura actual\u201d, el secretario de Juventud de La Fraternidad y dirigente de la Juventud Sindical Nacional,\u00a0Sebastian Maturano que fue part\u00edcipe como orador, sostuvo que \u201cEstamos mal.\u00a0Hay que ponerle un freno al gobierno para no terminar\u2026","rel":"","context":"En \u00abGREMIALES\u00bb","block_context":{"text":"GREMIALES","link":"https:\/\/larevistadigital.com.ar\/blog\/category\/gremiales\/"},"img":{"alt_text":"","src":"https:\/\/i0.wp.com\/larevistadigital.com.ar\/blog\/wp-content\/uploads\/2017\/02\/FERROV1.jpg?fit=959%2C563&ssl=1&resize=350%2C200","width":350,"height":200,"srcset":"https:\/\/i0.wp.com\/larevistadigital.com.ar\/blog\/wp-content\/uploads\/2017\/02\/FERROV1.jpg?fit=959%2C563&ssl=1&resize=350%2C200 1x, https:\/\/i0.wp.com\/larevistadigital.com.ar\/blog\/wp-content\/uploads\/2017\/02\/FERROV1.jpg?fit=959%2C563&ssl=1&resize=525%2C300 1.5x, https:\/\/i0.wp.com\/larevistadigital.com.ar\/blog\/wp-content\/uploads\/2017\/02\/FERROV1.jpg?fit=959%2C563&ssl=1&resize=700%2C400 2x"},"classes":[]},{"id":37970,"url":"https:\/\/larevistadigital.com.ar\/blog\/gremios-e-intendentes-organizan-protesta-contra-la-gestion-de-milei\/","url_meta":{"origin":38155,"position":3},"title":"Gremios e intendentes organizan protesta contra la gesti\u00f3n de Milei","author":"Alejandro Sosa Ruda","date":"23 noviembre, 2024","format":false,"excerpt":"Las dos Centrales de Trabajadores Argentinos (CTA Aut\u00f3noma y CTA de los Trabajadores) se reunieron con intendentes del conurbano bonaerense para sumar su apoyo a una movilizaci\u00f3n contra las pol\u00edticas del presidente Javier Milei. 23 de Noviembre de 2024 BUENOS AIRES -\u00a0 En el marco de una serie de encuentros\u2026","rel":"","context":"En \u00abATAQUE DE RADIO\u00bb","block_context":{"text":"ATAQUE DE RADIO","link":"https:\/\/larevistadigital.com.ar\/blog\/category\/ataque-de-radio\/"},"img":{"alt_text":"","src":"https:\/\/i0.wp.com\/larevistadigital.com.ar\/blog\/wp-content\/uploads\/20241122152955_cta-intendentes-conurbano-movilizacion-contra-milei.jpg?fit=880%2C512&ssl=1&resize=350%2C200","width":350,"height":200,"srcset":"https:\/\/i0.wp.com\/larevistadigital.com.ar\/blog\/wp-content\/uploads\/20241122152955_cta-intendentes-conurbano-movilizacion-contra-milei.jpg?fit=880%2C512&ssl=1&resize=350%2C200 1x, https:\/\/i0.wp.com\/larevistadigital.com.ar\/blog\/wp-content\/uploads\/20241122152955_cta-intendentes-conurbano-movilizacion-contra-milei.jpg?fit=880%2C512&ssl=1&resize=525%2C300 1.5x, https:\/\/i0.wp.com\/larevistadigital.com.ar\/blog\/wp-content\/uploads\/20241122152955_cta-intendentes-conurbano-movilizacion-contra-milei.jpg?fit=880%2C512&ssl=1&resize=700%2C400 2x"},"classes":[]},{"id":1109,"url":"https:\/\/larevistadigital.com.ar\/blog\/con-la-presencia-del-jefe-de-gabinete-el-22-de-marzo-reinicia-la-actividad-parlamentaria\/","url_meta":{"origin":38155,"position":4},"title":"Con la presencia del jefe de Gabinete el 22 de marzo reinicia la actividad parlamentaria","author":"editor","date":"13 marzo, 2017","format":false,"excerpt":"Marcar\u00e1 el inicio del a\u00f1o parlamentario y reavivar\u00e1 el debate pol\u00edtico, a partir del balance que realice el funcionario y las preguntas que le formulen los diputados, que estar\u00e1n centradas en pol\u00edtica tarifaria, pobreza y la pol\u00e9mica por el Correo Argentino y Avianca, entre otras cuestiones. Si bien antes habr\u00e1\u2026","rel":"","context":"En \u00abPOLITICA\u00bb","block_context":{"text":"POLITICA","link":"https:\/\/larevistadigital.com.ar\/blog\/category\/politica\/"},"img":{"alt_text":"","src":"https:\/\/i0.wp.com\/larevistadigital.com.ar\/blog\/wp-content\/uploads\/2017\/03\/57eb94ed3c136_645x362.jpg?fit=645%2C362&ssl=1&resize=350%2C200","width":350,"height":200,"srcset":"https:\/\/i0.wp.com\/larevistadigital.com.ar\/blog\/wp-content\/uploads\/2017\/03\/57eb94ed3c136_645x362.jpg?fit=645%2C362&ssl=1&resize=350%2C200 1x, https:\/\/i0.wp.com\/larevistadigital.com.ar\/blog\/wp-content\/uploads\/2017\/03\/57eb94ed3c136_645x362.jpg?fit=645%2C362&ssl=1&resize=525%2C300 1.5x"},"classes":[]},{"id":25810,"url":"https:\/\/larevistadigital.com.ar\/blog\/gustavo-lopez-la-transformacion-debe-incluir-a-los-trabajadores\/","url_meta":{"origin":38155,"position":5},"title":"GUSTAVO L\u00d3PEZ: \u00abLA TRANSFORMACI\u00d3N DEBE INCLU\u00cdR A LOS TRABAJADORES\u00bb","author":"Alejandro Sosa Ruda","date":"12 junio, 2022","format":false,"excerpt":"Una nota del dirigente pol\u00edtico, que pone la lupa en un problema que para muchos es hoy su mayor preocupaci\u00f3n, y que extra\u00f1amente desde los gremios poco se hace por la lucha de los derechos de los empleados municipales. CHASCOM\u00daS -\u00a0 Gustavo L\u00f3pez public\u00f3 en su cuenta de Facebook una\u2026","rel":"","context":"En \u00abINTERES GENERAL\u00bb","block_context":{"text":"INTERES GENERAL","link":"https:\/\/larevistadigital.com.ar\/blog\/category\/interes-general\/"},"img":{"alt_text":"","src":"https:\/\/i0.wp.com\/larevistadigital.com.ar\/blog\/wp-content\/uploads\/226303984_3088848334728579_5315602216682501337_n-e1655076840664.jpg?fit=991%2C408&ssl=1&resize=350%2C200","width":350,"height":200,"srcset":"https:\/\/i0.wp.com\/larevistadigital.com.ar\/blog\/wp-content\/uploads\/226303984_3088848334728579_5315602216682501337_n-e1655076840664.jpg?fit=991%2C408&ssl=1&resize=350%2C200 1x, https:\/\/i0.wp.com\/larevistadigital.com.ar\/blog\/wp-content\/uploads\/226303984_3088848334728579_5315602216682501337_n-e1655076840664.jpg?fit=991%2C408&ssl=1&resize=525%2C300 1.5x, https:\/\/i0.wp.com\/larevistadigital.com.ar\/blog\/wp-content\/uploads\/226303984_3088848334728579_5315602216682501337_n-e1655076840664.jpg?fit=991%2C408&ssl=1&resize=700%2C400 2x"},"classes":[]}],"_links":{"self":[{"href":"https:\/\/larevistadigital.com.ar\/blog\/wp-json\/wp\/v2\/posts\/38155","targetHints":{"allow":["GET"]}}],"collection":[{"href":"https:\/\/larevistadigital.com.ar\/blog\/wp-json\/wp\/v2\/posts"}],"about":[{"href":"https:\/\/larevistadigital.com.ar\/blog\/wp-json\/wp\/v2\/types\/post"}],"author":[{"embeddable":true,"href":"https:\/\/larevistadigital.com.ar\/blog\/wp-json\/wp\/v2\/users\/3"}],"replies":[{"embeddable":true,"href":"https:\/\/larevistadigital.com.ar\/blog\/wp-json\/wp\/v2\/comments?post=38155"}],"version-history":[{"count":1,"href":"https:\/\/larevistadigital.com.ar\/blog\/wp-json\/wp\/v2\/posts\/38155\/revisions"}],"predecessor-version":[{"id":38157,"href":"https:\/\/larevistadigital.com.ar\/blog\/wp-json\/wp\/v2\/posts\/38155\/revisions\/38157"}],"wp:featuredmedia":[{"embeddable":true,"href":"https:\/\/larevistadigital.com.ar\/blog\/wp-json\/wp\/v2\/media\/38156"}],"wp:attachment":[{"href":"https:\/\/larevistadigital.com.ar\/blog\/wp-json\/wp\/v2\/media?parent=38155"}],"wp:term":[{"taxonomy":"category","embeddable":true,"href":"https:\/\/larevistadigital.com.ar\/blog\/wp-json\/wp\/v2\/categories?post=38155"},{"taxonomy":"post_tag","embeddable":true,"href":"https:\/\/larevistadigital.com.ar\/blog\/wp-json\/wp\/v2\/tags?post=38155"}],"curies":[{"name":"wp","href":"https:\/\/api.w.org\/{rel}","templated":true}]}}