{"id":38158,"date":"2024-12-06T21:37:38","date_gmt":"2024-12-07T00:37:38","guid":{"rendered":"https:\/\/larevistadigital.com.ar\/blog\/?p=38158"},"modified":"2024-12-06T21:37:38","modified_gmt":"2024-12-07T00:37:38","slug":"el-autodromo-juan-maria-traverso-sera-sede-de-la-gran-final-del-superbike-bonaerense-2024","status":"publish","type":"post","link":"https:\/\/larevistadigital.com.ar\/blog\/el-autodromo-juan-maria-traverso-sera-sede-de-la-gran-final-del-superbike-bonaerense-2024\/","title":{"rendered":"El Aut\u00f3dromo Juan Mar\u00eda Traverso ser\u00e1 sede de la gran final del Superbike Bonaerense 2024"},"content":{"rendered":"<h2 class=\"fparrafo ctext fz18 lh25\">Este fin de semana, el aut\u00f3dromo de San Nicol\u00e1s se convertir\u00e1 en el escenario principal del motociclismo provincial con la \u00faltima fecha del Superbike Bonaerense 2024, que se disputar\u00e1 el s\u00e1bado 7 y el domingo 8 de diciembre.<\/h2>\n<p>6 de diciembre de 2024<\/p>\n<p><strong>BUENOS AIRES &#8211;<\/strong>\u00a0 El cronograma del evento indica que las actividades comenzar\u00e1n este s\u00e1bado a las 9:30 con las primeras sesiones de entrenamiento. Las clasificaciones tendr\u00e1n lugar desde el mediod\u00eda, iniciando con la categor\u00eda Moto 3, seguida por Amateurs y +50, SBK y Stock 600, 300 Pro y 300 Stock, y finalmente SBK y Stock 1000.<\/p>\n<blockquote>\n<h3>Por la tarde, a las 19:30, se realizar\u00e1 una conferencia de prensa en la sala del aut\u00f3dromo, con la participaci\u00f3n de autoridades municipales, dirigentes de la Federaci\u00f3n Bonaerense de Motociclismo y pilotos destacados. En este encuentro, se presentar\u00e1 el calendario oficial y los reglamentos t\u00e9cnicos para la temporada 2025.<\/h3>\n<\/blockquote>\n<p>Seg\u00fan consigna el portal Cosa Cierta, el domingo, las pruebas de \u00abtanques llenos\u00bb comenzar\u00e1n a las 9:00, mientras que las finales, donde se consagrar\u00e1n los campeones, est\u00e1n programadas para las 13:00.<\/p>\n<p><b>Entradas y accesos<\/b><\/p>\n<p>La entrada general al evento ser\u00e1 gratuita. El acceso a boxes tendr\u00e1 un costo de $8.000, con estacionamiento para veh\u00edculos por $2.000. Los motociclistas tendr\u00e1n estacionamiento gratuito en boxes y acceso a una promoci\u00f3n 2\u00d71 en las entradas.<\/p>\n<p><b>San Nicol\u00e1s: epicentro del motociclismo provincial<\/b><\/p>\n<p>Con esta jornada, San Nicol\u00e1s cierra el calendario del motociclismo provincial, consolid\u00e1ndose como un referente para eventos deportivos en la regi\u00f3n y reafirmando su compromiso con la promoci\u00f3n del deporte motor.\u00a0<b>(InfoGEI)Ac<\/b><\/p>\n","protected":false},"excerpt":{"rendered":"<div class=\"mh-excerpt\"><p>Este fin de semana, el aut\u00f3dromo de San Nicol\u00e1s se convertir\u00e1 en el escenario principal del motociclismo provincial con la \u00faltima fecha del Superbike Bonaerense 2024, que se disputar\u00e1 el s\u00e1bado 7 y el domingo <a class=\"mh-excerpt-more\" href=\"https:\/\/larevistadigital.com.ar\/blog\/el-autodromo-juan-maria-traverso-sera-sede-de-la-gran-final-del-superbike-bonaerense-2024\/\" title=\"El Aut\u00f3dromo Juan Mar\u00eda Traverso ser\u00e1 sede de la gran final del Superbike Bonaerense 2024\">[Leer M\u00e1s]<\/a><\/p>\n<\/div>","protected":false},"author":3,"featured_media":38159,"comment_status":"open","ping_status":"open","sticky":false,"template":"","format":"standard","meta":{"_jetpack_memberships_contains_paid_content":false,"footnotes":"","jetpack_publicize_message":"","jetpack_publicize_feature_enabled":true,"jetpack_social_post_already_shared":true,"jetpack_social_options":{"image_generator_settings":{"template":"highway","default_image_id":0,"font":"","enabled":false},"version":2}},"categories":[50],"tags":[],"class_list":{"0":"post-38158","1":"post","2":"type-post","3":"status-publish","4":"format-standard","5":"has-post-thumbnail","7":"category-interes-general"},"jetpack_publicize_connections":[],"jetpack_featured_media_url":"https:\/\/i0.wp.com\/larevistadigital.com.ar\/blog\/wp-content\/uploads\/20241206183219_autodromo-juan-maria-traverso-superbike-bonaerense.jpg?fit=880%2C512&ssl=1","jetpack_sharing_enabled":true,"jetpack_shortlink":"https:\/\/wp.me\/p8qtrQ-9Vs","jetpack-related-posts":[{"id":15599,"url":"https:\/\/larevistadigital.com.ar\/blog\/roban-buffet-del-autodromo-ciudad-de-dolores\/","url_meta":{"origin":38158,"position":0},"title":"ROBAN BUFFET  DEL AUT\u00d3DROMO CIUDAD DE DOLORES","author":"Alejandro Sosa Ruda","date":"11 junio, 2020","format":false,"excerpt":"Ayer, las autoridades del Aut\u00f3dromo de \u201cCiudad de Dolores\u201d constataron que delincuentes hab\u00edan ingresado al Buffet de la instituci\u00f3n. Los ladrones entraron tras romper un vidrio y se llevaron mercader\u00eda (hamburguesas, cortes de carne) y otros elementos y utensilios. Seg\u00fan informaron desde la Instituci\u00f3n a\u00fan no han podido corroborar la\u2026","rel":"","context":"En \u00abDOLORES\u00bb","block_context":{"text":"DOLORES","link":"https:\/\/larevistadigital.com.ar\/blog\/category\/dolores\/"},"img":{"alt_text":"","src":"https:\/\/i0.wp.com\/larevistadigital.com.ar\/blog\/wp-content\/uploads\/Autodromo2.jpg?fit=693%2C346&ssl=1&resize=350%2C200","width":350,"height":200,"srcset":"https:\/\/i0.wp.com\/larevistadigital.com.ar\/blog\/wp-content\/uploads\/Autodromo2.jpg?fit=693%2C346&ssl=1&resize=350%2C200 1x, https:\/\/i0.wp.com\/larevistadigital.com.ar\/blog\/wp-content\/uploads\/Autodromo2.jpg?fit=693%2C346&ssl=1&resize=525%2C300 1.5x"},"classes":[]},{"id":22915,"url":"https:\/\/larevistadigital.com.ar\/blog\/habra-centros-de-vacunacion-libre-contra-el-covid-en-la-costa-bonaerense\/","url_meta":{"origin":38158,"position":1},"title":"HABR\u00c1 CENTROS DE VACUNACI\u00d3N LIBRE CONTRA EL COVID EN LA COSTA BONAERENSE","author":"Alejandro Sosa Ruda","date":"8 diciembre, 2021","format":false,"excerpt":"As\u00ed lo anunci\u00f3 el Gobierno bonaerense. Se habilitar\u00e1n a partir del 21 de diciembre. \"Si al turista le falta alguna de las vacunas, se podr\u00e1 vacunar la provincia Buenos Aires. El objetivo no es obstaculizar y por eso habr\u00e1 vacunaci\u00f3n itinerante\", seg\u00fan desde el Ministerio de Salud bonaerense. Desde el\u2026","rel":"","context":"En \u00abREGIONALES\u00bb","block_context":{"text":"REGIONALES","link":"https:\/\/larevistadigital.com.ar\/blog\/category\/regionales\/"},"img":{"alt_text":"","src":"https:\/\/i0.wp.com\/larevistadigital.com.ar\/blog\/wp-content\/uploads\/20211208161600_covid.jpg?fit=880%2C512&ssl=1&resize=350%2C200","width":350,"height":200,"srcset":"https:\/\/i0.wp.com\/larevistadigital.com.ar\/blog\/wp-content\/uploads\/20211208161600_covid.jpg?fit=880%2C512&ssl=1&resize=350%2C200 1x, https:\/\/i0.wp.com\/larevistadigital.com.ar\/blog\/wp-content\/uploads\/20211208161600_covid.jpg?fit=880%2C512&ssl=1&resize=525%2C300 1.5x, https:\/\/i0.wp.com\/larevistadigital.com.ar\/blog\/wp-content\/uploads\/20211208161600_covid.jpg?fit=880%2C512&ssl=1&resize=700%2C400 2x"},"classes":[]},{"id":34964,"url":"https:\/\/larevistadigital.com.ar\/blog\/raro-hallan-muerto-por-supuesto-suicidio-a-un-comisario-que-habia-sido-detenido-por-robar-siete-sobres-de-jugo-y-un-gel\/","url_meta":{"origin":38158,"position":2},"title":"RARO&#8230; HALLAN MUERTO POR SUPUESTO SUICIDIO A UN COMISARIO QUE HAB\u00cdA SIDO DETENIDO POR ROBAR SIETE SOBRES DE JUGO Y UN GEL&#8230;","author":"Alejandro Sosa Ruda","date":"3 enero, 2024","format":false,"excerpt":"Un comisario de la Polic\u00eda Bonaerense fue hallado sin vida en su auto este s\u00e1bado, seg\u00fan informaron fuentes oficiales. Se trata de Luis Zelarray\u00e1n, de 41 a\u00f1os, con domicilio en esa ciudad del suroeste bonaerense, quien \u00faltimamente prestaba servicios en la comisar\u00eda Tercera de Hurlingham, en el conurbano bonaerense. 3\u2026","rel":"","context":"En \u00abINTERES GENERAL\u00bb","block_context":{"text":"INTERES GENERAL","link":"https:\/\/larevistadigital.com.ar\/blog\/category\/interes-general\/"},"img":{"alt_text":"","src":"https:\/\/i0.wp.com\/larevistadigital.com.ar\/blog\/wp-content\/uploads\/20240101130202_luis-zelarrayan.jpg?fit=880%2C512&ssl=1&resize=350%2C200","width":350,"height":200,"srcset":"https:\/\/i0.wp.com\/larevistadigital.com.ar\/blog\/wp-content\/uploads\/20240101130202_luis-zelarrayan.jpg?fit=880%2C512&ssl=1&resize=350%2C200 1x, https:\/\/i0.wp.com\/larevistadigital.com.ar\/blog\/wp-content\/uploads\/20240101130202_luis-zelarrayan.jpg?fit=880%2C512&ssl=1&resize=525%2C300 1.5x, https:\/\/i0.wp.com\/larevistadigital.com.ar\/blog\/wp-content\/uploads\/20240101130202_luis-zelarrayan.jpg?fit=880%2C512&ssl=1&resize=700%2C400 2x"},"classes":[]},{"id":43675,"url":"https:\/\/larevistadigital.com.ar\/blog\/paritarias-en-la-provincia-kicillof-convoca-a-ate-y-busca-reabrir-la-negociacion-salarial\/","url_meta":{"origin":38158,"position":3},"title":"Paritarias en la Provincia: Kicillof convoca a ATE y busca reabrir la negociaci\u00f3n salarial","author":"Alejandro Sosa Ruda","date":"31 enero, 2026","format":false,"excerpt":"Tras el \u00faltimo acuerdo de diciembre y enero, el gobierno bonaerense cit\u00f3 al gremio de estatales para discutir un nuevo aumento en medio de la inflaci\u00f3n. La reuni\u00f3n ser\u00e1 el jueves y marcar\u00e1 el inicio de la reapertura prevista en el acuerdo anterior. 31 de enero de 2026 El\u00a0gobierno de\u2026","rel":"","context":"En \u00abPOLITICA\u00bb","block_context":{"text":"POLITICA","link":"https:\/\/larevistadigital.com.ar\/blog\/category\/politica\/"},"img":{"alt_text":"","src":"https:\/\/i0.wp.com\/larevistadigital.com.ar\/blog\/wp-content\/uploads\/Captura-de-pantalla-2026-01-31-154018.jpg?fit=796%2C455&ssl=1&resize=350%2C200","width":350,"height":200,"srcset":"https:\/\/i0.wp.com\/larevistadigital.com.ar\/blog\/wp-content\/uploads\/Captura-de-pantalla-2026-01-31-154018.jpg?fit=796%2C455&ssl=1&resize=350%2C200 1x, https:\/\/i0.wp.com\/larevistadigital.com.ar\/blog\/wp-content\/uploads\/Captura-de-pantalla-2026-01-31-154018.jpg?fit=796%2C455&ssl=1&resize=525%2C300 1.5x, https:\/\/i0.wp.com\/larevistadigital.com.ar\/blog\/wp-content\/uploads\/Captura-de-pantalla-2026-01-31-154018.jpg?fit=796%2C455&ssl=1&resize=700%2C400 2x"},"classes":[]},{"id":34709,"url":"https:\/\/larevistadigital.com.ar\/blog\/finalizo-la-veda-de-pesca-del-pejerrey-en-todo-el-territorio-bonaerense\/","url_meta":{"origin":38158,"position":4},"title":"FINALIZ\u00d3 LA VEDA DE PESCA DEL PEJERREY EN TODO EL TERRITORIO BONAERENSE","author":"Alejandro Sosa Ruda","date":"4 diciembre, 2023","format":false,"excerpt":"El pico de reproducci\u00f3n del pejerrey se da en octubre. La pr\u00f3xima temporada promete mejorar porque las lluvias de los \u00faltimos meses permitieron recuperar los niveles de agua en muchas lagunas que se encontrababan pr\u00e1cticamente secas. 4 de Diciembre de 2023 BUENOS AIRES\u00a0 -\u00a0 A partir de este viernes 1\u00b0\u2026","rel":"","context":"En \u00abREGIONALES\u00bb","block_context":{"text":"REGIONALES","link":"https:\/\/larevistadigital.com.ar\/blog\/category\/regionales\/"},"img":{"alt_text":"","src":"https:\/\/i0.wp.com\/larevistadigital.com.ar\/blog\/wp-content\/uploads\/20231203164345_pesca-pejerrey-1000x600-1.jpg?fit=880%2C512&ssl=1&resize=350%2C200","width":350,"height":200,"srcset":"https:\/\/i0.wp.com\/larevistadigital.com.ar\/blog\/wp-content\/uploads\/20231203164345_pesca-pejerrey-1000x600-1.jpg?fit=880%2C512&ssl=1&resize=350%2C200 1x, https:\/\/i0.wp.com\/larevistadigital.com.ar\/blog\/wp-content\/uploads\/20231203164345_pesca-pejerrey-1000x600-1.jpg?fit=880%2C512&ssl=1&resize=525%2C300 1.5x, https:\/\/i0.wp.com\/larevistadigital.com.ar\/blog\/wp-content\/uploads\/20231203164345_pesca-pejerrey-1000x600-1.jpg?fit=880%2C512&ssl=1&resize=700%2C400 2x"},"classes":[]},{"id":5096,"url":"https:\/\/larevistadigital.com.ar\/blog\/recorrida-proyecto-mejoras-circuito-motor-castelli\/","url_meta":{"origin":38158,"position":5},"title":"RECORRIDA Y PROYECTO DE MEJORAS PARA EL CIRCUITO MOTOR DE CASTELLI","author":"admin","date":"22 febrero, 2018","format":false,"excerpt":"Ayer mi\u00e9rcoles, el Intendente\u00a0Francisco Echarren\u00a0junto con el Secretario de Gobierno, Sebasti\u00e1n Echarren y funcionarios del gabinete municipal, recorrieron el aut\u00f3dromo y kart\u00f3dromo \u201cJos\u00e9 Luis Laguzzi\u201d de nuestra ciudad. All\u00ed evaluaron las condiciones del predio en la Laguna de Almir\u00f3n y dialogaron con los referentes del automovilismo local sobre las mejoras\u2026","rel":"","context":"En \u00abCASTELLI\u00bb","block_context":{"text":"CASTELLI","link":"https:\/\/larevistadigital.com.ar\/blog\/category\/castelli\/"},"img":{"alt_text":"","src":"https:\/\/i0.wp.com\/larevistadigital.com.ar\/blog\/wp-content\/uploads\/2018\/03\/28058737_888407407995629_5964054165892070186_n-664x335.jpg?fit=664%2C335&ssl=1&resize=350%2C200","width":350,"height":200,"srcset":"https:\/\/i0.wp.com\/larevistadigital.com.ar\/blog\/wp-content\/uploads\/2018\/03\/28058737_888407407995629_5964054165892070186_n-664x335.jpg?fit=664%2C335&ssl=1&resize=350%2C200 1x, https:\/\/i0.wp.com\/larevistadigital.com.ar\/blog\/wp-content\/uploads\/2018\/03\/28058737_888407407995629_5964054165892070186_n-664x335.jpg?fit=664%2C335&ssl=1&resize=525%2C300 1.5x"},"classes":[]}],"_links":{"self":[{"href":"https:\/\/larevistadigital.com.ar\/blog\/wp-json\/wp\/v2\/posts\/38158","targetHints":{"allow":["GET"]}}],"collection":[{"href":"https:\/\/larevistadigital.com.ar\/blog\/wp-json\/wp\/v2\/posts"}],"about":[{"href":"https:\/\/larevistadigital.com.ar\/blog\/wp-json\/wp\/v2\/types\/post"}],"author":[{"embeddable":true,"href":"https:\/\/larevistadigital.com.ar\/blog\/wp-json\/wp\/v2\/users\/3"}],"replies":[{"embeddable":true,"href":"https:\/\/larevistadigital.com.ar\/blog\/wp-json\/wp\/v2\/comments?post=38158"}],"version-history":[{"count":1,"href":"https:\/\/larevistadigital.com.ar\/blog\/wp-json\/wp\/v2\/posts\/38158\/revisions"}],"predecessor-version":[{"id":38160,"href":"https:\/\/larevistadigital.com.ar\/blog\/wp-json\/wp\/v2\/posts\/38158\/revisions\/38160"}],"wp:featuredmedia":[{"embeddable":true,"href":"https:\/\/larevistadigital.com.ar\/blog\/wp-json\/wp\/v2\/media\/38159"}],"wp:attachment":[{"href":"https:\/\/larevistadigital.com.ar\/blog\/wp-json\/wp\/v2\/media?parent=38158"}],"wp:term":[{"taxonomy":"category","embeddable":true,"href":"https:\/\/larevistadigital.com.ar\/blog\/wp-json\/wp\/v2\/categories?post=38158"},{"taxonomy":"post_tag","embeddable":true,"href":"https:\/\/larevistadigital.com.ar\/blog\/wp-json\/wp\/v2\/tags?post=38158"}],"curies":[{"name":"wp","href":"https:\/\/api.w.org\/{rel}","templated":true}]}}