{"id":38161,"date":"2024-12-06T21:43:08","date_gmt":"2024-12-07T00:43:08","guid":{"rendered":"https:\/\/larevistadigital.com.ar\/blog\/?p=38161"},"modified":"2024-12-06T21:43:08","modified_gmt":"2024-12-07T00:43:08","slug":"intendente-denuncia-abandono-de-la-ruta-7-y-kicillof-respaldo-su-reclamo","status":"publish","type":"post","link":"https:\/\/larevistadigital.com.ar\/blog\/intendente-denuncia-abandono-de-la-ruta-7-y-kicillof-respaldo-su-reclamo\/","title":{"rendered":"Intendente denuncia abandono de la Ruta 7 y Kicillof respald\u00f3 su reclamo"},"content":{"rendered":"<h2 class=\"fparrafo ctext fz18 lh25\">El Jefe Comunal de Leandro N. Alem (UxP), Carlos Ferraris, critic\u00f3 duramente a la concesionaria vial responsable del mantenimiento de la Ruta 7, acus\u00e1ndola de \u00ababandono\u00bb y de no garantizar la seguridad de los usuarios debido al evidente deterioro de la carretera.<\/h2>\n<p>6 de Diciembre de<\/p>\n<p>BUENOS AIRES &#8211;\u00a0 En un comunicado, Ferraris subray\u00f3 la falta de mantenimiento en la ruta, que incluye el incumplimiento de tareas b\u00e1sicas como el corte de pasto y la reparaci\u00f3n de luminarias.<\/p>\n<blockquote>\n<h3><em>\u00abLa empresa concesionaria debe asumir con urgencia su responsabilidad y solucionar esta situaci\u00f3n que afecta gravemente a los vecinos de nuestra comunidad y de localidades cercanas\u00bb<\/em>, manifest\u00f3 el intendente Ferraris.<\/h3>\n<\/blockquote>\n<p>En tanto, el gobernador bonaerense, <strong>Axel Kicillof<\/strong>, quien no pierde oportunidad que se le presente para reclamar al gobierno nacional la continuidad de la obra p\u00fablica, respald\u00f3 el reclamo de Ferraris durante un acto en Florencio Varela.<\/p>\n<p>En su discurso, <strong>Kicillof<\/strong> se\u00f1al\u00f3 que el caso de la Ruta 7 refleja el impacto negativo de las pol\u00edticas de ajuste aplicadas por el gobierno nacional liderado por <strong>Javier Milei<\/strong>. \u00abEsto es parte del abandono que vemos todos los d\u00edas, como acaba de denunciarlo el Intendente de Alem, Charly Ferraris.<\/p>\n<p><span style=\"color: #ff0000\"><b>Reclamo a Vialidad Nacional<\/b><\/span><\/p>\n<p>El deterioro de las rutas nacionales tambi\u00e9n preocupa a otros intendentes de la Cuarta Secci\u00f3n Electoral, quienes le reclamaron en persona al titular de Vialidad Nacional por la reanudaci\u00f3n de las obras en la ruta 5.<\/p>\n<p><span style=\"color: #ff0000\"><b>Pedido por obras en la ruta 5<\/b><\/span><\/p>\n<p>Efectivamente, los intendentes de Carlos Casares, Chacabuco, 9 de Julio, Bragado y Alberti se reunieron con autoridades de Vialidad Nacional para abordar la paralizaci\u00f3n de obras en la Ruta 5, que se encuentran detenidas desde el a\u00f1o pasado.\u00a0<b>(InfoGEI)Ac<\/b><\/p>\n","protected":false},"excerpt":{"rendered":"<div class=\"mh-excerpt\"><p>El Jefe Comunal de Leandro N. Alem (UxP), Carlos Ferraris, critic\u00f3 duramente a la concesionaria vial responsable del mantenimiento de la Ruta 7, acus\u00e1ndola de \u00ababandono\u00bb y de no garantizar la seguridad de los usuarios <a class=\"mh-excerpt-more\" href=\"https:\/\/larevistadigital.com.ar\/blog\/intendente-denuncia-abandono-de-la-ruta-7-y-kicillof-respaldo-su-reclamo\/\" title=\"Intendente denuncia abandono de la Ruta 7 y Kicillof respald\u00f3 su reclamo\">[Leer M\u00e1s]<\/a><\/p>\n<\/div>","protected":false},"author":3,"featured_media":38162,"comment_status":"open","ping_status":"open","sticky":false,"template":"","format":"standard","meta":{"_jetpack_memberships_contains_paid_content":false,"footnotes":"","jetpack_publicize_message":"","jetpack_publicize_feature_enabled":true,"jetpack_social_post_already_shared":true,"jetpack_social_options":{"image_generator_settings":{"template":"highway","default_image_id":0,"font":"","enabled":false},"version":2}},"categories":[12,51],"tags":[],"class_list":{"0":"post-38161","1":"post","2":"type-post","3":"status-publish","4":"format-standard","5":"has-post-thumbnail","7":"category-politica","8":"category-regionales"},"jetpack_publicize_connections":[],"jetpack_featured_media_url":"https:\/\/i0.wp.com\/larevistadigital.com.ar\/blog\/wp-content\/uploads\/20241206171858_carlos-charly-ferraris-intendente-alem-ruta-7-kicillof.jpg?fit=880%2C512&ssl=1","jetpack_sharing_enabled":true,"jetpack_shortlink":"https:\/\/wp.me\/p8qtrQ-9Vv","jetpack-related-posts":[{"id":39002,"url":"https:\/\/larevistadigital.com.ar\/blog\/intendente-de-chacabuco-exige-a-nacion-respuestas-por-el-abandono-de-la-autovia-7\/","url_meta":{"origin":38161,"position":0},"title":"Intendente de Chacabuco exige a Naci\u00f3n respuestas por el abandono de la autov\u00eda 7","author":"Alejandro Sosa Ruda","date":"14 marzo, 2025","format":false,"excerpt":"La administraci\u00f3n de Dar\u00edo Gol\u00eda expres\u00f3 su preocupaci\u00f3n ante el deterioro del desv\u00edo provisional en el kil\u00f3metro 207 de la Ruta Nacional N\u00b0 7, en direcci\u00f3n a la Ruta N\u00b0 30, una v\u00eda clave que conecta Chacabuco con las ciudades de Salto y Rojas. 14 de Marzo de 2025 En\u2026","rel":"","context":"En \u00abPOLITICA PROVINCIAL\u00bb","block_context":{"text":"POLITICA PROVINCIAL","link":"https:\/\/larevistadigital.com.ar\/blog\/category\/politica\/politica-provincial\/"},"img":{"alt_text":"","src":"https:\/\/i0.wp.com\/larevistadigital.com.ar\/blog\/wp-content\/uploads\/20250314162751_intendente-chacabuco-golia-nacion-autovia.jpg?fit=880%2C512&ssl=1&resize=350%2C200","width":350,"height":200,"srcset":"https:\/\/i0.wp.com\/larevistadigital.com.ar\/blog\/wp-content\/uploads\/20250314162751_intendente-chacabuco-golia-nacion-autovia.jpg?fit=880%2C512&ssl=1&resize=350%2C200 1x, https:\/\/i0.wp.com\/larevistadigital.com.ar\/blog\/wp-content\/uploads\/20250314162751_intendente-chacabuco-golia-nacion-autovia.jpg?fit=880%2C512&ssl=1&resize=525%2C300 1.5x, https:\/\/i0.wp.com\/larevistadigital.com.ar\/blog\/wp-content\/uploads\/20250314162751_intendente-chacabuco-golia-nacion-autovia.jpg?fit=880%2C512&ssl=1&resize=700%2C400 2x"},"classes":[]},{"id":5087,"url":"https:\/\/larevistadigital.com.ar\/blog\/presidente-aubasa-estuvo-lezama\/","url_meta":{"origin":38161,"position":1},"title":"El Presidente de AUBASA estuvo en Lezama","author":"admin","date":"28 febrero, 2018","format":false,"excerpt":"El presidente AUBASA estuvo en Lezama en respuesta a la visita que hace algunas semanas realiz\u00f3 el intendente Harispe en la sede de la concesionaria de la Autov\u00eda 2. V\u00edctor El Kassir lleg\u00f3 acompa\u00f1ado por los Ingenieros Guillermo Gigena y Sergio Martorello, integrantes del equipo t\u00e9cnico de la empresa, y\u2026","rel":"","context":"En \u00abLEZAMA\u00bb","block_context":{"text":"LEZAMA","link":"https:\/\/larevistadigital.com.ar\/blog\/category\/lezama\/"},"img":{"alt_text":"","src":"https:\/\/i0.wp.com\/larevistadigital.com.ar\/blog\/wp-content\/uploads\/2018\/03\/resize_1519750663.jpg?fit=960%2C603&ssl=1&resize=350%2C200","width":350,"height":200,"srcset":"https:\/\/i0.wp.com\/larevistadigital.com.ar\/blog\/wp-content\/uploads\/2018\/03\/resize_1519750663.jpg?fit=960%2C603&ssl=1&resize=350%2C200 1x, https:\/\/i0.wp.com\/larevistadigital.com.ar\/blog\/wp-content\/uploads\/2018\/03\/resize_1519750663.jpg?fit=960%2C603&ssl=1&resize=525%2C300 1.5x, https:\/\/i0.wp.com\/larevistadigital.com.ar\/blog\/wp-content\/uploads\/2018\/03\/resize_1519750663.jpg?fit=960%2C603&ssl=1&resize=700%2C400 2x"},"classes":[]},{"id":36640,"url":"https:\/\/larevistadigital.com.ar\/blog\/kicillof-puso-en-marcha-una-planta-potabilizadora-en-vedia-y-una-usina-lactea-en-alberdi\/","url_meta":{"origin":38161,"position":2},"title":"KICILLOF PUSO EN MARCHA UNA PLANTA POTABILIZADORA EN VEDIA Y UNA USINA L\u00c1CTEA EN ALBERDI","author":"Alejandro Sosa Ruda","date":"10 julio, 2024","format":false,"excerpt":"El gobernador de Buenos Aires, Axel Kicillof, inaugur\u00f3 este mi\u00e9rcoles una planta potabilizadora en Vedia, acompa\u00f1ado por el ministro de Infraestructura y Servicios P\u00fablicos, Gabriel Katopodis, y el intendente de Leandro N. Alem, Carlos Ferraris. Adem\u00e1s, el Gobernador encabez\u00f3 la apertura de la Escuela Art\u00edstica N\u00b01 de la localidad de\u2026","rel":"","context":"En \u00abPOLITICA PROVINCIAL\u00bb","block_context":{"text":"POLITICA PROVINCIAL","link":"https:\/\/larevistadigital.com.ar\/blog\/category\/politica\/politica-provincial\/"},"img":{"alt_text":"","src":"https:\/\/i0.wp.com\/larevistadigital.com.ar\/blog\/wp-content\/uploads\/20240710174936_kicillof-vedia-planta-potabilizadora-usina-lactea-leandro-n-alem.jpg?fit=880%2C512&ssl=1&resize=350%2C200","width":350,"height":200,"srcset":"https:\/\/i0.wp.com\/larevistadigital.com.ar\/blog\/wp-content\/uploads\/20240710174936_kicillof-vedia-planta-potabilizadora-usina-lactea-leandro-n-alem.jpg?fit=880%2C512&ssl=1&resize=350%2C200 1x, https:\/\/i0.wp.com\/larevistadigital.com.ar\/blog\/wp-content\/uploads\/20240710174936_kicillof-vedia-planta-potabilizadora-usina-lactea-leandro-n-alem.jpg?fit=880%2C512&ssl=1&resize=525%2C300 1.5x, https:\/\/i0.wp.com\/larevistadigital.com.ar\/blog\/wp-content\/uploads\/20240710174936_kicillof-vedia-planta-potabilizadora-usina-lactea-leandro-n-alem.jpg?fit=880%2C512&ssl=1&resize=700%2C400 2x"},"classes":[]},{"id":39955,"url":"https:\/\/larevistadigital.com.ar\/blog\/kicillof-inauguro-la-obra-de-repavimentacion-de-la-ruta-provincial-n31\/","url_meta":{"origin":38161,"position":3},"title":"Kicillof inaugur\u00f3 la obra de repavimentaci\u00f3n de la Ruta Provincial N\u00b031","author":"Alejandro Sosa Ruda","date":"5 junio, 2025","format":false,"excerpt":"El gobernador de la provincia de Buenos Aires, Axel Kicillof, encabez\u00f3 este mi\u00e9rcoles en el municipio de Rojas la inauguraci\u00f3n de la obra de repavimentaci\u00f3n de 38 kil\u00f3metros de la Ruta Provincial N\u00b031, junto al ministro de Infraestructura y Servicios P\u00fablicos, Gabriel Katopodis; el administrador general de Vialidad, Roberto Caggiano;\u2026","rel":"","context":"En \u00abINTERES GENERAL\u00bb","block_context":{"text":"INTERES GENERAL","link":"https:\/\/larevistadigital.com.ar\/blog\/category\/interes-general\/"},"img":{"alt_text":"","src":"https:\/\/i0.wp.com\/larevistadigital.com.ar\/blog\/wp-content\/uploads\/Axel-Kicillof_110.jpg?fit=743%2C530&ssl=1&resize=350%2C200","width":350,"height":200,"srcset":"https:\/\/i0.wp.com\/larevistadigital.com.ar\/blog\/wp-content\/uploads\/Axel-Kicillof_110.jpg?fit=743%2C530&ssl=1&resize=350%2C200 1x, https:\/\/i0.wp.com\/larevistadigital.com.ar\/blog\/wp-content\/uploads\/Axel-Kicillof_110.jpg?fit=743%2C530&ssl=1&resize=525%2C300 1.5x, https:\/\/i0.wp.com\/larevistadigital.com.ar\/blog\/wp-content\/uploads\/Axel-Kicillof_110.jpg?fit=743%2C530&ssl=1&resize=700%2C400 2x"},"classes":[]},{"id":39989,"url":"https:\/\/larevistadigital.com.ar\/blog\/general-villegas-kicillof-inauguro-las-obras-de-ampliacion-de-la-escuela-primaria-n45\/","url_meta":{"origin":38161,"position":4},"title":"General Villegas: Kicillof inaugur\u00f3 las obras de ampliaci\u00f3n de la Escuela Primaria N\u00b045","author":"Alejandro Sosa Ruda","date":"6 junio, 2025","format":false,"excerpt":"Adem\u00e1s, el Gobernador puso en funcionamiento la nueva sede de la Polic\u00eda Rural y entreg\u00f3 patrulleros y maquinaria agr\u00edcola. 6 de Junio de 2025 CHASCOM\u00daS\u00a0 -\u00a0 \u00a0El gobernador de la provincia de Buenos Aires, Axel Kicillof, encabez\u00f3 este viernes la inauguraci\u00f3n de la obra de ampliaci\u00f3n de la Escuela Primaria\u2026","rel":"","context":"En \u00abINTERES GENERAL\u00bb","block_context":{"text":"INTERES GENERAL","link":"https:\/\/larevistadigital.com.ar\/blog\/category\/interes-general\/"},"img":{"alt_text":"","src":"https:\/\/i0.wp.com\/larevistadigital.com.ar\/blog\/wp-content\/uploads\/Axel-Kicillof_111.jpg?fit=743%2C530&ssl=1&resize=350%2C200","width":350,"height":200,"srcset":"https:\/\/i0.wp.com\/larevistadigital.com.ar\/blog\/wp-content\/uploads\/Axel-Kicillof_111.jpg?fit=743%2C530&ssl=1&resize=350%2C200 1x, https:\/\/i0.wp.com\/larevistadigital.com.ar\/blog\/wp-content\/uploads\/Axel-Kicillof_111.jpg?fit=743%2C530&ssl=1&resize=525%2C300 1.5x, https:\/\/i0.wp.com\/larevistadigital.com.ar\/blog\/wp-content\/uploads\/Axel-Kicillof_111.jpg?fit=743%2C530&ssl=1&resize=700%2C400 2x"},"classes":[]},{"id":40261,"url":"https:\/\/larevistadigital.com.ar\/blog\/kicillof-entrego-viviendas-y-escrituras-a-familias-de-henderson\/","url_meta":{"origin":38161,"position":5},"title":"Kicillof entreg\u00f3 viviendas y escrituras a familias de Henderson","author":"Alejandro Sosa Ruda","date":"2 julio, 2025","format":false,"excerpt":"Adem\u00e1s, el Gobernador puso en funcionamiento nuevos patrulleros y una ambulancia de alta complejidad. 02 de Junio de 2025 BUENOS AIRES -\u00a0 El gobernador de la provincia de Buenos Aires, Axel Kicillof, encabez\u00f3 este martes el acto de entrega de 15 viviendas y de escrituras gratuitas en beneficio de familias\u2026","rel":"","context":"En \u00abPOLITICA PROVINCIAL\u00bb","block_context":{"text":"POLITICA PROVINCIAL","link":"https:\/\/larevistadigital.com.ar\/blog\/category\/politica\/politica-provincial\/"},"img":{"alt_text":"","src":"https:\/\/i0.wp.com\/larevistadigital.com.ar\/blog\/wp-content\/uploads\/DSC5297.jpg?fit=743%2C530&ssl=1&resize=350%2C200","width":350,"height":200,"srcset":"https:\/\/i0.wp.com\/larevistadigital.com.ar\/blog\/wp-content\/uploads\/DSC5297.jpg?fit=743%2C530&ssl=1&resize=350%2C200 1x, https:\/\/i0.wp.com\/larevistadigital.com.ar\/blog\/wp-content\/uploads\/DSC5297.jpg?fit=743%2C530&ssl=1&resize=525%2C300 1.5x, https:\/\/i0.wp.com\/larevistadigital.com.ar\/blog\/wp-content\/uploads\/DSC5297.jpg?fit=743%2C530&ssl=1&resize=700%2C400 2x"},"classes":[]}],"_links":{"self":[{"href":"https:\/\/larevistadigital.com.ar\/blog\/wp-json\/wp\/v2\/posts\/38161","targetHints":{"allow":["GET"]}}],"collection":[{"href":"https:\/\/larevistadigital.com.ar\/blog\/wp-json\/wp\/v2\/posts"}],"about":[{"href":"https:\/\/larevistadigital.com.ar\/blog\/wp-json\/wp\/v2\/types\/post"}],"author":[{"embeddable":true,"href":"https:\/\/larevistadigital.com.ar\/blog\/wp-json\/wp\/v2\/users\/3"}],"replies":[{"embeddable":true,"href":"https:\/\/larevistadigital.com.ar\/blog\/wp-json\/wp\/v2\/comments?post=38161"}],"version-history":[{"count":1,"href":"https:\/\/larevistadigital.com.ar\/blog\/wp-json\/wp\/v2\/posts\/38161\/revisions"}],"predecessor-version":[{"id":38163,"href":"https:\/\/larevistadigital.com.ar\/blog\/wp-json\/wp\/v2\/posts\/38161\/revisions\/38163"}],"wp:featuredmedia":[{"embeddable":true,"href":"https:\/\/larevistadigital.com.ar\/blog\/wp-json\/wp\/v2\/media\/38162"}],"wp:attachment":[{"href":"https:\/\/larevistadigital.com.ar\/blog\/wp-json\/wp\/v2\/media?parent=38161"}],"wp:term":[{"taxonomy":"category","embeddable":true,"href":"https:\/\/larevistadigital.com.ar\/blog\/wp-json\/wp\/v2\/categories?post=38161"},{"taxonomy":"post_tag","embeddable":true,"href":"https:\/\/larevistadigital.com.ar\/blog\/wp-json\/wp\/v2\/tags?post=38161"}],"curies":[{"name":"wp","href":"https:\/\/api.w.org\/{rel}","templated":true}]}}