{"id":38164,"date":"2024-12-06T22:12:04","date_gmt":"2024-12-07T01:12:04","guid":{"rendered":"https:\/\/larevistadigital.com.ar\/blog\/?p=38164"},"modified":"2024-12-06T22:12:04","modified_gmt":"2024-12-07T01:12:04","slug":"museo-virtual-del-lago-epecuen-un-recorrido-por-la-memoria-de-un-pueblo-inundado","status":"publish","type":"post","link":"https:\/\/larevistadigital.com.ar\/blog\/museo-virtual-del-lago-epecuen-un-recorrido-por-la-memoria-de-un-pueblo-inundado\/","title":{"rendered":"Museo Virtual del Lago Epecu\u00e9n: un recorrido por la memoria de un pueblo inundado"},"content":{"rendered":"<h2 class=\"fparrafo ctext fz18 lh25\">El Museo Virtual del Lago Epecu\u00e9n, inaugurado el pasado 10 de noviembre en conmemoraci\u00f3n de los 39 a\u00f1os de la inundaci\u00f3n que destruy\u00f3 este pueblo bonaerense, ofrece un recorrido virtual por sus espacios m\u00e1s emblem\u00e1ticos.<\/h2>\n<p>06 de diciembre de 2024<\/p>\n<p><strong>BUENOS AIRES\u00a0 &#8211;\u00a0 \u00a0<\/strong>La plataforma cuenta con 18 salas tem\u00e1ticas, donde se presentan fotograf\u00edas, textos y objetos relacionados con distintos aspectos de Epecu\u00e9n, como su desarrollo hist\u00f3rico, la laguna, la inundaci\u00f3n, los deportes, los grandes hoteles y los boliches que marcaron su \u00e9poca.<\/p>\n<blockquote>\n<h3>Gast\u00f3n Partarrieu, director del Museo Regional Adolfo Alsina de Carhu\u00e9 y coordinador del proyecto, explic\u00f3 que la web est\u00e1 dise\u00f1ada como un museo tradicional, con salas para explorar. <em>\u00abIncluye una secci\u00f3n documental con un buscador de contenido, adem\u00e1s de colecciones de afiches, folletos, postales, mapas, objetos y fotograf\u00edas\u00bb<\/em>, se\u00f1al\u00f3.<\/h3>\n<\/blockquote>\n<p>Asimismo, la p\u00e1gina dispone de un espacio participativo donde los usuarios pueden compartir sus historias y fotograf\u00edas, permitiendo que el museo virtual contin\u00fae creciendo y enriqueciendo su acervo. Su misi\u00f3n es recopilar documentos, realizar investigaciones hist\u00f3ricas y preservar testimonios sobre cualquier aspecto del pueblo. (<a href=\"https:\/\/www.museoepecuen.gob.ar\/\">https:\/\/www.museoepecuen.gob.ar\/<\/a>\u00a0)<\/p>\n<p><span style=\"color: #ff0000\"><b>Epecu\u00e9n: inspiraci\u00f3n art\u00edstica<\/b><\/span><br \/>\nLa singularidad del paisaje de Epecu\u00e9n ha atra\u00eddo a destacados artistas y cineastas. Figuras como Indio Solari, Abel Pintos, Dante Spinetta, Airbag y Lisandro Aristimu\u00f1o han grabado videoclips all\u00ed, mientras que realizadores como Pino Solanas y varios documentalistas han encontrado en el lugar el escenario ideal para sus producciones.<\/p>\n<p><span style=\"color: #ff0000\"><b>La tragedia que marc\u00f3 la historia<\/b><\/span><br \/>\nEl 10 de noviembre de 1985, un fuerte temporal desbord\u00f3 las defensas de Epecu\u00e9n, permitiendo que el agua se desbordara sobre el terrapl\u00e9n. El desastre ocurri\u00f3 de madrugada, sorprendiendo a los habitantes en horas de descanso, y marc\u00f3 un antes y un despu\u00e9s en la historia del pueblo, quedando grabado como un episodio inolvidable.\u00a0<b>(InfoGEI)Ac<\/b><\/p>\n","protected":false},"excerpt":{"rendered":"<div class=\"mh-excerpt\"><p>El Museo Virtual del Lago Epecu\u00e9n, inaugurado el pasado 10 de noviembre en conmemoraci\u00f3n de los 39 a\u00f1os de la inundaci\u00f3n que destruy\u00f3 este pueblo bonaerense, ofrece un recorrido virtual por sus espacios m\u00e1s emblem\u00e1ticos. <a class=\"mh-excerpt-more\" href=\"https:\/\/larevistadigital.com.ar\/blog\/museo-virtual-del-lago-epecuen-un-recorrido-por-la-memoria-de-un-pueblo-inundado\/\" title=\"Museo Virtual del Lago Epecu\u00e9n: un recorrido por la memoria de un pueblo inundado\">[Leer M\u00e1s]<\/a><\/p>\n<\/div>","protected":false},"author":3,"featured_media":38165,"comment_status":"open","ping_status":"open","sticky":false,"template":"","format":"standard","meta":{"_jetpack_memberships_contains_paid_content":false,"footnotes":"","jetpack_publicize_message":"","jetpack_publicize_feature_enabled":true,"jetpack_social_post_already_shared":true,"jetpack_social_options":{"image_generator_settings":{"template":"highway","default_image_id":0,"font":"","enabled":false},"version":2}},"categories":[51],"tags":[],"class_list":{"0":"post-38164","1":"post","2":"type-post","3":"status-publish","4":"format-standard","5":"has-post-thumbnail","7":"category-regionales"},"jetpack_publicize_connections":[],"jetpack_featured_media_url":"https:\/\/i0.wp.com\/larevistadigital.com.ar\/blog\/wp-content\/uploads\/20241206174047_museo-virtual-lago-epecuen.jpg?fit=880%2C512&ssl=1","jetpack_sharing_enabled":true,"jetpack_shortlink":"https:\/\/wp.me\/p8qtrQ-9Vy","jetpack-related-posts":[{"id":17557,"url":"https:\/\/larevistadigital.com.ar\/blog\/todo-esto-paso-un-dia-como-hoy-10-de-noviembre\/","url_meta":{"origin":38164,"position":0},"title":"TODO ESTO, PAS\u00d3 UN D\u00cdA COMO HOY, 10 DE NOVIEMBRE&#8230;","author":"Alejandro Sosa Ruda","date":"10 noviembre, 2020","format":false,"excerpt":"Mart\u00edn Lutero: reformador religioso 1483 -\u00a0Naci\u00f3\u00a0Mart\u00edn Luder\u00a0m\u00e1s conocido como\u00a0Mart\u00edn Lutero, quien fue un te\u00f3logo y fraile cat\u00f3lico alem\u00e1n que comenz\u00f3 e impuls\u00f3 la reforma religiosa en aquella naci\u00f3n, y en cuyas ense\u00f1anzas se inspiraron la Reforma protestante y la doctrina teol\u00f3gica y cultural denominada luteranismo, movimiento que a\u00fan perdura. Jos\u00e9\u2026","rel":"","context":"En \u00abSOCIEDAD\u00bb","block_context":{"text":"SOCIEDAD","link":"https:\/\/larevistadigital.com.ar\/blog\/category\/sociedad\/"},"img":{"alt_text":"","src":"https:\/\/i0.wp.com\/larevistadigital.com.ar\/blog\/wp-content\/uploads\/LOGO-EFEMERIDES.jpg?fit=1200%2C628&ssl=1&resize=350%2C200","width":350,"height":200,"srcset":"https:\/\/i0.wp.com\/larevistadigital.com.ar\/blog\/wp-content\/uploads\/LOGO-EFEMERIDES.jpg?fit=1200%2C628&ssl=1&resize=350%2C200 1x, https:\/\/i0.wp.com\/larevistadigital.com.ar\/blog\/wp-content\/uploads\/LOGO-EFEMERIDES.jpg?fit=1200%2C628&ssl=1&resize=525%2C300 1.5x, https:\/\/i0.wp.com\/larevistadigital.com.ar\/blog\/wp-content\/uploads\/LOGO-EFEMERIDES.jpg?fit=1200%2C628&ssl=1&resize=700%2C400 2x, https:\/\/i0.wp.com\/larevistadigital.com.ar\/blog\/wp-content\/uploads\/LOGO-EFEMERIDES.jpg?fit=1200%2C628&ssl=1&resize=1050%2C600 3x"},"classes":[]},{"id":42393,"url":"https:\/\/larevistadigital.com.ar\/blog\/chascomus-se-realizaron-distintos-trabajos-de-puesta-en-valor-del-museo-pampeano\/","url_meta":{"origin":38164,"position":1},"title":"Chascom\u00fas: Se realizaron distintos trabajos de puesta en valor del Museo Pampeano","author":"Alejandro Sosa Ruda","date":"5 noviembre, 2025","format":false,"excerpt":"Las tareas se concentraron en la pintura de las salas, cocina y aberturas Durante los \u00faltimos d\u00edas se llevaron a cabo tareas de pintura en el Museo Pampeano, para la puesta en valor de esta hist\u00f3rica edificaci\u00f3n que en este mes est\u00e1 arribando a un nuevo aniversario, buscando realzar a\u00fan\u2026","rel":"","context":"En \u00abCHASCOM\u00daS\u00bb","block_context":{"text":"CHASCOM\u00daS","link":"https:\/\/larevistadigital.com.ar\/blog\/category\/chascomus\/"},"img":{"alt_text":"","src":"https:\/\/i0.wp.com\/larevistadigital.com.ar\/blog\/wp-content\/uploads\/690b8527ac768.png?fit=668%2C445&ssl=1&resize=350%2C200","width":350,"height":200,"srcset":"https:\/\/i0.wp.com\/larevistadigital.com.ar\/blog\/wp-content\/uploads\/690b8527ac768.png?fit=668%2C445&ssl=1&resize=350%2C200 1x, https:\/\/i0.wp.com\/larevistadigital.com.ar\/blog\/wp-content\/uploads\/690b8527ac768.png?fit=668%2C445&ssl=1&resize=525%2C300 1.5x"},"classes":[]},{"id":39719,"url":"https:\/\/larevistadigital.com.ar\/blog\/trabajos-de-renovacion-del-museo-ferroviario\/","url_meta":{"origin":38164,"position":2},"title":"Trabajos de renovaci\u00f3n del Museo Ferroviario","author":"Alejandro Sosa Ruda","date":"10 mayo, 2025","format":false,"excerpt":"El intendente Javier Gast\u00f3n visit\u00f3 el Centro Cultural Municipal Vieja Estaci\u00f3n y Museo Ferroviario para conocer las tareas de remodelaci\u00f3n y ampliaci\u00f3n que se desarrollan en el espacio. 08 De Mayo de 2025 CHASCOM\u00daS -\u00a0 \u00a0En el lugar fueron recibidos por la responsable del Museo Ferroviario, Celeste Placenave, quien brind\u00f3\u2026","rel":"","context":"En \u00abCHASCOM\u00daS\u00bb","block_context":{"text":"CHASCOM\u00daS","link":"https:\/\/larevistadigital.com.ar\/blog\/category\/chascomus\/"},"img":{"alt_text":"","src":"https:\/\/i0.wp.com\/larevistadigital.com.ar\/blog\/wp-content\/uploads\/681ce88737a66.png?fit=668%2C445&ssl=1&resize=350%2C200","width":350,"height":200,"srcset":"https:\/\/i0.wp.com\/larevistadigital.com.ar\/blog\/wp-content\/uploads\/681ce88737a66.png?fit=668%2C445&ssl=1&resize=350%2C200 1x, https:\/\/i0.wp.com\/larevistadigital.com.ar\/blog\/wp-content\/uploads\/681ce88737a66.png?fit=668%2C445&ssl=1&resize=525%2C300 1.5x"},"classes":[]},{"id":37736,"url":"https:\/\/larevistadigital.com.ar\/blog\/este-jueves-7-de-noviembre-se-cumplira-el-85-aniversario-de-la-fundacion-del-museo-pampeano\/","url_meta":{"origin":38164,"position":3},"title":"Este jueves 7 de noviembre se cumplir\u00e1 el 85\u00b0 aniversario de la fundaci\u00f3n del Museo Pampeano","author":"Alejandro Sosa Ruda","date":"5 noviembre, 2024","format":false,"excerpt":"Nuestro museo custodia colecciones de objetos y tesoros de valor incalculable que narran nuestra historia. 5 de noviembre de 2024 CHASCOM\u00daS\u00a0 -\u00a0 El Museo Pampeano y el Parque de los Libres del Sur fueron creados en el a\u00f1o 1939, para recordar el centenario de la Batalla de Chascom\u00fas, hecho b\u00e9lico\u2026","rel":"","context":"En \u00abCULTURA\u00bb","block_context":{"text":"CULTURA","link":"https:\/\/larevistadigital.com.ar\/blog\/category\/cultura\/"},"img":{"alt_text":"","src":"https:\/\/i0.wp.com\/larevistadigital.com.ar\/blog\/wp-content\/uploads\/672a59cdb5a62.png?fit=668%2C445&ssl=1&resize=350%2C200","width":350,"height":200,"srcset":"https:\/\/i0.wp.com\/larevistadigital.com.ar\/blog\/wp-content\/uploads\/672a59cdb5a62.png?fit=668%2C445&ssl=1&resize=350%2C200 1x, https:\/\/i0.wp.com\/larevistadigital.com.ar\/blog\/wp-content\/uploads\/672a59cdb5a62.png?fit=668%2C445&ssl=1&resize=525%2C300 1.5x"},"classes":[]},{"id":2939,"url":"https:\/\/larevistadigital.com.ar\/blog\/2939-2\/","url_meta":{"origin":38164,"position":4},"title":"El Museo Hist\u00f3rico Municipal cumpli\u00f3 20 a\u00f1os","author":"admin","date":"1 agosto, 2017","format":false,"excerpt":"Alfredo Enrique M\u00falgura naci\u00f3 en el Partido de General Paz (Ranchos), provincia de Buenos Aires. Se cas\u00f3 con Mar\u00eda Amelia Rodr\u00edguez. Desde muy joven se dedic\u00f3 a la filatelia y numism\u00e1tica. A los 18 a\u00f1os en uni\u00f3n con algunos amigos funda una biblioteca p\u00fablica. Entre los a\u00f1os 1937 y 1943\u2026","rel":"","context":"En \u00abGENERAL BELGRANO\u00bb","block_context":{"text":"GENERAL BELGRANO","link":"https:\/\/larevistadigital.com.ar\/blog\/category\/general-belgrano\/"},"img":{"alt_text":"","src":"https:\/\/i0.wp.com\/larevistadigital.com.ar\/blog\/wp-content\/uploads\/2017\/08\/MUSEO-BELGRANO.jpg?fit=900%2C612&ssl=1&resize=350%2C200","width":350,"height":200,"srcset":"https:\/\/i0.wp.com\/larevistadigital.com.ar\/blog\/wp-content\/uploads\/2017\/08\/MUSEO-BELGRANO.jpg?fit=900%2C612&ssl=1&resize=350%2C200 1x, https:\/\/i0.wp.com\/larevistadigital.com.ar\/blog\/wp-content\/uploads\/2017\/08\/MUSEO-BELGRANO.jpg?fit=900%2C612&ssl=1&resize=525%2C300 1.5x, https:\/\/i0.wp.com\/larevistadigital.com.ar\/blog\/wp-content\/uploads\/2017\/08\/MUSEO-BELGRANO.jpg?fit=900%2C612&ssl=1&resize=700%2C400 2x"},"classes":[]},{"id":28844,"url":"https:\/\/larevistadigital.com.ar\/blog\/esto-paso-un-dia-como-hoy-10-de-noviembre\/","url_meta":{"origin":38164,"position":5},"title":"ESTO PAS\u00d3 UN D\u00cdA COMO HOY, 10 DE NOVIEMBRE&#8230;","author":"Alejandro Sosa Ruda","date":"10 noviembre, 2022","format":false,"excerpt":"En un 10 de noviembre, pero de 2019, Evo Morales confirma que deja la Presidencia de Bolivia, despu\u00e9s de 14 a\u00f1os en el poder, a causa de un \"golpe c\u00edvico, pol\u00edtico y policial\", seg\u00fan sus palabras. Al d\u00eda siguiente acepta el asilo ofrecido por M\u00e9xico. 10 de noviembre de 2022\u2026","rel":"","context":"En \u00abCULTURA\u00bb","block_context":{"text":"CULTURA","link":"https:\/\/larevistadigital.com.ar\/blog\/category\/cultura\/"},"img":{"alt_text":"","src":"https:\/\/i0.wp.com\/larevistadigital.com.ar\/blog\/wp-content\/uploads\/LOGO-EFEMERIDES.jpg?fit=1200%2C628&ssl=1&resize=350%2C200","width":350,"height":200,"srcset":"https:\/\/i0.wp.com\/larevistadigital.com.ar\/blog\/wp-content\/uploads\/LOGO-EFEMERIDES.jpg?fit=1200%2C628&ssl=1&resize=350%2C200 1x, https:\/\/i0.wp.com\/larevistadigital.com.ar\/blog\/wp-content\/uploads\/LOGO-EFEMERIDES.jpg?fit=1200%2C628&ssl=1&resize=525%2C300 1.5x, https:\/\/i0.wp.com\/larevistadigital.com.ar\/blog\/wp-content\/uploads\/LOGO-EFEMERIDES.jpg?fit=1200%2C628&ssl=1&resize=700%2C400 2x, https:\/\/i0.wp.com\/larevistadigital.com.ar\/blog\/wp-content\/uploads\/LOGO-EFEMERIDES.jpg?fit=1200%2C628&ssl=1&resize=1050%2C600 3x"},"classes":[]}],"_links":{"self":[{"href":"https:\/\/larevistadigital.com.ar\/blog\/wp-json\/wp\/v2\/posts\/38164","targetHints":{"allow":["GET"]}}],"collection":[{"href":"https:\/\/larevistadigital.com.ar\/blog\/wp-json\/wp\/v2\/posts"}],"about":[{"href":"https:\/\/larevistadigital.com.ar\/blog\/wp-json\/wp\/v2\/types\/post"}],"author":[{"embeddable":true,"href":"https:\/\/larevistadigital.com.ar\/blog\/wp-json\/wp\/v2\/users\/3"}],"replies":[{"embeddable":true,"href":"https:\/\/larevistadigital.com.ar\/blog\/wp-json\/wp\/v2\/comments?post=38164"}],"version-history":[{"count":1,"href":"https:\/\/larevistadigital.com.ar\/blog\/wp-json\/wp\/v2\/posts\/38164\/revisions"}],"predecessor-version":[{"id":38166,"href":"https:\/\/larevistadigital.com.ar\/blog\/wp-json\/wp\/v2\/posts\/38164\/revisions\/38166"}],"wp:featuredmedia":[{"embeddable":true,"href":"https:\/\/larevistadigital.com.ar\/blog\/wp-json\/wp\/v2\/media\/38165"}],"wp:attachment":[{"href":"https:\/\/larevistadigital.com.ar\/blog\/wp-json\/wp\/v2\/media?parent=38164"}],"wp:term":[{"taxonomy":"category","embeddable":true,"href":"https:\/\/larevistadigital.com.ar\/blog\/wp-json\/wp\/v2\/categories?post=38164"},{"taxonomy":"post_tag","embeddable":true,"href":"https:\/\/larevistadigital.com.ar\/blog\/wp-json\/wp\/v2\/tags?post=38164"}],"curies":[{"name":"wp","href":"https:\/\/api.w.org\/{rel}","templated":true}]}}