{"id":38170,"date":"2024-12-06T22:21:02","date_gmt":"2024-12-07T01:21:02","guid":{"rendered":"https:\/\/larevistadigital.com.ar\/blog\/?p=38170"},"modified":"2024-12-06T22:21:54","modified_gmt":"2024-12-07T01:21:54","slug":"polemica-por-una-donacion-de-espert-a-un-hospital-increible-expreso-el-director","status":"publish","type":"post","link":"https:\/\/larevistadigital.com.ar\/blog\/polemica-por-una-donacion-de-espert-a-un-hospital-increible-expreso-el-director\/","title":{"rendered":"Pol\u00e9mica por una donaci\u00f3n de Espert a un hospital: \u00abIncre\u00edble\u00bb, expres\u00f3 el director"},"content":{"rendered":"<h3 class=\"fparrafo ctext fz18 lh25\">Hace unas semanas, el legislador de La Libertad Avanza, Jos\u00e9 Luis Espert, visit\u00f3 el Hospital Dr. Enrique Erill en Escobar, donde fue recibido por el director Ariel Folchi, el equipo directivo y el presidente de la Asociaci\u00f3n Cooperadora, Armando Sguiglia. Durante la visita, Espert anunci\u00f3 que tra\u00eda una donaci\u00f3n, sin especificar de qu\u00e9 se trataba. Cuando conocieron el contenido de la donaci\u00f3n, el Director dijo que \u00abNo lo pod\u00eda creer\u00bb. Desde la Provincia le respondieron con iron\u00eda.<\/h3>\n<p>06 De Diciembre de 2024<\/p>\n<div class=\"wysiwyg mb15\">\n<p>D\u00edas despu\u00e9s, el director consult\u00f3 con Sguiglia sobre el contenido de la donaci\u00f3n. Al enterarse de que consist\u00eda en 30 pa\u00f1ales, expres\u00f3 su sorpresa: \u00abNo lo pod\u00eda creer. Ins\u00f3lito\u00bb.<\/p>\n<p>Por su parte, Sguiglia, quien lleva 21 a\u00f1os al frente de la cooperadora, relat\u00f3: \u00abCuando lleg\u00f3 el diputado junto a referentes de su partido, un colaborador nos entreg\u00f3 dos bolsitas. No sab\u00edamos qu\u00e9 conten\u00edan, as\u00ed que las dejamos en una oficina. Al final de la visita, nos dimos cuenta de que esa era la donaci\u00f3n\u00bb.<\/p>\n<blockquote>\n<h3><span style=\"color: #ff0000\">El presidente de la cooperadora calific\u00f3 el gesto<\/span> como \u00abvergonzoso\u00bb y a\u00f1adi\u00f3: <em>\u00abEsta cantidad de pa\u00f1ales es algo que com\u00fanmente donan los vecinos, lo cual valoramos profundamente porque sabemos el esfuerzo que les implica. Pero de un funcionario p\u00fablico esper\u00e1bamos algo m\u00e1s. Treinta pa\u00f1ales para adultos no representan nada en un hospital\u00bb.<\/em><\/h3>\n<\/blockquote>\n<p>Seg\u00fan detallaron desde el nosocomio, el aporte equivale a unos 40 mil pesos y cubre las necesidades de un adulto mayor por un m\u00e1ximo de 10 d\u00edas.<\/p>\n<p>En tanto, desde la Provincia de Buenos Aires, @HospitalesBAP, le devolvieron la gentileza con un ir\u00f3nico twit: \u201cQueremos agradecer al diputado de @LLibertadAvanza, @jlespert, por la donaci\u00f3n de 30 pa\u00f1ales realizada en su visita del 15 de noviembre al Hospital<strong> Enrique Erill<\/strong> de #Escobar. Ser\u00e1n de gran utilidad y se suman a los 760 mil que mensualmente se adquieren desde @SaludBAP.\u00a0<b>(InfoGEI)Ac<\/b><\/p>\n<\/div>\n<div id=\"modulo_banners_bajo_noticia\" class=\"\"><\/div>\n<section id=\"facebook_comments\"><\/section>\n","protected":false},"excerpt":{"rendered":"<div class=\"mh-excerpt\"><p>Hace unas semanas, el legislador de La Libertad Avanza, Jos\u00e9 Luis Espert, visit\u00f3 el Hospital Dr. Enrique Erill en Escobar, donde fue recibido por el director Ariel Folchi, el equipo directivo y el presidente de <a class=\"mh-excerpt-more\" href=\"https:\/\/larevistadigital.com.ar\/blog\/polemica-por-una-donacion-de-espert-a-un-hospital-increible-expreso-el-director\/\" title=\"Pol\u00e9mica por una donaci\u00f3n de Espert a un hospital: \u00abIncre\u00edble\u00bb, expres\u00f3 el director\">[Leer M\u00e1s]<\/a><\/p>\n<\/div>","protected":false},"author":3,"featured_media":38171,"comment_status":"open","ping_status":"open","sticky":false,"template":"","format":"standard","meta":{"_jetpack_memberships_contains_paid_content":false,"footnotes":"","jetpack_publicize_message":"","jetpack_publicize_feature_enabled":true,"jetpack_social_post_already_shared":true,"jetpack_social_options":{"image_generator_settings":{"template":"highway","default_image_id":0,"font":"","enabled":false},"version":2}},"categories":[41,12],"tags":[],"class_list":{"0":"post-38170","1":"post","2":"type-post","3":"status-publish","4":"format-standard","5":"has-post-thumbnail","7":"category-destacadas","8":"category-politica"},"jetpack_publicize_connections":[],"jetpack_featured_media_url":"https:\/\/i0.wp.com\/larevistadigital.com.ar\/blog\/wp-content\/uploads\/20241206124531_espert-donacion-30-panales-escobar.jpg?fit=880%2C512&ssl=1","jetpack_sharing_enabled":true,"jetpack_shortlink":"https:\/\/wp.me\/p8qtrQ-9VE","jetpack-related-posts":[{"id":13662,"url":"https:\/\/larevistadigital.com.ar\/blog\/san-vicente-advierten-por-estafas-en-nombre-de-la-cooperadora-del-hospital-dr-ramon-carrillo\/","url_meta":{"origin":38170,"position":0},"title":"SAN VICENTE: ADVIERTEN POR ESTAFAS EN NOMBRE DE LA COOPERADORA DEL HOSPITAL DR. RAM\u00d3N CARRILLO","author":"Alejandro Sosa Ruda","date":"13 diciembre, 2019","format":false,"excerpt":"A trav\u00e9s de un comunicado, la Cooperadora del Hospital Dr. Ram\u00f3n Carrillo de San Vicente\u00a0alert\u00f3 a la poblaci\u00f3n sobre delincuentes que estafan a los vecinos en nombre de la Asociaci\u00f3n \"Se informa que esta Asociaci\u00f3n Cooperadora ,solamente tiene a la venta la Rifa Anual y una Rifa por dos corderos,\u2026","rel":"","context":"En \u00abREGIONALES\u00bb","block_context":{"text":"REGIONALES","link":"https:\/\/larevistadigital.com.ar\/blog\/category\/regionales\/"},"img":{"alt_text":"","src":"https:\/\/i0.wp.com\/larevistadigital.com.ar\/blog\/wp-content\/uploads\/0005107115.jpg?fit=1140%2C700&ssl=1&resize=350%2C200","width":350,"height":200,"srcset":"https:\/\/i0.wp.com\/larevistadigital.com.ar\/blog\/wp-content\/uploads\/0005107115.jpg?fit=1140%2C700&ssl=1&resize=350%2C200 1x, https:\/\/i0.wp.com\/larevistadigital.com.ar\/blog\/wp-content\/uploads\/0005107115.jpg?fit=1140%2C700&ssl=1&resize=525%2C300 1.5x, https:\/\/i0.wp.com\/larevistadigital.com.ar\/blog\/wp-content\/uploads\/0005107115.jpg?fit=1140%2C700&ssl=1&resize=700%2C400 2x, https:\/\/i0.wp.com\/larevistadigital.com.ar\/blog\/wp-content\/uploads\/0005107115.jpg?fit=1140%2C700&ssl=1&resize=1050%2C600 3x"},"classes":[]},{"id":34526,"url":"https:\/\/larevistadigital.com.ar\/blog\/gran-apoyo-al-proyecto-solidario-corre-por-tus-suenos\/","url_meta":{"origin":38170,"position":1},"title":"GRAN APOYO AL PROYECTO SOLIDARIO \u00abCORRE POR TUS SUE\u00d1OS\u00bb","author":"Alejandro Sosa Ruda","date":"14 noviembre, 2023","format":false,"excerpt":"El proyecto solidario de Corre por Tus Sue\u00f1os con miras a El Cruce y a beneficio de la Cooperadora del Hospital. Lo public\u00f3 \"elsuplenteonline\" y \u00a1felicitamos la iniciativa! 14 de Noviembre de 2023 CHASCOM\u00daS -\u00a0 Una donaci\u00f3n cercana a los 400mil pesos para la Cooperadora del Hospital Municipal de Chascom\u00fas,\u2026","rel":"","context":"En \u00abCHASCOM\u00daS\u00bb","block_context":{"text":"CHASCOM\u00daS","link":"https:\/\/larevistadigital.com.ar\/blog\/category\/chascomus\/"},"img":{"alt_text":"","src":"https:\/\/i0.wp.com\/larevistadigital.com.ar\/blog\/wp-content\/uploads\/Captura-de-pantalla-2023-11-14-182248.png?fit=608%2C461&ssl=1&resize=350%2C200","width":350,"height":200,"srcset":"https:\/\/i0.wp.com\/larevistadigital.com.ar\/blog\/wp-content\/uploads\/Captura-de-pantalla-2023-11-14-182248.png?fit=608%2C461&ssl=1&resize=350%2C200 1x, https:\/\/i0.wp.com\/larevistadigital.com.ar\/blog\/wp-content\/uploads\/Captura-de-pantalla-2023-11-14-182248.png?fit=608%2C461&ssl=1&resize=525%2C300 1.5x"},"classes":[]},{"id":4341,"url":"https:\/\/larevistadigital.com.ar\/blog\/dolores-hospital-san-roque-cumplio-primeros-100-anos\/","url_meta":{"origin":38170,"position":2},"title":"DOLORES: EL HOSPITAL SAN ROQUE, CUMPLI\u00d3 SUS PRIMEROS 100 A\u00d1OS","author":"Alejandro Sosa Ruda","date":"2 enero, 2018","format":false,"excerpt":"Con la presencia del Intendente Camilo Etchevarren, se llev\u00f3 a cabo el acto por la conmemoraci\u00f3n de los 100 a\u00f1os del actual edificio del Hospital Municipal San Roque. Asistieron integrantes del equipo de Salud, de la Cooperadora del Hospital, funcionarios del Gabinete Municipal y vecinos. La bienvenida estuvo a cargo\u2026","rel":"","context":"En \u00abDOLORES\u00bb","block_context":{"text":"DOLORES","link":"https:\/\/larevistadigital.com.ar\/blog\/category\/dolores\/"},"img":{"alt_text":"","src":"https:\/\/i0.wp.com\/larevistadigital.com.ar\/blog\/wp-content\/uploads\/2018\/01\/HOSPITAL-DOLORES-100-A%C3%91OS.jpg?fit=825%2C412&ssl=1&resize=350%2C200","width":350,"height":200,"srcset":"https:\/\/i0.wp.com\/larevistadigital.com.ar\/blog\/wp-content\/uploads\/2018\/01\/HOSPITAL-DOLORES-100-A%C3%91OS.jpg?fit=825%2C412&ssl=1&resize=350%2C200 1x, https:\/\/i0.wp.com\/larevistadigital.com.ar\/blog\/wp-content\/uploads\/2018\/01\/HOSPITAL-DOLORES-100-A%C3%91OS.jpg?fit=825%2C412&ssl=1&resize=525%2C300 1.5x, https:\/\/i0.wp.com\/larevistadigital.com.ar\/blog\/wp-content\/uploads\/2018\/01\/HOSPITAL-DOLORES-100-A%C3%91OS.jpg?fit=825%2C412&ssl=1&resize=700%2C400 2x"},"classes":[]},{"id":43937,"url":"https:\/\/larevistadigital.com.ar\/blog\/chascomus-nuevo-aporte-solidario-de-corre-por-tus-suenos-para-el-hospital-municipal\/","url_meta":{"origin":38170,"position":3},"title":"Chascom\u00fas: Nuevo aporte solidario de \u201cCorre por tus Sue\u00f1os\u201d para el Hospital Municipal","author":"Alejandro Sosa Ruda","date":"11 febrero, 2026","format":false,"excerpt":"Fue incorporado equipamiento adquirido con fondos recaudados por deportistas chascomunenses en una competencia de monta\u00f1a. 11 de febrero de 2026 CHASCOM\u00daS -\u00a0 \u00a0La Asociaci\u00f3n Cooperadora del Hospital Municipal San Vicente de Paul incorpor\u00f3 nuevo equipamiento m\u00e9dico gracias a los fondos recaudados en una campa\u00f1a solidaria impulsada por el grupo deportivo\u2026","rel":"","context":"En \u00abCHASCOM\u00daS\u00bb","block_context":{"text":"CHASCOM\u00daS","link":"https:\/\/larevistadigital.com.ar\/blog\/category\/chascomus\/"},"img":{"alt_text":"","src":"https:\/\/i0.wp.com\/larevistadigital.com.ar\/blog\/wp-content\/uploads\/698cba1d89cee.png?fit=668%2C445&ssl=1&resize=350%2C200","width":350,"height":200,"srcset":"https:\/\/i0.wp.com\/larevistadigital.com.ar\/blog\/wp-content\/uploads\/698cba1d89cee.png?fit=668%2C445&ssl=1&resize=350%2C200 1x, https:\/\/i0.wp.com\/larevistadigital.com.ar\/blog\/wp-content\/uploads\/698cba1d89cee.png?fit=668%2C445&ssl=1&resize=525%2C300 1.5x"},"classes":[]},{"id":41785,"url":"https:\/\/larevistadigital.com.ar\/blog\/espert-renuncia-a-la-comision-de-presupuesto-y-hacienda-en-diputados\/","url_meta":{"origin":38170,"position":4},"title":"Espert renuncia a la Comisi\u00f3n de Presupuesto y Hacienda en Diputados","author":"Alejandro Sosa Ruda","date":"6 octubre, 2025","format":false,"excerpt":"Tras las presiones por su v\u00ednculo con Fred Machado, Espert abandon\u00f3 la comisi\u00f3n m\u00e1s estrat\u00e9gica de Diputados. Qu\u00e9 dice el bloque y qui\u00e9n lo reemplaza. 06 de Octubre de 2025 BUENOS AIRES\u00a0 -\u00a0 \u00a0El diputado nacional y ex candidato de La Libertad Avanza (LLA), Jos\u00e9 Luis Espert, formaliz\u00f3 esta ma\u00f1ana\u2026","rel":"","context":"En \u00abINTERES GENERAL\u00bb","block_context":{"text":"INTERES GENERAL","link":"https:\/\/larevistadigital.com.ar\/blog\/category\/interes-general\/"},"img":{"alt_text":"","src":"https:\/\/i0.wp.com\/larevistadigital.com.ar\/blog\/wp-content\/uploads\/Captura-de-pantalla-2025-10-06-195052.jpg?fit=765%2C428&ssl=1&resize=350%2C200","width":350,"height":200,"srcset":"https:\/\/i0.wp.com\/larevistadigital.com.ar\/blog\/wp-content\/uploads\/Captura-de-pantalla-2025-10-06-195052.jpg?fit=765%2C428&ssl=1&resize=350%2C200 1x, https:\/\/i0.wp.com\/larevistadigital.com.ar\/blog\/wp-content\/uploads\/Captura-de-pantalla-2025-10-06-195052.jpg?fit=765%2C428&ssl=1&resize=525%2C300 1.5x, https:\/\/i0.wp.com\/larevistadigital.com.ar\/blog\/wp-content\/uploads\/Captura-de-pantalla-2025-10-06-195052.jpg?fit=765%2C428&ssl=1&resize=700%2C400 2x"},"classes":[]},{"id":41792,"url":"https:\/\/larevistadigital.com.ar\/blog\/diputados-exigen-que-milei-pague-por-las-boletas-de-espert\/","url_meta":{"origin":38170,"position":5},"title":"Diputados exigen que Milei pague por las boletas de Espert","author":"Alejandro Sosa Ruda","date":"6 octubre, 2025","format":false,"excerpt":"Tras la renuncia de Espert, diputados opositores piden que Milei y su partido paguen la reimpresi\u00f3n de boletas. El reclamo ya lleg\u00f3 al Congreso. 06 de Octubre de 2025 La renuncia de\u00a0Jos\u00e9 Luis Espert\u00a0a su candidatura a diputado nacional por la provincia de Buenos Aires sigue generando repercusiones pol\u00edticas y\u2026","rel":"","context":"En \u00abINTERES GENERAL\u00bb","block_context":{"text":"INTERES GENERAL","link":"https:\/\/larevistadigital.com.ar\/blog\/category\/interes-general\/"},"img":{"alt_text":"","src":"https:\/\/i0.wp.com\/larevistadigital.com.ar\/blog\/wp-content\/uploads\/Captura-de-pantalla-2025-10-06-200441.jpg?fit=750%2C452&ssl=1&resize=350%2C200","width":350,"height":200,"srcset":"https:\/\/i0.wp.com\/larevistadigital.com.ar\/blog\/wp-content\/uploads\/Captura-de-pantalla-2025-10-06-200441.jpg?fit=750%2C452&ssl=1&resize=350%2C200 1x, https:\/\/i0.wp.com\/larevistadigital.com.ar\/blog\/wp-content\/uploads\/Captura-de-pantalla-2025-10-06-200441.jpg?fit=750%2C452&ssl=1&resize=525%2C300 1.5x, https:\/\/i0.wp.com\/larevistadigital.com.ar\/blog\/wp-content\/uploads\/Captura-de-pantalla-2025-10-06-200441.jpg?fit=750%2C452&ssl=1&resize=700%2C400 2x"},"classes":[]}],"_links":{"self":[{"href":"https:\/\/larevistadigital.com.ar\/blog\/wp-json\/wp\/v2\/posts\/38170","targetHints":{"allow":["GET"]}}],"collection":[{"href":"https:\/\/larevistadigital.com.ar\/blog\/wp-json\/wp\/v2\/posts"}],"about":[{"href":"https:\/\/larevistadigital.com.ar\/blog\/wp-json\/wp\/v2\/types\/post"}],"author":[{"embeddable":true,"href":"https:\/\/larevistadigital.com.ar\/blog\/wp-json\/wp\/v2\/users\/3"}],"replies":[{"embeddable":true,"href":"https:\/\/larevistadigital.com.ar\/blog\/wp-json\/wp\/v2\/comments?post=38170"}],"version-history":[{"count":1,"href":"https:\/\/larevistadigital.com.ar\/blog\/wp-json\/wp\/v2\/posts\/38170\/revisions"}],"predecessor-version":[{"id":38172,"href":"https:\/\/larevistadigital.com.ar\/blog\/wp-json\/wp\/v2\/posts\/38170\/revisions\/38172"}],"wp:featuredmedia":[{"embeddable":true,"href":"https:\/\/larevistadigital.com.ar\/blog\/wp-json\/wp\/v2\/media\/38171"}],"wp:attachment":[{"href":"https:\/\/larevistadigital.com.ar\/blog\/wp-json\/wp\/v2\/media?parent=38170"}],"wp:term":[{"taxonomy":"category","embeddable":true,"href":"https:\/\/larevistadigital.com.ar\/blog\/wp-json\/wp\/v2\/categories?post=38170"},{"taxonomy":"post_tag","embeddable":true,"href":"https:\/\/larevistadigital.com.ar\/blog\/wp-json\/wp\/v2\/tags?post=38170"}],"curies":[{"name":"wp","href":"https:\/\/api.w.org\/{rel}","templated":true}]}}