{"id":38173,"date":"2024-12-06T23:32:25","date_gmt":"2024-12-07T02:32:25","guid":{"rendered":"https:\/\/larevistadigital.com.ar\/blog\/?p=38173"},"modified":"2024-12-06T23:32:25","modified_gmt":"2024-12-07T02:32:25","slug":"chascomus-excelente-noticia-abre-sus-puertas-el-parador-laurel-ubicado-en-la-costanera-frente-al-paseo-de-los-artesanos","status":"publish","type":"post","link":"https:\/\/larevistadigital.com.ar\/blog\/chascomus-excelente-noticia-abre-sus-puertas-el-parador-laurel-ubicado-en-la-costanera-frente-al-paseo-de-los-artesanos\/","title":{"rendered":"Chascom\u00fas: Excelente noticia&#8230; Abre sus puertas el \u00abParador Laurel\u00bb ubicado en la costanera frente al Paseo de los Artesanos"},"content":{"rendered":"<h2>Un evento que provoc\u00f3 gran expectativa en los vecinos de Chascom\u00fas, por el lugar donde se ubica, y el prestigio y excelencia de la marca.<\/h2>\n<p>6 de Diciembre de 2024<\/p>\n<p><strong>CHASCOM\u00daS &#8211;\u00a0 \u00a0<\/strong>Finalmente, llega el tan ansiado d\u00eda. Tanto por los vecinos de Chascom\u00fas que han tomado la apertura con mucha esperanza, desde el m\u00edsmo momento que se supo que quienes se har\u00edan cargo del m\u00edtico lugar conocido como el \u00abBalneario San Jos\u00e9\u00bb, y que fuera ocupado en la \u00faltima concesi\u00f3n por \u00abMinotauro\u00bb, son nada m\u00e1s y nada menos que los titulares de la empresa<strong> \u00abLaurel\u00bb<\/strong>.<\/p>\n<blockquote>\n<h3>Esto, provoc\u00f3 r\u00e1pidamente una gran empat\u00eda con el vecino chascomunense, ya que la empresa, tiene como prioridad el servicio de excelencia, tal como se aprecia en el Hotel que poseen en calle Lavalle o los otros emprendimientos de la firma.<\/h3>\n<\/blockquote>\n<p><strong>Laurel<\/strong>, ser\u00e1 indudablemente un destino imperdible de Chascom\u00fas, <span style=\"font-weight: 400\">donde la belleza natural de nuestra laguna se fusiona con una experiencia gastron\u00f3mica excepcional y el fiel estilo que los caracteriza.<\/span><\/p>\n<blockquote>\n<h3><strong>En esta ocasi\u00f3n se realizar\u00e1 una pre apertura, con capacidad limitada por orden de llegada.<\/strong><\/h3>\n<\/blockquote>\n<p><span style=\"font-weight: 400\">Su carta es una propuesta distinta e innovadora, que prioriza en la cadena de compras los\u00a0 productos locales. Podr\u00e1n disfrutar de compartir desde una mesa de t\u00e9,\u00a0 a un original picoteo a orillas de nuestra laguna. <strong>Una carta audaz y accesible, que invita a vivir una experiencia distinta.<\/strong><\/span><\/p>\n<p><span style=\"font-weight: 400\">Adem\u00e1s el parador cuenta con su propia tienda en el subsuelo, donde podr\u00e1n encontrar productos de todos sus locales.\u00a0<\/span><\/p>\n<blockquote>\n<h3>Atenci\u00f3n: <span style=\"font-weight: 400\">S\u00e1bado y domingo, solo por este finde de pre apertura TODOS los productos de la tienda estar\u00e1n en promo 3&#215;2 efectivo|transferencia.<\/span><\/h3>\n<\/blockquote>\n<p><span style=\"font-weight: 400\">Viv\u00ed la experiencia <strong>Laurel<\/strong>.<\/span><\/p>\n","protected":false},"excerpt":{"rendered":"<div class=\"mh-excerpt\"><p>Un evento que provoc\u00f3 gran expectativa en los vecinos de Chascom\u00fas, por el lugar donde se ubica, y el prestigio y excelencia de la marca. 6 de Diciembre de 2024 CHASCOM\u00daS &#8211;\u00a0 \u00a0Finalmente, llega el <a class=\"mh-excerpt-more\" href=\"https:\/\/larevistadigital.com.ar\/blog\/chascomus-excelente-noticia-abre-sus-puertas-el-parador-laurel-ubicado-en-la-costanera-frente-al-paseo-de-los-artesanos\/\" title=\"Chascom\u00fas: Excelente noticia&#8230; Abre sus puertas el \u00abParador Laurel\u00bb ubicado en la costanera frente al Paseo de los Artesanos\">[Leer M\u00e1s]<\/a><\/p>\n<\/div>","protected":false},"author":3,"featured_media":38174,"comment_status":"open","ping_status":"open","sticky":false,"template":"","format":"standard","meta":{"_jetpack_memberships_contains_paid_content":false,"footnotes":"","jetpack_publicize_message":"","jetpack_publicize_feature_enabled":true,"jetpack_social_post_already_shared":true,"jetpack_social_options":{"image_generator_settings":{"template":"highway","default_image_id":0,"font":"","enabled":false},"version":2}},"categories":[6,41],"tags":[],"class_list":{"0":"post-38173","1":"post","2":"type-post","3":"status-publish","4":"format-standard","5":"has-post-thumbnail","7":"category-chascomus","8":"category-destacadas"},"jetpack_publicize_connections":[],"jetpack_featured_media_url":"https:\/\/i0.wp.com\/larevistadigital.com.ar\/blog\/wp-content\/uploads\/DJI_0686-scaled-e1733538439810.jpg?fit=1080%2C608&ssl=1","jetpack_sharing_enabled":true,"jetpack_shortlink":"https:\/\/wp.me\/p8qtrQ-9VH","jetpack-related-posts":[{"id":4427,"url":"https:\/\/larevistadigital.com.ar\/blog\/chascomus-buena-senal-del-intendente-javier-gaston\/","url_meta":{"origin":38173,"position":0},"title":"CHASCOM\u00daS: BUENA SE\u00d1AL DEL INTENDENTE JAVIER GAST\u00d3N","author":"Alejandro Sosa Ruda","date":"8 enero, 2018","format":false,"excerpt":"El municipio pidi\u00f3 de manera urgente una reuni\u00f3n con autoridades de la firma EDEA, por la gran cantidad de cortes a los que se ve sometida la poblaci\u00f3n, que, entre otras cosas, provoc\u00f3 que un grupo de vecinos saliera en algunos medios de comunicaci\u00f3n, y se reunieran con algunos concejales\u2026","rel":"","context":"En \u00abDESTACADAS\u00bb","block_context":{"text":"DESTACADAS","link":"https:\/\/larevistadigital.com.ar\/blog\/category\/destacadas\/"},"img":{"alt_text":"","src":"https:\/\/i0.wp.com\/larevistadigital.com.ar\/blog\/wp-content\/uploads\/2018\/01\/chascomus.jpg?fit=960%2C640&ssl=1&resize=350%2C200","width":350,"height":200,"srcset":"https:\/\/i0.wp.com\/larevistadigital.com.ar\/blog\/wp-content\/uploads\/2018\/01\/chascomus.jpg?fit=960%2C640&ssl=1&resize=350%2C200 1x, https:\/\/i0.wp.com\/larevistadigital.com.ar\/blog\/wp-content\/uploads\/2018\/01\/chascomus.jpg?fit=960%2C640&ssl=1&resize=525%2C300 1.5x, https:\/\/i0.wp.com\/larevistadigital.com.ar\/blog\/wp-content\/uploads\/2018\/01\/chascomus.jpg?fit=960%2C640&ssl=1&resize=700%2C400 2x"},"classes":[]},{"id":26132,"url":"https:\/\/larevistadigital.com.ar\/blog\/chascomus-la-policia-evito-un-linchamiento-y-detuvo-a-un-individuo-con-frondosos-antecedentes\/","url_meta":{"origin":38173,"position":1},"title":"CHASCOM\u00daS: LA POLIC\u00cdA EVIT\u00d3 UN LINCHAMIENTO Y DETUVO A UN INDIVIDUO CON FRONDOSOS ANTECEDENTES","author":"Alejandro Sosa Ruda","date":"26 junio, 2022","format":false,"excerpt":"CHASCOM\u00daS -\u00a0 Luego de ser alertados por vecinos, la Polic\u00eda Comunal, logr\u00f3 detener en el barrio San Cayetano a un sujeto que habr\u00eda cometido gran cantidad de il\u00edcitos. El hecho ocurri\u00f3 apenas pasadas las 14 hs. Todo comenz\u00f3 con el robo de una moto marca \"Gilera\" lo que provoc\u00f3 que\u2026","rel":"","context":"En \u00abINTERES GENERAL\u00bb","block_context":{"text":"INTERES GENERAL","link":"https:\/\/larevistadigital.com.ar\/blog\/category\/interes-general\/"},"img":{"alt_text":"","src":"https:\/\/i0.wp.com\/larevistadigital.com.ar\/blog\/wp-content\/uploads\/WhatsApp-Image-2022-06-26-at-4.28.00-PM.jpeg?fit=1200%2C675&ssl=1&resize=350%2C200","width":350,"height":200,"srcset":"https:\/\/i0.wp.com\/larevistadigital.com.ar\/blog\/wp-content\/uploads\/WhatsApp-Image-2022-06-26-at-4.28.00-PM.jpeg?fit=1200%2C675&ssl=1&resize=350%2C200 1x, https:\/\/i0.wp.com\/larevistadigital.com.ar\/blog\/wp-content\/uploads\/WhatsApp-Image-2022-06-26-at-4.28.00-PM.jpeg?fit=1200%2C675&ssl=1&resize=525%2C300 1.5x, https:\/\/i0.wp.com\/larevistadigital.com.ar\/blog\/wp-content\/uploads\/WhatsApp-Image-2022-06-26-at-4.28.00-PM.jpeg?fit=1200%2C675&ssl=1&resize=700%2C400 2x, https:\/\/i0.wp.com\/larevistadigital.com.ar\/blog\/wp-content\/uploads\/WhatsApp-Image-2022-06-26-at-4.28.00-PM.jpeg?fit=1200%2C675&ssl=1&resize=1050%2C600 3x"},"classes":[]},{"id":40342,"url":"https:\/\/larevistadigital.com.ar\/blog\/incendio-en-el-casa-laurel-hotel-boutique-de-chascomus-evacuacion-momentos-de-tension-en-la-madrugada\/","url_meta":{"origin":38173,"position":2},"title":"Incendio en el Casa Laurel Hotel Boutique de Chascom\u00fas: evacuaci\u00f3n, momentos de tensi\u00f3n en la madrugada","author":"Alejandro Sosa Ruda","date":"6 julio, 2025","format":false,"excerpt":"Una falla en el sistema el\u00e9ctrico del Casa Laurel Hotel Boutique provoc\u00f3 un incendio que oblig\u00f3 a evacuar a 21 personas. Un empleado result\u00f3 herido al intentar colaborar con los hu\u00e9spedes. 06 de Julio de 2025 CHASCOM\u00daS -\u00a0 \u00a0Una madrugada agitada vivi\u00f3 la ciudad de Chascom\u00fas este s\u00e1bado, cuando se\u2026","rel":"","context":"En \u00abDESTACADAS\u00bb","block_context":{"text":"DESTACADAS","link":"https:\/\/larevistadigital.com.ar\/blog\/category\/destacadas\/"},"img":{"alt_text":"","src":"https:\/\/i0.wp.com\/larevistadigital.com.ar\/blog\/wp-content\/uploads\/CASA-LAUREL-HOTEL-BOUTIQUE.jpg?fit=960%2C1200&ssl=1&resize=350%2C200","width":350,"height":200,"srcset":"https:\/\/i0.wp.com\/larevistadigital.com.ar\/blog\/wp-content\/uploads\/CASA-LAUREL-HOTEL-BOUTIQUE.jpg?fit=960%2C1200&ssl=1&resize=350%2C200 1x, https:\/\/i0.wp.com\/larevistadigital.com.ar\/blog\/wp-content\/uploads\/CASA-LAUREL-HOTEL-BOUTIQUE.jpg?fit=960%2C1200&ssl=1&resize=525%2C300 1.5x, https:\/\/i0.wp.com\/larevistadigital.com.ar\/blog\/wp-content\/uploads\/CASA-LAUREL-HOTEL-BOUTIQUE.jpg?fit=960%2C1200&ssl=1&resize=700%2C400 2x"},"classes":[]},{"id":44557,"url":"https:\/\/larevistadigital.com.ar\/blog\/reconocimiento-a-la-excelencia-pedagogica-de-la-orquesta-escuela-de-chascomus\/","url_meta":{"origin":38173,"position":3},"title":"Reconocimiento a la excelencia pedag\u00f3gica de la Orquesta-Escuela de Chascom\u00fas","author":"Alejandro Sosa Ruda","date":"17 marzo, 2026","format":false,"excerpt":"Los alumnos que contin\u00faen su proceso en el Conservatorio de M\u00fasica local no necesitar\u00e1n cursar la Formaci\u00f3n B\u00e1sica. 17 de marzo de 2026 CHASCOMUS -\u00a0 \u00a0La Jefatura Distrital de Educaci\u00f3n y el Conservatorio de M\u00fasica locales acordaron que a alumnos de la Orquesta-Escuela Chascom\u00fas se les considere v\u00e1lidamente aprobada la\u2026","rel":"","context":"En \u00abCHASCOM\u00daS\u00bb","block_context":{"text":"CHASCOM\u00daS","link":"https:\/\/larevistadigital.com.ar\/blog\/category\/chascomus\/"},"img":{"alt_text":"","src":"https:\/\/i0.wp.com\/larevistadigital.com.ar\/blog\/wp-content\/uploads\/69b9805b350d6.png?fit=668%2C445&ssl=1&resize=350%2C200","width":350,"height":200,"srcset":"https:\/\/i0.wp.com\/larevistadigital.com.ar\/blog\/wp-content\/uploads\/69b9805b350d6.png?fit=668%2C445&ssl=1&resize=350%2C200 1x, https:\/\/i0.wp.com\/larevistadigital.com.ar\/blog\/wp-content\/uploads\/69b9805b350d6.png?fit=668%2C445&ssl=1&resize=525%2C300 1.5x"},"classes":[]},{"id":29371,"url":"https:\/\/larevistadigital.com.ar\/blog\/fotos-y-videos-chascomus-de-festejo-por-el-pase-de-argentina-a-semifinales-por-sofia-otero\/","url_meta":{"origin":38173,"position":4},"title":"[FOTOS Y VIDEOS] CHASCOM\u00daS DE FESTEJO POR EL PASE DE ARGENTINA A SEMIFINALES (por Sof\u00eda Otero)","author":"Alejandro Sosa Ruda","date":"9 diciembre, 2022","format":false,"excerpt":"Luego del sufrimiento de los tiros del punto penal, la ciudad volvi\u00f3 a reunirse en torno al Reloj de los Italianos. Fotos y videos de Sof\u00eda Otero y Carlos Lasserre. 9 de diciembre de 2022 CHASCOM\u00daS -\u00a0 Se sufri\u00f3. Much\u00edsimo. Pero se consigui\u00f3 el premio del pase a semifinales del\u2026","rel":"","context":"En \u00abCHASCOM\u00daS\u00bb","block_context":{"text":"CHASCOM\u00daS","link":"https:\/\/larevistadigital.com.ar\/blog\/category\/chascomus\/"},"img":{"alt_text":"","src":"https:\/\/i0.wp.com\/larevistadigital.com.ar\/blog\/wp-content\/uploads\/WhatsApp-Image-2022-12-09-at-19.43.47-e1670629428798.jpeg?fit=899%2C1071&ssl=1&resize=350%2C200","width":350,"height":200,"srcset":"https:\/\/i0.wp.com\/larevistadigital.com.ar\/blog\/wp-content\/uploads\/WhatsApp-Image-2022-12-09-at-19.43.47-e1670629428798.jpeg?fit=899%2C1071&ssl=1&resize=350%2C200 1x, https:\/\/i0.wp.com\/larevistadigital.com.ar\/blog\/wp-content\/uploads\/WhatsApp-Image-2022-12-09-at-19.43.47-e1670629428798.jpeg?fit=899%2C1071&ssl=1&resize=525%2C300 1.5x, https:\/\/i0.wp.com\/larevistadigital.com.ar\/blog\/wp-content\/uploads\/WhatsApp-Image-2022-12-09-at-19.43.47-e1670629428798.jpeg?fit=899%2C1071&ssl=1&resize=700%2C400 2x"},"classes":[]},{"id":23119,"url":"https:\/\/larevistadigital.com.ar\/blog\/chascomus-largas-colas-en-los-bancos-temperaturas-insoportables-y-vecinos-descompuestos-los-gerentes-no-ven-esto-que-sucede\/","url_meta":{"origin":38173,"position":5},"title":"CHASCOM\u00daS: LARGAS COLAS EN LOS BANCOS, TEMPERATURAS INSOPORTABLES Y VECINOS DESCOMPUESTOS. LOS GERENTES, \u00bfNO VEN ESTO QUE SUCEDE?","author":"Alejandro Sosa Ruda","date":"30 diciembre, 2021","format":false,"excerpt":"Una situaci\u00f3n que provoc\u00f3 gran cantidad de llamados de vecinos a nuestra redacci\u00f3n, indignados y preocupados principalmente por los adultos mayores. La gente pide una soluci\u00f3n urgente. CHASCOM\u00daS -\u00a0 Desde que comenz\u00f3 la ola de calor, numerosos vecinos se han puesto en contacto con nuestra redacci\u00f3n, contando un problema que\u2026","rel":"","context":"En \u00abDESTACADAS\u00bb","block_context":{"text":"DESTACADAS","link":"https:\/\/larevistadigital.com.ar\/blog\/category\/destacadas\/"},"img":{"alt_text":"","src":"https:\/\/i0.wp.com\/larevistadigital.com.ar\/blog\/wp-content\/uploads\/269858522_598556001215213_4793873589616468165_n.jpg?fit=960%2C720&ssl=1&resize=350%2C200","width":350,"height":200,"srcset":"https:\/\/i0.wp.com\/larevistadigital.com.ar\/blog\/wp-content\/uploads\/269858522_598556001215213_4793873589616468165_n.jpg?fit=960%2C720&ssl=1&resize=350%2C200 1x, https:\/\/i0.wp.com\/larevistadigital.com.ar\/blog\/wp-content\/uploads\/269858522_598556001215213_4793873589616468165_n.jpg?fit=960%2C720&ssl=1&resize=525%2C300 1.5x, https:\/\/i0.wp.com\/larevistadigital.com.ar\/blog\/wp-content\/uploads\/269858522_598556001215213_4793873589616468165_n.jpg?fit=960%2C720&ssl=1&resize=700%2C400 2x"},"classes":[]}],"_links":{"self":[{"href":"https:\/\/larevistadigital.com.ar\/blog\/wp-json\/wp\/v2\/posts\/38173","targetHints":{"allow":["GET"]}}],"collection":[{"href":"https:\/\/larevistadigital.com.ar\/blog\/wp-json\/wp\/v2\/posts"}],"about":[{"href":"https:\/\/larevistadigital.com.ar\/blog\/wp-json\/wp\/v2\/types\/post"}],"author":[{"embeddable":true,"href":"https:\/\/larevistadigital.com.ar\/blog\/wp-json\/wp\/v2\/users\/3"}],"replies":[{"embeddable":true,"href":"https:\/\/larevistadigital.com.ar\/blog\/wp-json\/wp\/v2\/comments?post=38173"}],"version-history":[{"count":1,"href":"https:\/\/larevistadigital.com.ar\/blog\/wp-json\/wp\/v2\/posts\/38173\/revisions"}],"predecessor-version":[{"id":38175,"href":"https:\/\/larevistadigital.com.ar\/blog\/wp-json\/wp\/v2\/posts\/38173\/revisions\/38175"}],"wp:featuredmedia":[{"embeddable":true,"href":"https:\/\/larevistadigital.com.ar\/blog\/wp-json\/wp\/v2\/media\/38174"}],"wp:attachment":[{"href":"https:\/\/larevistadigital.com.ar\/blog\/wp-json\/wp\/v2\/media?parent=38173"}],"wp:term":[{"taxonomy":"category","embeddable":true,"href":"https:\/\/larevistadigital.com.ar\/blog\/wp-json\/wp\/v2\/categories?post=38173"},{"taxonomy":"post_tag","embeddable":true,"href":"https:\/\/larevistadigital.com.ar\/blog\/wp-json\/wp\/v2\/tags?post=38173"}],"curies":[{"name":"wp","href":"https:\/\/api.w.org\/{rel}","templated":true}]}}