{"id":38181,"date":"2024-12-09T13:38:37","date_gmt":"2024-12-09T16:38:37","guid":{"rendered":"https:\/\/larevistadigital.com.ar\/blog\/?p=38181"},"modified":"2024-12-09T13:38:37","modified_gmt":"2024-12-09T16:38:37","slug":"para-evitar-la-privatizacion-kicillof-propone-comprar-aerolineas-argentinas-junto-a-las-provincias-y-trabajadores","status":"publish","type":"post","link":"https:\/\/larevistadigital.com.ar\/blog\/para-evitar-la-privatizacion-kicillof-propone-comprar-aerolineas-argentinas-junto-a-las-provincias-y-trabajadores\/","title":{"rendered":"Para evitar la privatizaci\u00f3n: Kicillof propone comprar Aerol\u00edneas Argentinas junto a las provincias y trabajadores"},"content":{"rendered":"<h2 class=\"fparrafo ctext fz18 lh25\">El gobernador de la provincia de Buenos Aires, Axel Kicillof, afirm\u00f3 que su gesti\u00f3n est\u00e1 comprometida a preservar Aerol\u00edneas Argentinas frente a los planes de privatizaci\u00f3n anunciados por el Gobierno nacional.<\/h2>\n<p>09 de Diciembre de 2024<\/p>\n<p class=\"fparrafo ctext fz18 lh25\"><strong>BUENOS AIRES &#8211;<\/strong>\u00a0 \u00a0Durante una conferencia de prensa en el Sal\u00f3n Dorado de la Casa de Gobierno, acompa\u00f1ado por la vicegobernadora <strong>Ver\u00f3nica Magario<\/strong> y los ministros <strong>Carlos Bianco<\/strong> (Gobierno) y <strong>Andr\u00e9s Larroque<\/strong> (Desarrollo de la Comunidad), <strong>Kicillof<\/strong> asegur\u00f3: <strong><em>\u201cLa Provincia de Buenos Aires est\u00e1 dispuesta a tomar todas las medidas necesarias para mantener la aerol\u00ednea de bandera en funcionamiento\u201d.<\/em><\/strong><\/p>\n<blockquote>\n<h3>El Gobernador se\u00f1al\u00f3 que ya se han iniciado di\u00e1logos con los trabajadores de la compa\u00f1\u00eda y otros gobernadores provinciales para evitar la desintegraci\u00f3n de Aerol\u00edneas Argentinas. Destac\u00f3 que la l\u00ednea a\u00e9rea, recuperada tras a\u00f1os de gesti\u00f3n privada, es ahora <em>\u00abuna de las mejores de Am\u00e9rica Latina y del mundo\u00bb<\/em>.<\/h3>\n<\/blockquote>\n<p><em><strong>\u201cBuenos Aires no permitir\u00e1 que Aerol\u00edneas Argentinas sea nuevamente vaciada. Es un instrumento clave para la conectividad, el desarrollo y la equidad territorial del pa\u00eds\u201d<\/strong><\/em>, enfatiz\u00f3 <strong>Kicillof<\/strong>, subrayando que el impacto econ\u00f3mico de la aerol\u00ednea en la provincia alcanza los 2.665 millones de d\u00f3lares. Adem\u00e1s, record\u00f3 los efectos negativos de su privatizaci\u00f3n previa, que incluyeron el abandono de rutas y destinos esenciales para muchas ciudades argentinas.<\/p>\n<h3><span style=\"color: #ff0000\"><b>Anuncios sobre obra p\u00fablica y asistencia social<\/b><\/span><\/h3>\n<p>Durante el encuentro, Bianco present\u00f3 diez nuevas licitaciones para obras p\u00fablicas, incluyendo la construcci\u00f3n de seis edificios escolares en municipios como Z\u00e1rate, La Matanza y Tandil, entre otros. Tambi\u00e9n se anunciaron proyectos de infraestructura h\u00eddrica, como un acueducto en Berazategui y desag\u00fces en Alberti, con una inversi\u00f3n total de m\u00e1s de $28.000 millones.<\/p>\n<h3><span style=\"color: #ff0000\"><b>Canastas navide\u00f1as<\/b><\/span><\/h3>\n<p>En paralelo, el gobierno bonaerense duplicar\u00e1 en diciembre el programa MESA (M\u00f3dulo Extraordinario de Seguridad Alimentaria), con una inversi\u00f3n de m\u00e1s de $50.000 millones, y distribuir\u00e1 canastas navide\u00f1as por $12.500 millones. Adem\u00e1s, se relanzar\u00e1 el programa Fortalecer Envi\u00f3n, destinado a mejorar las 595 sedes de este programa de inclusi\u00f3n juvenil.<\/p>\n<h3><span style=\"color: #ff0000\"><b>Compromiso<\/b><\/span><\/h3>\n<p>Larroque destac\u00f3 el compromiso de la provincia para afrontar la dif\u00edcil situaci\u00f3n social: \u201cMientras el Gobierno nacional aplica pol\u00edticas que afectan a los sectores m\u00e1s vulnerables, nosotros redoblamos los esfuerzos para llevar alivio a las familias bonaerenses y demostrar el compromiso de un Estado presente y solidario\u201d.<\/p>\n<h3><span style=\"color: #ff0000\"><b>Participantes<\/b><\/span><\/h3>\n<p>Estuvieron presentes la jefa de Asesores del Gobernador, <strong>Cristina \u00c1lvarez Rodr\u00edguez<\/strong>; los ministros de Infraestructura y Servicios P\u00fablicos, <strong>Gabriel Katopodis<\/strong>; y de Trabajo, <strong>Walter Correa<\/strong>; el asesor general de Gobierno, <strong>Santiago P\u00e9rez Teruel<\/strong>; el gerente General de Autopistas de Buenos Aires, <strong>Pablo Ceriani<\/strong>; los titulares de la Asociaci\u00f3n del Personal Aeron\u00e1utico (APA), <strong>Edgardo Llano<\/strong>; y de la Uni\u00f3n del Personal Superior Aeron\u00e1utico (UPSA): <strong>Rub\u00e9n Fern\u00e1ndez<\/strong>; el secretario general de la Asociaci\u00f3n Argentina de Aeronavegantes, <strong>Juan Pablo Brey<\/strong>; el secretario gremial de la Asociaci\u00f3n de Pilotos de L\u00edneas A\u00e9reas (APLA), <strong>Mateo Ferrer\u00eda<\/strong>; y la ex diputada nacional <strong>Alicia Castro<\/strong>.\u00a0<b>(InfoGEI)Ac<\/b><\/p>\n","protected":false},"excerpt":{"rendered":"<div class=\"mh-excerpt\"><p>El gobernador de la provincia de Buenos Aires, Axel Kicillof, afirm\u00f3 que su gesti\u00f3n est\u00e1 comprometida a preservar Aerol\u00edneas Argentinas frente a los planes de privatizaci\u00f3n anunciados por el Gobierno nacional. 09 de Diciembre de <a class=\"mh-excerpt-more\" href=\"https:\/\/larevistadigital.com.ar\/blog\/para-evitar-la-privatizacion-kicillof-propone-comprar-aerolineas-argentinas-junto-a-las-provincias-y-trabajadores\/\" title=\"Para evitar la privatizaci\u00f3n: Kicillof propone comprar Aerol\u00edneas Argentinas junto a las provincias y trabajadores\">[Leer M\u00e1s]<\/a><\/p>\n<\/div>","protected":false},"author":3,"featured_media":38182,"comment_status":"open","ping_status":"open","sticky":false,"template":"","format":"standard","meta":{"_jetpack_memberships_contains_paid_content":false,"footnotes":"","jetpack_publicize_message":"","jetpack_publicize_feature_enabled":true,"jetpack_social_post_already_shared":true,"jetpack_social_options":{"image_generator_settings":{"template":"highway","default_image_id":0,"font":"","enabled":false},"version":2}},"categories":[41],"tags":[],"class_list":{"0":"post-38181","1":"post","2":"type-post","3":"status-publish","4":"format-standard","5":"has-post-thumbnail","7":"category-destacadas"},"jetpack_publicize_connections":[],"jetpack_featured_media_url":"https:\/\/i0.wp.com\/larevistadigital.com.ar\/blog\/wp-content\/uploads\/20241209113459_kicillof-aerolineas-magario.jpg?fit=880%2C512&ssl=1","jetpack_sharing_enabled":true,"jetpack_shortlink":"https:\/\/wp.me\/p8qtrQ-9VP","jetpack-related-posts":[{"id":38225,"url":"https:\/\/larevistadigital.com.ar\/blog\/otro-dirigente-aeronautico-respalda-la-propuesta-kicillof-para-gestionar-aerolineas-argentinas\/","url_meta":{"origin":38181,"position":0},"title":"Otro dirigente aeron\u00e1utico respalda la propuesta Kicillof para gestionar Aerol\u00edneas Argentinas","author":"Alejandro Sosa Ruda","date":"11 diciembre, 2024","format":false,"excerpt":"Andr\u00e9s Junor, secretario Gremial del sindicato de Aeronavegantes, manifest\u00f3 su apoyo a la iniciativa del gobernador de Buenos Aires, Axel Kicillof, quien plante\u00f3 la posibilidad de que su provincia, junto con otras, asuman el control de Aerol\u00edneas Argentinas. 11 de diciembre de 2024 BUENOS AIRES -\u00a0 \u00a0En declaraciones a Radio\u2026","rel":"","context":"En \u00abGREMIALES\u00bb","block_context":{"text":"GREMIALES","link":"https:\/\/larevistadigital.com.ar\/blog\/category\/gremiales\/"},"img":{"alt_text":"","src":"https:\/\/i0.wp.com\/larevistadigital.com.ar\/blog\/wp-content\/uploads\/20241211191559_andres-junor-aeronavegantes-kicillof-aerolineas.jpg?fit=880%2C512&ssl=1&resize=350%2C200","width":350,"height":200,"srcset":"https:\/\/i0.wp.com\/larevistadigital.com.ar\/blog\/wp-content\/uploads\/20241211191559_andres-junor-aeronavegantes-kicillof-aerolineas.jpg?fit=880%2C512&ssl=1&resize=350%2C200 1x, https:\/\/i0.wp.com\/larevistadigital.com.ar\/blog\/wp-content\/uploads\/20241211191559_andres-junor-aeronavegantes-kicillof-aerolineas.jpg?fit=880%2C512&ssl=1&resize=525%2C300 1.5x, https:\/\/i0.wp.com\/larevistadigital.com.ar\/blog\/wp-content\/uploads\/20241211191559_andres-junor-aeronavegantes-kicillof-aerolineas.jpg?fit=880%2C512&ssl=1&resize=700%2C400 2x"},"classes":[]},{"id":34442,"url":"https:\/\/larevistadigital.com.ar\/blog\/kicillof-si-gana-milei-no-vamos-a-poder-hacer-ni-un-metro-de-asfalto\/","url_meta":{"origin":38181,"position":1},"title":"KICILLOF: \u00abSI GANA MILEI NO VAMOS A PODER HACER NI UN METRO DE ASFALTO\u00bb","author":"Alejandro Sosa Ruda","date":"8 noviembre, 2023","format":false,"excerpt":"El gobernador advirti\u00f3 sobre las dificultades que podr\u00edan tener en la provincia de Buenos Aires con un eventual gobierno libertario y su anunciada eliminaci\u00f3n de la coparticipaci\u00f3n federal. 8 De Noviembre de 2023 BUENOS AIRES -\u00a0 El gobernador bonaerense, Axel Kicillof, asegur\u00f3 este mi\u00e9rcoles en Bah\u00eda Blanca que en materia\u2026","rel":"","context":"En \u00abDESTACADAS\u00bb","block_context":{"text":"DESTACADAS","link":"https:\/\/larevistadigital.com.ar\/blog\/category\/destacadas\/"},"img":{"alt_text":"","src":"https:\/\/i0.wp.com\/larevistadigital.com.ar\/blog\/wp-content\/uploads\/654bd5ef50a4f_1200.jpg?fit=1200%2C675&ssl=1&resize=350%2C200","width":350,"height":200,"srcset":"https:\/\/i0.wp.com\/larevistadigital.com.ar\/blog\/wp-content\/uploads\/654bd5ef50a4f_1200.jpg?fit=1200%2C675&ssl=1&resize=350%2C200 1x, https:\/\/i0.wp.com\/larevistadigital.com.ar\/blog\/wp-content\/uploads\/654bd5ef50a4f_1200.jpg?fit=1200%2C675&ssl=1&resize=525%2C300 1.5x, https:\/\/i0.wp.com\/larevistadigital.com.ar\/blog\/wp-content\/uploads\/654bd5ef50a4f_1200.jpg?fit=1200%2C675&ssl=1&resize=700%2C400 2x, https:\/\/i0.wp.com\/larevistadigital.com.ar\/blog\/wp-content\/uploads\/654bd5ef50a4f_1200.jpg?fit=1200%2C675&ssl=1&resize=1050%2C600 3x"},"classes":[]},{"id":41636,"url":"https:\/\/larevistadigital.com.ar\/blog\/kicillof-cruzo-a-caputo-es-un-caradura-y-mentiroso-no-hay-ningun-impuesto-nuevo-en-la-provincia\/","url_meta":{"origin":38181,"position":2},"title":"Kicillof cruz\u00f3 a Caputo: \u201cEs un caradura y mentiroso, no hay ning\u00fan impuesto nuevo en la provincia\u00bb","author":"Alejandro Sosa Ruda","date":"24 septiembre, 2025","format":false,"excerpt":"El gobernador bonaerense sostuvo que es otra \u201crepugnante mentira\u201d del Gobierno Nacional que busca \u201cgenerar confusi\u00f3n y rascar votos\u201d en las pr\u00f3ximas elecciones. 24 de septiembre de 2025 BUENOS AIRES -\u00a0 \u00a0El gobernador de la provincia de Buenos Aires, Axel Kicillof, cruz\u00f3 al ministro de Econom\u00eda de la Naci\u00f3n, Luis\u2026","rel":"","context":"En \u00abINTERES GENERAL\u00bb","block_context":{"text":"INTERES GENERAL","link":"https:\/\/larevistadigital.com.ar\/blog\/category\/interes-general\/"},"img":{"alt_text":"","src":"https:\/\/i0.wp.com\/larevistadigital.com.ar\/blog\/wp-content\/uploads\/Captura-de-pantalla-2025-09-24-185654.jpg?fit=624%2C353&ssl=1&resize=350%2C200","width":350,"height":200,"srcset":"https:\/\/i0.wp.com\/larevistadigital.com.ar\/blog\/wp-content\/uploads\/Captura-de-pantalla-2025-09-24-185654.jpg?fit=624%2C353&ssl=1&resize=350%2C200 1x, https:\/\/i0.wp.com\/larevistadigital.com.ar\/blog\/wp-content\/uploads\/Captura-de-pantalla-2025-09-24-185654.jpg?fit=624%2C353&ssl=1&resize=525%2C300 1.5x"},"classes":[]},{"id":27300,"url":"https:\/\/larevistadigital.com.ar\/blog\/kicillof-le-tomo-juramento-al-nuevo-ministro-de-trabajo-de-la-ciudad-de-buenos-aires\/","url_meta":{"origin":38181,"position":3},"title":"KICILLOF LE TOM\u00d3 JURAMENTO AL NUEVO MINISTRO DE TRABAJO DE LA CIUDAD DE BUENOS AIRES","author":"Alejandro Sosa Ruda","date":"25 agosto, 2022","format":false,"excerpt":"Estuvieron presentes integrantes del gabinete provincial, representantes de todas las centrales obreras, m\u00e1s de 80 sindicatos, intendentes bonaerenses, legisladores y legisladoras nacionales y provinciales; y representantes de organizaciones sindicales. El gobernador de la provincia de Buenos Aires, Axel Kicillof, le tom\u00f3 juramento al nuevo ministro de Trabajo, Walter Correa. En\u2026","rel":"","context":"En \u00abPOLITICA PROVINCIAL\u00bb","block_context":{"text":"POLITICA PROVINCIAL","link":"https:\/\/larevistadigital.com.ar\/blog\/category\/politica\/politica-provincial\/"},"img":{"alt_text":"","src":"https:\/\/i0.wp.com\/larevistadigital.com.ar\/blog\/wp-content\/uploads\/20220824153301_2022-08-24-ak-jura-trabajo-sge9222.jpg?fit=880%2C512&ssl=1&resize=350%2C200","width":350,"height":200,"srcset":"https:\/\/i0.wp.com\/larevistadigital.com.ar\/blog\/wp-content\/uploads\/20220824153301_2022-08-24-ak-jura-trabajo-sge9222.jpg?fit=880%2C512&ssl=1&resize=350%2C200 1x, https:\/\/i0.wp.com\/larevistadigital.com.ar\/blog\/wp-content\/uploads\/20220824153301_2022-08-24-ak-jura-trabajo-sge9222.jpg?fit=880%2C512&ssl=1&resize=525%2C300 1.5x, https:\/\/i0.wp.com\/larevistadigital.com.ar\/blog\/wp-content\/uploads\/20220824153301_2022-08-24-ak-jura-trabajo-sge9222.jpg?fit=880%2C512&ssl=1&resize=700%2C400 2x"},"classes":[]},{"id":34654,"url":"https:\/\/larevistadigital.com.ar\/blog\/axel-kicillof-se-reunio-con-intendentes-bonaerenses-y-les-llevo-tranquilidad\/","url_meta":{"origin":38181,"position":4},"title":"AXEL KICILLOF SE REUNI\u00d3 CON INTENDENTES BONAERENSES Y LES LLEV\u00d3 TRANQUILIDAD","author":"Alejandro Sosa Ruda","date":"27 noviembre, 2023","format":false,"excerpt":"Los intendentes peronistas desembarcaron en La Plata con la intenci\u00f3n de dialogar en busca de respuestas para los tiempos que se avecinan a ra\u00edz del plan de ajuste que propone La Libertad Avanza. 27 de Noviembre de 2023 BUENOS AIRES -\u00a0 Este lunes, el gobernador de la provincia de Buenos\u2026","rel":"","context":"En \u00abDESTACADAS\u00bb","block_context":{"text":"DESTACADAS","link":"https:\/\/larevistadigital.com.ar\/blog\/category\/destacadas\/"},"img":{"alt_text":"","src":"https:\/\/i0.wp.com\/larevistadigital.com.ar\/blog\/wp-content\/uploads\/20231127173251_kicillof.jpg?fit=880%2C512&ssl=1&resize=350%2C200","width":350,"height":200,"srcset":"https:\/\/i0.wp.com\/larevistadigital.com.ar\/blog\/wp-content\/uploads\/20231127173251_kicillof.jpg?fit=880%2C512&ssl=1&resize=350%2C200 1x, https:\/\/i0.wp.com\/larevistadigital.com.ar\/blog\/wp-content\/uploads\/20231127173251_kicillof.jpg?fit=880%2C512&ssl=1&resize=525%2C300 1.5x, https:\/\/i0.wp.com\/larevistadigital.com.ar\/blog\/wp-content\/uploads\/20231127173251_kicillof.jpg?fit=880%2C512&ssl=1&resize=700%2C400 2x"},"classes":[]},{"id":39281,"url":"https:\/\/larevistadigital.com.ar\/blog\/kicillof-volvio-a-llamar-a-la-unidad-para-frenar-las-politicas-de-milei-y-defender-la-provincia\/","url_meta":{"origin":38181,"position":5},"title":"Kicillof volvi\u00f3 a llamar a la unidad para frenar las pol\u00edticas de Milei y defender la Provincia","author":"Alejandro Sosa Ruda","date":"4 abril, 2025","format":false,"excerpt":"El gobernador de la provincia de Buenos Aires, Axel Kicillof, encabez\u00f3 este jueves el cierre del ciclo de charlas \u201cDebate del Futuro\u201d en el Teatro Argentino de La Plata. Lo acompa\u00f1aron el ministro de Gobierno, Carlos Bianco; el subsecretario de Econom\u00eda Popular, Daniel Men\u00e9ndez; y el intendente platense, Julio Alak.\u2026","rel":"","context":"En \u00abINTERES GENERAL\u00bb","block_context":{"text":"INTERES GENERAL","link":"https:\/\/larevistadigital.com.ar\/blog\/category\/interes-general\/"},"img":{"alt_text":"","src":"https:\/\/i0.wp.com\/larevistadigital.com.ar\/blog\/wp-content\/uploads\/20250403195806_kicillof-acto-contra-milei-provincia.jpg?fit=880%2C512&ssl=1&resize=350%2C200","width":350,"height":200,"srcset":"https:\/\/i0.wp.com\/larevistadigital.com.ar\/blog\/wp-content\/uploads\/20250403195806_kicillof-acto-contra-milei-provincia.jpg?fit=880%2C512&ssl=1&resize=350%2C200 1x, https:\/\/i0.wp.com\/larevistadigital.com.ar\/blog\/wp-content\/uploads\/20250403195806_kicillof-acto-contra-milei-provincia.jpg?fit=880%2C512&ssl=1&resize=525%2C300 1.5x, https:\/\/i0.wp.com\/larevistadigital.com.ar\/blog\/wp-content\/uploads\/20250403195806_kicillof-acto-contra-milei-provincia.jpg?fit=880%2C512&ssl=1&resize=700%2C400 2x"},"classes":[]}],"_links":{"self":[{"href":"https:\/\/larevistadigital.com.ar\/blog\/wp-json\/wp\/v2\/posts\/38181","targetHints":{"allow":["GET"]}}],"collection":[{"href":"https:\/\/larevistadigital.com.ar\/blog\/wp-json\/wp\/v2\/posts"}],"about":[{"href":"https:\/\/larevistadigital.com.ar\/blog\/wp-json\/wp\/v2\/types\/post"}],"author":[{"embeddable":true,"href":"https:\/\/larevistadigital.com.ar\/blog\/wp-json\/wp\/v2\/users\/3"}],"replies":[{"embeddable":true,"href":"https:\/\/larevistadigital.com.ar\/blog\/wp-json\/wp\/v2\/comments?post=38181"}],"version-history":[{"count":1,"href":"https:\/\/larevistadigital.com.ar\/blog\/wp-json\/wp\/v2\/posts\/38181\/revisions"}],"predecessor-version":[{"id":38183,"href":"https:\/\/larevistadigital.com.ar\/blog\/wp-json\/wp\/v2\/posts\/38181\/revisions\/38183"}],"wp:featuredmedia":[{"embeddable":true,"href":"https:\/\/larevistadigital.com.ar\/blog\/wp-json\/wp\/v2\/media\/38182"}],"wp:attachment":[{"href":"https:\/\/larevistadigital.com.ar\/blog\/wp-json\/wp\/v2\/media?parent=38181"}],"wp:term":[{"taxonomy":"category","embeddable":true,"href":"https:\/\/larevistadigital.com.ar\/blog\/wp-json\/wp\/v2\/categories?post=38181"},{"taxonomy":"post_tag","embeddable":true,"href":"https:\/\/larevistadigital.com.ar\/blog\/wp-json\/wp\/v2\/tags?post=38181"}],"curies":[{"name":"wp","href":"https:\/\/api.w.org\/{rel}","templated":true}]}}