{"id":38184,"date":"2024-12-09T13:48:52","date_gmt":"2024-12-09T16:48:52","guid":{"rendered":"https:\/\/larevistadigital.com.ar\/blog\/?p=38184"},"modified":"2024-12-09T13:48:52","modified_gmt":"2024-12-09T16:48:52","slug":"dan-detalles-sobre-la-creacion-del-centro-de-industria-farmaceutica-bonaerense","status":"publish","type":"post","link":"https:\/\/larevistadigital.com.ar\/blog\/dan-detalles-sobre-la-creacion-del-centro-de-industria-farmaceutica-bonaerense\/","title":{"rendered":"Dan detalles sobre la creaci\u00f3n del Centro de Industria Farmace\u00fatica Bonaerense"},"content":{"rendered":"<h3 class=\"fparrafo ctext fz18 lh25\">Durante una reuni\u00f3n conjunta de las comisiones de Legislaci\u00f3n General, Salud P\u00fablica y Presupuesto e Impuestos de la C\u00e1mara de Diputados de la provincia de Buenos Aires, se debati\u00f3 el proyecto impulsado por el gobernador Axel Kicillof para establecer el Centro de Industria Farmac\u00e9utica Bonaerense.<\/h3>\n<p>09 de diciembre de 2024<\/p>\n<p><strong>BUENOS AIRES &#8211;\u00a0 <\/strong>Seg\u00fan explicaron desde la administraci\u00f3n bonaerense, el objetivo del Centro es asegurar el acceso a medicamentos, vacunas, insumos m\u00e9dicos y principios activos, adem\u00e1s de establecer est\u00e1ndares de calidad en la producci\u00f3n farmac\u00e9utica. La propuesta tambi\u00e9n busca combatir los sobreprecios impuestos por laboratorios privados en situaciones de monopolio, lo que resultar\u00eda en menores costos para los usuarios finales.<\/p>\n<blockquote>\n<h3>El proyecto prev\u00e9 la creaci\u00f3n de una sociedad an\u00f3nima con mayor\u00eda estatal, bajo la supervisi\u00f3n del Ministerio de Salud provincial. <em>\u00abLa medida garantizar\u00e1 que todos los ciudadanos puedan acceder a tratamientos, independientemente de su capacidad econ\u00f3mica\u00bb<\/em>, destacan desde el Gobierno.<\/h3>\n<\/blockquote>\n<p>La diputada <strong>Laura Aloisi<\/strong>, integrante de la Comisi\u00f3n de Salud P\u00fablica, ofreci\u00f3 m\u00e1s detalles sobre el avance del proyecto. <strong><em>\u201cLa semana pasada tuvimos una reuni\u00f3n conjunta de las comisiones de salud, presupuesto y legislaci\u00f3n. En conjunto, tenemos mayor\u00eda oficialista, y se emitieron dict\u00e1menes favorables. Sin embargo, tambi\u00e9n hubo opiniones en contra, cuestionando la figura jur\u00eddica de la sociedad an\u00f3nima con participaci\u00f3n estatal mayoritaria\u201d<\/em><\/strong>, se\u00f1al\u00f3.<\/p>\n<p><span style=\"color: #ff0000\"><b>Media sanci\u00f3n en Diputados<\/b><\/span><\/p>\n<p>La legisladora record\u00f3 que este proyecto forma parte de una serie de propuestas presentadas por el Ejecutivo al inicio del a\u00f1o, orientadas a fortalecer el sistema de salud provincial. \u201cUno de esos proyectos, relacionado con la creaci\u00f3n de una empresa de servicios de salud, ya obtuvo media sanci\u00f3n en Diputados.<\/p>\n<p><span style=\"color: #ff0000\"><b>Visi\u00f3n estrat\u00e9gica<\/b><\/span><\/p>\n<p>La diputada destac\u00f3 la visi\u00f3n estrat\u00e9gica de este tipo de pol\u00edticas, especialmente frente a modelos que promueven el retiro del Estado. \u201cEste proyecto refleja la necesidad de anticiparse y garantizar el bienestar de los bonaerenses, priorizando el acceso a medicamentos masivos y de bajo costo\u201d, afirm\u00f3.<\/p>\n<p><span style=\"color: #ff0000\"><b>Posibilidades de sanci\u00f3n<\/b><\/span><\/p>\n<p>Sin embargo, la sanci\u00f3n en Ley del proyecto, que a todas luces beneficiar\u00eda a la gran mayor\u00eda de los bonaerenses, hoy rehenes de la discrecionalidad de los laboratorios en la fijaci\u00f3n de los precios de los medicamentos, no parece estar garantizada en las sesiones extraordinarias previstas para este mes. En tal sentido, Aloisi admiti\u00f3: <strong><em>\u201cLa situaci\u00f3n est\u00e1 algo complicada, pero esperamos que pueda ser debatido\u201d<\/em><\/strong>.\u00a0<b>(InfoGEI)Ac<\/b><\/p>\n","protected":false},"excerpt":{"rendered":"<div class=\"mh-excerpt\"><p>Durante una reuni\u00f3n conjunta de las comisiones de Legislaci\u00f3n General, Salud P\u00fablica y Presupuesto e Impuestos de la C\u00e1mara de Diputados de la provincia de Buenos Aires, se debati\u00f3 el proyecto impulsado por el gobernador <a class=\"mh-excerpt-more\" href=\"https:\/\/larevistadigital.com.ar\/blog\/dan-detalles-sobre-la-creacion-del-centro-de-industria-farmaceutica-bonaerense\/\" title=\"Dan detalles sobre la creaci\u00f3n del Centro de Industria Farmace\u00fatica Bonaerense\">[Leer M\u00e1s]<\/a><\/p>\n<\/div>","protected":false},"author":3,"featured_media":38185,"comment_status":"open","ping_status":"open","sticky":false,"template":"","format":"standard","meta":{"_jetpack_memberships_contains_paid_content":false,"footnotes":"","jetpack_publicize_message":"","jetpack_publicize_feature_enabled":true,"jetpack_social_post_already_shared":true,"jetpack_social_options":{"image_generator_settings":{"template":"highway","default_image_id":0,"font":"","enabled":false},"version":2}},"categories":[50],"tags":[],"class_list":{"0":"post-38184","1":"post","2":"type-post","3":"status-publish","4":"format-standard","5":"has-post-thumbnail","7":"category-interes-general"},"jetpack_publicize_connections":[],"jetpack_featured_media_url":"https:\/\/i0.wp.com\/larevistadigital.com.ar\/blog\/wp-content\/uploads\/20241207162159_laura-aloisi-centro-de-industria-farmaceutica.jpg?fit=880%2C512&ssl=1","jetpack_sharing_enabled":true,"jetpack_shortlink":"https:\/\/wp.me\/p8qtrQ-9VS","jetpack-related-posts":[{"id":38266,"url":"https:\/\/larevistadigital.com.ar\/blog\/aprobaron-el-proyecto-que-crea-la-industria-farmaceutica-bonaerense\/","url_meta":{"origin":38184,"position":0},"title":"Aprobaron el proyecto que crea la industria farmac\u00e9utica bonaerense","author":"Alejandro Sosa Ruda","date":"14 diciembre, 2024","format":false,"excerpt":"La C\u00e1mara de Diputados de la Provincia de Buenos Aires aprob\u00f3 el proyecto para la creaci\u00f3n del Centro de Industria Bonaerense, una iniciativa del Poder Ejecutivo que establece un laboratorio provincial bajo la figura de una sociedad an\u00f3nima con mayor\u00eda estatal. 14 De Diciembre de 2024 BUENOS AIRES - El\u2026","rel":"","context":"En \u00abDESTACADAS\u00bb","block_context":{"text":"DESTACADAS","link":"https:\/\/larevistadigital.com.ar\/blog\/category\/destacadas\/"},"img":{"alt_text":"","src":"https:\/\/i0.wp.com\/larevistadigital.com.ar\/blog\/wp-content\/uploads\/20241213180426_diputados-industria-farmaceutica-bonaerense.jpg?fit=880%2C512&ssl=1&resize=350%2C200","width":350,"height":200,"srcset":"https:\/\/i0.wp.com\/larevistadigital.com.ar\/blog\/wp-content\/uploads\/20241213180426_diputados-industria-farmaceutica-bonaerense.jpg?fit=880%2C512&ssl=1&resize=350%2C200 1x, https:\/\/i0.wp.com\/larevistadigital.com.ar\/blog\/wp-content\/uploads\/20241213180426_diputados-industria-farmaceutica-bonaerense.jpg?fit=880%2C512&ssl=1&resize=525%2C300 1.5x, https:\/\/i0.wp.com\/larevistadigital.com.ar\/blog\/wp-content\/uploads\/20241213180426_diputados-industria-farmaceutica-bonaerense.jpg?fit=880%2C512&ssl=1&resize=700%2C400 2x"},"classes":[]},{"id":35004,"url":"https:\/\/larevistadigital.com.ar\/blog\/kicillof-impulsa-la-creacion-de-la-empresa-farmaceutica-estatal\/","url_meta":{"origin":38184,"position":1},"title":"KICILLOF IMPULSA LA CREACI\u00d3N DE LA \u00abEMPRESA FARMAC\u00c9UTICA ESTATAL\u00bb","author":"Alejandro Sosa Ruda","date":"12 enero, 2024","format":false,"excerpt":"|En di\u00e1logo con Ma\u00f1ana es Mejor por Radio Provincia 1270 el ministro de Salud de la provincia de Buenos Aires, Nicolas Kreplak, habl\u00f3 sobre el incremento en el valor de los medicamentos y la dificultad de los consumidores para poder pagarlos y continuar con los tratamientos. 12 de enero de\u2026","rel":"","context":"En \u00abPOLITICA PROVINCIAL\u00bb","block_context":{"text":"POLITICA PROVINCIAL","link":"https:\/\/larevistadigital.com.ar\/blog\/category\/politica\/politica-provincial\/"},"img":{"alt_text":"","src":"https:\/\/i0.wp.com\/larevistadigital.com.ar\/blog\/wp-content\/uploads\/20240112132857_kreplak-empresa-farmaceutica-estatal.jpg?fit=880%2C512&ssl=1&resize=350%2C200","width":350,"height":200,"srcset":"https:\/\/i0.wp.com\/larevistadigital.com.ar\/blog\/wp-content\/uploads\/20240112132857_kreplak-empresa-farmaceutica-estatal.jpg?fit=880%2C512&ssl=1&resize=350%2C200 1x, https:\/\/i0.wp.com\/larevistadigital.com.ar\/blog\/wp-content\/uploads\/20240112132857_kreplak-empresa-farmaceutica-estatal.jpg?fit=880%2C512&ssl=1&resize=525%2C300 1.5x, https:\/\/i0.wp.com\/larevistadigital.com.ar\/blog\/wp-content\/uploads\/20240112132857_kreplak-empresa-farmaceutica-estatal.jpg?fit=880%2C512&ssl=1&resize=700%2C400 2x"},"classes":[]},{"id":34119,"url":"https:\/\/larevistadigital.com.ar\/blog\/en-territorio-bonaerense-construiran-un-centro-de-energias-renovables\/","url_meta":{"origin":38184,"position":2},"title":"EN TERRITORIO BONAERENSE CONSTRUIR\u00c1N UN CENTRO DE ENERG\u00cdAS RENOVABLES","author":"Alejandro Sosa Ruda","date":"19 octubre, 2023","format":false,"excerpt":"Con una inversi\u00f3n superior a los 1400 millones de pesos, el gobierno bonaerense construir\u00e1 un parque fotovoltaico para la autogeneraci\u00f3n e inyecci\u00f3n de excedentes a la red de distribuci\u00f3n. 19 de octubre de 2023 BUENOS AIRES -\u00a0 Con la presencia de diferentes autoridades del gobierno bonaerense, se present\u00f3 en la\u2026","rel":"","context":"En \u00abREGIONALES\u00bb","block_context":{"text":"REGIONALES","link":"https:\/\/larevistadigital.com.ar\/blog\/category\/regionales\/"},"img":{"alt_text":"","src":"https:\/\/i0.wp.com\/larevistadigital.com.ar\/blog\/wp-content\/uploads\/20231019171904_whatsapp-image-2023-10-18-at-13-37-08.jpg?fit=880%2C512&ssl=1&resize=350%2C200","width":350,"height":200,"srcset":"https:\/\/i0.wp.com\/larevistadigital.com.ar\/blog\/wp-content\/uploads\/20231019171904_whatsapp-image-2023-10-18-at-13-37-08.jpg?fit=880%2C512&ssl=1&resize=350%2C200 1x, https:\/\/i0.wp.com\/larevistadigital.com.ar\/blog\/wp-content\/uploads\/20231019171904_whatsapp-image-2023-10-18-at-13-37-08.jpg?fit=880%2C512&ssl=1&resize=525%2C300 1.5x, https:\/\/i0.wp.com\/larevistadigital.com.ar\/blog\/wp-content\/uploads\/20231019171904_whatsapp-image-2023-10-18-at-13-37-08.jpg?fit=880%2C512&ssl=1&resize=700%2C400 2x"},"classes":[]},{"id":40387,"url":"https:\/\/larevistadigital.com.ar\/blog\/la-ucr-bonaerense-impulsa-la-creacion-de-un-nuevo-espacio-politico\/","url_meta":{"origin":38184,"position":3},"title":"La UCR bonaerense impulsa la creaci\u00f3n de un nuevo espacio pol\u00edtico","author":"Alejandro Sosa Ruda","date":"8 julio, 2025","format":false,"excerpt":"Durante una sesi\u00f3n de su Convenci\u00f3n de Contingencia, la Uni\u00f3n C\u00edvica Radical de la provincia de Buenos Aires defini\u00f3 avanzar en la conformaci\u00f3n de un nuevo frente pol\u00edtico que represente una opci\u00f3n distinta a las posturas m\u00e1s radicalizadas que actualmente gobiernan tanto en la Naci\u00f3n como en la Provincia. 08\u2026","rel":"","context":"En \u00abPOLITICA PROVINCIAL\u00bb","block_context":{"text":"POLITICA PROVINCIAL","link":"https:\/\/larevistadigital.com.ar\/blog\/category\/politica\/politica-provincial\/"},"img":{"alt_text":"","src":"https:\/\/i0.wp.com\/larevistadigital.com.ar\/blog\/wp-content\/uploads\/20250708194032_ucr-pba-convencion-partidaria.jpg?fit=880%2C512&ssl=1&resize=350%2C200","width":350,"height":200,"srcset":"https:\/\/i0.wp.com\/larevistadigital.com.ar\/blog\/wp-content\/uploads\/20250708194032_ucr-pba-convencion-partidaria.jpg?fit=880%2C512&ssl=1&resize=350%2C200 1x, https:\/\/i0.wp.com\/larevistadigital.com.ar\/blog\/wp-content\/uploads\/20250708194032_ucr-pba-convencion-partidaria.jpg?fit=880%2C512&ssl=1&resize=525%2C300 1.5x, https:\/\/i0.wp.com\/larevistadigital.com.ar\/blog\/wp-content\/uploads\/20250708194032_ucr-pba-convencion-partidaria.jpg?fit=880%2C512&ssl=1&resize=700%2C400 2x"},"classes":[]},{"id":45246,"url":"https:\/\/larevistadigital.com.ar\/blog\/puglelli-presento-un-proyecto-para-promover-el-uso-de-drones-en-actividades-agropecuarias\/","url_meta":{"origin":38184,"position":4},"title":"Puglelli present\u00f3 un proyecto para promover el uso de drones en actividades agropecuarias","author":"Alejandro Sosa Ruda","date":"20 abril, 2026","format":false,"excerpt":"La iniciativa propone establecer un marco normativo espec\u00edfico para el uso de drones, en tareas como la aplicaci\u00f3n de fitosanitarios, monitoreo de cultivos y fertilizaci\u00f3n y otras. 20 de abril de 2026 El diputado bonaerense de\u00a0Fuerza Patria,\u00a0Carlos Puglelli\u00a0present\u00f3 un proyecto de ley en la Honorable C\u00e1mara de\u00a0Diputados\u00a0de la Provincia de\u2026","rel":"","context":"En \u00abPOLITICA PROVINCIAL\u00bb","block_context":{"text":"POLITICA PROVINCIAL","link":"https:\/\/larevistadigital.com.ar\/blog\/category\/politica\/politica-provincial\/"},"img":{"alt_text":"","src":"https:\/\/i0.wp.com\/larevistadigital.com.ar\/blog\/wp-content\/uploads\/Captura-de-pantalla-2026-04-20-235712.jpg?fit=789%2C456&ssl=1&resize=350%2C200","width":350,"height":200,"srcset":"https:\/\/i0.wp.com\/larevistadigital.com.ar\/blog\/wp-content\/uploads\/Captura-de-pantalla-2026-04-20-235712.jpg?fit=789%2C456&ssl=1&resize=350%2C200 1x, https:\/\/i0.wp.com\/larevistadigital.com.ar\/blog\/wp-content\/uploads\/Captura-de-pantalla-2026-04-20-235712.jpg?fit=789%2C456&ssl=1&resize=525%2C300 1.5x, https:\/\/i0.wp.com\/larevistadigital.com.ar\/blog\/wp-content\/uploads\/Captura-de-pantalla-2026-04-20-235712.jpg?fit=789%2C456&ssl=1&resize=700%2C400 2x"},"classes":[]},{"id":37117,"url":"https:\/\/larevistadigital.com.ar\/blog\/comenzo-la-2-edicion-del-festival-internacional-de-cine-de-la-provincia-de-buenos-aires\/","url_meta":{"origin":38184,"position":5},"title":"Comenz\u00f3 la 2\u00b0 edici\u00f3n del Festival Internacional de Cine de la provincia de Buenos Aires","author":"Alejandro Sosa Ruda","date":"5 septiembre, 2024","format":false,"excerpt":"La apertura fue encabezada por el gobernador Axel Kicillof y por la presidenta del Instituto Cultural, Florencia Saintout. Mi\u00e9rcoles 4 de Septiembre 2024 BUENOS AIRES -\u00a0 El gobernador Axel Kicillof encabez\u00f3 este mi\u00e9rcoles el acto de apertura de la 2\u00b0 edici\u00f3n del Festival Internacional de Cine de la provincia de\u2026","rel":"","context":"En \u00abINTERES GENERAL\u00bb","block_context":{"text":"INTERES GENERAL","link":"https:\/\/larevistadigital.com.ar\/blog\/category\/interes-general\/"},"img":{"alt_text":"","src":"https:\/\/i0.wp.com\/larevistadigital.com.ar\/blog\/wp-content\/uploads\/FICPBA.jpg?fit=743%2C530&ssl=1&resize=350%2C200","width":350,"height":200,"srcset":"https:\/\/i0.wp.com\/larevistadigital.com.ar\/blog\/wp-content\/uploads\/FICPBA.jpg?fit=743%2C530&ssl=1&resize=350%2C200 1x, https:\/\/i0.wp.com\/larevistadigital.com.ar\/blog\/wp-content\/uploads\/FICPBA.jpg?fit=743%2C530&ssl=1&resize=525%2C300 1.5x, https:\/\/i0.wp.com\/larevistadigital.com.ar\/blog\/wp-content\/uploads\/FICPBA.jpg?fit=743%2C530&ssl=1&resize=700%2C400 2x"},"classes":[]}],"_links":{"self":[{"href":"https:\/\/larevistadigital.com.ar\/blog\/wp-json\/wp\/v2\/posts\/38184","targetHints":{"allow":["GET"]}}],"collection":[{"href":"https:\/\/larevistadigital.com.ar\/blog\/wp-json\/wp\/v2\/posts"}],"about":[{"href":"https:\/\/larevistadigital.com.ar\/blog\/wp-json\/wp\/v2\/types\/post"}],"author":[{"embeddable":true,"href":"https:\/\/larevistadigital.com.ar\/blog\/wp-json\/wp\/v2\/users\/3"}],"replies":[{"embeddable":true,"href":"https:\/\/larevistadigital.com.ar\/blog\/wp-json\/wp\/v2\/comments?post=38184"}],"version-history":[{"count":1,"href":"https:\/\/larevistadigital.com.ar\/blog\/wp-json\/wp\/v2\/posts\/38184\/revisions"}],"predecessor-version":[{"id":38186,"href":"https:\/\/larevistadigital.com.ar\/blog\/wp-json\/wp\/v2\/posts\/38184\/revisions\/38186"}],"wp:featuredmedia":[{"embeddable":true,"href":"https:\/\/larevistadigital.com.ar\/blog\/wp-json\/wp\/v2\/media\/38185"}],"wp:attachment":[{"href":"https:\/\/larevistadigital.com.ar\/blog\/wp-json\/wp\/v2\/media?parent=38184"}],"wp:term":[{"taxonomy":"category","embeddable":true,"href":"https:\/\/larevistadigital.com.ar\/blog\/wp-json\/wp\/v2\/categories?post=38184"},{"taxonomy":"post_tag","embeddable":true,"href":"https:\/\/larevistadigital.com.ar\/blog\/wp-json\/wp\/v2\/tags?post=38184"}],"curies":[{"name":"wp","href":"https:\/\/api.w.org\/{rel}","templated":true}]}}