{"id":38188,"date":"2024-12-09T15:17:09","date_gmt":"2024-12-09T18:17:09","guid":{"rendered":"https:\/\/larevistadigital.com.ar\/blog\/?p=38188"},"modified":"2024-12-09T15:17:09","modified_gmt":"2024-12-09T18:17:09","slug":"javier-gaston-presento-en-lalin-el-proyecto-chascomus-km0-de-la-democracia","status":"publish","type":"post","link":"https:\/\/larevistadigital.com.ar\/blog\/javier-gaston-presento-en-lalin-el-proyecto-chascomus-km0-de-la-democracia\/","title":{"rendered":"Javier Gast\u00f3n present\u00f3 en Lal\u00edn el proyecto \u201cChascom\u00fas KM0 de la Democracia\u201d"},"content":{"rendered":"<h2 class=\"excerpt\">En el Concejo de la ciudad gallega, brind\u00f3 detalles de la iniciativa que busca destacar el legado de Ra\u00fal Alfons\u00edn y fortalecer los valores democr\u00e1ticos.<\/h2>\n<p>09 de diciembre de 2024<\/p>\n<div id=\"miDiv1\" class=\"text\">\n<p><span><strong>CHASCOM\u00daS &#8211;\u00a0<\/strong> \u00a0El intendente <strong>Javier Gast\u00f3n<\/strong> inici\u00f3 su viaje oficial a Europa con una agenda enfocada en promover los valores democr\u00e1ticos y la memoria hist\u00f3rica.<\/span><\/p>\n<blockquote>\n<h3><span>En este marco, este lunes se present\u00f3 en el Concejo de Lal\u00edn, Galicia, el proyecto \u201cChascom\u00fas Km. 0 de la Democracia\u201d.<\/span><\/h3>\n<\/blockquote>\n<p><span>Chascom\u00fas y Lal\u00edn est\u00e1n oficialmente hermanadas desde el 19 de marzo de 1988 y en los \u00faltimos a\u00f1os hubo una importante revalorizaci\u00f3n de esta uni\u00f3n entre ambas ciudades, a trav\u00e9s de la creaci\u00f3n del Parque Chascom\u00fas en la ciudad gallega y el Paseo Lal\u00edn en la ciudad argentina.<\/span><\/p>\n<p><span>Acompa\u00f1ado por el alcalde Jos\u00e9 Crespo Iglesias, el exalcade Rafael Cui\u00f1a Aparicio y Avelino Souto, consejero de Turismo y Deportes, el intendente expuso ante medios de difusi\u00f3n y referentes locales la propuesta que busca posicionar a Chascom\u00fas como un referente en la formaci\u00f3n y promoci\u00f3n de los valores democr\u00e1ticos.<\/span><\/p>\n<blockquote>\n<h3><span>El proyecto resalta a la ciudad natal de Ra\u00fal Ricardo Alfons\u00edn, primer presidente de la restauraci\u00f3n democr\u00e1tica en Argentina y s\u00edmbolo de la lucha por la justicia y la libertad.<\/span><\/h3>\n<\/blockquote>\n<p><span>Javier Gast\u00f3n subray\u00f3 que esta iniciativa se presenta en un contexto global de crisis democr\u00e1tica, con el objetivo de formar ciudadanos comprometidos y fomentar el di\u00e1logo pol\u00edtico.<\/span><\/p>\n<blockquote>\n<h3><span>En su presentaci\u00f3n ante los lalinenses, reflexion\u00f3 sobre los lazos hist\u00f3ricos que unen a ambas ciudades, destacando el apoyo que la comunidad gallega brind\u00f3 a Alfons\u00edn durante la dictadura militar argentina.<\/span><\/h3>\n<\/blockquote>\n<p><span>El intendente tambi\u00e9n adelant\u00f3 los pr\u00f3ximos pasos del proyecto, que contempla una diplomatura en Democracia y Parlamento Futuro. \u201cEste proyecto se est\u00e1 presentando tambi\u00e9n en distintas universidades para generar convenios de colaboraci\u00f3n dentro de la formaci\u00f3n de ciudadanos como gestores pol\u00edticos y gestores p\u00fablicos\u201d, explic\u00f3.<\/span><\/p>\n<blockquote>\n<h3><span>Adem\u00e1s, el proyecto impulsa la creaci\u00f3n de un Museo virtual y presencial de la Democracia Ra\u00fal Alfons\u00edn en Chascom\u00fas, un Archivo Municipal de la Memoria y un Espacio Multicultural para el intercambio de j\u00f3venes de todo el mundo.<\/span><\/h3>\n<\/blockquote>\n<p><span><strong><em>\u201cDesde Chascom\u00fas queremos proyectar al mundo un mensaje de democracia como forma de vida, nacidas desde las comunidades peque\u00f1as hacia un futuro m\u00e1s justo y libre\u201d<\/em><\/strong>, afirm\u00f3 durante su intervenci\u00f3n.<\/span><\/p>\n<p><span>Las actividades del intendente continuar\u00e1n en Zaragoza, Barcelona, \u200b\u200bMadrid y Salamanca donde mantendr\u00e1n encuentros con autoridades internacionales y representantes de la Universidad Aut\u00f3noma de Barcelona, \u200b\u200bla Universidad de Santiago de Compostela y la Orquesta de Madrid, entre otros.<\/span><\/p>\n<p><span>La propuesta ser\u00e1 presentada el pr\u00f3ximo s\u00e1bado ante el Papa Francisco en el Vaticano, como parte del viaje que culminar\u00e1 el 21 de diciembre.<\/span><\/p>\n<\/div>\n","protected":false},"excerpt":{"rendered":"<div class=\"mh-excerpt\"><p>En el Concejo de la ciudad gallega, brind\u00f3 detalles de la iniciativa que busca destacar el legado de Ra\u00fal Alfons\u00edn y fortalecer los valores democr\u00e1ticos. 09 de diciembre de 2024 CHASCOM\u00daS &#8211;\u00a0 \u00a0El intendente Javier <a class=\"mh-excerpt-more\" href=\"https:\/\/larevistadigital.com.ar\/blog\/javier-gaston-presento-en-lalin-el-proyecto-chascomus-km0-de-la-democracia\/\" title=\"Javier Gast\u00f3n present\u00f3 en Lal\u00edn el proyecto \u201cChascom\u00fas KM0 de la Democracia\u201d\">[Leer M\u00e1s]<\/a><\/p>\n<\/div>","protected":false},"author":3,"featured_media":38189,"comment_status":"open","ping_status":"open","sticky":false,"template":"","format":"standard","meta":{"_jetpack_memberships_contains_paid_content":false,"footnotes":"","jetpack_publicize_message":"","jetpack_publicize_feature_enabled":true,"jetpack_social_post_already_shared":true,"jetpack_social_options":{"image_generator_settings":{"template":"highway","default_image_id":0,"font":"","enabled":false},"version":2}},"categories":[6],"tags":[],"class_list":{"0":"post-38188","1":"post","2":"type-post","3":"status-publish","4":"format-standard","5":"has-post-thumbnail","7":"category-chascomus"},"jetpack_publicize_connections":[],"jetpack_featured_media_url":"https:\/\/i0.wp.com\/larevistadigital.com.ar\/blog\/wp-content\/uploads\/67572cf2a6226.png?fit=668%2C445&ssl=1","jetpack_sharing_enabled":true,"jetpack_shortlink":"https:\/\/wp.me\/p8qtrQ-9VW","jetpack-related-posts":[{"id":40276,"url":"https:\/\/larevistadigital.com.ar\/blog\/chascomus-pablo-napoli-visito-el-centro-de-lalin-agolada-y-silleda-de-buenos-aires\/","url_meta":{"origin":38188,"position":0},"title":"Chascom\u00fas: Pablo N\u00e1poli visit\u00f3 el Centro de Lal\u00edn, Agolada y Silleda de Buenos Aires","author":"Alejandro Sosa Ruda","date":"2 julio, 2025","format":false,"excerpt":"Particip\u00f3 del tradicional evento del cocido que re\u00fane cada a\u00f1o a numerosos descendientes gallegos El \u00faltimo domingo, tuvo lugar la fiesta gastron\u00f3mica que se celebra anualmente en el Centro de Lal\u00edn, Agolada y Silleda de Buenos Aires, para honrar el cocido, un plato tradicional gallego, de la cual particip\u00f3 el\u2026","rel":"","context":"En \u00abCHASCOM\u00daS\u00bb","block_context":{"text":"CHASCOM\u00daS","link":"https:\/\/larevistadigital.com.ar\/blog\/category\/chascomus\/"},"img":{"alt_text":"","src":"https:\/\/i0.wp.com\/larevistadigital.com.ar\/blog\/wp-content\/uploads\/68656928b5052.png?fit=668%2C445&ssl=1&resize=350%2C200","width":350,"height":200,"srcset":"https:\/\/i0.wp.com\/larevistadigital.com.ar\/blog\/wp-content\/uploads\/68656928b5052.png?fit=668%2C445&ssl=1&resize=350%2C200 1x, https:\/\/i0.wp.com\/larevistadigital.com.ar\/blog\/wp-content\/uploads\/68656928b5052.png?fit=668%2C445&ssl=1&resize=525%2C300 1.5x"},"classes":[]},{"id":38117,"url":"https:\/\/larevistadigital.com.ar\/blog\/el-intendente-gaston-emprende-el-viaje-a-europa-para-encontrarse-con-el-papa-francisco\/","url_meta":{"origin":38188,"position":1},"title":"El Intendente Gast\u00f3n, emprende el viaje a Europa para encontrarse con el Papa Franc\u00edsco","author":"Alejandro Sosa Ruda","date":"5 diciembre, 2024","format":false,"excerpt":"El intendente visitar\u00e1 Espa\u00f1a e Italia para promover la propuesta \u201cChascom\u00fas Km0 de la Democracia\u201d y ser\u00e1 recibido por el Papa Francisco. El concejal Leandro Bordalecou asume como intendente interino durante su licencia. 05 de Diciembre de 2024 CHASCOM\u00daS -\u00a0 \u00a0Desde el jueves 5 hasta el s\u00e1bado 21 de diciembre,\u2026","rel":"","context":"En \u00abINTERES GENERAL\u00bb","block_context":{"text":"INTERES GENERAL","link":"https:\/\/larevistadigital.com.ar\/blog\/category\/interes-general\/"},"img":{"alt_text":"","src":"https:\/\/i0.wp.com\/larevistadigital.com.ar\/blog\/wp-content\/uploads\/6751f352933b7.png?fit=668%2C445&ssl=1&resize=350%2C200","width":350,"height":200,"srcset":"https:\/\/i0.wp.com\/larevistadigital.com.ar\/blog\/wp-content\/uploads\/6751f352933b7.png?fit=668%2C445&ssl=1&resize=350%2C200 1x, https:\/\/i0.wp.com\/larevistadigital.com.ar\/blog\/wp-content\/uploads\/6751f352933b7.png?fit=668%2C445&ssl=1&resize=525%2C300 1.5x"},"classes":[]},{"id":44803,"url":"https:\/\/larevistadigital.com.ar\/blog\/la-gran-logia-de-masones-se-suma-al-programa-chascomus-km-0-de-la-democracia\/","url_meta":{"origin":38188,"position":2},"title":"La Gran Logia de Masones se suma al programa \u201cChascom\u00fas Km 0 de la Democracia\u201d","author":"Alejandro Sosa Ruda","date":"30 marzo, 2026","format":false,"excerpt":"El intendente Javier Gast\u00f3n fue invitado especialmente a exponer sobre la iniciativa local en un homenaje a Ra\u00fal Alfons\u00edn realizado en la ciudad de Buenos Aires. 30 De Marzo de 2026 CHASCOM\u00daS -\u00a0 \u00a0La Municipalidad de Chascom\u00fas firm\u00f3 un convenio de adhesi\u00f3n con la Gran Logia de la Argentina de\u2026","rel":"","context":"En \u00abCHASCOM\u00daS\u00bb","block_context":{"text":"CHASCOM\u00daS","link":"https:\/\/larevistadigital.com.ar\/blog\/category\/chascomus\/"},"img":{"alt_text":"","src":"https:\/\/i0.wp.com\/larevistadigital.com.ar\/blog\/wp-content\/uploads\/69cab642ab9e7.png?fit=668%2C445&ssl=1&resize=350%2C200","width":350,"height":200,"srcset":"https:\/\/i0.wp.com\/larevistadigital.com.ar\/blog\/wp-content\/uploads\/69cab642ab9e7.png?fit=668%2C445&ssl=1&resize=350%2C200 1x, https:\/\/i0.wp.com\/larevistadigital.com.ar\/blog\/wp-content\/uploads\/69cab642ab9e7.png?fit=668%2C445&ssl=1&resize=525%2C300 1.5x"},"classes":[]},{"id":38983,"url":"https:\/\/larevistadigital.com.ar\/blog\/convenio-entre-la-universidad-nacional-de-mar-del-plata-y-la-municipalidad-de-chascomus\/","url_meta":{"origin":38188,"position":3},"title":"Convenio entre la Universidad Nacional de Mar del Plata y la Municipalidad de Chascom\u00fas","author":"Alejandro Sosa Ruda","date":"13 marzo, 2025","format":false,"excerpt":"El acuerdo busca promover actividades acad\u00e9micas y de investigaci\u00f3n en el marco del programa Chascom\u00fas Km 0 de la Democracia. 14 de Marzo de 2025 CHASCOM\u00daS -\u00a0 El intendente Javier Gast\u00f3n y el rector de la Universidad Nacional de Mar del Plata, Alfredo Lazzeretti, firmaron un convenio de cooperaci\u00f3n entre\u2026","rel":"","context":"En \u00abCHASCOM\u00daS\u00bb","block_context":{"text":"CHASCOM\u00daS","link":"https:\/\/larevistadigital.com.ar\/blog\/category\/chascomus\/"},"img":{"alt_text":"","src":"https:\/\/i0.wp.com\/larevistadigital.com.ar\/blog\/wp-content\/uploads\/67d4637c2359e.png?fit=668%2C445&ssl=1&resize=350%2C200","width":350,"height":200,"srcset":"https:\/\/i0.wp.com\/larevistadigital.com.ar\/blog\/wp-content\/uploads\/67d4637c2359e.png?fit=668%2C445&ssl=1&resize=350%2C200 1x, https:\/\/i0.wp.com\/larevistadigital.com.ar\/blog\/wp-content\/uploads\/67d4637c2359e.png?fit=668%2C445&ssl=1&resize=525%2C300 1.5x"},"classes":[]},{"id":39654,"url":"https:\/\/larevistadigital.com.ar\/blog\/javier-gaston-represento-a-chascomus-en-el-5-foro-mundial-de-ciudades-y-territorios-de-paz\/","url_meta":{"origin":38188,"position":4},"title":"Javier Gast\u00f3n represent\u00f3 a Chascom\u00fas en el 5\u00b0 Foro Mundial de Ciudades y Territorios de Paz","author":"Alejandro Sosa Ruda","date":"5 mayo, 2025","format":false,"excerpt":"El intendente particip\u00f3 en una mesa sobre memoria y democracia junto a referentes de Uruguay y otros pa\u00edses. 05 de Mayo de 2025 CHASCOM\u00daS -\u00a0 El intendente Javier Gast\u00f3n fue uno de los invitados al 5\u00ba Foro Mundial de Ciudades y Territorios de Paz, que se desarroll\u00f3 el \u00faltimo fin\u2026","rel":"","context":"En \u00abCHASCOM\u00daS\u00bb","block_context":{"text":"CHASCOM\u00daS","link":"https:\/\/larevistadigital.com.ar\/blog\/category\/chascomus\/"},"img":{"alt_text":"","src":"https:\/\/i0.wp.com\/larevistadigital.com.ar\/blog\/wp-content\/uploads\/6818f12bafb28.png?fit=668%2C445&ssl=1&resize=350%2C200","width":350,"height":200,"srcset":"https:\/\/i0.wp.com\/larevistadigital.com.ar\/blog\/wp-content\/uploads\/6818f12bafb28.png?fit=668%2C445&ssl=1&resize=350%2C200 1x, https:\/\/i0.wp.com\/larevistadigital.com.ar\/blog\/wp-content\/uploads\/6818f12bafb28.png?fit=668%2C445&ssl=1&resize=525%2C300 1.5x"},"classes":[]},{"id":37849,"url":"https:\/\/larevistadigital.com.ar\/blog\/el-intendente-de-chascomus-firmo-un-convenio-de-cooperacion-con-la-organizacion-de-estados-iberoamericanos\/","url_meta":{"origin":38188,"position":5},"title":"El intendente de Chascom\u00fas, firm\u00f3 un convenio de cooperaci\u00f3n con la Organizaci\u00f3n de Estados Iberoamericanos","author":"Alejandro Sosa Ruda","date":"12 noviembre, 2024","format":false,"excerpt":"Ser\u00e1 una gran posibilidad para nuestra ciudad de promover proyectos de distintos \u00edndole, poniendo el acento en el \u201cChascom\u00fas, Km 0 de la Democracia\u201d 12 de Noviembre de CHASCOM\u00daS -\u00a0 El intendente Javier Gast\u00f3n firm\u00f3 el convenio marco de cooperaci\u00f3n con la Organizaci\u00f3n de Estados Iberoamericanos (OEI), el organismo internacional\u2026","rel":"","context":"En \u00abSin categor\u00eda\u00bb","block_context":{"text":"Sin categor\u00eda","link":"https:\/\/larevistadigital.com.ar\/blog\/category\/sin-categoria\/"},"img":{"alt_text":"","src":"https:\/\/i0.wp.com\/larevistadigital.com.ar\/blog\/wp-content\/uploads\/67337f68c8772.png?fit=668%2C445&ssl=1&resize=350%2C200","width":350,"height":200,"srcset":"https:\/\/i0.wp.com\/larevistadigital.com.ar\/blog\/wp-content\/uploads\/67337f68c8772.png?fit=668%2C445&ssl=1&resize=350%2C200 1x, https:\/\/i0.wp.com\/larevistadigital.com.ar\/blog\/wp-content\/uploads\/67337f68c8772.png?fit=668%2C445&ssl=1&resize=525%2C300 1.5x"},"classes":[]}],"_links":{"self":[{"href":"https:\/\/larevistadigital.com.ar\/blog\/wp-json\/wp\/v2\/posts\/38188","targetHints":{"allow":["GET"]}}],"collection":[{"href":"https:\/\/larevistadigital.com.ar\/blog\/wp-json\/wp\/v2\/posts"}],"about":[{"href":"https:\/\/larevistadigital.com.ar\/blog\/wp-json\/wp\/v2\/types\/post"}],"author":[{"embeddable":true,"href":"https:\/\/larevistadigital.com.ar\/blog\/wp-json\/wp\/v2\/users\/3"}],"replies":[{"embeddable":true,"href":"https:\/\/larevistadigital.com.ar\/blog\/wp-json\/wp\/v2\/comments?post=38188"}],"version-history":[{"count":1,"href":"https:\/\/larevistadigital.com.ar\/blog\/wp-json\/wp\/v2\/posts\/38188\/revisions"}],"predecessor-version":[{"id":38190,"href":"https:\/\/larevistadigital.com.ar\/blog\/wp-json\/wp\/v2\/posts\/38188\/revisions\/38190"}],"wp:featuredmedia":[{"embeddable":true,"href":"https:\/\/larevistadigital.com.ar\/blog\/wp-json\/wp\/v2\/media\/38189"}],"wp:attachment":[{"href":"https:\/\/larevistadigital.com.ar\/blog\/wp-json\/wp\/v2\/media?parent=38188"}],"wp:term":[{"taxonomy":"category","embeddable":true,"href":"https:\/\/larevistadigital.com.ar\/blog\/wp-json\/wp\/v2\/categories?post=38188"},{"taxonomy":"post_tag","embeddable":true,"href":"https:\/\/larevistadigital.com.ar\/blog\/wp-json\/wp\/v2\/tags?post=38188"}],"curies":[{"name":"wp","href":"https:\/\/api.w.org\/{rel}","templated":true}]}}