{"id":38191,"date":"2024-12-09T15:47:09","date_gmt":"2024-12-09T18:47:09","guid":{"rendered":"https:\/\/larevistadigital.com.ar\/blog\/?p=38191"},"modified":"2024-12-09T15:47:09","modified_gmt":"2024-12-09T18:47:09","slug":"nuevo-encuentro-por-el-centro-comercial","status":"publish","type":"post","link":"https:\/\/larevistadigital.com.ar\/blog\/nuevo-encuentro-por-el-centro-comercial\/","title":{"rendered":"Nuevo encuentro por el centro comercial"},"content":{"rendered":"<h3 class=\"excerpt\">Contin\u00faan las conversaciones para mejorar el Paseo del Reloj<\/h3>\n<p>09 de diciembre de 2024<\/p>\n<div id=\"miDiv1\" class=\"text\">\n<p><strong>CHASCOM\u00daS &#8211;\u00a0<\/strong> Desde el \u00e1rea de Desarrollo Productivo, en conjunto con la C\u00e1mara de Comercio local, convocan a comerciantes y a la comunidad en general, a un nuevo encuentro para ma\u00f1ana martes 10, a partir de las 13 hs, en la sede de la C\u00e1mara ubicada en Alvear y Soler. \u00c9ste es el segundo encuentro que se realiza a partir de la resoluci\u00f3n del Concejo Deliberante, que propone la peatonalizaci\u00f3n de la calle Libres del Sur.<\/p>\n<p>Se trata de un espacio de escucha y de construcci\u00f3n participativa, teniendo en cuenta la mirada de los comerciantes que integran el tradicional centro comercial, en contraposici\u00f3n a la simple imposici\u00f3n de una decisi\u00f3n unilateral. Existen diversos posicionamientos sobre esta iniciativa, aunque todos coinciden en la necesidad de pensar acciones que mejoren y alienten el desarrollo del paseo.<\/p>\n<p>En este sentido, ma\u00f1ana se tratar\u00e1n los resultados de un relevamiento a cargo del gobierno municipal, sobre acciones destinadas a mejorar la oferta. El objetivo es convertir el Paseo del Reloj en una opci\u00f3n atractiva para los turistas que visitan la ciudad, una vez que cae el sol y abandonan las zonas verdes.<\/p>\n<\/div>\n","protected":false},"excerpt":{"rendered":"<div class=\"mh-excerpt\"><p>Contin\u00faan las conversaciones para mejorar el Paseo del Reloj 09 de diciembre de 2024 CHASCOM\u00daS &#8211;\u00a0 Desde el \u00e1rea de Desarrollo Productivo, en conjunto con la C\u00e1mara de Comercio local, convocan a comerciantes y a <a class=\"mh-excerpt-more\" href=\"https:\/\/larevistadigital.com.ar\/blog\/nuevo-encuentro-por-el-centro-comercial\/\" title=\"Nuevo encuentro por el centro comercial\">[Leer M\u00e1s]<\/a><\/p>\n<\/div>","protected":false},"author":3,"featured_media":38192,"comment_status":"open","ping_status":"open","sticky":false,"template":"","format":"standard","meta":{"_jetpack_memberships_contains_paid_content":false,"footnotes":"","jetpack_publicize_message":"","jetpack_publicize_feature_enabled":true,"jetpack_social_post_already_shared":true,"jetpack_social_options":{"image_generator_settings":{"template":"highway","default_image_id":0,"font":"","enabled":false},"version":2}},"categories":[6],"tags":[],"class_list":{"0":"post-38191","1":"post","2":"type-post","3":"status-publish","4":"format-standard","5":"has-post-thumbnail","7":"category-chascomus"},"jetpack_publicize_connections":[],"jetpack_featured_media_url":"https:\/\/i0.wp.com\/larevistadigital.com.ar\/blog\/wp-content\/uploads\/6757278b1c472.png?fit=668%2C445&ssl=1","jetpack_sharing_enabled":true,"jetpack_shortlink":"https:\/\/wp.me\/p8qtrQ-9VZ","jetpack-related-posts":[{"id":37858,"url":"https:\/\/larevistadigital.com.ar\/blog\/los-comerciantes-de-la-calle-libres-del-sur-debatieron-los-posibles-beneficios-y-desafios-de-una-peatonal-en-la-zona-comercial-centrica-este-martes-al-mediodia-la-camara-de-comercio-de-chascomus-fue\/","url_meta":{"origin":38191,"position":0},"title":"Los comerciantes de la calle Libres del Sur debatieron los posibles beneficios y desaf\u00edos de una peatonal en la zona comercial","author":"Alejandro Sosa Ruda","date":"12 noviembre, 2024","format":false,"excerpt":"Los comerciantes de la calle Libres del Sur debatieron los posibles beneficios y desaf\u00edos de una peatonal en la zona comercial c\u00e9ntrica. 12 de Noviembre de 2024 CHASCOM\u00daS -\u00a0 Este martes al mediod\u00eda, la C\u00e1mara de Comercio de Chascom\u00fas fue el escenario de una reuni\u00f3n en la que participaron representantes\u2026","rel":"","context":"En \u00abINTERES GENERAL\u00bb","block_context":{"text":"INTERES GENERAL","link":"https:\/\/larevistadigital.com.ar\/blog\/category\/interes-general\/"},"img":{"alt_text":"","src":"https:\/\/i0.wp.com\/larevistadigital.com.ar\/blog\/wp-content\/uploads\/6733b2fbc4242.png?fit=668%2C445&ssl=1&resize=350%2C200","width":350,"height":200,"srcset":"https:\/\/i0.wp.com\/larevistadigital.com.ar\/blog\/wp-content\/uploads\/6733b2fbc4242.png?fit=668%2C445&ssl=1&resize=350%2C200 1x, https:\/\/i0.wp.com\/larevistadigital.com.ar\/blog\/wp-content\/uploads\/6733b2fbc4242.png?fit=668%2C445&ssl=1&resize=525%2C300 1.5x"},"classes":[]},{"id":42998,"url":"https:\/\/larevistadigital.com.ar\/blog\/chascomus-comerciantes-y-municipio-trabajan-en-medidas-para-incentivar-ventas\/","url_meta":{"origin":38191,"position":1},"title":"Chascom\u00fas: Comerciantes y municipio trabajan en medidas para incentivar ventas","author":"Alejandro Sosa Ruda","date":"22 diciembre, 2025","format":false,"excerpt":"La Municipalidad analiz\u00f3 propuestas para acompa\u00f1ar al comercio local durante lo que resta del a\u00f1o. 22 de diciembre de 2025 CHASCOM\u00daS -\u00a0 \u00a0En el marco de las Fiestas y a partir de una solicitud presentada por comerciantes locales, la Municipalidad de Chascom\u00fas llev\u00f3 adelante una reuni\u00f3n de trabajo en la\u2026","rel":"","context":"En \u00abCHASCOM\u00daS\u00bb","block_context":{"text":"CHASCOM\u00daS","link":"https:\/\/larevistadigital.com.ar\/blog\/category\/chascomus\/"},"img":{"alt_text":"","src":"https:\/\/i0.wp.com\/larevistadigital.com.ar\/blog\/wp-content\/uploads\/694984d61b2f6.png?fit=668%2C445&ssl=1&resize=350%2C200","width":350,"height":200,"srcset":"https:\/\/i0.wp.com\/larevistadigital.com.ar\/blog\/wp-content\/uploads\/694984d61b2f6.png?fit=668%2C445&ssl=1&resize=350%2C200 1x, https:\/\/i0.wp.com\/larevistadigital.com.ar\/blog\/wp-content\/uploads\/694984d61b2f6.png?fit=668%2C445&ssl=1&resize=525%2C300 1.5x"},"classes":[]},{"id":37891,"url":"https:\/\/larevistadigital.com.ar\/blog\/prestadores-turisticos-y-comerciantes-recibieron-informacion-sobre-financiamiento-y-desarrollo-productivo\/","url_meta":{"origin":38191,"position":2},"title":"Prestadores tur\u00edsticos y comerciantes recibieron informaci\u00f3n sobre financiamiento y desarrollo productivo","author":"Alejandro Sosa Ruda","date":"15 noviembre, 2024","format":false,"excerpt":"En un desayuno de trabajo realizado en la sede de la UTHGRA, prestadores tur\u00edsticos y comerciantes locales fueron asesorados sobre nuevas l\u00edneas de financiamiento y productos para el fortalecimiento de la econom\u00eda local. 15 de Noviembre de 2024 CHASCOM\u00daS -\u00a0 La reuni\u00f3n fue impulsada conjuntamente por la Municipalidad de Chascom\u00fas,\u2026","rel":"","context":"En \u00abCHASCOM\u00daS\u00bb","block_context":{"text":"CHASCOM\u00daS","link":"https:\/\/larevistadigital.com.ar\/blog\/category\/chascomus\/"},"img":{"alt_text":"","src":"https:\/\/i0.wp.com\/larevistadigital.com.ar\/blog\/wp-content\/uploads\/6736306b38824.png?fit=668%2C445&ssl=1&resize=350%2C200","width":350,"height":200,"srcset":"https:\/\/i0.wp.com\/larevistadigital.com.ar\/blog\/wp-content\/uploads\/6736306b38824.png?fit=668%2C445&ssl=1&resize=350%2C200 1x, https:\/\/i0.wp.com\/larevistadigital.com.ar\/blog\/wp-content\/uploads\/6736306b38824.png?fit=668%2C445&ssl=1&resize=525%2C300 1.5x"},"classes":[]},{"id":45222,"url":"https:\/\/larevistadigital.com.ar\/blog\/chacomus-se-realizara-una-encuesta-para-conocer-las-necesidades-de-formacion-de-los-comerciantes-locales\/","url_meta":{"origin":38191,"position":3},"title":"Chacom\u00fas: Se realizar\u00e1 una encuesta para conocer las necesidades de formaci\u00f3n de los comerciantes locales","author":"Alejandro Sosa Ruda","date":"20 abril, 2026","format":false,"excerpt":"Es una iniciativa que desarrollan en conjunto la Municipalidad de Chascom\u00fas y la C\u00e1mara de Comercio de nuestra ciudad. 20 de abril de 2026 CHASCOM\u00daS -\u00a0 La Municipalidad de Chascom\u00fas, a trav\u00e9s del \u00e1rea de Desarrollo Productivo, informa que en los pr\u00f3ximos d\u00edas se llevar\u00e1 adelante un relevamiento destinado a\u2026","rel":"","context":"En \u00abCHASCOM\u00daS\u00bb","block_context":{"text":"CHASCOM\u00daS","link":"https:\/\/larevistadigital.com.ar\/blog\/category\/chascomus\/"},"img":{"alt_text":"","src":"https:\/\/i0.wp.com\/larevistadigital.com.ar\/blog\/wp-content\/uploads\/69e661d0a6c6e.png?fit=668%2C445&ssl=1&resize=350%2C200","width":350,"height":200,"srcset":"https:\/\/i0.wp.com\/larevistadigital.com.ar\/blog\/wp-content\/uploads\/69e661d0a6c6e.png?fit=668%2C445&ssl=1&resize=350%2C200 1x, https:\/\/i0.wp.com\/larevistadigital.com.ar\/blog\/wp-content\/uploads\/69e661d0a6c6e.png?fit=668%2C445&ssl=1&resize=525%2C300 1.5x"},"classes":[]},{"id":36933,"url":"https:\/\/larevistadigital.com.ar\/blog\/chascomus-continua-la-baja-en-la-actividad-comercial-minorista-que-afecta-a-la-economia-local\/","url_meta":{"origin":38191,"position":4},"title":"CHASCOM\u00daS: CONTIN\u00daA LA BAJA EN LA ACTIVIDAD COMERCIAL MINORISTA QUE AFECTA A LA ECONOM\u00cdA LOCAL","author":"Alejandro Sosa Ruda","date":"11 agosto, 2024","format":false,"excerpt":"Los \u00faltimos relevamientos indican que las pymes enfrentan una ca\u00edda del 15,7% en julio. Mientras que en Chascom\u00fas hubo un leve repunte durante las vacaciones de invierno, el panorama general contin\u00faa siendo preocupante. 11 de Agosto de 2024 CHASCOM\u00daS -\u00a0 Las ventas minoristas de las pymes tuvieron una nueva baja\u2026","rel":"","context":"En \u00abCHASCOM\u00daS\u00bb","block_context":{"text":"CHASCOM\u00daS","link":"https:\/\/larevistadigital.com.ar\/blog\/category\/chascomus\/"},"img":{"alt_text":"","src":"https:\/\/i0.wp.com\/larevistadigital.com.ar\/blog\/wp-content\/uploads\/66b765275385e.png?fit=668%2C445&ssl=1&resize=350%2C200","width":350,"height":200,"srcset":"https:\/\/i0.wp.com\/larevistadigital.com.ar\/blog\/wp-content\/uploads\/66b765275385e.png?fit=668%2C445&ssl=1&resize=350%2C200 1x, https:\/\/i0.wp.com\/larevistadigital.com.ar\/blog\/wp-content\/uploads\/66b765275385e.png?fit=668%2C445&ssl=1&resize=525%2C300 1.5x"},"classes":[]},{"id":4057,"url":"https:\/\/larevistadigital.com.ar\/blog\/reunion-la-comision-turismo-la-camara-comercio-local\/","url_meta":{"origin":38191,"position":5},"title":"Reuni\u00f3n de la Comisi\u00f3n de turismo de la C\u00e1mara de Comercio local","author":"admin","date":"27 noviembre, 2017","format":false,"excerpt":"Hoy a las 19 horas La comisi\u00f3n de turismo de la C\u00e1mara de Comercio de Chascom\u00fas, mantendr\u00e1 una nueva reuni\u00f3n hoy, a partir de las 20 horas, en la sede de Alvear y Soler. De acuerdo a lo que este diario pudo conocer, en el temario del encuentro est\u00e1 previsto\u2026","rel":"","context":"En \u00abCHASCOM\u00daS\u00bb","block_context":{"text":"CHASCOM\u00daS","link":"https:\/\/larevistadigital.com.ar\/blog\/category\/chascomus\/"},"img":{"alt_text":"","src":"https:\/\/i0.wp.com\/larevistadigital.com.ar\/blog\/wp-content\/uploads\/2017\/11\/CAMARA.jpg?fit=737%2C415&ssl=1&resize=350%2C200","width":350,"height":200,"srcset":"https:\/\/i0.wp.com\/larevistadigital.com.ar\/blog\/wp-content\/uploads\/2017\/11\/CAMARA.jpg?fit=737%2C415&ssl=1&resize=350%2C200 1x, https:\/\/i0.wp.com\/larevistadigital.com.ar\/blog\/wp-content\/uploads\/2017\/11\/CAMARA.jpg?fit=737%2C415&ssl=1&resize=525%2C300 1.5x, https:\/\/i0.wp.com\/larevistadigital.com.ar\/blog\/wp-content\/uploads\/2017\/11\/CAMARA.jpg?fit=737%2C415&ssl=1&resize=700%2C400 2x"},"classes":[]}],"_links":{"self":[{"href":"https:\/\/larevistadigital.com.ar\/blog\/wp-json\/wp\/v2\/posts\/38191","targetHints":{"allow":["GET"]}}],"collection":[{"href":"https:\/\/larevistadigital.com.ar\/blog\/wp-json\/wp\/v2\/posts"}],"about":[{"href":"https:\/\/larevistadigital.com.ar\/blog\/wp-json\/wp\/v2\/types\/post"}],"author":[{"embeddable":true,"href":"https:\/\/larevistadigital.com.ar\/blog\/wp-json\/wp\/v2\/users\/3"}],"replies":[{"embeddable":true,"href":"https:\/\/larevistadigital.com.ar\/blog\/wp-json\/wp\/v2\/comments?post=38191"}],"version-history":[{"count":1,"href":"https:\/\/larevistadigital.com.ar\/blog\/wp-json\/wp\/v2\/posts\/38191\/revisions"}],"predecessor-version":[{"id":38193,"href":"https:\/\/larevistadigital.com.ar\/blog\/wp-json\/wp\/v2\/posts\/38191\/revisions\/38193"}],"wp:featuredmedia":[{"embeddable":true,"href":"https:\/\/larevistadigital.com.ar\/blog\/wp-json\/wp\/v2\/media\/38192"}],"wp:attachment":[{"href":"https:\/\/larevistadigital.com.ar\/blog\/wp-json\/wp\/v2\/media?parent=38191"}],"wp:term":[{"taxonomy":"category","embeddable":true,"href":"https:\/\/larevistadigital.com.ar\/blog\/wp-json\/wp\/v2\/categories?post=38191"},{"taxonomy":"post_tag","embeddable":true,"href":"https:\/\/larevistadigital.com.ar\/blog\/wp-json\/wp\/v2\/tags?post=38191"}],"curies":[{"name":"wp","href":"https:\/\/api.w.org\/{rel}","templated":true}]}}