{"id":38195,"date":"2024-12-11T20:05:33","date_gmt":"2024-12-11T23:05:33","guid":{"rendered":"https:\/\/larevistadigital.com.ar\/blog\/?p=38195"},"modified":"2024-12-11T20:24:27","modified_gmt":"2024-12-11T23:24:27","slug":"jorge-macchi-cuestiona-la-cesion-del-edificio-del-turista-no-hay-seguridad-juridica","status":"publish","type":"post","link":"https:\/\/larevistadigital.com.ar\/blog\/jorge-macchi-cuestiona-la-cesion-del-edificio-del-turista-no-hay-seguridad-juridica\/","title":{"rendered":"Jorge Macchi cuestiona la cesi\u00f3n del \u00abEdificio del Turista\u00bb: \u00abNo hay seguridad jur\u00eddica\u00bb"},"content":{"rendered":"<div class=\"flex max-w-full flex-col flex-grow\">\r\n<div class=\"min-h-8 text-message flex w-full flex-col items-end gap-2 whitespace-normal break-words text-start [.text-message+&amp;]:mt-5\" dir=\"auto\" data-message-author-role=\"assistant\" data-message-id=\"5b2da944-ee20-442a-ba6f-c2ae4a1a8ea9\" data-message-model-slug=\"gpt-4o\">\r\n<div class=\"flex w-full flex-col gap-1 empty:hidden first:pt-[3px]\">\r\n<div class=\"markdown prose w-full break-words dark:prose-invert light\">\r\n<h2>Dijo que hay una ordenanza vigente que si se aplica, no es necesario ceder el lugar a nadie, y que el tema es<em> \u00abalgo oscuro\u00bb<\/em>.<\/h2>\r\n<p>11 de Diciembre de 2024<\/p>\r\n<p><strong>CHASCOM\u00daS &#8211;<\/strong>\u00a0 En una contundente entrevista realizada durante el programa <strong><em>\u201cAtaque de Radio\u201d<\/em><\/strong> , que se emite simult\u00e1neamente por <strong>FM 102.7 y el canal de streaming de YouTube <\/strong><strong><em>radiopowerch<\/em><\/strong> , el convencional electo de la UCR, <strong>Jorge Macchi<\/strong>, dialog\u00f3 con <strong>Alejandro \u00abEl Tano\u00bb Sosa<\/strong> y critic\u00f3 duramente la posible cesi\u00f3n del \u00abEdificio del Turista\u00bb\u00a0 a la empresa GyC y sus asociados.<\/p>\r\n<p><strong>Macchi<\/strong> expres\u00f3 su rechazo a las condiciones propuestas por la empresa, que incluyen cambios significativos en los t\u00e9rminos del pliego original, desestimado en dos ocasiones previas. Entre las modificaciones, destac\u00f3 la intenci\u00f3n de extender el plazo de cesi\u00f3n, aumentar los a\u00f1os de pr\u00f3rroga y eliminar el canon durante 20 a\u00f1os, todo bajo el argumento de la importante inversi\u00f3n requerida para revitalizar el inmueble.<\/p>\r\n<h3><span style=\"color: #ff0000;\">\u00abEsto no est\u00e1 claro\u00bb<\/span><\/h3>\r\n<p>El dirigente radical fue categ\u00f3rico al se\u00f1alar que el proceso actual carece de transparencia: <strong><em>\u201cLo veo muy raro\u2026 Poco claro, porque las concesiones se dan por &#8216;llamado a licitaci\u00f3n&#8217;. Es la \u00fanica opci\u00f3n que te da la ley org\u00e1nica\u201d<\/em><\/strong> , sostuvo.<\/p>\r\n<p><strong>Macchi<\/strong> subray\u00f3 que aunque los llamados a licitaci\u00f3n previa hayan quedado desiertos, eso no habilita la concesi\u00f3n directa: <strong><em>\u201cJam\u00e1s lo pod\u00e9s dar en forma directa, porque si lo dan en forma directa, no hay seguridad jur\u00eddica\u201d<\/em><\/strong> , agreg\u00f3 con firmeza.<\/p>\r\n<p>El convencional tambi\u00e9n cuestion\u00f3 la elevaci\u00f3n de la propuesta al Concejo Deliberante para su aprobaci\u00f3n, afirmando que existen herramientas legales, como la ordenanza de \u00abiniciativa privada\u00bb, que podr\u00edan haberse aplicado en este caso.<\/p>\r\n<h3><span style=\"color: #ff0000;\">La ordenanza olvidada<\/span><\/h3>\r\n<p><strong>Macchi<\/strong> record\u00f3 que la ordenanza de <strong>\u00abiniciativa privada\u00bb<\/strong>, aprobada por unanimidad el 28 de agosto de 2008, fue una herramienta impulsada por el concejal radical <strong>Rodolfo Pertusi<\/strong> y promulgada por la entonces intendente <strong>Liliana Denot<\/strong>. Esta normativa, registrada bajo el <strong>n\u00famero 3809<\/strong>, sigue vigente y podr\u00eda haber encuadrado perfectamente la situaci\u00f3n actual.<\/p>\r\n<p><object class=\"wp-block-file__embed\" style=\"width: 100%; height: 784px;\" data=\"https:\/\/larevistadigital.com.ar\/blog\/wp-content\/uploads\/ORDENANZA-3809-08-INICIATIVA-PRIVADA-Y-ASOCIACION-PUBLICO-P\u00b4RIVADA.pdf\" type=\"application\/pdf\" width=\"300\" height=\"150\" aria-label=\"ORDENANZA 3809-08, INICIATIVA PRIVADA Y ASOCIACION PUBLICO P\u00b4RIVADA\"><\/object><\/p>\r\n<blockquote>\r\n<h3>El dirigente mencion\u00f3 adem\u00e1s que entre quienes votaron esa ordenanza se encontraban Leandro Bordalecou y Javier Gast\u00f3n, quienes, seg\u00fan \u00e9l, deber\u00edan recordar su existencia: <strong><em>\u201cSe deben acordar, as\u00ed que podr\u00edan haberla aplicado\u201d<\/em><\/strong> , destac\u00f3.<\/h3>\r\n<\/blockquote>\r\n<h3><span style=\"color: #ff0000;\">Un desenlace anunciado<\/span><\/h3>\r\n<p><strong>Macchi<\/strong> se mostr\u00f3 pesimista respecto a c\u00f3mo se resolver\u00e1 la situaci\u00f3n. Seg\u00fan anticip\u00f3, la cesi\u00f3n podr\u00eda definirse a favor del comerciante gracias a un despacho mayoritario que incluir\u00eda a Unidad por Chascom\u00fas, el PJ y Cambiemos, dejando fuera a la UCR: <strong><em>\u201cEl Concejo est\u00e1 actuando como una escriban\u00eda, est\u00e1n legalizando algo que no es nada Claro, yo dir\u00eda m\u00e1s bien oscuro\u201d<\/em><\/strong> , dispar\u00f3.<\/p>\r\n<h3><span style=\"color: #ff0000;\">Un tema que divide a la comunidad<\/span><\/h3>\r\n<p>El futuro del emblem\u00e1tico \u00abEdificio del Turista\u00bb sigue generando controversia en Chascom\u00fas, mientras las miradas est\u00e1n puestas en las decisiones que tome el Concejo Deliberante. La falta de consenso y las cr\u00edticas sobre la transparencia del proceso mantienen en vilo a parte de la comunidad local que espera una definici\u00f3n.<\/p>\r\n<\/div>\r\n<\/div>\r\n<\/div>\r\n<\/div>\r\n<div>\u00a0<\/div>\r\n<div>\u00a0<\/div>\r\n<div>\u00a0<\/div>\r\n<div>\u00a0<\/div>\r\n<div>\u00a0<\/div>\r\n<div>\u00a0<\/div>\r\n<div>\u00a0<\/div>\r\n<div>\u00a0<\/div>\r\n<div>\u00a0<\/div>\r\n<div>\u00a0<\/div>\r\n<div>\u00a0<\/div>\r\n<div>\u00a0<\/div>\r\n\r\n<div data-wp-interactive=\"core\/file\" class=\"wp-block-file\">\u00a0<\/div>\r\n","protected":false},"excerpt":{"rendered":"<div class=\"mh-excerpt\"><p>Dijo que hay una ordenanza vigente que si se aplica, no es necesario ceder el lugar a nadie, y que el tema es \u00abalgo oscuro\u00bb. 11 de Diciembre de 2024 CHASCOM\u00daS &#8211;\u00a0 En una contundente <a class=\"mh-excerpt-more\" href=\"https:\/\/larevistadigital.com.ar\/blog\/jorge-macchi-cuestiona-la-cesion-del-edificio-del-turista-no-hay-seguridad-juridica\/\" title=\"Jorge Macchi cuestiona la cesi\u00f3n del \u00abEdificio del Turista\u00bb: \u00abNo hay seguridad jur\u00eddica\u00bb\">[Leer M\u00e1s]<\/a><\/p>\n<\/div>","protected":false},"author":3,"featured_media":38196,"comment_status":"open","ping_status":"open","sticky":false,"template":"","format":"standard","meta":{"_jetpack_memberships_contains_paid_content":false,"footnotes":"","jetpack_publicize_message":"","jetpack_publicize_feature_enabled":true,"jetpack_social_post_already_shared":true,"jetpack_social_options":{"image_generator_settings":{"template":"highway","default_image_id":0,"font":"","enabled":false},"version":2}},"categories":[247,50,23],"tags":[],"class_list":{"0":"post-38195","1":"post","2":"type-post","3":"status-publish","4":"format-standard","5":"has-post-thumbnail","7":"category-ataque-de-radio","8":"category-interes-general","9":"category-politica-local"},"jetpack_publicize_connections":[],"jetpack_featured_media_url":"https:\/\/i0.wp.com\/larevistadigital.com.ar\/blog\/wp-content\/uploads\/1-4.png?fit=680%2C367&ssl=1","jetpack_sharing_enabled":true,"jetpack_shortlink":"https:\/\/wp.me\/p8qtrQ-9W3","jetpack-related-posts":[{"id":38617,"url":"https:\/\/larevistadigital.com.ar\/blog\/gabriel-macchi-en-ataque-de-radio-el-motor-esta-afinado-y-listo\/","url_meta":{"origin":38195,"position":0},"title":"Gabriel Macchi en \u00abAtaque de Radio\u00bb: \u00abEl motor est\u00e1 afinado y listo\u00bb&#8230;","author":"Alejandro Sosa Ruda","date":"6 febrero, 2025","format":false,"excerpt":"El ex candidato a Intendente y concejal m\/c del PJ, Gabriel Macchi contest\u00f3 todas las preguntas en una nota radial. \u00bfSer\u00e1 candidato? 06 de Febrero de 2025 CHASCOM\u00daS -\u00a0 Finalmente la \u201cfigurita dif\u00edcil\u201d, Gabriel Macchi, \u00a0a quien todo el \u00e1mbito de la prensa pol\u00edtica de Chascom\u00fas quer\u00eda entrevistar, sali\u00f3 de\u2026","rel":"","context":"En \u00abATAQUE DE RADIO\u00bb","block_context":{"text":"ATAQUE DE RADIO","link":"https:\/\/larevistadigital.com.ar\/blog\/category\/ataque-de-radio\/"},"img":{"alt_text":"","src":"https:\/\/i0.wp.com\/larevistadigital.com.ar\/blog\/wp-content\/uploads\/GABRIEL-MACCHI.jpg?fit=869%2C480&ssl=1&resize=350%2C200","width":350,"height":200,"srcset":"https:\/\/i0.wp.com\/larevistadigital.com.ar\/blog\/wp-content\/uploads\/GABRIEL-MACCHI.jpg?fit=869%2C480&ssl=1&resize=350%2C200 1x, https:\/\/i0.wp.com\/larevistadigital.com.ar\/blog\/wp-content\/uploads\/GABRIEL-MACCHI.jpg?fit=869%2C480&ssl=1&resize=525%2C300 1.5x, https:\/\/i0.wp.com\/larevistadigital.com.ar\/blog\/wp-content\/uploads\/GABRIEL-MACCHI.jpg?fit=869%2C480&ssl=1&resize=700%2C400 2x"},"classes":[]},{"id":4514,"url":"https:\/\/larevistadigital.com.ar\/blog\/chascomus-jorge-macchi-ricardo-alfonsin-lo-menos-tienen-los-radicales-mansos\/","url_meta":{"origin":38195,"position":1},"title":"CHASCOM\u00daS: JORGE MACCHI\u00a0 A RICARDO ALFONS\u00cdN:\u00a0 \u201cLO QUE MENOS TIENEN LOS RADICALES ES SER MANSOS\u201d","author":"Alejandro Sosa Ruda","date":"15 enero, 2018","format":false,"excerpt":"El Presidente de la UCR Jorge Macchi, realiz\u00f3 declaraciones en la FM \u201cLa Radio\u201d 101.5 durante el programa AM Show en donde coment\u00f3 que se dio formalidad a la aceptaci\u00f3n de la renuncia de Jorge Brucetta al cargo de presidente, con el \u201ccorrimiento\u201d de los cargos por lo que la\u2026","rel":"","context":"En \u00abCHASCOM\u00daS\u00bb","block_context":{"text":"CHASCOM\u00daS","link":"https:\/\/larevistadigital.com.ar\/blog\/category\/chascomus\/"},"img":{"alt_text":"","src":"https:\/\/i0.wp.com\/larevistadigital.com.ar\/blog\/wp-content\/uploads\/2018\/01\/15676035_343075682733702_2483084800924028257_o.jpg?fit=1040%2C585&ssl=1&resize=350%2C200","width":350,"height":200,"srcset":"https:\/\/i0.wp.com\/larevistadigital.com.ar\/blog\/wp-content\/uploads\/2018\/01\/15676035_343075682733702_2483084800924028257_o.jpg?fit=1040%2C585&ssl=1&resize=350%2C200 1x, https:\/\/i0.wp.com\/larevistadigital.com.ar\/blog\/wp-content\/uploads\/2018\/01\/15676035_343075682733702_2483084800924028257_o.jpg?fit=1040%2C585&ssl=1&resize=525%2C300 1.5x, https:\/\/i0.wp.com\/larevistadigital.com.ar\/blog\/wp-content\/uploads\/2018\/01\/15676035_343075682733702_2483084800924028257_o.jpg?fit=1040%2C585&ssl=1&resize=700%2C400 2x"},"classes":[]},{"id":22280,"url":"https:\/\/larevistadigital.com.ar\/blog\/jorge-macchi-afirmo-que-pese-al-aumento-los-municipales-han-perdido-mas-de-un-30-de-su-poder-adquisitivo\/","url_meta":{"origin":38195,"position":2},"title":"JORGE MACCHI AFIRM\u00d3 QUE PESE AL AUMENTO, LOS MUNICIPALES HAN PERDIDO M\u00c1S DE UN 30% DE SU PODER ADQUISITIVO","author":"Alejandro Sosa Ruda","date":"9 octubre, 2021","format":false,"excerpt":"El dirigente del radicalismo, explic\u00f3 porqu\u00e9 el aumento otorgado no es suficiente, recordando que durante 2020 no hubo ning\u00fan incremento salarial, y criticando la actitud del gobierno local, asegurando que \"vienen disfrazados de Pap\u00e1 Noel\"... CHASCOM\u00daS -\u00a0 Durante el programa \"Ataque de Radio\" que se emite por FM ACTIVA (93.1),\u2026","rel":"","context":"En \u00abINTERES GENERAL\u00bb","block_context":{"text":"INTERES GENERAL","link":"https:\/\/larevistadigital.com.ar\/blog\/category\/interes-general\/"},"img":{"alt_text":"","src":"https:\/\/i0.wp.com\/larevistadigital.com.ar\/blog\/wp-content\/uploads\/salarios_1024x512.jpg?fit=1024%2C512&ssl=1&resize=350%2C200","width":350,"height":200,"srcset":"https:\/\/i0.wp.com\/larevistadigital.com.ar\/blog\/wp-content\/uploads\/salarios_1024x512.jpg?fit=1024%2C512&ssl=1&resize=350%2C200 1x, https:\/\/i0.wp.com\/larevistadigital.com.ar\/blog\/wp-content\/uploads\/salarios_1024x512.jpg?fit=1024%2C512&ssl=1&resize=525%2C300 1.5x, https:\/\/i0.wp.com\/larevistadigital.com.ar\/blog\/wp-content\/uploads\/salarios_1024x512.jpg?fit=1024%2C512&ssl=1&resize=700%2C400 2x"},"classes":[]},{"id":2986,"url":"https:\/\/larevistadigital.com.ar\/blog\/jorge-taiana-visito-la-ciudad-y-fue-recibido-por-gabriel-macchi\/","url_meta":{"origin":38195,"position":3},"title":"Jorge Taiana visit\u00f3 la ciudad y fue recibido por Gabriel Macchi","author":"admin","date":"4 agosto, 2017","format":false,"excerpt":"El candidato a senador nacional por la provincia de Buenos Aires Jorge Taiana, visit\u00f3 Chascom\u00fas Fue recibido por Gabriel Macchi junto al resto de los candidatos locales de Unidad Ciudadana y los actuales concejales Alfredo Ateasuain, Ana Francese, Hector Larramendy y Juan Cano y el diputado Jos\u00e9 Cote Rossi. Tras\u2026","rel":"","context":"En \u00abPOLITICA\u00bb","block_context":{"text":"POLITICA","link":"https:\/\/larevistadigital.com.ar\/blog\/category\/politica\/"},"img":{"alt_text":"","src":"https:\/\/i0.wp.com\/larevistadigital.com.ar\/blog\/wp-content\/uploads\/2017\/08\/20604157_10212049465145895_2066480076831303291_n.jpg?fit=960%2C744&ssl=1&resize=350%2C200","width":350,"height":200,"srcset":"https:\/\/i0.wp.com\/larevistadigital.com.ar\/blog\/wp-content\/uploads\/2017\/08\/20604157_10212049465145895_2066480076831303291_n.jpg?fit=960%2C744&ssl=1&resize=350%2C200 1x, https:\/\/i0.wp.com\/larevistadigital.com.ar\/blog\/wp-content\/uploads\/2017\/08\/20604157_10212049465145895_2066480076831303291_n.jpg?fit=960%2C744&ssl=1&resize=525%2C300 1.5x, https:\/\/i0.wp.com\/larevistadigital.com.ar\/blog\/wp-content\/uploads\/2017\/08\/20604157_10212049465145895_2066480076831303291_n.jpg?fit=960%2C744&ssl=1&resize=700%2C400 2x"},"classes":[]},{"id":38614,"url":"https:\/\/larevistadigital.com.ar\/blog\/marcelo-teileche-lito-fernandez-estuvo-en-cambiemos-antes-era-peronista-y-ahora-de-lla-ese-es-el-cambio-que-propone\/","url_meta":{"origin":38195,"position":4},"title":"Marcelo Teileche: \u00abLito Fern\u00e1ndez estuvo en cambiemos, antes era peronista y ahora de LLA&#8230; \u00bfese es el cambio que propone?","author":"Alejandro Sosa Ruda","date":"6 febrero, 2025","format":false,"excerpt":"El abogado y concejal del Pj en el oficialismo no se call\u00f3 nada, respecto a su origen, su militancia, y su proyecto futuro. 06 de Febrero de 2025 CHASCOM\u00daS -\u00a0 \u201cYa comienzan a haber distintos posicionamientos de cara a la elecci\u00f3n de este a\u00f1o\u201d, asegur\u00f3 el concejal del PJ Marcelo\u2026","rel":"","context":"En \u00abATAQUE DE RADIO\u00bb","block_context":{"text":"ATAQUE DE RADIO","link":"https:\/\/larevistadigital.com.ar\/blog\/category\/ataque-de-radio\/"},"img":{"alt_text":"MARCELO TEILECHE","src":"https:\/\/i0.wp.com\/larevistadigital.com.ar\/blog\/wp-content\/uploads\/Marcelo-Teileche-en-ataque-de-Radio.jpg?fit=896%2C479&ssl=1&resize=350%2C200","width":350,"height":200,"srcset":"https:\/\/i0.wp.com\/larevistadigital.com.ar\/blog\/wp-content\/uploads\/Marcelo-Teileche-en-ataque-de-Radio.jpg?fit=896%2C479&ssl=1&resize=350%2C200 1x, https:\/\/i0.wp.com\/larevistadigital.com.ar\/blog\/wp-content\/uploads\/Marcelo-Teileche-en-ataque-de-Radio.jpg?fit=896%2C479&ssl=1&resize=525%2C300 1.5x, https:\/\/i0.wp.com\/larevistadigital.com.ar\/blog\/wp-content\/uploads\/Marcelo-Teileche-en-ataque-de-Radio.jpg?fit=896%2C479&ssl=1&resize=700%2C400 2x"},"classes":[]},{"id":42362,"url":"https:\/\/larevistadigital.com.ar\/blog\/hermanos-macchi-artesania-sobre-ruedas-en-ane\/","url_meta":{"origin":38195,"position":5},"title":"Hermanos Macchi: Artesan\u00eda sobre ruedas en A\u00d1E","author":"Alejandro Sosa Ruda","date":"2 noviembre, 2025","format":false,"excerpt":"Ayer en el Aut\u00f3dromo de A\u00d1E se disput\u00f3 la tercera carrera de Sport Prototipos Nacionales, una categor\u00eda que este a\u00f1o se present\u00f3 de manera experimental y sin campeonato, con la promesa de un torneo oficial para el pr\u00f3ximo a\u00f1o. 02 de Noviembre de 2025 Los hermanos Jorge y Antonio Macchi,\u2026","rel":"","context":"En \u00abINTERES GENERAL\u00bb","block_context":{"text":"INTERES GENERAL","link":"https:\/\/larevistadigital.com.ar\/blog\/category\/interes-general\/"},"img":{"alt_text":"","src":"https:\/\/i0.wp.com\/larevistadigital.com.ar\/blog\/wp-content\/uploads\/573882330_1455722552739657_6297427071523199913_n.jpg?fit=1200%2C900&ssl=1&resize=350%2C200","width":350,"height":200,"srcset":"https:\/\/i0.wp.com\/larevistadigital.com.ar\/blog\/wp-content\/uploads\/573882330_1455722552739657_6297427071523199913_n.jpg?fit=1200%2C900&ssl=1&resize=350%2C200 1x, https:\/\/i0.wp.com\/larevistadigital.com.ar\/blog\/wp-content\/uploads\/573882330_1455722552739657_6297427071523199913_n.jpg?fit=1200%2C900&ssl=1&resize=525%2C300 1.5x, https:\/\/i0.wp.com\/larevistadigital.com.ar\/blog\/wp-content\/uploads\/573882330_1455722552739657_6297427071523199913_n.jpg?fit=1200%2C900&ssl=1&resize=700%2C400 2x, https:\/\/i0.wp.com\/larevistadigital.com.ar\/blog\/wp-content\/uploads\/573882330_1455722552739657_6297427071523199913_n.jpg?fit=1200%2C900&ssl=1&resize=1050%2C600 3x"},"classes":[]}],"_links":{"self":[{"href":"https:\/\/larevistadigital.com.ar\/blog\/wp-json\/wp\/v2\/posts\/38195","targetHints":{"allow":["GET"]}}],"collection":[{"href":"https:\/\/larevistadigital.com.ar\/blog\/wp-json\/wp\/v2\/posts"}],"about":[{"href":"https:\/\/larevistadigital.com.ar\/blog\/wp-json\/wp\/v2\/types\/post"}],"author":[{"embeddable":true,"href":"https:\/\/larevistadigital.com.ar\/blog\/wp-json\/wp\/v2\/users\/3"}],"replies":[{"embeddable":true,"href":"https:\/\/larevistadigital.com.ar\/blog\/wp-json\/wp\/v2\/comments?post=38195"}],"version-history":[{"count":7,"href":"https:\/\/larevistadigital.com.ar\/blog\/wp-json\/wp\/v2\/posts\/38195\/revisions"}],"predecessor-version":[{"id":38208,"href":"https:\/\/larevistadigital.com.ar\/blog\/wp-json\/wp\/v2\/posts\/38195\/revisions\/38208"}],"wp:featuredmedia":[{"embeddable":true,"href":"https:\/\/larevistadigital.com.ar\/blog\/wp-json\/wp\/v2\/media\/38196"}],"wp:attachment":[{"href":"https:\/\/larevistadigital.com.ar\/blog\/wp-json\/wp\/v2\/media?parent=38195"}],"wp:term":[{"taxonomy":"category","embeddable":true,"href":"https:\/\/larevistadigital.com.ar\/blog\/wp-json\/wp\/v2\/categories?post=38195"},{"taxonomy":"post_tag","embeddable":true,"href":"https:\/\/larevistadigital.com.ar\/blog\/wp-json\/wp\/v2\/tags?post=38195"}],"curies":[{"name":"wp","href":"https:\/\/api.w.org\/{rel}","templated":true}]}}