{"id":38209,"date":"2024-12-11T21:50:54","date_gmt":"2024-12-12T00:50:54","guid":{"rendered":"https:\/\/larevistadigital.com.ar\/blog\/?p=38209"},"modified":"2024-12-11T21:50:54","modified_gmt":"2024-12-12T00:50:54","slug":"egresados-esta-manana-partio-el-ultimo-contingente-del-ano-hacia-la-costa","status":"publish","type":"post","link":"https:\/\/larevistadigital.com.ar\/blog\/egresados-esta-manana-partio-el-ultimo-contingente-del-ano-hacia-la-costa\/","title":{"rendered":"Egresados: esta ma\u00f1ana parti\u00f3 el \u00faltimo contingente del a\u00f1o hacia La Costa"},"content":{"rendered":"<h2 class=\"excerpt\">170 chicos egresados de diferentes escuelas primarias disfrutan ya de su viaje educativo y recreativo, totalmente financiado por la Municipalidad de Chascom\u00fas.<\/h2>\n<p>11 de Diciembre de 2024<\/p>\n<div id=\"miDiv1\" class=\"text\">\n<p><strong>CHASCOM\u00daS\u00a0 &#8211;<\/strong>\u00a0 \u00a0En el marco del programa municipal que promueve la integraci\u00f3n de los estudiantes a trav\u00e9s de un viaje educativo y recreativo, esta ma\u00f1ana, junto a docentes y al Subsecretario de Infancias y Juventudes, Lucio Alfons\u00edn, parti\u00f3 el \u00faltimo contingente del a\u00f1o de egresados de primaria hacia el partido de la Costa, m\u00e1s precisamente a la ciudad de San Clemente del Tuy\u00fa.<\/p>\n<blockquote>\n<h3>En esta oportunidad, son 170 alumnos los que integran el cuarto contingente del a\u00f1o, pertenecientes a las escuelas primarias N\u00b0 1, 2, 11 (del paraje Villa del Sur), 21 (del paraje G\u00e1ndara), 50 (del paraje San Nicanor) y 55 (ex Escuela Normal); que se suman a los m\u00e1s de 600 estudiantes que ya disfrutaron de esta propuesta.<\/h3>\n<\/blockquote>\n<p>Durante la traves\u00eda, que tiene una duraci\u00f3n total de cuatro jornadas, los chicos visitar\u00e1n la Reserva Municipal Vivero Cosme Argerich, la playa y otros lugares tur\u00edsticos de la localidad. Esta iniciativa es posible gracias a una articulaci\u00f3n de la Municipalidad de Chascom\u00fas con la Jefatura Distrital y con la Municipalidad de La Costa.<\/p>\n<p>Contando los cuatro contingentes, en el presente a\u00f1o, participaron del programa alrededor de 800 estudiantes de diversos contextos, de los cuales una gran parte, manifestaron ver el mar por primera vez en su vida.<\/p>\n<\/div>\n","protected":false},"excerpt":{"rendered":"<div class=\"mh-excerpt\"><p>170 chicos egresados de diferentes escuelas primarias disfrutan ya de su viaje educativo y recreativo, totalmente financiado por la Municipalidad de Chascom\u00fas. 11 de Diciembre de 2024 CHASCOM\u00daS\u00a0 &#8211;\u00a0 \u00a0En el marco del programa municipal <a class=\"mh-excerpt-more\" href=\"https:\/\/larevistadigital.com.ar\/blog\/egresados-esta-manana-partio-el-ultimo-contingente-del-ano-hacia-la-costa\/\" title=\"Egresados: esta ma\u00f1ana parti\u00f3 el \u00faltimo contingente del a\u00f1o hacia La Costa\">[Leer M\u00e1s]<\/a><\/p>\n<\/div>","protected":false},"author":3,"featured_media":38210,"comment_status":"open","ping_status":"open","sticky":false,"template":"","format":"standard","meta":{"_jetpack_memberships_contains_paid_content":false,"footnotes":"","jetpack_publicize_message":"","jetpack_publicize_feature_enabled":true,"jetpack_social_post_already_shared":true,"jetpack_social_options":{"image_generator_settings":{"template":"highway","default_image_id":0,"font":"","enabled":false},"version":2}},"categories":[50,23],"tags":[],"class_list":{"0":"post-38209","1":"post","2":"type-post","3":"status-publish","4":"format-standard","5":"has-post-thumbnail","7":"category-interes-general","8":"category-politica-local"},"jetpack_publicize_connections":[],"jetpack_featured_media_url":"https:\/\/i0.wp.com\/larevistadigital.com.ar\/blog\/wp-content\/uploads\/6759e5f889b74.png?fit=668%2C445&ssl=1","jetpack_sharing_enabled":true,"jetpack_shortlink":"https:\/\/wp.me\/p8qtrQ-9Wh","jetpack-related-posts":[{"id":38123,"url":"https:\/\/larevistadigital.com.ar\/blog\/partio-un-nuevo-contingente-de-egresados-con-destino-a-la-costa\/","url_meta":{"origin":38209,"position":0},"title":"Parti\u00f3 un nuevo contingente de egresados con destino a La Costa","author":"Alejandro Sosa Ruda","date":"5 diciembre, 2024","format":false,"excerpt":"El viaje totalmente financiado por la Municipalidad de Chascom\u00fas, cierra una etapa en la vida de alumnos de 6to a\u00f1o del nivel primario de distintos establecimientos educativos 05 de Diciembre de 2024 CHASCOM\u00daS -\u00a0 Se trata del tercer contingente de egresados, que cierran la etapa escolar primaria, en el marco\u2026","rel":"","context":"En \u00abCHASCOM\u00daS\u00bb","block_context":{"text":"CHASCOM\u00daS","link":"https:\/\/larevistadigital.com.ar\/blog\/category\/chascomus\/"},"img":{"alt_text":"","src":"https:\/\/i0.wp.com\/larevistadigital.com.ar\/blog\/wp-content\/uploads\/6751e9d4a3480.png?fit=668%2C445&ssl=1&resize=350%2C200","width":350,"height":200,"srcset":"https:\/\/i0.wp.com\/larevistadigital.com.ar\/blog\/wp-content\/uploads\/6751e9d4a3480.png?fit=668%2C445&ssl=1&resize=350%2C200 1x, https:\/\/i0.wp.com\/larevistadigital.com.ar\/blog\/wp-content\/uploads\/6751e9d4a3480.png?fit=668%2C445&ssl=1&resize=525%2C300 1.5x"},"classes":[]},{"id":37220,"url":"https:\/\/larevistadigital.com.ar\/blog\/javier-gaston-continuaremos-acompanando-los-viajes-de-egresados-para-todas-las-escuelas-primarias\/","url_meta":{"origin":38209,"position":1},"title":"Javier Gast\u00f3n: \u201cContinuaremos acompa\u00f1ando los viajes de egresados para todas las escuelas primarias\u201d","author":"Alejandro Sosa Ruda","date":"13 septiembre, 2024","format":false,"excerpt":"El intendente hizo el anuncio durante el acto por el D\u00eda del Maestro, destacando la importancia de esta experiencia para los estudiantes chascomunenses. 13 de Septiembre de 2024 CHASCOM\u00daS -\u00a0 En el marco de la celebraci\u00f3n, que tuvo lugar este jueves en la plaza Domingo Faustino Sarmiento, el intendente Javier\u2026","rel":"","context":"En \u00abINTERES GENERAL\u00bb","block_context":{"text":"INTERES GENERAL","link":"https:\/\/larevistadigital.com.ar\/blog\/category\/interes-general\/"},"img":{"alt_text":"","src":"https:\/\/i0.wp.com\/larevistadigital.com.ar\/blog\/wp-content\/uploads\/66e321a750a5b.png?fit=668%2C445&ssl=1&resize=350%2C200","width":350,"height":200,"srcset":"https:\/\/i0.wp.com\/larevistadigital.com.ar\/blog\/wp-content\/uploads\/66e321a750a5b.png?fit=668%2C445&ssl=1&resize=350%2C200 1x, https:\/\/i0.wp.com\/larevistadigital.com.ar\/blog\/wp-content\/uploads\/66e321a750a5b.png?fit=668%2C445&ssl=1&resize=525%2C300 1.5x"},"classes":[]},{"id":37691,"url":"https:\/\/larevistadigital.com.ar\/blog\/inscripcion-a-las-escuelas-municipales-para-el-ciclo-lectivo-2025\/","url_meta":{"origin":38209,"position":2},"title":"Inscripci\u00f3n a las escuelas municipales para el ciclo lectivo 2025","author":"Alejandro Sosa Ruda","date":"31 octubre, 2024","format":false,"excerpt":"La Municipalidad de Chascom\u00fas da a conocer las fechas que, de acuerdo al calendario de actividades docentes 2024, se han establecido para la inscripci\u00f3n a las instituciones educativas municipales. A continuaci\u00f3n, brindamos el cronograma dispuesto a tal efecto: JARD\u00cdN MATERNAL Y DE INFANTES CLARISA AM\u00c9ZAGA - Del 11 al 15\u2026","rel":"","context":"En \u00abINTERES GENERAL\u00bb","block_context":{"text":"INTERES GENERAL","link":"https:\/\/larevistadigital.com.ar\/blog\/category\/interes-general\/"},"img":{"alt_text":"","src":"https:\/\/i0.wp.com\/larevistadigital.com.ar\/blog\/wp-content\/uploads\/6723bf209a6cb.png?fit=668%2C445&ssl=1&resize=350%2C200","width":350,"height":200,"srcset":"https:\/\/i0.wp.com\/larevistadigital.com.ar\/blog\/wp-content\/uploads\/6723bf209a6cb.png?fit=668%2C445&ssl=1&resize=350%2C200 1x, https:\/\/i0.wp.com\/larevistadigital.com.ar\/blog\/wp-content\/uploads\/6723bf209a6cb.png?fit=668%2C445&ssl=1&resize=525%2C300 1.5x"},"classes":[]},{"id":38253,"url":"https:\/\/larevistadigital.com.ar\/blog\/chascomus-egresados-del-fines-cerraron-el-ano\/","url_meta":{"origin":38209,"position":3},"title":"Chascom\u00fas: Egresados del FINES cerraron el a\u00f1o","author":"Alejandro Sosa Ruda","date":"14 diciembre, 2024","format":false,"excerpt":"Con un acto de colaci\u00f3n en el Museo Pampeano donde se valor\u00f3 el esfuerzo de los estudiantes y sus familias 14 de Diciembre de 2024 CHASCOM\u00daS -\u00a0 Alrededor de cuarenta egresados participaron ayer del acto de cierre de a\u00f1o, pertenecientes a las comisiones del CIC 30 de mayo, Biblioteca Padre\u2026","rel":"","context":"En \u00abINTERES GENERAL\u00bb","block_context":{"text":"INTERES GENERAL","link":"https:\/\/larevistadigital.com.ar\/blog\/category\/interes-general\/"},"img":{"alt_text":"","src":"https:\/\/i0.wp.com\/larevistadigital.com.ar\/blog\/wp-content\/uploads\/675c7db3bcbe9.png?fit=668%2C445&ssl=1&resize=350%2C200","width":350,"height":200,"srcset":"https:\/\/i0.wp.com\/larevistadigital.com.ar\/blog\/wp-content\/uploads\/675c7db3bcbe9.png?fit=668%2C445&ssl=1&resize=350%2C200 1x, https:\/\/i0.wp.com\/larevistadigital.com.ar\/blog\/wp-content\/uploads\/675c7db3bcbe9.png?fit=668%2C445&ssl=1&resize=525%2C300 1.5x"},"classes":[]},{"id":30323,"url":"https:\/\/larevistadigital.com.ar\/blog\/estudiantes-bonaerenses-se-abrio-la-inscripcion-para-el-viaje-de-egresados-gratuito\/","url_meta":{"origin":38209,"position":4},"title":"ESTUDIANTES BONAERENSES: SE ABRI\u00d3 LA INSCRIPCI\u00d3N PARA EL VIAJE DE EGRESADOS GRATUITO","author":"Alejandro Sosa Ruda","date":"2 marzo, 2023","format":false,"excerpt":"Hasta el 31 de marzo los egresados de escuelas p\u00fablicas y privadas de la Provincia podr\u00e1n anotarse para viajar cuatro d\u00edas de forma gratuita. Los viajes se realizar\u00e1n entre agosto y octubre y los estudiantes tendr\u00e1n la posibilidad de concurrir a destinos de playa, sierras, r\u00edos o lagunas, durante 4\u2026","rel":"","context":"En \u00abINTERES GENERAL\u00bb","block_context":{"text":"INTERES GENERAL","link":"https:\/\/larevistadigital.com.ar\/blog\/category\/interes-general\/"},"img":{"alt_text":"","src":"https:\/\/i0.wp.com\/larevistadigital.com.ar\/blog\/wp-content\/uploads\/20230301155713_viajes-fin-de-curso-28-02-23-scaled-1.jpg?fit=880%2C512&ssl=1&resize=350%2C200","width":350,"height":200,"srcset":"https:\/\/i0.wp.com\/larevistadigital.com.ar\/blog\/wp-content\/uploads\/20230301155713_viajes-fin-de-curso-28-02-23-scaled-1.jpg?fit=880%2C512&ssl=1&resize=350%2C200 1x, https:\/\/i0.wp.com\/larevistadigital.com.ar\/blog\/wp-content\/uploads\/20230301155713_viajes-fin-de-curso-28-02-23-scaled-1.jpg?fit=880%2C512&ssl=1&resize=525%2C300 1.5x, https:\/\/i0.wp.com\/larevistadigital.com.ar\/blog\/wp-content\/uploads\/20230301155713_viajes-fin-de-curso-28-02-23-scaled-1.jpg?fit=880%2C512&ssl=1&resize=700%2C400 2x"},"classes":[]},{"id":38312,"url":"https:\/\/larevistadigital.com.ar\/blog\/bordalecou-y-alfonsin-participaron-del-acto-de-egreso-en-la-escuela-municipal-n-1\/","url_meta":{"origin":38209,"position":5},"title":"Bordalecou y Alfons\u00edn participaron del acto de egreso en la Escuela Municipal N\u00b0 1","author":"Alejandro Sosa Ruda","date":"18 diciembre, 2024","format":false,"excerpt":"Particip\u00f3 del acto de fin de curso acompa\u00f1ando la despedida a los egresados 18 de Diciembre de 2024 CHASCOM\u00daS -\u00a0 El intendente interino Leandro Bordalecou junto al subsecretario de Infancias y Juventudes, Lucio Alfons\u00edn, participaron esta ma\u00f1ana del acto de fin de curso de la Escuela Municipal N\u00b0 1 \u201cJuan\u2026","rel":"","context":"En \u00abCHASCOM\u00daS\u00bb","block_context":{"text":"CHASCOM\u00daS","link":"https:\/\/larevistadigital.com.ar\/blog\/category\/chascomus\/"},"img":{"alt_text":"","src":"https:\/\/i0.wp.com\/larevistadigital.com.ar\/blog\/wp-content\/uploads\/6763033f5d2ca.png?fit=668%2C445&ssl=1&resize=350%2C200","width":350,"height":200,"srcset":"https:\/\/i0.wp.com\/larevistadigital.com.ar\/blog\/wp-content\/uploads\/6763033f5d2ca.png?fit=668%2C445&ssl=1&resize=350%2C200 1x, https:\/\/i0.wp.com\/larevistadigital.com.ar\/blog\/wp-content\/uploads\/6763033f5d2ca.png?fit=668%2C445&ssl=1&resize=525%2C300 1.5x"},"classes":[]}],"_links":{"self":[{"href":"https:\/\/larevistadigital.com.ar\/blog\/wp-json\/wp\/v2\/posts\/38209","targetHints":{"allow":["GET"]}}],"collection":[{"href":"https:\/\/larevistadigital.com.ar\/blog\/wp-json\/wp\/v2\/posts"}],"about":[{"href":"https:\/\/larevistadigital.com.ar\/blog\/wp-json\/wp\/v2\/types\/post"}],"author":[{"embeddable":true,"href":"https:\/\/larevistadigital.com.ar\/blog\/wp-json\/wp\/v2\/users\/3"}],"replies":[{"embeddable":true,"href":"https:\/\/larevistadigital.com.ar\/blog\/wp-json\/wp\/v2\/comments?post=38209"}],"version-history":[{"count":1,"href":"https:\/\/larevistadigital.com.ar\/blog\/wp-json\/wp\/v2\/posts\/38209\/revisions"}],"predecessor-version":[{"id":38211,"href":"https:\/\/larevistadigital.com.ar\/blog\/wp-json\/wp\/v2\/posts\/38209\/revisions\/38211"}],"wp:featuredmedia":[{"embeddable":true,"href":"https:\/\/larevistadigital.com.ar\/blog\/wp-json\/wp\/v2\/media\/38210"}],"wp:attachment":[{"href":"https:\/\/larevistadigital.com.ar\/blog\/wp-json\/wp\/v2\/media?parent=38209"}],"wp:term":[{"taxonomy":"category","embeddable":true,"href":"https:\/\/larevistadigital.com.ar\/blog\/wp-json\/wp\/v2\/categories?post=38209"},{"taxonomy":"post_tag","embeddable":true,"href":"https:\/\/larevistadigital.com.ar\/blog\/wp-json\/wp\/v2\/tags?post=38209"}],"curies":[{"name":"wp","href":"https:\/\/api.w.org\/{rel}","templated":true}]}}