{"id":38212,"date":"2024-12-11T22:12:12","date_gmt":"2024-12-12T01:12:12","guid":{"rendered":"https:\/\/larevistadigital.com.ar\/blog\/?p=38212"},"modified":"2024-12-11T22:12:12","modified_gmt":"2024-12-12T01:12:12","slug":"cloaca-maxima-etapa-ii-y-iii","status":"publish","type":"post","link":"https:\/\/larevistadigital.com.ar\/blog\/cloaca-maxima-etapa-ii-y-iii\/","title":{"rendered":"Cloaca m\u00e1xima Etapa II y III"},"content":{"rendered":"<h2 class=\"excerpt\">Funcionarios municipales recorrieron la traza con representantes de empresas interesadas en responder al llamado a licitaci\u00f3n de la Provincia de Buenos Aires.<\/h2>\n<p>11 de Diciembre de 2024<\/p>\n<div id=\"miDiv1\" class=\"text\">\n<p><strong>CHASCOM\u00daS\u00a0 &#8211;\u00a0<\/strong> \u00a0Durante la ma\u00f1ana de hoy, representantes de m\u00e1s de cuarenta empresas recorrieron junto al director general de Servicios Sanitarios, <strong>Sebasti\u00e1n Placenave<\/strong>; el director de Servicios Sanitarios, <strong>Alfredo Etchegoimberry<\/strong>; y el director de Obras Sanitarias, Cristian Garc\u00eda; la traza sobre la que se proyecta la extensi\u00f3n de la Cloaca M\u00e1xima, en su etapa II y III. Estuvieron presentes adem\u00e1s, los inspectores de la Direcci\u00f3n Provincial de Agua y Cloaca <strong>Mart\u00edn Echeverr\u00eda y Fabian Giribaldi<\/strong>.<\/p>\n<blockquote>\n<h3>A lo largo del recorrido, los interesados pudieron evacuar dudas y realizar consultas sobre el proyecto, complejidades y cuestiones t\u00e9cnicas pertinentes al desarrollo de la obra. La traza total entre las dos etapas pendientes que completan el proyecto original, se extiende entre la estaci\u00f3n de bombeo ubicada en calle Neuqu\u00e9n e Hipo\u00edlito Yrigoyen hasta la planta depuradora.<\/h3>\n<\/blockquote>\n<p>Cabe recordar que la Cloaca M\u00e1xima es una de las obras que el Estado Nacional se hab\u00eda comprometido a financiar y que posteriormente, con la asunci\u00f3n al gobierno de la actual gesti\u00f3n, desfinanci\u00f3 y abandon\u00f3. En respuesta a esta situaci\u00f3n y tras las gestiones llevadas adelante por el intendente<strong> Javier Gast\u00f3n<\/strong>, el gobernador <strong>Axel Kicillof<\/strong> se comprometi\u00f3 a continuar con la construcci\u00f3n de la segunda y tercera etapa.<\/p>\n<blockquote>\n<h3>La cantidad extraordinaria de empresas interesadas que estuvieron presentes hoy, da cuenta de la problem\u00e1tica que surge a partir de las pol\u00edticas de achicamiento y de desfinanciamiento de la obra p\u00fablica, por parte del Estado Nacional. Se trata de obras de infraestructura que requieren de inversiones dif\u00edciles de costear para econom\u00edas comunales y\/o particulares. Pero adem\u00e1s, permite ver sin filtros, c\u00f3mo la obra p\u00fablica se constituye en generadora de fuentes de trabajo genuinas y en motor de la econom\u00eda.<\/h3>\n<\/blockquote>\n<p>De esta manera, el 19 de diciembre pr\u00f3ximo, en las oficinas que el Ministerio de Infraestructura y Servicios P\u00fablicos de la Provincia de Buenos Aires ocupa en la Av. 7 de la ciudad de La Plata, se realizar\u00e1 a partir de las 12 hs, el acto de apertura de los sobres. \u00c9ste ser\u00e1 el primer gran paso para la finalizaci\u00f3n de una obra que integra a la red cloacal a los barrios Algarrobo, La Noria, La Esmeralda, La Pampita, Anah\u00ed, Caballito Blanco, Baldomero Fern\u00e1ndez Moreno, Ipor\u00e1, El Hueco, La Concordia, Las Violetas, Esteban Echeverr\u00eda, Los Aromos y Parque Chascom\u00fas.<\/p>\n<\/div>\n","protected":false},"excerpt":{"rendered":"<div class=\"mh-excerpt\"><p>Funcionarios municipales recorrieron la traza con representantes de empresas interesadas en responder al llamado a licitaci\u00f3n de la Provincia de Buenos Aires. 11 de Diciembre de 2024 CHASCOM\u00daS\u00a0 &#8211;\u00a0 \u00a0Durante la ma\u00f1ana de hoy, representantes <a class=\"mh-excerpt-more\" href=\"https:\/\/larevistadigital.com.ar\/blog\/cloaca-maxima-etapa-ii-y-iii\/\" title=\"Cloaca m\u00e1xima Etapa II y III\">[Leer M\u00e1s]<\/a><\/p>\n<\/div>","protected":false},"author":3,"featured_media":38213,"comment_status":"open","ping_status":"open","sticky":false,"template":"","format":"standard","meta":{"_jetpack_memberships_contains_paid_content":false,"footnotes":"","jetpack_publicize_message":"","jetpack_publicize_feature_enabled":true,"jetpack_social_post_already_shared":true,"jetpack_social_options":{"image_generator_settings":{"template":"highway","default_image_id":0,"font":"","enabled":false},"version":2}},"categories":[6],"tags":[],"class_list":{"0":"post-38212","1":"post","2":"type-post","3":"status-publish","4":"format-standard","5":"has-post-thumbnail","7":"category-chascomus"},"jetpack_publicize_connections":[],"jetpack_featured_media_url":"https:\/\/i0.wp.com\/larevistadigital.com.ar\/blog\/wp-content\/uploads\/6759e34e37fe7.png?fit=668%2C445&ssl=1","jetpack_sharing_enabled":true,"jetpack_shortlink":"https:\/\/wp.me\/p8qtrQ-9Wk","jetpack-related-posts":[{"id":43611,"url":"https:\/\/larevistadigital.com.ar\/blog\/chascomus-cloaca-maxima-avanza-con-financiamiento-provincial\/","url_meta":{"origin":38212,"position":0},"title":"Chascom\u00fas: Cloaca M\u00e1xima avanza con financiamiento provincial","author":"Alejandro Sosa Ruda","date":"26 enero, 2026","format":false,"excerpt":"La obra, fundamental para el saneamiento de la ciudad y dada de baja por el Gobierno Nacional, se retoma con un nuevo esquema de financiamiento en tres etapas, con apoyo de la Provincia de Buenos Aires. 26 de enero de 2026 CHASCOM\u00daS -\u00a0 \u00a0 En este marco, el Municipio firm\u00f3\u2026","rel":"","context":"En \u00abSin categor\u00eda\u00bb","block_context":{"text":"Sin categor\u00eda","link":"https:\/\/larevistadigital.com.ar\/blog\/category\/sin-categoria\/"},"img":{"alt_text":"","src":"https:\/\/i0.wp.com\/larevistadigital.com.ar\/blog\/wp-content\/uploads\/6977aed797a5b.png?fit=668%2C445&ssl=1&resize=350%2C200","width":350,"height":200,"srcset":"https:\/\/i0.wp.com\/larevistadigital.com.ar\/blog\/wp-content\/uploads\/6977aed797a5b.png?fit=668%2C445&ssl=1&resize=350%2C200 1x, https:\/\/i0.wp.com\/larevistadigital.com.ar\/blog\/wp-content\/uploads\/6977aed797a5b.png?fit=668%2C445&ssl=1&resize=525%2C300 1.5x"},"classes":[]},{"id":35395,"url":"https:\/\/larevistadigital.com.ar\/blog\/el-gobernador-kicillof-anuncio-la-continuidad-de-la-cloaca-maxima-en-chascomus\/","url_meta":{"origin":38212,"position":1},"title":"EL GOBERNADOR KICILLOF ANUNCI\u00d3 LA CONTINUIDAD DE LA CLOACA M\u00c1XIMA EN CHASCOM\u00daS","author":"Alejandro Sosa Ruda","date":"7 marzo, 2024","format":false,"excerpt":"En el acto de apertura del per\u00edodo de sesiones ordinarias de la Legislatura provincial, el \u00faltimo lunes, Axel Kicillof anunciar la decisi\u00f3n de retomar la construcci\u00f3n de la red troncal cloacal que hab\u00eda sido previamente suspendida por el Gobierno Nacional. 6 de Marzo de 2024 \"Decidimos continuar con los proyectos\u2026","rel":"","context":"En \u00abCHASCOM\u00daS\u00bb","block_context":{"text":"CHASCOM\u00daS","link":"https:\/\/larevistadigital.com.ar\/blog\/category\/chascomus\/"},"img":{"alt_text":"","src":"https:\/\/i0.wp.com\/larevistadigital.com.ar\/blog\/wp-content\/uploads\/2024_03_06_01_25_21_6106770.jpg?fit=600%2C338&ssl=1&resize=350%2C200","width":350,"height":200,"srcset":"https:\/\/i0.wp.com\/larevistadigital.com.ar\/blog\/wp-content\/uploads\/2024_03_06_01_25_21_6106770.jpg?fit=600%2C338&ssl=1&resize=350%2C200 1x, https:\/\/i0.wp.com\/larevistadigital.com.ar\/blog\/wp-content\/uploads\/2024_03_06_01_25_21_6106770.jpg?fit=600%2C338&ssl=1&resize=525%2C300 1.5x"},"classes":[]},{"id":43038,"url":"https:\/\/larevistadigital.com.ar\/blog\/chascomus-el-concejo-deliberante-aprobo-el-presupuesto-2026\/","url_meta":{"origin":38212,"position":2},"title":"Chascom\u00fas: El Concejo Deliberante aprob\u00f3 el Presupuesto 2026","author":"Alejandro Sosa Ruda","date":"24 diciembre, 2025","format":false,"excerpt":"En una sesi\u00f3n extraordinaria realizada en la ma\u00f1ana de este martes, el deliberativo aprob\u00f3 en general el proyecto enviado por el Departamento Ejecutivo municipal. 24 de diciembre de 2025 CHASCOM\u00daS -\u00a0 \u00a0 El Presupuesto de Gastos y C\u00e1lculo de Recursos 2026 fue estimado en $59.405.821.072,92 y est\u00e1 marcado por la\u2026","rel":"","context":"En \u00abDESTACADAS\u00bb","block_context":{"text":"DESTACADAS","link":"https:\/\/larevistadigital.com.ar\/blog\/category\/destacadas\/"},"img":{"alt_text":"","src":"https:\/\/i0.wp.com\/larevistadigital.com.ar\/blog\/wp-content\/uploads\/2017\/11\/concejo-chascomus.jpg?fit=1024%2C768&ssl=1&resize=350%2C200","width":350,"height":200,"srcset":"https:\/\/i0.wp.com\/larevistadigital.com.ar\/blog\/wp-content\/uploads\/2017\/11\/concejo-chascomus.jpg?fit=1024%2C768&ssl=1&resize=350%2C200 1x, https:\/\/i0.wp.com\/larevistadigital.com.ar\/blog\/wp-content\/uploads\/2017\/11\/concejo-chascomus.jpg?fit=1024%2C768&ssl=1&resize=525%2C300 1.5x, https:\/\/i0.wp.com\/larevistadigital.com.ar\/blog\/wp-content\/uploads\/2017\/11\/concejo-chascomus.jpg?fit=1024%2C768&ssl=1&resize=700%2C400 2x"},"classes":[]},{"id":43761,"url":"https:\/\/larevistadigital.com.ar\/blog\/autoridades-provinciales-recorrieron-la-obra-de-ampliacion-de-la-planta-de-tratamiento-cloacal\/","url_meta":{"origin":38212,"position":3},"title":"Autoridades provinciales recorrieron la obra de ampliaci\u00f3n de la Planta de Tratamiento Cloacal","author":"Alejandro Sosa Ruda","date":"4 febrero, 2026","format":false,"excerpt":"En su visita, evaluaron los avances de la nueva construcci\u00f3n y el estado de la planta habilitada en 2010, cuya recuperaci\u00f3n el gobierno municipal busca incorporar al proyecto en ejecuci\u00f3n. 04 de febrero de 2026 Autoridades de la Direcci\u00f3n Provincial de Agua y Cloacas (DIPAC) visitaron Chascom\u00fas para observar el\u2026","rel":"","context":"En \u00abCHASCOM\u00daS\u00bb","block_context":{"text":"CHASCOM\u00daS","link":"https:\/\/larevistadigital.com.ar\/blog\/category\/chascomus\/"},"img":{"alt_text":"","src":"https:\/\/i0.wp.com\/larevistadigital.com.ar\/blog\/wp-content\/uploads\/69838374311bf.png?fit=668%2C445&ssl=1&resize=350%2C200","width":350,"height":200,"srcset":"https:\/\/i0.wp.com\/larevistadigital.com.ar\/blog\/wp-content\/uploads\/69838374311bf.png?fit=668%2C445&ssl=1&resize=350%2C200 1x, https:\/\/i0.wp.com\/larevistadigital.com.ar\/blog\/wp-content\/uploads\/69838374311bf.png?fit=668%2C445&ssl=1&resize=525%2C300 1.5x"},"classes":[]},{"id":44738,"url":"https:\/\/larevistadigital.com.ar\/blog\/chascomus-javier-gaston-y-directivos-de-aubasa-recorrieron-comercios-y-empresas-locales\/","url_meta":{"origin":38212,"position":4},"title":"Chascom\u00fas: Javier Gast\u00f3n y directivos de AUBASA recorrieron comercios y empresas locales","author":"Alejandro Sosa Ruda","date":"26 marzo, 2026","format":false,"excerpt":"El presidente de la concesionaria, Jos\u00e9 Arteaga, visit\u00f3 la ciudad en el marco de una recorrida por la Autov\u00eda 2. 26 de marzo de 2026 CHASCOM\u00daS -\u00a0 \u00a0El intendente Javier Gast\u00f3n recibi\u00f3 al presidente de Autopistas de Buenos Aires S.A. (AUBASA), Jos\u00e9 Arteaga, quien visit\u00f3 la ciudad como parte de\u2026","rel":"","context":"En \u00abCHASCOM\u00daS\u00bb","block_context":{"text":"CHASCOM\u00daS","link":"https:\/\/larevistadigital.com.ar\/blog\/category\/chascomus\/"},"img":{"alt_text":"","src":"https:\/\/i0.wp.com\/larevistadigital.com.ar\/blog\/wp-content\/uploads\/69c572d65ed99.png?fit=668%2C445&ssl=1&resize=350%2C200","width":350,"height":200,"srcset":"https:\/\/i0.wp.com\/larevistadigital.com.ar\/blog\/wp-content\/uploads\/69c572d65ed99.png?fit=668%2C445&ssl=1&resize=350%2C200 1x, https:\/\/i0.wp.com\/larevistadigital.com.ar\/blog\/wp-content\/uploads\/69c572d65ed99.png?fit=668%2C445&ssl=1&resize=525%2C300 1.5x"},"classes":[]},{"id":42655,"url":"https:\/\/larevistadigital.com.ar\/blog\/chascomus-el-presupuesto-municipal-2026-se-ajustara-a-las-prioridades-servicios-esenciales-y-demanda-social\/","url_meta":{"origin":38212,"position":5},"title":"Chascom\u00fas: El Presupuesto Municipal 2026 se ajustar\u00e1 a las prioridades&#8230;servicios esenciales y demanda social","author":"Alejandro Sosa Ruda","date":"29 noviembre, 2025","format":false,"excerpt":"El c\u00e1lculo anual de gastos y recursos elaborado por el Departamento Ejecutivo est\u00e1 marcado por la necesidad de sostener servicios, contener las crecientes necesidades de la comunidad y planificar obras en un contexto econ\u00f3mico adverso. 29 de Noviembre de 2025 CHASCOM\u00daS -\u00a0 \u00a0El Departamento Ejecutivo municipal remiti\u00f3 al Concejo Deliberante\u2026","rel":"","context":"En \u00abCHASCOM\u00daS\u00bb","block_context":{"text":"CHASCOM\u00daS","link":"https:\/\/larevistadigital.com.ar\/blog\/category\/chascomus\/"},"img":{"alt_text":"","src":"https:\/\/i0.wp.com\/larevistadigital.com.ar\/blog\/wp-content\/uploads\/692b20a2b8cd7.png?fit=668%2C445&ssl=1&resize=350%2C200","width":350,"height":200,"srcset":"https:\/\/i0.wp.com\/larevistadigital.com.ar\/blog\/wp-content\/uploads\/692b20a2b8cd7.png?fit=668%2C445&ssl=1&resize=350%2C200 1x, https:\/\/i0.wp.com\/larevistadigital.com.ar\/blog\/wp-content\/uploads\/692b20a2b8cd7.png?fit=668%2C445&ssl=1&resize=525%2C300 1.5x"},"classes":[]}],"_links":{"self":[{"href":"https:\/\/larevistadigital.com.ar\/blog\/wp-json\/wp\/v2\/posts\/38212","targetHints":{"allow":["GET"]}}],"collection":[{"href":"https:\/\/larevistadigital.com.ar\/blog\/wp-json\/wp\/v2\/posts"}],"about":[{"href":"https:\/\/larevistadigital.com.ar\/blog\/wp-json\/wp\/v2\/types\/post"}],"author":[{"embeddable":true,"href":"https:\/\/larevistadigital.com.ar\/blog\/wp-json\/wp\/v2\/users\/3"}],"replies":[{"embeddable":true,"href":"https:\/\/larevistadigital.com.ar\/blog\/wp-json\/wp\/v2\/comments?post=38212"}],"version-history":[{"count":1,"href":"https:\/\/larevistadigital.com.ar\/blog\/wp-json\/wp\/v2\/posts\/38212\/revisions"}],"predecessor-version":[{"id":38214,"href":"https:\/\/larevistadigital.com.ar\/blog\/wp-json\/wp\/v2\/posts\/38212\/revisions\/38214"}],"wp:featuredmedia":[{"embeddable":true,"href":"https:\/\/larevistadigital.com.ar\/blog\/wp-json\/wp\/v2\/media\/38213"}],"wp:attachment":[{"href":"https:\/\/larevistadigital.com.ar\/blog\/wp-json\/wp\/v2\/media?parent=38212"}],"wp:term":[{"taxonomy":"category","embeddable":true,"href":"https:\/\/larevistadigital.com.ar\/blog\/wp-json\/wp\/v2\/categories?post=38212"},{"taxonomy":"post_tag","embeddable":true,"href":"https:\/\/larevistadigital.com.ar\/blog\/wp-json\/wp\/v2\/tags?post=38212"}],"curies":[{"name":"wp","href":"https:\/\/api.w.org\/{rel}","templated":true}]}}