{"id":38382,"date":"2024-12-24T13:34:42","date_gmt":"2024-12-24T16:34:42","guid":{"rendered":"https:\/\/larevistadigital.com.ar\/blog\/?p=38382"},"modified":"2024-12-24T13:34:42","modified_gmt":"2024-12-24T16:34:42","slug":"impactante-choque-en-la-autovia-2-por-una-vaca-suelta-milagrosamente-sin-victimas-graves","status":"publish","type":"post","link":"https:\/\/larevistadigital.com.ar\/blog\/impactante-choque-en-la-autovia-2-por-una-vaca-suelta-milagrosamente-sin-victimas-graves\/","title":{"rendered":"Impactante Choque en la Autov\u00eda 2 por una vaca suelta: Milagrosamente Sin V\u00edctimas Graves"},"content":{"rendered":"<h2 data-pm-slice=\"1 1 []\">Un ins\u00f3lito accidente en la Autov\u00eda 2, en jurisdicci\u00f3n del partido de Dolores, termin\u00f3 con un choque doble pero, afortunadamente, sin v\u00edctimas de gravedad.<\/h2>\n<p>24 de Diciembre de 2024<\/p>\n<p data-pm-slice=\"1 1 []\"><strong>DOLORES &#8211;\u00a0<\/strong> El hecho ocurri\u00f3 en la noche del domingo, alrededor de las 21:00, en el kil\u00f3metro 205, sobre el puente del canal 9, en el carril ascendente.<\/p>\n<p>El episodio se desat\u00f3 cuando una camioneta Renault Duster blanca embisti\u00f3 a una vaca que estaba sobre la calzada. El impacto provoc\u00f3 que un Jeep Compass, tambi\u00e9n blanco, colisionara inmediatamente despu\u00e9s. Ambos veh\u00edculos transportaban a tres ocupantes cada uno: en la camioneta viajaban tres mujeres provenientes de Mar del Plata, mientras que en el Jeep se encontraban un hombre y dos mujeres oriundos de Olivos.<\/p>\n<blockquote>\n<h3>Todos los ocupantes fueron trasladados al Hospital Municipal \u201cSan Roque\u201d de Dolores, donde los m\u00e9dicos confirmaron que ninguno presentaba heridas de gravedad.<\/h3>\n<\/blockquote>\n<p>Por su parte, la polic\u00eda inform\u00f3 que el animal involucrado era un bovino de raza Aberdeen Angus, que no llevaba caravana ni marca identificatoria. El hecho reaviva el debate sobre la responsabilidad de los due\u00f1os de animales en zonas rurales y los riesgos asociados a su presencia en rutas.<\/p>\n<p>El incidente, que pudo haber tenido un desenlace mucho m\u00e1s tr\u00e1gico, dej\u00f3 una vez m\u00e1s en evidencia la importancia de extremar los cuidados y controles en las v\u00edas de alto tr\u00e1nsito, especialmente en horarios nocturnos.<\/p>\n<p>fuente: entrel\u00edneas<\/p>\n","protected":false},"excerpt":{"rendered":"<div class=\"mh-excerpt\"><p>Un ins\u00f3lito accidente en la Autov\u00eda 2, en jurisdicci\u00f3n del partido de Dolores, termin\u00f3 con un choque doble pero, afortunadamente, sin v\u00edctimas de gravedad. 24 de Diciembre de 2024 DOLORES &#8211;\u00a0 El hecho ocurri\u00f3 en <a class=\"mh-excerpt-more\" href=\"https:\/\/larevistadigital.com.ar\/blog\/impactante-choque-en-la-autovia-2-por-una-vaca-suelta-milagrosamente-sin-victimas-graves\/\" title=\"Impactante Choque en la Autov\u00eda 2 por una vaca suelta: Milagrosamente Sin V\u00edctimas Graves\">[Leer M\u00e1s]<\/a><\/p>\n<\/div>","protected":false},"author":3,"featured_media":38383,"comment_status":"open","ping_status":"open","sticky":false,"template":"","format":"standard","meta":{"_jetpack_memberships_contains_paid_content":false,"footnotes":"","jetpack_publicize_message":"","jetpack_publicize_feature_enabled":true,"jetpack_social_post_already_shared":true,"jetpack_social_options":{"image_generator_settings":{"template":"highway","default_image_id":0,"font":"","enabled":false},"version":2}},"categories":[41],"tags":[],"class_list":{"0":"post-38382","1":"post","2":"type-post","3":"status-publish","4":"format-standard","5":"has-post-thumbnail","7":"category-destacadas"},"jetpack_publicize_connections":[],"jetpack_featured_media_url":"https:\/\/i0.wp.com\/larevistadigital.com.ar\/blog\/wp-content\/uploads\/a84655ab17c9a90f9cf9807fdf121db0e5ed7c9c.jpeg?fit=1140%2C716&ssl=1","jetpack_sharing_enabled":true,"jetpack_shortlink":"https:\/\/wp.me\/p8qtrQ-9Z4","jetpack-related-posts":[{"id":25154,"url":"https:\/\/larevistadigital.com.ar\/blog\/choque-frontal-en-la-ruta-11-dos-muertos\/","url_meta":{"origin":38382,"position":0},"title":"CHOQUE FRONTAL EN LA RUTA 11: DOS MUERTOS","author":"Alejandro Sosa Ruda","date":"18 abril, 2022","format":false,"excerpt":"Ocurri\u00f3 este lunes alrededor de las 17. Las v\u00edctimas fatales son un hombre y una mujer que viajaban en un Volkswagen Gol que colision\u00f3 con una camioneta Jeep. Adem\u00e1s, hay otra persona gravemente herida. Dos personas muertas y otras dos heridas\u00a0fue el saldo que dej\u00f3 un\u00a0choque frontal\u00a0este lunes a la\u2026","rel":"","context":"En \u00abINTERES GENERAL\u00bb","block_context":{"text":"INTERES GENERAL","link":"https:\/\/larevistadigital.com.ar\/blog\/category\/interes-general\/"},"img":{"alt_text":"","src":"https:\/\/i0.wp.com\/larevistadigital.com.ar\/blog\/wp-content\/uploads\/Captura-41.png?fit=908%2C491&ssl=1&resize=350%2C200","width":350,"height":200,"srcset":"https:\/\/i0.wp.com\/larevistadigital.com.ar\/blog\/wp-content\/uploads\/Captura-41.png?fit=908%2C491&ssl=1&resize=350%2C200 1x, https:\/\/i0.wp.com\/larevistadigital.com.ar\/blog\/wp-content\/uploads\/Captura-41.png?fit=908%2C491&ssl=1&resize=525%2C300 1.5x, https:\/\/i0.wp.com\/larevistadigital.com.ar\/blog\/wp-content\/uploads\/Captura-41.png?fit=908%2C491&ssl=1&resize=700%2C400 2x"},"classes":[]},{"id":7088,"url":"https:\/\/larevistadigital.com.ar\/blog\/maipu-hospitalizaron-una-persona-tras-choque-en-la-autovia-2\/","url_meta":{"origin":38382,"position":1},"title":"MAIPU: HOSPITALIZARON UNA PERSONA TRAS CHOQUE EN LA AUTOV\u00cdA 2","author":"Alejandro Sosa Ruda","date":"5 diciembre, 2018","format":false,"excerpt":"Pasadas las 13.30 horas se produjo un accidente de tr\u00e1nsito en el Km. 278 de la Autov\u00eda 2, partido de Maip\u00fa, mano a Capital Federal. Por cuestiones que se tratan de establecer, chocaron un cami\u00f3n y una camioneta que llevaba de tiro una casilla cargada de materiales rurales, inform\u00f3 Semana\u2026","rel":"","context":"En \u00abPOLICIALES\u00bb","block_context":{"text":"POLICIALES","link":"https:\/\/larevistadigital.com.ar\/blog\/category\/policiales\/"},"img":{"alt_text":"","src":"https:\/\/i0.wp.com\/larevistadigital.com.ar\/blog\/wp-content\/uploads\/2018\/12\/PORTADA-CHOQUE-MAIPU.jpg?fit=900%2C403&ssl=1&resize=350%2C200","width":350,"height":200,"srcset":"https:\/\/i0.wp.com\/larevistadigital.com.ar\/blog\/wp-content\/uploads\/2018\/12\/PORTADA-CHOQUE-MAIPU.jpg?fit=900%2C403&ssl=1&resize=350%2C200 1x, https:\/\/i0.wp.com\/larevistadigital.com.ar\/blog\/wp-content\/uploads\/2018\/12\/PORTADA-CHOQUE-MAIPU.jpg?fit=900%2C403&ssl=1&resize=525%2C300 1.5x, https:\/\/i0.wp.com\/larevistadigital.com.ar\/blog\/wp-content\/uploads\/2018\/12\/PORTADA-CHOQUE-MAIPU.jpg?fit=900%2C403&ssl=1&resize=700%2C400 2x"},"classes":[]},{"id":44537,"url":"https:\/\/larevistadigital.com.ar\/blog\/choque-contra-una-vaca-en-la-ruta-2-ocho-personas-involucradas-y-una-nina-hospitalizada\/","url_meta":{"origin":38382,"position":2},"title":"Choque contra una vaca en la Ruta 2: ocho personas involucradas y una ni\u00f1a hospitalizada","author":"Alejandro Sosa Ruda","date":"16 marzo, 2026","format":false,"excerpt":"El siniestro ocurri\u00f3 en el kil\u00f3metro 231, en jurisdicci\u00f3n de Dolores. Dos veh\u00edculos impactaron contra un animal que se encontraba sobre la calzada. 16 de Marzo de 2026 DOLORES -\u00a0 \u00a0Un siniestro vial se registr\u00f3 durante la madrugada en la Ruta Provincial 2, a la altura del kil\u00f3metro 231, dentro\u2026","rel":"","context":"En \u00abDOLORES\u00bb","block_context":{"text":"DOLORES","link":"https:\/\/larevistadigital.com.ar\/blog\/category\/dolores\/"},"img":{"alt_text":"","src":"https:\/\/i0.wp.com\/larevistadigital.com.ar\/blog\/wp-content\/uploads\/8f7ef8ee2bf9e3f20fdedec1779697add096fd42.jpeg?fit=1140%2C714&ssl=1&resize=350%2C200","width":350,"height":200,"srcset":"https:\/\/i0.wp.com\/larevistadigital.com.ar\/blog\/wp-content\/uploads\/8f7ef8ee2bf9e3f20fdedec1779697add096fd42.jpeg?fit=1140%2C714&ssl=1&resize=350%2C200 1x, https:\/\/i0.wp.com\/larevistadigital.com.ar\/blog\/wp-content\/uploads\/8f7ef8ee2bf9e3f20fdedec1779697add096fd42.jpeg?fit=1140%2C714&ssl=1&resize=525%2C300 1.5x, https:\/\/i0.wp.com\/larevistadigital.com.ar\/blog\/wp-content\/uploads\/8f7ef8ee2bf9e3f20fdedec1779697add096fd42.jpeg?fit=1140%2C714&ssl=1&resize=700%2C400 2x, https:\/\/i0.wp.com\/larevistadigital.com.ar\/blog\/wp-content\/uploads\/8f7ef8ee2bf9e3f20fdedec1779697add096fd42.jpeg?fit=1140%2C714&ssl=1&resize=1050%2C600 3x"},"classes":[]},{"id":20686,"url":"https:\/\/larevistadigital.com.ar\/blog\/violento-choque-en-la-ruta-11-con-saldo-de-8-heridos\/","url_meta":{"origin":38382,"position":3},"title":"VIOLENTO CHOQUE EN LA RUTA 11 CON SALDO DE 8 HERIDOS","author":"Alejandro Sosa Ruda","date":"9 junio, 2021","format":false,"excerpt":"Ocho heridos\u00a0fue el saldo que dej\u00f3 este mi\u00e9rcoles un\u00a0violento choque\u00a0entre una camioneta y un auto en la ruta 11, seg\u00fan informaron fuentes policiales. El accidente ocurri\u00f3 cerca de las 8.30 de la autov\u00eda en la autov\u00eda que une Santa Clara del Mar con Mar del Plata cuando, por causas que\u2026","rel":"","context":"En \u00abREGIONALES\u00bb","block_context":{"text":"REGIONALES","link":"https:\/\/larevistadigital.com.ar\/blog\/category\/regionales\/"},"img":{"alt_text":"","src":"https:\/\/i0.wp.com\/larevistadigital.com.ar\/blog\/wp-content\/uploads\/choque-mar-del-platajunio-2021.jpg?fit=770%2C577&ssl=1&resize=350%2C200","width":350,"height":200,"srcset":"https:\/\/i0.wp.com\/larevistadigital.com.ar\/blog\/wp-content\/uploads\/choque-mar-del-platajunio-2021.jpg?fit=770%2C577&ssl=1&resize=350%2C200 1x, https:\/\/i0.wp.com\/larevistadigital.com.ar\/blog\/wp-content\/uploads\/choque-mar-del-platajunio-2021.jpg?fit=770%2C577&ssl=1&resize=525%2C300 1.5x, https:\/\/i0.wp.com\/larevistadigital.com.ar\/blog\/wp-content\/uploads\/choque-mar-del-platajunio-2021.jpg?fit=770%2C577&ssl=1&resize=700%2C400 2x"},"classes":[]},{"id":39017,"url":"https:\/\/larevistadigital.com.ar\/blog\/mar-del-plata-violento-choque-entre-un-auto-y-una-camioneta-con-el-saldo-de-cinco-heridos\/","url_meta":{"origin":38382,"position":4},"title":"Mar del Plata: Violento choque entre un auto y una camioneta con el saldo de cinco heridos","author":"Alejandro Sosa Ruda","date":"16 marzo, 2025","format":false,"excerpt":"Ocurri\u00f3 este s\u00e1bado pasadas las 20. Un adolescente de 13 a\u00f1os, su padre y otras tres personas fueron llevados al Higa en ambulancia con politraumatismos varios. 16 de Marzo de 2025 MAR DEL PLATA -\u00a0 Un grave accidente se registr\u00f3 la noche del s\u00e1bado en el kil\u00f3metro 393 de la\u2026","rel":"","context":"En \u00abPOLICIALES\u00bb","block_context":{"text":"POLICIALES","link":"https:\/\/larevistadigital.com.ar\/blog\/category\/policiales\/"},"img":{"alt_text":"","src":"https:\/\/i0.wp.com\/larevistadigital.com.ar\/blog\/wp-content\/uploads\/Captura-de-pantalla-2025-03-16-110246.jpg?fit=741%2C436&ssl=1&resize=350%2C200","width":350,"height":200,"srcset":"https:\/\/i0.wp.com\/larevistadigital.com.ar\/blog\/wp-content\/uploads\/Captura-de-pantalla-2025-03-16-110246.jpg?fit=741%2C436&ssl=1&resize=350%2C200 1x, https:\/\/i0.wp.com\/larevistadigital.com.ar\/blog\/wp-content\/uploads\/Captura-de-pantalla-2025-03-16-110246.jpg?fit=741%2C436&ssl=1&resize=525%2C300 1.5x, https:\/\/i0.wp.com\/larevistadigital.com.ar\/blog\/wp-content\/uploads\/Captura-de-pantalla-2025-03-16-110246.jpg?fit=741%2C436&ssl=1&resize=700%2C400 2x"},"classes":[]},{"id":7417,"url":"https:\/\/larevistadigital.com.ar\/blog\/castelli-dos-ciclistas-heridos-por-choque-con-camioneta-en-la-ruta-2\/","url_meta":{"origin":38382,"position":5},"title":"CASTELLI: DOS CICLISTAS HERIDOS POR CHOQUE CON CAMIONETA EN LA RUTA 2","author":"Alejandro Sosa Ruda","date":"28 diciembre, 2018","format":false,"excerpt":"Dos ciclistas de Castelli resultaron con lesiones tras colisionar con una camioneta que estaba parada en la autov\u00eda 2 Seg\u00fan se supo y public\u00f3 en Castelli diario se trata de los pedalistas Carlos Brivio y Hugo Martinez, quienes a\u00a0 bordo de sus bicicletas, impactaron con una camioneta Ford Eco Sport\u2026","rel":"","context":"En \u00abCASTELLI\u00bb","block_context":{"text":"CASTELLI","link":"https:\/\/larevistadigital.com.ar\/blog\/category\/castelli\/"},"img":{"alt_text":"","src":"https:\/\/i0.wp.com\/larevistadigital.com.ar\/blog\/wp-content\/uploads\/2018\/12\/bici-1.jpg?fit=600%2C800&ssl=1&resize=350%2C200","width":350,"height":200,"srcset":"https:\/\/i0.wp.com\/larevistadigital.com.ar\/blog\/wp-content\/uploads\/2018\/12\/bici-1.jpg?fit=600%2C800&ssl=1&resize=350%2C200 1x, https:\/\/i0.wp.com\/larevistadigital.com.ar\/blog\/wp-content\/uploads\/2018\/12\/bici-1.jpg?fit=600%2C800&ssl=1&resize=525%2C300 1.5x"},"classes":[]}],"_links":{"self":[{"href":"https:\/\/larevistadigital.com.ar\/blog\/wp-json\/wp\/v2\/posts\/38382","targetHints":{"allow":["GET"]}}],"collection":[{"href":"https:\/\/larevistadigital.com.ar\/blog\/wp-json\/wp\/v2\/posts"}],"about":[{"href":"https:\/\/larevistadigital.com.ar\/blog\/wp-json\/wp\/v2\/types\/post"}],"author":[{"embeddable":true,"href":"https:\/\/larevistadigital.com.ar\/blog\/wp-json\/wp\/v2\/users\/3"}],"replies":[{"embeddable":true,"href":"https:\/\/larevistadigital.com.ar\/blog\/wp-json\/wp\/v2\/comments?post=38382"}],"version-history":[{"count":1,"href":"https:\/\/larevistadigital.com.ar\/blog\/wp-json\/wp\/v2\/posts\/38382\/revisions"}],"predecessor-version":[{"id":38384,"href":"https:\/\/larevistadigital.com.ar\/blog\/wp-json\/wp\/v2\/posts\/38382\/revisions\/38384"}],"wp:featuredmedia":[{"embeddable":true,"href":"https:\/\/larevistadigital.com.ar\/blog\/wp-json\/wp\/v2\/media\/38383"}],"wp:attachment":[{"href":"https:\/\/larevistadigital.com.ar\/blog\/wp-json\/wp\/v2\/media?parent=38382"}],"wp:term":[{"taxonomy":"category","embeddable":true,"href":"https:\/\/larevistadigital.com.ar\/blog\/wp-json\/wp\/v2\/categories?post=38382"},{"taxonomy":"post_tag","embeddable":true,"href":"https:\/\/larevistadigital.com.ar\/blog\/wp-json\/wp\/v2\/tags?post=38382"}],"curies":[{"name":"wp","href":"https:\/\/api.w.org\/{rel}","templated":true}]}}