{"id":38643,"date":"2025-02-08T14:05:17","date_gmt":"2025-02-08T17:05:17","guid":{"rendered":"https:\/\/larevistadigital.com.ar\/blog\/?p=38643"},"modified":"2025-02-08T14:05:17","modified_gmt":"2025-02-08T17:05:17","slug":"franco-colapinto-estara-en-netflix-en-la-temporada-7a-de-la-serie-drive-to-survive","status":"publish","type":"post","link":"https:\/\/larevistadigital.com.ar\/blog\/franco-colapinto-estara-en-netflix-en-la-temporada-7a-de-la-serie-drive-to-survive\/","title":{"rendered":"Franco Colapinto estar\u00e1 en Netflix en la temporada 7\u00aa de la serie \u201cDrive to Survive\u201d"},"content":{"rendered":"<h2 class=\"fparrafo ctext fz18 lh25\">La serie de la F\u00f3rmula 1 que se transform\u00f3 en un cl\u00e1sico de los fan\u00e1ticos de la categor\u00eda y sum\u00f3 audiencia para el crecimiento del deporte tendr\u00e1 por primera vez a Franco\u00a0 Colapinto como uno de sus protagonistas.<\/h2>\n<p>08 de Febrero de 2025<\/p>\n<p>La producci\u00f3n de Netflix denominada Drive to Survive lanzar\u00e1 este 7 de marzo la s\u00e9ptima temporada que se basa en lo sucedido en el certamen mundial de 2024 y all\u00ed el piloto argentino fue una de las grandes revelaciones deportivas como tambi\u00e9n un \u00edcono en las redes sociales para Latinoam\u00e9rica.<\/p>\n<blockquote>\n<h3>La irrupci\u00f3n de Franco a la titularidad en Williams y sus excelentes producciones lo transformar\u00e1n en el primer argentino en estar en la serie que comenz\u00f3 en 2019.<\/h3>\n<\/blockquote>\n<p>Drive to Survive o DTS como se abrevia, muestra m\u00e1s all\u00e1 de lo sucedido en las pistas del planeta. Cuenta detalles, historias de las tensiones, dramas y entretelones de la m\u00e1xima categor\u00eda mundial del automovilismo.<\/p>\n<blockquote>\n<h3>La llegada de Colapinto a una plataforma global como Netflix marca un hito para el automovilismo argentino. Esto no solo refuerza su proyecci\u00f3n internacional, sino que tambi\u00e9n acerca la F1 a nuevas audiencias en Latinoam\u00e9rica.<\/h3>\n<\/blockquote>\n<p>Las c\u00e1maras y micr\u00f3fonos de la plataforma estuvo toda la temporada captando el minuto a minuto de la temporada. En Argentina, se espera tambi\u00e9n que se pueda ver el banderazo de los hinchas en la fecha de Brasil que fue uno de los grandes momentos del a\u00f1o.\u00a0<b>(InfoGEI)Ac<\/b><\/p>\n","protected":false},"excerpt":{"rendered":"<div class=\"mh-excerpt\"><p>La serie de la F\u00f3rmula 1 que se transform\u00f3 en un cl\u00e1sico de los fan\u00e1ticos de la categor\u00eda y sum\u00f3 audiencia para el crecimiento del deporte tendr\u00e1 por primera vez a Franco\u00a0 Colapinto como uno <a class=\"mh-excerpt-more\" href=\"https:\/\/larevistadigital.com.ar\/blog\/franco-colapinto-estara-en-netflix-en-la-temporada-7a-de-la-serie-drive-to-survive\/\" title=\"Franco Colapinto estar\u00e1 en Netflix en la temporada 7\u00aa de la serie \u201cDrive to Survive\u201d\">[Leer M\u00e1s]<\/a><\/p>\n<\/div>","protected":false},"author":3,"featured_media":38644,"comment_status":"open","ping_status":"open","sticky":false,"template":"","format":"standard","meta":{"_jetpack_memberships_contains_paid_content":false,"footnotes":"","jetpack_publicize_message":"","jetpack_publicize_feature_enabled":true,"jetpack_social_post_already_shared":true,"jetpack_social_options":{"image_generator_settings":{"template":"highway","default_image_id":0,"font":"","enabled":false},"version":2}},"categories":[50],"tags":[],"class_list":{"0":"post-38643","1":"post","2":"type-post","3":"status-publish","4":"format-standard","5":"has-post-thumbnail","7":"category-interes-general"},"jetpack_publicize_connections":[],"jetpack_featured_media_url":"https:\/\/i0.wp.com\/larevistadigital.com.ar\/blog\/wp-content\/uploads\/20250208134015_franco-colapinto-netflix-drive-to-survive.jpg?fit=880%2C512&ssl=1","jetpack_sharing_enabled":true,"jetpack_shortlink":"https:\/\/wp.me\/p8qtrQ-a3h","jetpack-related-posts":[{"id":39702,"url":"https:\/\/larevistadigital.com.ar\/blog\/franco-colapinto-un-sueno-argentino-acelera-en-la-formula-1\/","url_meta":{"origin":38643,"position":0},"title":"Franco Colapinto: un sue\u00f1o argentino acelera en la F\u00f3rmula 1","author":"Alejandro Sosa Ruda","date":"7 mayo, 2025","format":false,"excerpt":"El joven piloto de Pilar har\u00e1 historia al convertirse en titular de Alpine para los pr\u00f3ximos cinco Grandes Premios. Un paso gigante para el automovilismo nacional. 07 de Mayo de 2025 La espera termin\u00f3. Franco Colapinto, el talentoso bonaerense de 21 a\u00f1os, fue confirmado como piloto titular de la escuder\u00eda\u2026","rel":"","context":"En \u00abDEPORTES\u00bb","block_context":{"text":"DEPORTES","link":"https:\/\/larevistadigital.com.ar\/blog\/category\/deportes\/"},"img":{"alt_text":"","src":"https:\/\/i0.wp.com\/larevistadigital.com.ar\/blog\/wp-content\/uploads\/Captura-de-pantalla-2025-05-07-083841-e1746618868992.jpg?fit=522%2C362&ssl=1&resize=350%2C200","width":350,"height":200},"classes":[]},{"id":38085,"url":"https:\/\/larevistadigital.com.ar\/blog\/me-llevaron-puesto-colapinto-tras-la-frustracion-de-un-choque-que-lo-dejo-afuera-del-gran-premio-de-qatar\/","url_meta":{"origin":38643,"position":1},"title":"\u00abMe llevaron puesto\u00bb&#8230; Colapinto tras la frustraci\u00f3n de un choque que lo dej\u00f3 afuera del Gran Premio de Qatar","author":"Alejandro Sosa Ruda","date":"1 diciembre, 2024","format":false,"excerpt":"El piloto argentino coment\u00f3 el incidente que lo dej\u00f3 afuera a 500 metros de la largada de la ante\u00faltima prueba de la temporada de F\u00f3rmula 1. Fue una acci\u00f3n en la que no tuvo responsabilidad. \u201cFue una boludez lo que hicieron\u201d, se lament\u00f3. 01 de diciembre de 2024 El Gran\u2026","rel":"","context":"En \u00abDEPORTES\u00bb","block_context":{"text":"DEPORTES","link":"https:\/\/larevistadigital.com.ar\/blog\/category\/deportes\/"},"img":{"alt_text":"","src":"","width":0,"height":0},"classes":[]},{"id":38483,"url":"https:\/\/larevistadigital.com.ar\/blog\/excelente-gesto-franco-colapinto-ayudo-a-un-nene-con-leucemia\/","url_meta":{"origin":38643,"position":2},"title":"Excelente gesto: Franco Colapinto ayud\u00f3 a un nene con leucemia","author":"Alejandro Sosa Ruda","date":"20 enero, 2025","format":false,"excerpt":"Franco Colapinto, oriundo de Pilar, se sum\u00f3 a la causa de Nicanor, un ni\u00f1o que necesita viajar desde Santa Cruz al Hospital Garrahan en Buenos Aires para recibir tratamiento contra la leucemia. A trav\u00e9s de sus redes sociales, el piloto colabor\u00f3 para recaudar los fondos necesarios. 20 de Enero de\u2026","rel":"","context":"En \u00abINTERES GENERAL\u00bb","block_context":{"text":"INTERES GENERAL","link":"https:\/\/larevistadigital.com.ar\/blog\/category\/interes-general\/"},"img":{"alt_text":"","src":"https:\/\/i0.wp.com\/larevistadigital.com.ar\/blog\/wp-content\/uploads\/20250120154508_nicanor-colapinto.jpg?fit=880%2C512&ssl=1&resize=350%2C200","width":350,"height":200,"srcset":"https:\/\/i0.wp.com\/larevistadigital.com.ar\/blog\/wp-content\/uploads\/20250120154508_nicanor-colapinto.jpg?fit=880%2C512&ssl=1&resize=350%2C200 1x, https:\/\/i0.wp.com\/larevistadigital.com.ar\/blog\/wp-content\/uploads\/20250120154508_nicanor-colapinto.jpg?fit=880%2C512&ssl=1&resize=525%2C300 1.5x, https:\/\/i0.wp.com\/larevistadigital.com.ar\/blog\/wp-content\/uploads\/20250120154508_nicanor-colapinto.jpg?fit=880%2C512&ssl=1&resize=700%2C400 2x"},"classes":[]},{"id":21196,"url":"https:\/\/larevistadigital.com.ar\/blog\/okupas-llego-a-netflix-y-se-volvio-tendencia-demostrando-que-hay-temas-que-en-20-anos-no-han-cambiado\/","url_meta":{"origin":38643,"position":3},"title":"OKUPAS LLEG\u00d3 A NETFLIX Y SE VOLVI\u00d3 TENDENCIA, DEMOSTRANDO QUE HAY TEMAS QUE EN 20 A\u00d1OS NO HAN CAMBIADO","author":"Alejandro Sosa Ruda","date":"20 julio, 2021","format":false,"excerpt":"La serie que marc\u00f3 un antes y un despu\u00e9s en la televisi\u00f3n argentina\u00a0ya est\u00e1 disponible en el cat\u00e1logo del gigante del srteaming y es una de las series mas vistas entre los suscriptores. \"Okupas\",\u00a0la serie que marc\u00f3 un antes y un despu\u00e9s en el contenido televisivo argentino hace casi 21\u2026","rel":"","context":"En \u00abCULTURA\u00bb","block_context":{"text":"CULTURA","link":"https:\/\/larevistadigital.com.ar\/blog\/category\/cultura\/"},"img":{"alt_text":"","src":"https:\/\/i0.wp.com\/larevistadigital.com.ar\/blog\/wp-content\/uploads\/OKUPAS-1.png?fit=1005%2C561&ssl=1&resize=350%2C200","width":350,"height":200,"srcset":"https:\/\/i0.wp.com\/larevistadigital.com.ar\/blog\/wp-content\/uploads\/OKUPAS-1.png?fit=1005%2C561&ssl=1&resize=350%2C200 1x, https:\/\/i0.wp.com\/larevistadigital.com.ar\/blog\/wp-content\/uploads\/OKUPAS-1.png?fit=1005%2C561&ssl=1&resize=525%2C300 1.5x, https:\/\/i0.wp.com\/larevistadigital.com.ar\/blog\/wp-content\/uploads\/OKUPAS-1.png?fit=1005%2C561&ssl=1&resize=700%2C400 2x"},"classes":[]},{"id":38346,"url":"https:\/\/larevistadigital.com.ar\/blog\/lawson-sustituye-a-perez-en-red-bull-mientras-colapinto-sigue-sin-butaca\/","url_meta":{"origin":38643,"position":4},"title":"Lawson sustituye a P\u00e9rez en Red Bull, mientras Colapinto sigue sin butaca","author":"Alejandro Sosa Ruda","date":"19 diciembre, 2024","format":false,"excerpt":"El piloto neozeland\u00e9s Liam Lawson tomar\u00e1 el lugar de Checo P\u00e9rez en Red Bull para la temporada 2025, compartiendo equipo con el tetracampe\u00f3n Max Verstappen. 19 de diciembre de 2024 Este cambio libera un puesto en Racing Bulls, el equipo sat\u00e9lite de Red Bull, donde Lawson compiti\u00f3 en 2024 tras\u2026","rel":"","context":"En \u00abINTERES GENERAL\u00bb","block_context":{"text":"INTERES GENERAL","link":"https:\/\/larevistadigital.com.ar\/blog\/category\/interes-general\/"},"img":{"alt_text":"","src":"https:\/\/i0.wp.com\/larevistadigital.com.ar\/blog\/wp-content\/uploads\/20241219173457_liam-lawson-red-bull-1.jpg?fit=880%2C512&ssl=1&resize=350%2C200","width":350,"height":200,"srcset":"https:\/\/i0.wp.com\/larevistadigital.com.ar\/blog\/wp-content\/uploads\/20241219173457_liam-lawson-red-bull-1.jpg?fit=880%2C512&ssl=1&resize=350%2C200 1x, https:\/\/i0.wp.com\/larevistadigital.com.ar\/blog\/wp-content\/uploads\/20241219173457_liam-lawson-red-bull-1.jpg?fit=880%2C512&ssl=1&resize=525%2C300 1.5x, https:\/\/i0.wp.com\/larevistadigital.com.ar\/blog\/wp-content\/uploads\/20241219173457_liam-lawson-red-bull-1.jpg?fit=880%2C512&ssl=1&resize=700%2C400 2x"},"classes":[]},{"id":17731,"url":"https:\/\/larevistadigital.com.ar\/blog\/argentina-otra-vez-tiene-un-jugador-de-basquet-en-la-nba\/","url_meta":{"origin":38643,"position":5},"title":"ARGENTINA OTRA VEZ TIENE UN JUGADOR DE BASQUET EN LA NBA","author":"Alejandro Sosa Ruda","date":"19 noviembre, 2020","format":false,"excerpt":"Leandro Bolmaro fue seleccionado este mi\u00e9rcoles por New York Nicks en el draft de la NBA. El cordob\u00e9s se convierte as\u00ed en el decimotercer argentino que desembarca en la competitiva liga estadounidense de b\u00e1squetbol. La franquicia neoyorquina lo ceder\u00e1 a Minesotta. El escolta cordob\u00e9s\u00a0Leandro Bolmaro, de apenas 20 a\u00f1os, fue\u00a0elegido\u2026","rel":"","context":"En \u00abDEPORTES\u00bb","block_context":{"text":"DEPORTES","link":"https:\/\/larevistadigital.com.ar\/blog\/category\/deportes\/"},"img":{"alt_text":"","src":"https:\/\/i0.wp.com\/larevistadigital.com.ar\/blog\/wp-content\/uploads\/Screenshot_2-117.jpg?fit=1007%2C564&ssl=1&resize=350%2C200","width":350,"height":200,"srcset":"https:\/\/i0.wp.com\/larevistadigital.com.ar\/blog\/wp-content\/uploads\/Screenshot_2-117.jpg?fit=1007%2C564&ssl=1&resize=350%2C200 1x, https:\/\/i0.wp.com\/larevistadigital.com.ar\/blog\/wp-content\/uploads\/Screenshot_2-117.jpg?fit=1007%2C564&ssl=1&resize=525%2C300 1.5x, https:\/\/i0.wp.com\/larevistadigital.com.ar\/blog\/wp-content\/uploads\/Screenshot_2-117.jpg?fit=1007%2C564&ssl=1&resize=700%2C400 2x"},"classes":[]}],"_links":{"self":[{"href":"https:\/\/larevistadigital.com.ar\/blog\/wp-json\/wp\/v2\/posts\/38643","targetHints":{"allow":["GET"]}}],"collection":[{"href":"https:\/\/larevistadigital.com.ar\/blog\/wp-json\/wp\/v2\/posts"}],"about":[{"href":"https:\/\/larevistadigital.com.ar\/blog\/wp-json\/wp\/v2\/types\/post"}],"author":[{"embeddable":true,"href":"https:\/\/larevistadigital.com.ar\/blog\/wp-json\/wp\/v2\/users\/3"}],"replies":[{"embeddable":true,"href":"https:\/\/larevistadigital.com.ar\/blog\/wp-json\/wp\/v2\/comments?post=38643"}],"version-history":[{"count":1,"href":"https:\/\/larevistadigital.com.ar\/blog\/wp-json\/wp\/v2\/posts\/38643\/revisions"}],"predecessor-version":[{"id":38645,"href":"https:\/\/larevistadigital.com.ar\/blog\/wp-json\/wp\/v2\/posts\/38643\/revisions\/38645"}],"wp:featuredmedia":[{"embeddable":true,"href":"https:\/\/larevistadigital.com.ar\/blog\/wp-json\/wp\/v2\/media\/38644"}],"wp:attachment":[{"href":"https:\/\/larevistadigital.com.ar\/blog\/wp-json\/wp\/v2\/media?parent=38643"}],"wp:term":[{"taxonomy":"category","embeddable":true,"href":"https:\/\/larevistadigital.com.ar\/blog\/wp-json\/wp\/v2\/categories?post=38643"},{"taxonomy":"post_tag","embeddable":true,"href":"https:\/\/larevistadigital.com.ar\/blog\/wp-json\/wp\/v2\/tags?post=38643"}],"curies":[{"name":"wp","href":"https:\/\/api.w.org\/{rel}","templated":true}]}}