{"id":38646,"date":"2025-02-08T14:14:16","date_gmt":"2025-02-08T17:14:16","guid":{"rendered":"https:\/\/larevistadigital.com.ar\/blog\/?p=38646"},"modified":"2025-02-08T14:14:16","modified_gmt":"2025-02-08T17:14:16","slug":"psiquiatras-vendian-certificados-medicos-falsos-por-hasta-80-mil-pesos","status":"publish","type":"post","link":"https:\/\/larevistadigital.com.ar\/blog\/psiquiatras-vendian-certificados-medicos-falsos-por-hasta-80-mil-pesos\/","title":{"rendered":"Psiquiatras vend\u00edan certificados m\u00e9dicos falsos por hasta 80 mil pesos"},"content":{"rendered":"<h2 class=\"fparrafo ctext fz18 lh25\">Una investigaci\u00f3n period\u00edstica revel\u00f3 que tres psiquiatras de Bah\u00eda Blanca emit\u00edan certificados falsos de salud mental a trabajadores por sumas de entre 60.000 y 80.000 pesos.<\/h2>\n<p>08 de Febrero de 2025<\/p>\n<p><strong>BAH\u00cdA BLANCA &#8211;\u00a0 \u00a0<\/strong>En grabaciones obtenidas mediante c\u00e1maras ocultas, por el sitio bahiense, La Br\u00fajula 24, se observa c\u00f3mo los m\u00e9dicos aceptaban sin reparos la solicitud de los pacientes ficticios.<\/p>\n<blockquote>\n<h3>En uno de los casos, un joven pide una licencia de un mes para ausentarse de su empleo en un bingo, argumentando que quer\u00eda probar suerte en otro trabajo. El m\u00e9dico le sugiri\u00f3 diagnosticarlo con depresi\u00f3n y le advirti\u00f3: <em>\u00abEl problema lo vas a tener vos si te descubren\u00bb.<\/em><\/h3>\n<\/blockquote>\n<p>Otro psiquiatra, incluso, lo contact\u00f3 con un abogado para <em><strong>\u00abcompletar bien los papeles\u00bb<\/strong><\/em>, mientras que una tercera profesional le otorg\u00f3 el certificado en apenas 15 minutos, justific\u00e1ndolo con \u00abestr\u00e9s laboral\u00bb y asegur\u00e1ndole que no habr\u00eda controles.<\/p>\n<blockquote>\n<h3>Los tres m\u00e9dicos involucrados son Antonio A. De Luca, Gloria E. Ulloque y Sergio Alejandro Guerstein, todos especialistas reconocidos en Bah\u00eda Blanca.<\/h3>\n<\/blockquote>\n<p>La Justicia provincial y federal ya investiga el caso, dado que estos documentos falsificados representan un perjuicio tanto para el Estado como para empresas privadas, al generar ausentismo laboral fraudulento.<\/p>\n<p><span style=\"color: #ff0000\"><b>Asesoramiento completo<\/b><\/span><\/p>\n<p>Las im\u00e1genes muestran que los m\u00e9dicos no solo otorgaban certificados sin evaluar a los pacientes, sino que tambi\u00e9n les indicaban qu\u00e9 medicamentos mencionar para hacer m\u00e1s cre\u00edble la mentira. En algunos casos, los certificados se emit\u00edan a distancia, sin que el supuesto paciente siquiera asistiera a consulta. (<a href=\"https:\/\/www.youtube.com\/watch?v=60uXXWRiy-o\" target=\"_blank\" rel=\"noopener\"><strong>Video<\/strong><\/a>)<\/p>\n<p><span style=\"color: #ff0000\"><b>Impacto del fraude<\/b><\/span><\/p>\n<p>Adem\u00e1s de ser un delito, implica un gasto millonario en sueldos de empleados que no trabajan, afectando los recursos del Estado y de las empresas. Tambi\u00e9n perjudica a quienes realmente necesitan una licencia por problemas de salud mental, ya que la proliferaci\u00f3n de certificados falsos puede generar sospechas injustificadas en aquellos casos genuinos.<\/p>\n<p><span style=\"color: #ff0000\"><b>Alcance de la estafa<\/b><\/span><\/p>\n<p>Ahora, la investigaci\u00f3n judicial deber\u00e1 determinar el alcance de la estafa y definir responsabilidades en este esquema de corrupci\u00f3n en el \u00e1mbito de la salud y el trabajo.\u00a0<b>(InfoGEI)Ac<\/b><\/p>\n","protected":false},"excerpt":{"rendered":"<div class=\"mh-excerpt\"><p>Una investigaci\u00f3n period\u00edstica revel\u00f3 que tres psiquiatras de Bah\u00eda Blanca emit\u00edan certificados falsos de salud mental a trabajadores por sumas de entre 60.000 y 80.000 pesos. 08 de Febrero de 2025 BAH\u00cdA BLANCA &#8211;\u00a0 \u00a0En <a class=\"mh-excerpt-more\" href=\"https:\/\/larevistadigital.com.ar\/blog\/psiquiatras-vendian-certificados-medicos-falsos-por-hasta-80-mil-pesos\/\" title=\"Psiquiatras vend\u00edan certificados m\u00e9dicos falsos por hasta 80 mil pesos\">[Leer M\u00e1s]<\/a><\/p>\n<\/div>","protected":false},"author":3,"featured_media":38647,"comment_status":"open","ping_status":"open","sticky":false,"template":"","format":"standard","meta":{"_jetpack_memberships_contains_paid_content":false,"footnotes":"","jetpack_publicize_message":"","jetpack_publicize_feature_enabled":true,"jetpack_social_post_already_shared":true,"jetpack_social_options":{"image_generator_settings":{"template":"highway","default_image_id":0,"font":"","enabled":false},"version":2}},"categories":[44,51],"tags":[],"class_list":{"0":"post-38646","1":"post","2":"type-post","3":"status-publish","4":"format-standard","5":"has-post-thumbnail","7":"category-policiales","8":"category-regionales"},"jetpack_publicize_connections":[],"jetpack_featured_media_url":"https:\/\/i0.wp.com\/larevistadigital.com.ar\/blog\/wp-content\/uploads\/20250208122234_psiquiatras-certificados-medicos-falsos-bahia.jpg?fit=880%2C512&ssl=1","jetpack_sharing_enabled":true,"jetpack_shortlink":"https:\/\/wp.me\/p8qtrQ-a3k","jetpack-related-posts":[{"id":39117,"url":"https:\/\/larevistadigital.com.ar\/blog\/falsos-alias-y-estafas-en-la-colecta-para-reconstruir-la-uns-en-bahia-blanca\/","url_meta":{"origin":38646,"position":0},"title":"Falsos alias y estafas en la colecta para reconstruir la UNS en Bah\u00eda Blanca","author":"Alejandro Sosa Ruda","date":"24 marzo, 2025","format":false,"excerpt":"Alertan sobre cuentas fraudulentas que buscan aprovecharse de la solidaridad tras la devastadora inundaci\u00f3n. 24 de Marzo de 2025 BUENOS AIRES -\u00a0 La Universidad Nacional del Sur (UNS) denunci\u00f3 que personas desconocidas est\u00e1n utilizando alias similares al de la colecta oficial para la reconstrucci\u00f3n de la casa de altos estudios\u2026","rel":"","context":"En \u00abPOLICIALES\u00bb","block_context":{"text":"POLICIALES","link":"https:\/\/larevistadigital.com.ar\/blog\/category\/policiales\/"},"img":{"alt_text":"","src":"https:\/\/i0.wp.com\/larevistadigital.com.ar\/blog\/wp-content\/uploads\/inundacion_uns_bahia_blanca_1.jpg?fit=1200%2C717&ssl=1&resize=350%2C200","width":350,"height":200,"srcset":"https:\/\/i0.wp.com\/larevistadigital.com.ar\/blog\/wp-content\/uploads\/inundacion_uns_bahia_blanca_1.jpg?fit=1200%2C717&ssl=1&resize=350%2C200 1x, https:\/\/i0.wp.com\/larevistadigital.com.ar\/blog\/wp-content\/uploads\/inundacion_uns_bahia_blanca_1.jpg?fit=1200%2C717&ssl=1&resize=525%2C300 1.5x, https:\/\/i0.wp.com\/larevistadigital.com.ar\/blog\/wp-content\/uploads\/inundacion_uns_bahia_blanca_1.jpg?fit=1200%2C717&ssl=1&resize=700%2C400 2x, https:\/\/i0.wp.com\/larevistadigital.com.ar\/blog\/wp-content\/uploads\/inundacion_uns_bahia_blanca_1.jpg?fit=1200%2C717&ssl=1&resize=1050%2C600 3x"},"classes":[]},{"id":29038,"url":"https:\/\/larevistadigital.com.ar\/blog\/bahia-blanca-arba-detecto-miles-de-metros-cuadrados-sin-declarar\/","url_meta":{"origin":38646,"position":1},"title":"BAHIA BLANCA: ARBA DETECT\u00d3 MILES DE METROS CUADRADOS SIN DECLARAR","author":"Alejandro Sosa Ruda","date":"24 noviembre, 2022","format":false,"excerpt":"El director de la agencia recaudatoria destac\u00f3 que \u201cahora vamos a notificar y les daremos el plazo legal que corresponde para comenzar a pagar\u201d. En la mayor\u00eda de los casos figuraban como lotes bald\u00edos, informaron. 24 de noviembre de 2022 BAH\u00cdA BLANCA -\u00a0 El Director Ejecutivo de ARBA, Cristian Girard,\u2026","rel":"","context":"En \u00abPOLITICA\u00bb","block_context":{"text":"POLITICA","link":"https:\/\/larevistadigital.com.ar\/blog\/category\/politica\/"},"img":{"alt_text":"","src":"https:\/\/i0.wp.com\/larevistadigital.com.ar\/blog\/wp-content\/uploads\/20221124183221_arba.jpg?fit=880%2C512&ssl=1&resize=350%2C200","width":350,"height":200,"srcset":"https:\/\/i0.wp.com\/larevistadigital.com.ar\/blog\/wp-content\/uploads\/20221124183221_arba.jpg?fit=880%2C512&ssl=1&resize=350%2C200 1x, https:\/\/i0.wp.com\/larevistadigital.com.ar\/blog\/wp-content\/uploads\/20221124183221_arba.jpg?fit=880%2C512&ssl=1&resize=525%2C300 1.5x, https:\/\/i0.wp.com\/larevistadigital.com.ar\/blog\/wp-content\/uploads\/20221124183221_arba.jpg?fit=880%2C512&ssl=1&resize=700%2C400 2x"},"classes":[]},{"id":32220,"url":"https:\/\/larevistadigital.com.ar\/blog\/bahia-blanca-detienen-a-un-narco-que-se-resistio-a-los-tiros\/","url_meta":{"origin":38646,"position":2},"title":"BAH\u00cdA BLANCA: DETIENEN A UN NARCO QUE SE RESISTI\u00d3 A LOS TIROS","author":"Alejandro Sosa Ruda","date":"2 julio, 2023","format":false,"excerpt":"Se trata de Cristian Daniel Silva, de 46 a\u00f1os, quien era investigado por narcotr\u00e1fico desde hace varios meses; fue detenido en las \u00faltimas horas, pero antes se resisti\u00f3 a los tiros ante los efectivos policiales. 2 de julio de 2023 BAH\u00cdA BLANCA -\u00a0 Este s\u00e1bado de madrugada, personal de la\u2026","rel":"","context":"En \u00abPOLICIALES\u00bb","block_context":{"text":"POLICIALES","link":"https:\/\/larevistadigital.com.ar\/blog\/category\/policiales\/"},"img":{"alt_text":"","src":"https:\/\/i0.wp.com\/larevistadigital.com.ar\/blog\/wp-content\/uploads\/20230702102140_pistolero-narco-detenido.jpg?fit=880%2C512&ssl=1&resize=350%2C200","width":350,"height":200,"srcset":"https:\/\/i0.wp.com\/larevistadigital.com.ar\/blog\/wp-content\/uploads\/20230702102140_pistolero-narco-detenido.jpg?fit=880%2C512&ssl=1&resize=350%2C200 1x, https:\/\/i0.wp.com\/larevistadigital.com.ar\/blog\/wp-content\/uploads\/20230702102140_pistolero-narco-detenido.jpg?fit=880%2C512&ssl=1&resize=525%2C300 1.5x, https:\/\/i0.wp.com\/larevistadigital.com.ar\/blog\/wp-content\/uploads\/20230702102140_pistolero-narco-detenido.jpg?fit=880%2C512&ssl=1&resize=700%2C400 2x"},"classes":[]},{"id":30027,"url":"https:\/\/larevistadigital.com.ar\/blog\/bahia-blanca-una-mujer-prendio-fuego-su-casa-y-murio-con-su-hijo-de-2-anos\/","url_meta":{"origin":38646,"position":3},"title":"BAH\u00cdA BLANCA: UNA MUJER PRENDI\u00d3 FUEGO SU CASA Y MURI\u00d3 CON SU HIJO DE 2 A\u00d1OS.","author":"Alejandro Sosa Ruda","date":"8 febrero, 2023","format":false,"excerpt":"Fuentes policiales confirmaron que la principal hip\u00f3tesis es la de homicidio seguido de suicidio. Mar\u00eda Guerrero de 48 a\u00f1os, habr\u00eda iniciado el fuego que deriv\u00f3 en su muerte y la del chiquito. Se produjo en el barrio Viajantes del Sur de Bah\u00eda Blanca. 8 de febrero de 2023 BAH\u00cdA BLANCA\u2026","rel":"","context":"En \u00abPOLICIALES\u00bb","block_context":{"text":"POLICIALES","link":"https:\/\/larevistadigital.com.ar\/blog\/category\/policiales\/"},"img":{"alt_text":"","src":"https:\/\/i0.wp.com\/larevistadigital.com.ar\/blog\/wp-content\/uploads\/20230206124211_incendio.jpg?fit=880%2C512&ssl=1&resize=350%2C200","width":350,"height":200,"srcset":"https:\/\/i0.wp.com\/larevistadigital.com.ar\/blog\/wp-content\/uploads\/20230206124211_incendio.jpg?fit=880%2C512&ssl=1&resize=350%2C200 1x, https:\/\/i0.wp.com\/larevistadigital.com.ar\/blog\/wp-content\/uploads\/20230206124211_incendio.jpg?fit=880%2C512&ssl=1&resize=525%2C300 1.5x, https:\/\/i0.wp.com\/larevistadigital.com.ar\/blog\/wp-content\/uploads\/20230206124211_incendio.jpg?fit=880%2C512&ssl=1&resize=700%2C400 2x"},"classes":[]},{"id":41571,"url":"https:\/\/larevistadigital.com.ar\/blog\/upsra-inauguro-su-sede-gremial-en-bahia-blanca-con-obra-social-y-centro-de-formacion-para-trabajadores-de-seguridad\/","url_meta":{"origin":38646,"position":4},"title":"UPSRA inaugur\u00f3 su sede gremial en Bah\u00eda Blanca con obra social y centro de formaci\u00f3n para trabajadores de seguridad","author":"Alejandro Sosa Ruda","date":"20 septiembre, 2025","format":false,"excerpt":"El sindicato que nuclea a los trabajadores de seguridad privada abri\u00f3 oficialmente su delegaci\u00f3n en la ciudad, con cobertura m\u00e9dica, capacitaci\u00f3n y representaci\u00f3n sindical. 20 de septiembre de 2025 BAH\u00cdA BLANCA -\u00a0 \u00a0La Uni\u00f3n del Personal de Seguridad de la Rep\u00fablica Argentina (UPSRA) inaugur\u00f3 oficialmente su sede gremial en Bah\u00eda\u2026","rel":"","context":"En \u00abGREMIALES\u00bb","block_context":{"text":"GREMIALES","link":"https:\/\/larevistadigital.com.ar\/blog\/category\/gremiales\/"},"img":{"alt_text":"","src":"https:\/\/i0.wp.com\/larevistadigital.com.ar\/blog\/wp-content\/uploads\/Captura-de-pantalla-2025-09-20-195645.jpg?fit=837%2C601&ssl=1&resize=350%2C200","width":350,"height":200,"srcset":"https:\/\/i0.wp.com\/larevistadigital.com.ar\/blog\/wp-content\/uploads\/Captura-de-pantalla-2025-09-20-195645.jpg?fit=837%2C601&ssl=1&resize=350%2C200 1x, https:\/\/i0.wp.com\/larevistadigital.com.ar\/blog\/wp-content\/uploads\/Captura-de-pantalla-2025-09-20-195645.jpg?fit=837%2C601&ssl=1&resize=525%2C300 1.5x, https:\/\/i0.wp.com\/larevistadigital.com.ar\/blog\/wp-content\/uploads\/Captura-de-pantalla-2025-09-20-195645.jpg?fit=837%2C601&ssl=1&resize=700%2C400 2x"},"classes":[]},{"id":28594,"url":"https:\/\/larevistadigital.com.ar\/blog\/bahia-blanca-tragico-balearon-el-frente-de-una-casa-y-mataron-a-una-mujer-embarazada\/","url_meta":{"origin":38646,"position":5},"title":"BAH\u00cdA BLANCA: TR\u00c1GICO&#8230; BALEARON EL FRENTE DE UNA CASA Y MATARON A UNA MUJER EMBARAZADA","author":"Alejandro Sosa Ruda","date":"25 octubre, 2022","format":false,"excerpt":"La joven recibi\u00f3 un tiro en el t\u00f3rax y fue trasladada al hospital municipal, donde muri\u00f3 poco despu\u00e9s. Cursaba un embarazo de unas 26 semanas. La polic\u00eda hizo tres allanamientos en distintos puntos y dos de los sospechosos fueron detenidos. 25 de octubre de 2022 BAH\u00cdA BLANCA\u00a0 -\u00a0 Una joven\u2026","rel":"","context":"En \u00abPOLICIALES\u00bb","block_context":{"text":"POLICIALES","link":"https:\/\/larevistadigital.com.ar\/blog\/category\/policiales\/"},"img":{"alt_text":"","src":"https:\/\/i0.wp.com\/larevistadigital.com.ar\/blog\/wp-content\/uploads\/1620734310362-1.jpg?fit=1200%2C594&ssl=1&resize=350%2C200","width":350,"height":200,"srcset":"https:\/\/i0.wp.com\/larevistadigital.com.ar\/blog\/wp-content\/uploads\/1620734310362-1.jpg?fit=1200%2C594&ssl=1&resize=350%2C200 1x, https:\/\/i0.wp.com\/larevistadigital.com.ar\/blog\/wp-content\/uploads\/1620734310362-1.jpg?fit=1200%2C594&ssl=1&resize=525%2C300 1.5x, https:\/\/i0.wp.com\/larevistadigital.com.ar\/blog\/wp-content\/uploads\/1620734310362-1.jpg?fit=1200%2C594&ssl=1&resize=700%2C400 2x, https:\/\/i0.wp.com\/larevistadigital.com.ar\/blog\/wp-content\/uploads\/1620734310362-1.jpg?fit=1200%2C594&ssl=1&resize=1050%2C600 3x"},"classes":[]}],"_links":{"self":[{"href":"https:\/\/larevistadigital.com.ar\/blog\/wp-json\/wp\/v2\/posts\/38646","targetHints":{"allow":["GET"]}}],"collection":[{"href":"https:\/\/larevistadigital.com.ar\/blog\/wp-json\/wp\/v2\/posts"}],"about":[{"href":"https:\/\/larevistadigital.com.ar\/blog\/wp-json\/wp\/v2\/types\/post"}],"author":[{"embeddable":true,"href":"https:\/\/larevistadigital.com.ar\/blog\/wp-json\/wp\/v2\/users\/3"}],"replies":[{"embeddable":true,"href":"https:\/\/larevistadigital.com.ar\/blog\/wp-json\/wp\/v2\/comments?post=38646"}],"version-history":[{"count":1,"href":"https:\/\/larevistadigital.com.ar\/blog\/wp-json\/wp\/v2\/posts\/38646\/revisions"}],"predecessor-version":[{"id":38648,"href":"https:\/\/larevistadigital.com.ar\/blog\/wp-json\/wp\/v2\/posts\/38646\/revisions\/38648"}],"wp:featuredmedia":[{"embeddable":true,"href":"https:\/\/larevistadigital.com.ar\/blog\/wp-json\/wp\/v2\/media\/38647"}],"wp:attachment":[{"href":"https:\/\/larevistadigital.com.ar\/blog\/wp-json\/wp\/v2\/media?parent=38646"}],"wp:term":[{"taxonomy":"category","embeddable":true,"href":"https:\/\/larevistadigital.com.ar\/blog\/wp-json\/wp\/v2\/categories?post=38646"},{"taxonomy":"post_tag","embeddable":true,"href":"https:\/\/larevistadigital.com.ar\/blog\/wp-json\/wp\/v2\/tags?post=38646"}],"curies":[{"name":"wp","href":"https:\/\/api.w.org\/{rel}","templated":true}]}}