{"id":38650,"date":"2025-02-09T13:23:11","date_gmt":"2025-02-09T16:23:11","guid":{"rendered":"https:\/\/larevistadigital.com.ar\/blog\/?p=38650"},"modified":"2025-02-09T13:23:53","modified_gmt":"2025-02-09T16:23:53","slug":"la-oposicion-convoca-al-intendente-a-dar-explicaciones-por-la-inseguridad-en-chascomus","status":"publish","type":"post","link":"https:\/\/larevistadigital.com.ar\/blog\/la-oposicion-convoca-al-intendente-a-dar-explicaciones-por-la-inseguridad-en-chascomus\/","title":{"rendered":"La oposici\u00f3n convoca al intendente a dar explicaciones por la inseguridad en Chascom\u00fas"},"content":{"rendered":"<h2>Presentaron la iniciativa, que quedar\u00e1 sujeta a debate en el Concejo Deliberante, donde la oposici\u00f3n tiene mayor\u00eda.<\/h2>\n<p>09 de Febrero de 2025<\/p>\n<p><strong>CHASCOM\u00daS &#8211;<\/strong>\u00a0 Los bloques opositores del Concejo Deliberante, que conforman la mayor\u00eda legislativa, presentaron un proyecto de decreto para citar al intendente <strong>Javier Gast\u00f3n<\/strong> a una sesi\u00f3n extraordinaria el jueves 20 de febrero a las 19:00 horas. El motivo: exigir respuestas concretas ante la creciente ola de inseguridad que afecta tanto la zona urbana como rural del distrito.<\/p>\n<p>Seg\u00fan argumentaron los concejales de la UCR, Cambiemos Chascom\u00fas (PRO) y GEN, la decisi\u00f3n de adherir al Sistema de Polic\u00eda Comunal en 2017 fue una medida pol\u00edtica tomada por el jefe comunal, lo que lo convierte en el principal responsable del deterioro de la seguridad. Aseguran que los \u00edndices delictivos han ido en aumento a\u00f1o tras a\u00f1o y que las soluciones adoptadas por el municipio han sido insuficientes.<\/p>\n<p>Desde la oposici\u00f3n remarcaron que los vecinos expresan su preocupaci\u00f3n a diario en redes sociales, medios de comunicaci\u00f3n y grupos de WhatsApp, denunciando hechos delictivos que, en muchos casos, no llegan a ser reportados formalmente por la falta de confianza en las autoridades. Adem\u00e1s, se\u00f1alaron que en la \u00faltima semana numerosas personas se acercaron al recinto del Concejo Deliberante para manifestar su inquietud y exigir respuestas inmediatas.<\/p>\n<p><strong>Cr\u00edticas a la gesti\u00f3n de seguridad<\/strong><\/p>\n<p>Uno de los puntos m\u00e1s cuestionados es el funcionamiento del sistema de monitoreo urbano, que, seg\u00fan los ediles, deber\u00eda actuar como una herramienta efectiva de prevenci\u00f3n y control. Sin embargo, indicaron que, en los hechos, no ha demostrado ser eficaz, ya que en varios casos no logr\u00f3 evitar delitos ni esclarecer responsabilidades.<\/p>\n<p>Tambi\u00e9n hicieron hincapi\u00e9 en la necesidad de gestionar asistencia a nivel provincial y nacional para fortalecer la Polic\u00eda Comunal con m\u00e1s recursos, tanto en equipamiento como en personal. Seg\u00fan los concejales, han agotado las instancias de di\u00e1logo con el Ejecutivo municipal sin obtener respuestas claras, lo que los llev\u00f3 a tomar la determinaci\u00f3n de exigir que el intendente comparezca en el Concejo para brindar explicaciones.<\/p>\n<p><strong>El decreto presentado<\/strong><\/p>\n<p>El proyecto establece en su art\u00edculo primero:<\/p>\n<p><strong><em>\u00abC\u00edtese al Sr. Intendente Municipal, Javier Gast\u00f3n, en los t\u00e9rminos previstos en el art\u00edculo 108 inciso 7 de la Ley Org\u00e1nica de las Municipalidades, a los fines de informar verbalmente y con documentaci\u00f3n respaldatoria a este Honorable Concejo Deliberante en sesi\u00f3n extraordinaria convocada para el d\u00eda jueves 20 de febrero a las 19:00 horas, en referencia a la seguridad en el distrito de Chascom\u00fas, precisando el plan y medidas a tomar ante la creciente inseguridad que afecta tanto al \u00e1mbito urbano como rural.\u00bb<\/em><\/strong><\/p>\n<p>Desde la oposici\u00f3n insisten en que el municipio debe asumir su responsabilidad en la crisis de seguridad que atraviesa la ciudad. Aseguran que la inacci\u00f3n y la falta de medidas efectivas han generado un clima de hartazgo entre los vecinos, quienes exigen respuestas concretas y soluciones urgentes.<\/p>\n<p>Ahora, la decisi\u00f3n final sobre la citaci\u00f3n al intendente queda en manos del Concejo, en una sesi\u00f3n que promete ser clave en el debate por la seguridad de Chascom\u00fas.<\/p>\n<p>fuente; El Fuerte, imagen; El Cronista<\/p>\n<p>&nbsp;<\/p>\n","protected":false},"excerpt":{"rendered":"<div class=\"mh-excerpt\"><p>Presentaron la iniciativa, que quedar\u00e1 sujeta a debate en el Concejo Deliberante, donde la oposici\u00f3n tiene mayor\u00eda. 09 de Febrero de 2025 CHASCOM\u00daS &#8211;\u00a0 Los bloques opositores del Concejo Deliberante, que conforman la mayor\u00eda legislativa, <a class=\"mh-excerpt-more\" href=\"https:\/\/larevistadigital.com.ar\/blog\/la-oposicion-convoca-al-intendente-a-dar-explicaciones-por-la-inseguridad-en-chascomus\/\" title=\"La oposici\u00f3n convoca al intendente a dar explicaciones por la inseguridad en Chascom\u00fas\">[Leer M\u00e1s]<\/a><\/p>\n<\/div>","protected":false},"author":3,"featured_media":38651,"comment_status":"open","ping_status":"open","sticky":false,"template":"","format":"standard","meta":{"_jetpack_memberships_contains_paid_content":false,"footnotes":"","jetpack_publicize_message":"","jetpack_publicize_feature_enabled":true,"jetpack_social_post_already_shared":true,"jetpack_social_options":{"image_generator_settings":{"template":"highway","default_image_id":0,"font":"","enabled":false},"version":2}},"categories":[6],"tags":[],"class_list":{"0":"post-38650","1":"post","2":"type-post","3":"status-publish","4":"format-standard","5":"has-post-thumbnail","7":"category-chascomus"},"jetpack_publicize_connections":[],"jetpack_featured_media_url":"https:\/\/i0.wp.com\/larevistadigital.com.ar\/blog\/wp-content\/uploads\/Reunion-de-concejales-con-representantes-de-Edea_Foto-HCD-de-Chascomus-3-1-1068x620-1.jpg?fit=1068%2C620&ssl=1","jetpack_sharing_enabled":true,"jetpack_shortlink":"https:\/\/wp.me\/p8qtrQ-a3o","jetpack-related-posts":[{"id":38690,"url":"https:\/\/larevistadigital.com.ar\/blog\/chascomus-el-intendente-se-presento-sorpresivamente-en-la-sesion-del-concejo-deliberante\/","url_meta":{"origin":38650,"position":0},"title":"Chascom\u00fas: El Intendente se present\u00f3 sorpresivamente en la sesi\u00f3n del Concejo Deliberante","author":"Alejandro Sosa Ruda","date":"14 febrero, 2025","format":false,"excerpt":"Una impensada iniciativa pol\u00edtica del oficialismo que sorprendi\u00f3 a la oposici\u00f3n cuando se preparaban para tratar la citaci\u00f3n al Alcalde . 14 de Febrero de 2025 CHASCOM\u00daS -\u00a0 La creciente preocupaci\u00f3n por la inseguridad en Chascom\u00fas motiv\u00f3 una sesi\u00f3n extraordinaria del Concejo Deliberante, que tuvo un giro inesperado con la\u2026","rel":"","context":"En \u00abDESTACADAS\u00bb","block_context":{"text":"DESTACADAS","link":"https:\/\/larevistadigital.com.ar\/blog\/category\/destacadas\/"},"img":{"alt_text":"","src":"https:\/\/i0.wp.com\/larevistadigital.com.ar\/blog\/wp-content\/uploads\/839bc14d-0e3b-496d-a629-c00c73b50d6c.jpg?fit=1200%2C675&ssl=1&resize=350%2C200","width":350,"height":200,"srcset":"https:\/\/i0.wp.com\/larevistadigital.com.ar\/blog\/wp-content\/uploads\/839bc14d-0e3b-496d-a629-c00c73b50d6c.jpg?fit=1200%2C675&ssl=1&resize=350%2C200 1x, https:\/\/i0.wp.com\/larevistadigital.com.ar\/blog\/wp-content\/uploads\/839bc14d-0e3b-496d-a629-c00c73b50d6c.jpg?fit=1200%2C675&ssl=1&resize=525%2C300 1.5x, https:\/\/i0.wp.com\/larevistadigital.com.ar\/blog\/wp-content\/uploads\/839bc14d-0e3b-496d-a629-c00c73b50d6c.jpg?fit=1200%2C675&ssl=1&resize=700%2C400 2x, https:\/\/i0.wp.com\/larevistadigital.com.ar\/blog\/wp-content\/uploads\/839bc14d-0e3b-496d-a629-c00c73b50d6c.jpg?fit=1200%2C675&ssl=1&resize=1050%2C600 3x"},"classes":[]},{"id":38470,"url":"https:\/\/larevistadigital.com.ar\/blog\/marcelo-teilleche-critica-a-sanucci-y-defiende-el-veto-del-intendente-tensiones-en-el-concejo-deliberante-de-chascomus\/","url_meta":{"origin":38650,"position":1},"title":"Marcelo Teilleche: \u201cLo que plantea Sanucci es una \u201chijaputez\u201d","author":"Alejandro Sosa Ruda","date":"18 enero, 2025","format":false,"excerpt":"El concejal del PJ hizo duras declaraciones contra el presidente del Concejo Deliberante y el partido radical. CHASCOM\u00daS-\u00a0 \u00a0El concejal del PJ Marcelo Teilleche, expres\u00f3 su molestia con el presidente del Concejo Deliberante de Chascom\u00fas, Andr\u00e9s Sanuci, durante una entrevista mantenida con el \u201cTano\u201d Alejandro Sosa, en el programa \u201cAtaque\u2026","rel":"","context":"En \u00abINTERES GENERAL\u00bb","block_context":{"text":"INTERES GENERAL","link":"https:\/\/larevistadigital.com.ar\/blog\/category\/interes-general\/"},"img":{"alt_text":"","src":"https:\/\/i0.wp.com\/larevistadigital.com.ar\/blog\/wp-content\/uploads\/Captura-de-pantalla-2025-01-16-220054.jpg?fit=693%2C377&ssl=1&resize=350%2C200","width":350,"height":200,"srcset":"https:\/\/i0.wp.com\/larevistadigital.com.ar\/blog\/wp-content\/uploads\/Captura-de-pantalla-2025-01-16-220054.jpg?fit=693%2C377&ssl=1&resize=350%2C200 1x, https:\/\/i0.wp.com\/larevistadigital.com.ar\/blog\/wp-content\/uploads\/Captura-de-pantalla-2025-01-16-220054.jpg?fit=693%2C377&ssl=1&resize=525%2C300 1.5x"},"classes":[]},{"id":8852,"url":"https:\/\/larevistadigital.com.ar\/blog\/chascomus-para-la-concejal-cecilia-machado-el-discurso-de-gaston-fue-light\/","url_meta":{"origin":38650,"position":2},"title":"CHASCOM\u00daS: PARA LA CONCEJAL CECILIA MACHADO, EL DISCURSO DE GAST\u00d3N FUE LIGHT","author":"Alejandro Sosa Ruda","date":"3 marzo, 2019","format":false,"excerpt":"La concejal de Red x Argentina, Cecilia Machado, fue entrevistada en programa que conduce Alberto Morel y Mart\u00edn Palmero, donde se refiri\u00f3 a lo que fue el discurso del Intendente Municipal Javier Gast\u00f3n en la apertura de las sesiones ordinarias del Concejo Deliberante; la edil tuvo una visi\u00f3n cr\u00edtica de\u2026","rel":"","context":"En \u00abCHASCOM\u00daS\u00bb","block_context":{"text":"CHASCOM\u00daS","link":"https:\/\/larevistadigital.com.ar\/blog\/category\/chascomus\/"},"img":{"alt_text":"","src":"https:\/\/i0.wp.com\/larevistadigital.com.ar\/blog\/wp-content\/uploads\/2019\/03\/48379782_2361746627173146_4360034731979440128_n.jpg?fit=956%2C960&ssl=1&resize=350%2C200","width":350,"height":200,"srcset":"https:\/\/i0.wp.com\/larevistadigital.com.ar\/blog\/wp-content\/uploads\/2019\/03\/48379782_2361746627173146_4360034731979440128_n.jpg?fit=956%2C960&ssl=1&resize=350%2C200 1x, https:\/\/i0.wp.com\/larevistadigital.com.ar\/blog\/wp-content\/uploads\/2019\/03\/48379782_2361746627173146_4360034731979440128_n.jpg?fit=956%2C960&ssl=1&resize=525%2C300 1.5x, https:\/\/i0.wp.com\/larevistadigital.com.ar\/blog\/wp-content\/uploads\/2019\/03\/48379782_2361746627173146_4360034731979440128_n.jpg?fit=956%2C960&ssl=1&resize=700%2C400 2x"},"classes":[]},{"id":23450,"url":"https:\/\/larevistadigital.com.ar\/blog\/ochoa-y-juntos-por-chascomus-presentaron-un-importante-y-necesario-proyecto-ante-el-concejo-deliberante\/","url_meta":{"origin":38650,"position":3},"title":"OCHOA Y JUNTOS POR CHASCOM\u00daS PRESENTARON UN IMPORTANTE Y NECESARIO PROYECTO ANTE EL CONCEJO DELIBERANTE","author":"Alejandro Sosa Ruda","date":"19 enero, 2022","format":false,"excerpt":"CHASCOM\u00daS -\u00a0 El abogado y presidente del partido \"Juntos por Chascom\u00fas\", Jos\u00e9 Ochoa, present\u00f3 ante el Concejo Deliberante una propuesta de Proyecto de Ordenanza para crear lo que llam\u00f3 el \"Programa Municipal de Acceso e Inclusi\u00f3n en el Partido de Chascom\u00fas\". El proyecto de Juntos por Chascom\u00fas, est\u00e1 en concordancia\u2026","rel":"","context":"En \u00abDESTACADAS\u00bb","block_context":{"text":"DESTACADAS","link":"https:\/\/larevistadigital.com.ar\/blog\/category\/destacadas\/"},"img":{"alt_text":"","src":"https:\/\/i0.wp.com\/larevistadigital.com.ar\/blog\/wp-content\/uploads\/193355275_3809979062446400_2905131294935808135_n-1.jpg?fit=1080%2C669&ssl=1&resize=350%2C200","width":350,"height":200,"srcset":"https:\/\/i0.wp.com\/larevistadigital.com.ar\/blog\/wp-content\/uploads\/193355275_3809979062446400_2905131294935808135_n-1.jpg?fit=1080%2C669&ssl=1&resize=350%2C200 1x, https:\/\/i0.wp.com\/larevistadigital.com.ar\/blog\/wp-content\/uploads\/193355275_3809979062446400_2905131294935808135_n-1.jpg?fit=1080%2C669&ssl=1&resize=525%2C300 1.5x, https:\/\/i0.wp.com\/larevistadigital.com.ar\/blog\/wp-content\/uploads\/193355275_3809979062446400_2905131294935808135_n-1.jpg?fit=1080%2C669&ssl=1&resize=700%2C400 2x, https:\/\/i0.wp.com\/larevistadigital.com.ar\/blog\/wp-content\/uploads\/193355275_3809979062446400_2905131294935808135_n-1.jpg?fit=1080%2C669&ssl=1&resize=1050%2C600 3x"},"classes":[]},{"id":1909,"url":"https:\/\/larevistadigital.com.ar\/blog\/ahora-gaston-pretende-crear-cinco-nuevas-tasas-mientras-que-cuando-era-oposicion-hablaba-de-mejorar-la-cobrabilidad\/","url_meta":{"origin":38650,"position":4},"title":"AHORA GASTON PRETENDE CREAR CINCO NUEVAS TASAS, MIENTRAS QUE CUANDO ERA OPOSICI\u00d3N HABLABA DE MEJORAR LA COBRABILIDAD","author":"Alejandro Sosa Ruda","date":"7 abril, 2017","format":false,"excerpt":"El concejal Gabriel Macchi, del Frente para la Victoria, fue entrevistado en el programa \"AM Show\" que conducen Alberto Morel y Mart\u00edn Palmero por FM La Radio 101.5, donde se refiri\u00f3 a lo que fue el discurso del Intendente Municipal Javier Gast\u00f3n en la apertura de la sesiones ordinarias del\u2026","rel":"","context":"En \u00abCHASCOM\u00daS\u00bb","block_context":{"text":"CHASCOM\u00daS","link":"https:\/\/larevistadigital.com.ar\/blog\/category\/chascomus\/"},"img":{"alt_text":"","src":"https:\/\/i0.wp.com\/larevistadigital.com.ar\/blog\/wp-content\/uploads\/2017\/04\/10419962_996489190375560_2726194559076702573_n.jpg?fit=960%2C960&ssl=1&resize=350%2C200","width":350,"height":200,"srcset":"https:\/\/i0.wp.com\/larevistadigital.com.ar\/blog\/wp-content\/uploads\/2017\/04\/10419962_996489190375560_2726194559076702573_n.jpg?fit=960%2C960&ssl=1&resize=350%2C200 1x, https:\/\/i0.wp.com\/larevistadigital.com.ar\/blog\/wp-content\/uploads\/2017\/04\/10419962_996489190375560_2726194559076702573_n.jpg?fit=960%2C960&ssl=1&resize=525%2C300 1.5x, https:\/\/i0.wp.com\/larevistadigital.com.ar\/blog\/wp-content\/uploads\/2017\/04\/10419962_996489190375560_2726194559076702573_n.jpg?fit=960%2C960&ssl=1&resize=700%2C400 2x"},"classes":[]},{"id":4278,"url":"https:\/\/larevistadigital.com.ar\/blog\/chascomus-se-reune-concejo-deliberante-tratar-presupuesto-la-ordenanza-fiscal-e-impositiva\/","url_meta":{"origin":38650,"position":5},"title":"CHASCOM\u00daS: SE REUNE EL CONCEJO DELIBERANTE PARA TRATAR EL PRESUPUESTO Y LA ORDENANZA FISCAL E IMPOSITIVA","author":"Alejandro Sosa Ruda","date":"21 diciembre, 2017","format":false,"excerpt":"El d\u00eda de hoy, ser\u00e1n tratados en el Concejo Deliberante el Presupuesto de Gastos y C\u00e1lculo de Recursos 2018 y de la Ordenanza Fiscal e Impositiva, que tantas reuniones y discusiones entre oficialismo y oposici\u00f3n ha originado. La cita ser\u00e1 a las 20 hs. y de acuerdo a lo que\u2026","rel":"","context":"En \u00abCHASCOM\u00daS\u00bb","block_context":{"text":"CHASCOM\u00daS","link":"https:\/\/larevistadigital.com.ar\/blog\/category\/chascomus\/"},"img":{"alt_text":"","src":"https:\/\/i0.wp.com\/larevistadigital.com.ar\/blog\/wp-content\/uploads\/2017\/12\/25443083_1721082244579320_992615902468633665_n.jpg?fit=960%2C640&ssl=1&resize=350%2C200","width":350,"height":200,"srcset":"https:\/\/i0.wp.com\/larevistadigital.com.ar\/blog\/wp-content\/uploads\/2017\/12\/25443083_1721082244579320_992615902468633665_n.jpg?fit=960%2C640&ssl=1&resize=350%2C200 1x, https:\/\/i0.wp.com\/larevistadigital.com.ar\/blog\/wp-content\/uploads\/2017\/12\/25443083_1721082244579320_992615902468633665_n.jpg?fit=960%2C640&ssl=1&resize=525%2C300 1.5x, https:\/\/i0.wp.com\/larevistadigital.com.ar\/blog\/wp-content\/uploads\/2017\/12\/25443083_1721082244579320_992615902468633665_n.jpg?fit=960%2C640&ssl=1&resize=700%2C400 2x"},"classes":[]}],"_links":{"self":[{"href":"https:\/\/larevistadigital.com.ar\/blog\/wp-json\/wp\/v2\/posts\/38650","targetHints":{"allow":["GET"]}}],"collection":[{"href":"https:\/\/larevistadigital.com.ar\/blog\/wp-json\/wp\/v2\/posts"}],"about":[{"href":"https:\/\/larevistadigital.com.ar\/blog\/wp-json\/wp\/v2\/types\/post"}],"author":[{"embeddable":true,"href":"https:\/\/larevistadigital.com.ar\/blog\/wp-json\/wp\/v2\/users\/3"}],"replies":[{"embeddable":true,"href":"https:\/\/larevistadigital.com.ar\/blog\/wp-json\/wp\/v2\/comments?post=38650"}],"version-history":[{"count":2,"href":"https:\/\/larevistadigital.com.ar\/blog\/wp-json\/wp\/v2\/posts\/38650\/revisions"}],"predecessor-version":[{"id":38653,"href":"https:\/\/larevistadigital.com.ar\/blog\/wp-json\/wp\/v2\/posts\/38650\/revisions\/38653"}],"wp:featuredmedia":[{"embeddable":true,"href":"https:\/\/larevistadigital.com.ar\/blog\/wp-json\/wp\/v2\/media\/38651"}],"wp:attachment":[{"href":"https:\/\/larevistadigital.com.ar\/blog\/wp-json\/wp\/v2\/media?parent=38650"}],"wp:term":[{"taxonomy":"category","embeddable":true,"href":"https:\/\/larevistadigital.com.ar\/blog\/wp-json\/wp\/v2\/categories?post=38650"},{"taxonomy":"post_tag","embeddable":true,"href":"https:\/\/larevistadigital.com.ar\/blog\/wp-json\/wp\/v2\/tags?post=38650"}],"curies":[{"name":"wp","href":"https:\/\/api.w.org\/{rel}","templated":true}]}}