{"id":38654,"date":"2025-02-09T13:27:51","date_gmt":"2025-02-09T16:27:51","guid":{"rendered":"https:\/\/larevistadigital.com.ar\/blog\/?p=38654"},"modified":"2025-02-09T13:32:17","modified_gmt":"2025-02-09T16:32:17","slug":"tragedia-en-mar-de-ajo-un-joven-murio-tras-ser-atropellado-en-la-ruta-11","status":"publish","type":"post","link":"https:\/\/larevistadigital.com.ar\/blog\/tragedia-en-mar-de-ajo-un-joven-murio-tras-ser-atropellado-en-la-ruta-11\/","title":{"rendered":"Tragedia en Mar de Aj\u00f3: un joven muri\u00f3 tras ser atropellado en la Ruta 11"},"content":{"rendered":"<h2>El chico ten\u00eda problemas psiqui\u00e1tricos.<\/h2>\n<p>09 de Febrero de 2025<\/p>\n<p><strong>MAR DE AJ\u00d3 &#8211;<\/strong>\u00a0 Un joven de 23 a\u00f1os perdi\u00f3 la vida en la noche del mi\u00e9rcoles tras ser embestido por un autom\u00f3vil mientras caminaba por la Ruta 11, a la altura de la estaci\u00f3n de servicio Shell de Mar de Aj\u00f3.<\/p>\n<blockquote>\n<h3>El fatal episodio ocurri\u00f3 cerca de la medianoche en el kil\u00f3metro 344 de la ruta, cuando, por motivos que a\u00fan se investigan, la v\u00edctima se encontraba en la calzada y fue atropellada por un Chevrolet Agile.<\/h3>\n<\/blockquote>\n<p>El veh\u00edculo era conducido por una mujer de 29 a\u00f1os, oriunda de Tres de Febrero, quien no pudo evitar el impacto. Producto del choque, el joven falleci\u00f3 en el lugar.<\/p>\n<blockquote>\n<h3>Seg\u00fan inform\u00f3 Canal 2 AVC de Santa Teresita, la v\u00edctima era residente de Mar de Aj\u00f3 y ten\u00eda antecedentes psiqui\u00e1tricos, incluyendo un diagn\u00f3stico de esquizofrenia.<\/h3>\n<\/blockquote>\n<p>Las autoridades trabajan para esclarecer las circunstancias del tr\u00e1gico accidente.<\/p>\n<p>fuente: entrel\u00edneas.info<\/p>\n","protected":false},"excerpt":{"rendered":"<div class=\"mh-excerpt\"><p>El chico ten\u00eda problemas psiqui\u00e1tricos. 09 de Febrero de 2025 MAR DE AJ\u00d3 &#8211;\u00a0 Un joven de 23 a\u00f1os perdi\u00f3 la vida en la noche del mi\u00e9rcoles tras ser embestido por un autom\u00f3vil mientras caminaba <a class=\"mh-excerpt-more\" href=\"https:\/\/larevistadigital.com.ar\/blog\/tragedia-en-mar-de-ajo-un-joven-murio-tras-ser-atropellado-en-la-ruta-11\/\" title=\"Tragedia en Mar de Aj\u00f3: un joven muri\u00f3 tras ser atropellado en la Ruta 11\">[Leer M\u00e1s]<\/a><\/p>\n<\/div>","protected":false},"author":3,"featured_media":38655,"comment_status":"open","ping_status":"open","sticky":false,"template":"","format":"standard","meta":{"_jetpack_memberships_contains_paid_content":false,"footnotes":"","jetpack_publicize_message":"","jetpack_publicize_feature_enabled":true,"jetpack_social_post_already_shared":true,"jetpack_social_options":{"image_generator_settings":{"template":"highway","default_image_id":0,"font":"","enabled":false},"version":2}},"categories":[44,51],"tags":[],"class_list":{"0":"post-38654","1":"post","2":"type-post","3":"status-publish","4":"format-standard","5":"has-post-thumbnail","7":"category-policiales","8":"category-regionales"},"jetpack_publicize_connections":[],"jetpack_featured_media_url":"https:\/\/i0.wp.com\/larevistadigital.com.ar\/blog\/wp-content\/uploads\/b95e7aedcd52723e787a4728ee5edc84b2777080.jpg?fit=1140%2C645&ssl=1","jetpack_sharing_enabled":true,"jetpack_shortlink":"https:\/\/wp.me\/p8qtrQ-a3s","jetpack-related-posts":[{"id":29253,"url":"https:\/\/larevistadigital.com.ar\/blog\/ruta-11-choque-fatal-con-un-muerto-y-tres-heridos\/","url_meta":{"origin":38654,"position":0},"title":"RUTA 11: CHOQUE FATAL CON UN MUERTO Y TRES HERIDOS.","author":"Alejandro Sosa Ruda","date":"5 diciembre, 2022","format":false,"excerpt":"La v\u00edctima es un joven de General Lavalle. 5 de diciembre de 2022 Se produjo un fuerte choque entre un autom\u00f3vil y un cami\u00f3n en Ruta 11, a la altura de la localidad de Costa Esmeralda. Por el fuerte impacto, un joven de 24 a\u00f1os, oriundo de General Lavalle, perdi\u00f3\u2026","rel":"","context":"En \u00abPOLICIALES\u00bb","block_context":{"text":"POLICIALES","link":"https:\/\/larevistadigital.com.ar\/blog\/category\/policiales\/"},"img":{"alt_text":"","src":"https:\/\/i0.wp.com\/larevistadigital.com.ar\/blog\/wp-content\/uploads\/905ac52d947e87fcb4427ff3bfd077f0dc8bd1fd.jpg?fit=1140%2C840&ssl=1&resize=350%2C200","width":350,"height":200,"srcset":"https:\/\/i0.wp.com\/larevistadigital.com.ar\/blog\/wp-content\/uploads\/905ac52d947e87fcb4427ff3bfd077f0dc8bd1fd.jpg?fit=1140%2C840&ssl=1&resize=350%2C200 1x, https:\/\/i0.wp.com\/larevistadigital.com.ar\/blog\/wp-content\/uploads\/905ac52d947e87fcb4427ff3bfd077f0dc8bd1fd.jpg?fit=1140%2C840&ssl=1&resize=525%2C300 1.5x, https:\/\/i0.wp.com\/larevistadigital.com.ar\/blog\/wp-content\/uploads\/905ac52d947e87fcb4427ff3bfd077f0dc8bd1fd.jpg?fit=1140%2C840&ssl=1&resize=700%2C400 2x, https:\/\/i0.wp.com\/larevistadigital.com.ar\/blog\/wp-content\/uploads\/905ac52d947e87fcb4427ff3bfd077f0dc8bd1fd.jpg?fit=1140%2C840&ssl=1&resize=1050%2C600 3x"},"classes":[]},{"id":31064,"url":"https:\/\/larevistadigital.com.ar\/blog\/muere-un-joven-en-un-choque-frontal-en-la-ruta-88\/","url_meta":{"origin":38654,"position":1},"title":"MUERE UN JOVEN EN UN CHOQUE FRONTAL EN LA RUTA 88","author":"Alejandro Sosa Ruda","date":"15 abril, 2023","format":false,"excerpt":"La v\u00edctima era marplatense y ten\u00eda solamente 22 a\u00f1os. 15 de abril de 2023 MAR DEL PLATA -\u00a0 Durante la ma\u00f1ana de este s\u00e1bado, falleci\u00f3 un joven automovilista oriundo de Mar del Plata, en un tr\u00e1gico choque frontal que se produjo cuando circulaba por la ruta 88 a la altura\u2026","rel":"","context":"En \u00abPOLICIALES\u00bb","block_context":{"text":"POLICIALES","link":"https:\/\/larevistadigital.com.ar\/blog\/category\/policiales\/"},"img":{"alt_text":"","src":"https:\/\/i0.wp.com\/larevistadigital.com.ar\/blog\/wp-content\/uploads\/hospital-carpa.jpg?fit=888%2C500&ssl=1&resize=350%2C200","width":350,"height":200,"srcset":"https:\/\/i0.wp.com\/larevistadigital.com.ar\/blog\/wp-content\/uploads\/hospital-carpa.jpg?fit=888%2C500&ssl=1&resize=350%2C200 1x, https:\/\/i0.wp.com\/larevistadigital.com.ar\/blog\/wp-content\/uploads\/hospital-carpa.jpg?fit=888%2C500&ssl=1&resize=525%2C300 1.5x, https:\/\/i0.wp.com\/larevistadigital.com.ar\/blog\/wp-content\/uploads\/hospital-carpa.jpg?fit=888%2C500&ssl=1&resize=700%2C400 2x"},"classes":[]},{"id":23344,"url":"https:\/\/larevistadigital.com.ar\/blog\/23344-2\/","url_meta":{"origin":38654,"position":2},"title":"MURI\u00d3 AL CHOCAR CON SU MOTO A UN CAMI\u00d3N EN LA RUTA","author":"Alejandro Sosa Ruda","date":"13 enero, 2022","format":false,"excerpt":"MAR DE AJ\u00d3\u00a0 - Un hombre de 39 a\u00f1os\u00a0falleci\u00f3 este mi\u00e9rcoles en horas de la ma\u00f1ana tras chocar con su moto contra un cami\u00f3n en\u00a0ruta 11, a la altura del kil\u00f3metro 345, en la zona de ingreso de\u00a0la localidad balnearia de\u00a0Mar de Aj\u00f3, jurisdicci\u00f3n del partido de La Costa. La\u2026","rel":"","context":"En \u00abINTERES GENERAL\u00bb","block_context":{"text":"INTERES GENERAL","link":"https:\/\/larevistadigital.com.ar\/blog\/category\/interes-general\/"},"img":{"alt_text":"","src":"https:\/\/i0.wp.com\/larevistadigital.com.ar\/blog\/wp-content\/uploads\/Captura-de-pantalla-2022-01-12-215819.jpg?fit=932%2C483&ssl=1&resize=350%2C200","width":350,"height":200,"srcset":"https:\/\/i0.wp.com\/larevistadigital.com.ar\/blog\/wp-content\/uploads\/Captura-de-pantalla-2022-01-12-215819.jpg?fit=932%2C483&ssl=1&resize=350%2C200 1x, https:\/\/i0.wp.com\/larevistadigital.com.ar\/blog\/wp-content\/uploads\/Captura-de-pantalla-2022-01-12-215819.jpg?fit=932%2C483&ssl=1&resize=525%2C300 1.5x, https:\/\/i0.wp.com\/larevistadigital.com.ar\/blog\/wp-content\/uploads\/Captura-de-pantalla-2022-01-12-215819.jpg?fit=932%2C483&ssl=1&resize=700%2C400 2x"},"classes":[]},{"id":19638,"url":"https:\/\/larevistadigital.com.ar\/blog\/ruta-11-el-diputado-juan-pablo-de-jesus-rescato-a-la-victima-de-un-vuelco\/","url_meta":{"origin":38654,"position":3},"title":"RUTA 11: EL DIPUTADO JUAN PABLO DE JES\u00daS RESCAT\u00d3 A LA V\u00cdCTIMA DE UN VUELCO","author":"Alejandro Sosa Ruda","date":"13 abril, 2021","format":false,"excerpt":"El ex intendente del Partido de La Costa y actual diputado provincial por la Quinta Secci\u00f3n transitaba por el lugar cuando advirti\u00f3 el accidente ocurrido en las inmediaciones de la Rotonda Mar de Ajo. Ayer por la noche, un hombre de 63 a\u00f1os circulaba por la ruta 11, a la\u2026","rel":"","context":"En \u00abREGIONALES\u00bb","block_context":{"text":"REGIONALES","link":"https:\/\/larevistadigital.com.ar\/blog\/category\/regionales\/"},"img":{"alt_text":"","src":"https:\/\/i0.wp.com\/larevistadigital.com.ar\/blog\/wp-content\/uploads\/5ce04015d2636de2158bc42544ef8b862d4cd8be.jpg?fit=1140%2C641&ssl=1&resize=350%2C200","width":350,"height":200,"srcset":"https:\/\/i0.wp.com\/larevistadigital.com.ar\/blog\/wp-content\/uploads\/5ce04015d2636de2158bc42544ef8b862d4cd8be.jpg?fit=1140%2C641&ssl=1&resize=350%2C200 1x, https:\/\/i0.wp.com\/larevistadigital.com.ar\/blog\/wp-content\/uploads\/5ce04015d2636de2158bc42544ef8b862d4cd8be.jpg?fit=1140%2C641&ssl=1&resize=525%2C300 1.5x, https:\/\/i0.wp.com\/larevistadigital.com.ar\/blog\/wp-content\/uploads\/5ce04015d2636de2158bc42544ef8b862d4cd8be.jpg?fit=1140%2C641&ssl=1&resize=700%2C400 2x, https:\/\/i0.wp.com\/larevistadigital.com.ar\/blog\/wp-content\/uploads\/5ce04015d2636de2158bc42544ef8b862d4cd8be.jpg?fit=1140%2C641&ssl=1&resize=1050%2C600 3x"},"classes":[]},{"id":25275,"url":"https:\/\/larevistadigital.com.ar\/blog\/mar-de-ajo-condenan-a-pastor-evangelico-a-22-anos-por-abuso-sexual\/","url_meta":{"origin":38654,"position":4},"title":"MAR DE AJ\u00d3: CONDENAN A PASTOR EVANG\u00c9LICO A 22 A\u00d1OS POR ABUSO SEXUAL","author":"Alejandro Sosa Ruda","date":"25 abril, 2022","format":false,"excerpt":"Uno de los hechos fue cometido en 2008 contra una ni\u00f1a que entonces ten\u00eda 8 a\u00f1os y se prolong\u00f3 hasta 2010. Los abusos se comet\u00edan en el templo, en una casa o durante viajes por la Provincia. El hombre tiene 72 a\u00f1os. MAR DE AJ\u00d3 -\u00a0Un pastor evang\u00e9lico de Mar\u2026","rel":"","context":"En \u00abPOLICIALES\u00bb","block_context":{"text":"POLICIALES","link":"https:\/\/larevistadigital.com.ar\/blog\/category\/policiales\/"},"img":{"alt_text":"","src":"https:\/\/i0.wp.com\/larevistadigital.com.ar\/blog\/wp-content\/uploads\/20220425171211_abuso.jpg?fit=880%2C512&ssl=1&resize=350%2C200","width":350,"height":200,"srcset":"https:\/\/i0.wp.com\/larevistadigital.com.ar\/blog\/wp-content\/uploads\/20220425171211_abuso.jpg?fit=880%2C512&ssl=1&resize=350%2C200 1x, https:\/\/i0.wp.com\/larevistadigital.com.ar\/blog\/wp-content\/uploads\/20220425171211_abuso.jpg?fit=880%2C512&ssl=1&resize=525%2C300 1.5x, https:\/\/i0.wp.com\/larevistadigital.com.ar\/blog\/wp-content\/uploads\/20220425171211_abuso.jpg?fit=880%2C512&ssl=1&resize=700%2C400 2x"},"classes":[]},{"id":22523,"url":"https:\/\/larevistadigital.com.ar\/blog\/mar-de-ajo-rescatan-a-hombre-que-cayo-al-agua-y-estuvo-dos-horas-flotando-tomado-de-su-kayak\/","url_meta":{"origin":38654,"position":5},"title":"MAR DE AJ\u00d3: RESCATAN A HOMBRE QUE CAY\u00d3 AL AGUA, Y ESTUVO DOS HORAS FLOTANDO TOMADO DE SU KAYAK","author":"Alejandro Sosa Ruda","date":"29 octubre, 2021","format":false,"excerpt":"El hecho comenz\u00f3 ayer a las 15:45 y trabaj\u00f3 en el operativo de rescate personal de Prefectura Naval. MAR DE AJO -\u00a0 Un kayakista que navegaba en inmediaciones de Avenida Pueyrred\u00f3n, en Mar de Aj\u00f3, debi\u00f3 ser rescatado por el cuerpo de Bomberos Voluntarios al no poder subirse a la\u2026","rel":"","context":"En \u00abREGIONALES\u00bb","block_context":{"text":"REGIONALES","link":"https:\/\/larevistadigital.com.ar\/blog\/category\/regionales\/"},"img":{"alt_text":"","src":"https:\/\/i0.wp.com\/larevistadigital.com.ar\/blog\/wp-content\/uploads\/Captura-de-pantalla-2021-10-28-230207.jpg?fit=937%2C562&ssl=1&resize=350%2C200","width":350,"height":200,"srcset":"https:\/\/i0.wp.com\/larevistadigital.com.ar\/blog\/wp-content\/uploads\/Captura-de-pantalla-2021-10-28-230207.jpg?fit=937%2C562&ssl=1&resize=350%2C200 1x, https:\/\/i0.wp.com\/larevistadigital.com.ar\/blog\/wp-content\/uploads\/Captura-de-pantalla-2021-10-28-230207.jpg?fit=937%2C562&ssl=1&resize=525%2C300 1.5x, https:\/\/i0.wp.com\/larevistadigital.com.ar\/blog\/wp-content\/uploads\/Captura-de-pantalla-2021-10-28-230207.jpg?fit=937%2C562&ssl=1&resize=700%2C400 2x"},"classes":[]}],"_links":{"self":[{"href":"https:\/\/larevistadigital.com.ar\/blog\/wp-json\/wp\/v2\/posts\/38654","targetHints":{"allow":["GET"]}}],"collection":[{"href":"https:\/\/larevistadigital.com.ar\/blog\/wp-json\/wp\/v2\/posts"}],"about":[{"href":"https:\/\/larevistadigital.com.ar\/blog\/wp-json\/wp\/v2\/types\/post"}],"author":[{"embeddable":true,"href":"https:\/\/larevistadigital.com.ar\/blog\/wp-json\/wp\/v2\/users\/3"}],"replies":[{"embeddable":true,"href":"https:\/\/larevistadigital.com.ar\/blog\/wp-json\/wp\/v2\/comments?post=38654"}],"version-history":[{"count":3,"href":"https:\/\/larevistadigital.com.ar\/blog\/wp-json\/wp\/v2\/posts\/38654\/revisions"}],"predecessor-version":[{"id":38658,"href":"https:\/\/larevistadigital.com.ar\/blog\/wp-json\/wp\/v2\/posts\/38654\/revisions\/38658"}],"wp:featuredmedia":[{"embeddable":true,"href":"https:\/\/larevistadigital.com.ar\/blog\/wp-json\/wp\/v2\/media\/38655"}],"wp:attachment":[{"href":"https:\/\/larevistadigital.com.ar\/blog\/wp-json\/wp\/v2\/media?parent=38654"}],"wp:term":[{"taxonomy":"category","embeddable":true,"href":"https:\/\/larevistadigital.com.ar\/blog\/wp-json\/wp\/v2\/categories?post=38654"},{"taxonomy":"post_tag","embeddable":true,"href":"https:\/\/larevistadigital.com.ar\/blog\/wp-json\/wp\/v2\/tags?post=38654"}],"curies":[{"name":"wp","href":"https:\/\/api.w.org\/{rel}","templated":true}]}}