{"id":38659,"date":"2025-02-10T10:13:09","date_gmt":"2025-02-10T13:13:09","guid":{"rendered":"https:\/\/larevistadigital.com.ar\/blog\/?p=38659"},"modified":"2025-02-10T10:13:09","modified_gmt":"2025-02-10T13:13:09","slug":"chascomus-allanan-y-detienen-a-menor-de-14-anos-autor-de-distintos-robos","status":"publish","type":"post","link":"https:\/\/larevistadigital.com.ar\/blog\/chascomus-allanan-y-detienen-a-menor-de-14-anos-autor-de-distintos-robos\/","title":{"rendered":"Chascom\u00fas: Allanan y detienen a menor de 14 a\u00f1os, autor de distintos robos"},"content":{"rendered":"<h2>El menor est\u00e1 sindicado como el responsable del robo en el Club de Pelotas; distintas motos y robos en el barrio El Tambor.<\/h2>\n<p>10 de Febrero de 2025<\/p>\n<p><strong>CHASCOM\u00daS &#8211;<\/strong>\u00a0 En horas de la ma\u00f1ana personal de E.P.C. Chascomus 1ra. hizo efectivo un allanamiento en un domicilio de calle Belbeze. En el lugar se procedio a realizar la detencion con medida de seguridad de un <strong>menor de 14 a\u00f1os<\/strong> imputado del delito de <strong>ROBO AGRAVADO<\/strong> ocurrido en la madrugada del dia Domingo en calle Presidente Alfons\u00edn como asi tambien se incautaron elementos de interes para la investigacion.<\/p>\n<p>El menor detenido se encuentra individualizado como autor de <strong>robos en el club de pelotas, robos de motocicletas en barrio fatima y robos en barrio tambor como asi tambien en un robo flagrante de una motocicleta en calle jose castillo el jueves pasado en el que fue aprehendido junto con mayor de edad el cual a la fecha continua detenido<\/strong>.<\/p>\n<p>El menor de edad, en este momento es trasladado al Centro de Recepcion de Menores en Conflicto con la Ley Penal de Dolores.<\/p>\n","protected":false},"excerpt":{"rendered":"<div class=\"mh-excerpt\"><p>El menor est\u00e1 sindicado como el responsable del robo en el Club de Pelotas; distintas motos y robos en el barrio El Tambor. 10 de Febrero de 2025 CHASCOM\u00daS &#8211;\u00a0 En horas de la ma\u00f1ana <a class=\"mh-excerpt-more\" href=\"https:\/\/larevistadigital.com.ar\/blog\/chascomus-allanan-y-detienen-a-menor-de-14-anos-autor-de-distintos-robos\/\" title=\"Chascom\u00fas: Allanan y detienen a menor de 14 a\u00f1os, autor de distintos robos\">[Leer M\u00e1s]<\/a><\/p>\n<\/div>","protected":false},"author":3,"featured_media":38660,"comment_status":"open","ping_status":"open","sticky":false,"template":"","format":"standard","meta":{"_jetpack_memberships_contains_paid_content":false,"footnotes":"","jetpack_publicize_message":"","jetpack_publicize_feature_enabled":true,"jetpack_social_post_already_shared":true,"jetpack_social_options":{"image_generator_settings":{"template":"highway","default_image_id":0,"font":"","enabled":false},"version":2}},"categories":[41,44],"tags":[],"class_list":{"0":"post-38659","1":"post","2":"type-post","3":"status-publish","4":"format-standard","5":"has-post-thumbnail","7":"category-destacadas","8":"category-policiales"},"jetpack_publicize_connections":[],"jetpack_featured_media_url":"https:\/\/i0.wp.com\/larevistadigital.com.ar\/blog\/wp-content\/uploads\/menor-detenido.jpg?fit=850%2C479&ssl=1","jetpack_sharing_enabled":true,"jetpack_shortlink":"https:\/\/wp.me\/p8qtrQ-a3x","jetpack-related-posts":[{"id":26504,"url":"https:\/\/larevistadigital.com.ar\/blog\/chascomus-aprehenden-a-un-sujeto-por-el-robo-de-dos-motocicletas\/","url_meta":{"origin":38659,"position":0},"title":"CHASCOM\u00daS: APREHENDEN A UN SUJETO POR EL ROBO DE DOS MOTOCICLETAS","author":"Alejandro Sosa Ruda","date":"12 julio, 2022","format":false,"excerpt":"Luego de las investigaciones a ra\u00edz de dos denuncias por los robos de dos motos, la polic\u00eda pudo dar con el autor de los hechos, logrando aprehenderlo. CHASCOM\u00daS -\u00a0 En relaci\u00f3n a la denuncia de dos hechos de robo de motocicletas y luego de realizadas tareas de investigaci\u00f3n, y trabajos\u2026","rel":"","context":"En \u00abCHASCOM\u00daS\u00bb","block_context":{"text":"CHASCOM\u00daS","link":"https:\/\/larevistadigital.com.ar\/blog\/category\/chascomus\/"},"img":{"alt_text":"","src":"https:\/\/i0.wp.com\/larevistadigital.com.ar\/blog\/wp-content\/uploads\/2019\/01\/bbx_755050019_comisaria_chasco_01.jpg?fit=800%2C579&ssl=1&resize=350%2C200","width":350,"height":200,"srcset":"https:\/\/i0.wp.com\/larevistadigital.com.ar\/blog\/wp-content\/uploads\/2019\/01\/bbx_755050019_comisaria_chasco_01.jpg?fit=800%2C579&ssl=1&resize=350%2C200 1x, https:\/\/i0.wp.com\/larevistadigital.com.ar\/blog\/wp-content\/uploads\/2019\/01\/bbx_755050019_comisaria_chasco_01.jpg?fit=800%2C579&ssl=1&resize=525%2C300 1.5x, https:\/\/i0.wp.com\/larevistadigital.com.ar\/blog\/wp-content\/uploads\/2019\/01\/bbx_755050019_comisaria_chasco_01.jpg?fit=800%2C579&ssl=1&resize=700%2C400 2x"},"classes":[]},{"id":13019,"url":"https:\/\/larevistadigital.com.ar\/blog\/13019-2\/","url_meta":{"origin":38659,"position":1},"title":"DETIENEN AUTORES DE ROBOS EN PARQUE GIRADO","author":"Alejandro Sosa Ruda","date":"4 noviembre, 2019","format":false,"excerpt":"Durante el fin de semana, y en horas de la tarde noche fueron detenidos tres sujetos identificados como Lucas Haedo de 21 a\u00f1os, Lucas Irigoyen de 21 a\u00f1os y Alejandro Velazquez de 24 a\u00f1os quienes hab\u00edan cometido un Robo en una casilla del camping 6 de septiembre en el km\u2026","rel":"","context":"En \u00abCHASCOM\u00daS\u00bb","block_context":{"text":"CHASCOM\u00daS","link":"https:\/\/larevistadigital.com.ar\/blog\/category\/chascomus\/"},"img":{"alt_text":"","src":"https:\/\/i0.wp.com\/larevistadigital.com.ar\/blog\/wp-content\/uploads\/WhatsApp-Image-2019-11-02-at-23.08.04.jpeg?fit=648%2C1152&ssl=1&resize=350%2C200","width":350,"height":200,"srcset":"https:\/\/i0.wp.com\/larevistadigital.com.ar\/blog\/wp-content\/uploads\/WhatsApp-Image-2019-11-02-at-23.08.04.jpeg?fit=648%2C1152&ssl=1&resize=350%2C200 1x, https:\/\/i0.wp.com\/larevistadigital.com.ar\/blog\/wp-content\/uploads\/WhatsApp-Image-2019-11-02-at-23.08.04.jpeg?fit=648%2C1152&ssl=1&resize=525%2C300 1.5x"},"classes":[]},{"id":36335,"url":"https:\/\/larevistadigital.com.ar\/blog\/chascomus-aprehenden-a-menor-por-robo-en-barrio-parque\/","url_meta":{"origin":38659,"position":2},"title":"CHASCOM\u00daS: APREHENDEN A MENOR POR ROBO EN BARRIO PARQUE.","author":"Alejandro Sosa Ruda","date":"15 junio, 2024","format":false,"excerpt":"El muchacho se encuentra detenido en la comisar\u00eda primera, en espera de resoluci\u00f3n judicial. 15 de Junio de 2024 CHASCOM\u00daS -\u00a0 \u00a0Personal policial de E.P.C. Chascomus 1ra. tras la recepci\u00f3n de denuncia de un hecho de robo ocurrido en el Barrio Parque ocurrido en la madrugada del dia Lunes 10\u2026","rel":"","context":"En \u00abPOLICIALES\u00bb","block_context":{"text":"POLICIALES","link":"https:\/\/larevistadigital.com.ar\/blog\/category\/policiales\/"},"img":{"alt_text":"","src":"https:\/\/i0.wp.com\/larevistadigital.com.ar\/blog\/wp-content\/uploads\/POLICIA-2.jpg?fit=1002%2C671&ssl=1&resize=350%2C200","width":350,"height":200,"srcset":"https:\/\/i0.wp.com\/larevistadigital.com.ar\/blog\/wp-content\/uploads\/POLICIA-2.jpg?fit=1002%2C671&ssl=1&resize=350%2C200 1x, https:\/\/i0.wp.com\/larevistadigital.com.ar\/blog\/wp-content\/uploads\/POLICIA-2.jpg?fit=1002%2C671&ssl=1&resize=525%2C300 1.5x, https:\/\/i0.wp.com\/larevistadigital.com.ar\/blog\/wp-content\/uploads\/POLICIA-2.jpg?fit=1002%2C671&ssl=1&resize=700%2C400 2x"},"classes":[]},{"id":17087,"url":"https:\/\/larevistadigital.com.ar\/blog\/17087-2\/","url_meta":{"origin":38659,"position":3},"title":"CHASCOM\u00daS: M\u00c1S ROBOS&#8230;","author":"Alejandro Sosa Ruda","date":"21 octubre, 2020","format":false,"excerpt":"Ayer se produjo un robo en una vivienda en pleno centro, y a poco m\u00e1s de una cuadra de la Comisar\u00eda. El hecho ocurri\u00f3 alrededor de las 4 de la madrugada en un domicilio de calle Arenales entre Belgrano y Libres del Sur, donde delincuentes, previo violentar una ventana, sorprendieron\u2026","rel":"","context":"En \u00abCHASCOM\u00daS\u00bb","block_context":{"text":"CHASCOM\u00daS","link":"https:\/\/larevistadigital.com.ar\/blog\/category\/chascomus\/"},"img":{"alt_text":"","src":"https:\/\/i0.wp.com\/larevistadigital.com.ar\/blog\/wp-content\/uploads\/2018\/10\/COMISARIA-de-CHASCOMUS_02-05-2015.jpg?fit=800%2C600&ssl=1&resize=350%2C200","width":350,"height":200,"srcset":"https:\/\/i0.wp.com\/larevistadigital.com.ar\/blog\/wp-content\/uploads\/2018\/10\/COMISARIA-de-CHASCOMUS_02-05-2015.jpg?fit=800%2C600&ssl=1&resize=350%2C200 1x, https:\/\/i0.wp.com\/larevistadigital.com.ar\/blog\/wp-content\/uploads\/2018\/10\/COMISARIA-de-CHASCOMUS_02-05-2015.jpg?fit=800%2C600&ssl=1&resize=525%2C300 1.5x, https:\/\/i0.wp.com\/larevistadigital.com.ar\/blog\/wp-content\/uploads\/2018\/10\/COMISARIA-de-CHASCOMUS_02-05-2015.jpg?fit=800%2C600&ssl=1&resize=700%2C400 2x"},"classes":[]},{"id":36095,"url":"https:\/\/larevistadigital.com.ar\/blog\/chascomus-el-subcomisario-ferreyra-hablo-de-los-robos-en-barrio-girado-y-lomas-altas\/","url_meta":{"origin":38659,"position":4},"title":"CHASCOM\u00daS: EL SUBCOMISARIO FERREYRA HABL\u00d3 DE LOS ROBOS EN BARRIO GIRADO Y LOMAS ALTAS","author":"Alejandro Sosa Ruda","date":"21 mayo, 2024","format":false,"excerpt":"Asegur\u00f3 que \"las investigaciones est\u00e1n encaminadas\" y que est\u00e1n recolectando pruebas. 21 de Mayo de 2024 CHASCOM\u00daS -\u00a0 El sub comisario Gerardo Ferreira durante una entrevista brindada al programa \"Ataque de Radio\" que se emite por la FM AMISTAD (102.7 Mhtz.) y conducen Alejandro \"El Tano\" Sosa y Carlos Lasserre,\u2026","rel":"","context":"En \u00abDESTACADAS\u00bb","block_context":{"text":"DESTACADAS","link":"https:\/\/larevistadigital.com.ar\/blog\/category\/destacadas\/"},"img":{"alt_text":"","src":"https:\/\/i0.wp.com\/larevistadigital.com.ar\/blog\/wp-content\/uploads\/2019\/01\/bbx_755050019_comisaria_chasco_01.jpg?fit=800%2C579&ssl=1&resize=350%2C200","width":350,"height":200,"srcset":"https:\/\/i0.wp.com\/larevistadigital.com.ar\/blog\/wp-content\/uploads\/2019\/01\/bbx_755050019_comisaria_chasco_01.jpg?fit=800%2C579&ssl=1&resize=350%2C200 1x, https:\/\/i0.wp.com\/larevistadigital.com.ar\/blog\/wp-content\/uploads\/2019\/01\/bbx_755050019_comisaria_chasco_01.jpg?fit=800%2C579&ssl=1&resize=525%2C300 1.5x, https:\/\/i0.wp.com\/larevistadigital.com.ar\/blog\/wp-content\/uploads\/2019\/01\/bbx_755050019_comisaria_chasco_01.jpg?fit=800%2C579&ssl=1&resize=700%2C400 2x"},"classes":[]},{"id":31238,"url":"https:\/\/larevistadigital.com.ar\/blog\/chascomus-aprehenden-a-un-menor-que-robo-elementos-en-el-barrio-fatima\/","url_meta":{"origin":38659,"position":5},"title":"CHASCOM\u00daS: APREHENDEN A UN MENOR QUE ROBO ELEMENTOS EN EL BARRIO F\u00c1TIMA","author":"Alejandro Sosa Ruda","date":"25 abril, 2023","format":false,"excerpt":"Rob\u00f3 distintos elementos y termin\u00f3 aprehendido. 25 de abril de 2023 CHASCOM\u00daS -\u00a0 Durante el d\u00eda de hoy, y aproximadamente a las 10:30 hs. personal de Polic\u00eda Comunal procedi\u00f3 a la aprehensi\u00f3n de un menor de edad. El joven hab\u00eda sustra\u00eddo elementos de un veh\u00edculo en el Barrio F\u00e1tima, los\u2026","rel":"","context":"En \u00abINTERES GENERAL\u00bb","block_context":{"text":"INTERES GENERAL","link":"https:\/\/larevistadigital.com.ar\/blog\/category\/interes-general\/"},"img":{"alt_text":"","src":"https:\/\/i0.wp.com\/larevistadigital.com.ar\/blog\/wp-content\/uploads\/WhatsApp-Image-2023-04-25-at-11.30.20.jpeg?fit=675%2C1200&ssl=1&resize=350%2C200","width":350,"height":200,"srcset":"https:\/\/i0.wp.com\/larevistadigital.com.ar\/blog\/wp-content\/uploads\/WhatsApp-Image-2023-04-25-at-11.30.20.jpeg?fit=675%2C1200&ssl=1&resize=350%2C200 1x, https:\/\/i0.wp.com\/larevistadigital.com.ar\/blog\/wp-content\/uploads\/WhatsApp-Image-2023-04-25-at-11.30.20.jpeg?fit=675%2C1200&ssl=1&resize=525%2C300 1.5x"},"classes":[]}],"_links":{"self":[{"href":"https:\/\/larevistadigital.com.ar\/blog\/wp-json\/wp\/v2\/posts\/38659","targetHints":{"allow":["GET"]}}],"collection":[{"href":"https:\/\/larevistadigital.com.ar\/blog\/wp-json\/wp\/v2\/posts"}],"about":[{"href":"https:\/\/larevistadigital.com.ar\/blog\/wp-json\/wp\/v2\/types\/post"}],"author":[{"embeddable":true,"href":"https:\/\/larevistadigital.com.ar\/blog\/wp-json\/wp\/v2\/users\/3"}],"replies":[{"embeddable":true,"href":"https:\/\/larevistadigital.com.ar\/blog\/wp-json\/wp\/v2\/comments?post=38659"}],"version-history":[{"count":1,"href":"https:\/\/larevistadigital.com.ar\/blog\/wp-json\/wp\/v2\/posts\/38659\/revisions"}],"predecessor-version":[{"id":38661,"href":"https:\/\/larevistadigital.com.ar\/blog\/wp-json\/wp\/v2\/posts\/38659\/revisions\/38661"}],"wp:featuredmedia":[{"embeddable":true,"href":"https:\/\/larevistadigital.com.ar\/blog\/wp-json\/wp\/v2\/media\/38660"}],"wp:attachment":[{"href":"https:\/\/larevistadigital.com.ar\/blog\/wp-json\/wp\/v2\/media?parent=38659"}],"wp:term":[{"taxonomy":"category","embeddable":true,"href":"https:\/\/larevistadigital.com.ar\/blog\/wp-json\/wp\/v2\/categories?post=38659"},{"taxonomy":"post_tag","embeddable":true,"href":"https:\/\/larevistadigital.com.ar\/blog\/wp-json\/wp\/v2\/tags?post=38659"}],"curies":[{"name":"wp","href":"https:\/\/api.w.org\/{rel}","templated":true}]}}