{"id":38662,"date":"2025-02-10T17:13:48","date_gmt":"2025-02-10T20:13:48","guid":{"rendered":"https:\/\/larevistadigital.com.ar\/blog\/?p=38662"},"modified":"2025-02-10T21:48:24","modified_gmt":"2025-02-11T00:48:24","slug":"chascomus-fallecio-un-turista-en-una-pileta","status":"publish","type":"post","link":"https:\/\/larevistadigital.com.ar\/blog\/chascomus-fallecio-un-turista-en-una-pileta\/","title":{"rendered":"Chascom\u00fas: Falleci\u00f3 un turista en una pileta"},"content":{"rendered":"<h2>El hecho ocurri\u00f3 en la pileta de un complejo de d\u00faplex. El fallecido ten\u00eda 87 a\u00f1os.<\/h2>\n<p>10 de Febrero de 2025<\/p>\n<p><strong>CHASCOM\u00daS &#8211;\u00a0 <\/strong>En horas del mediodia del dia de la fecha se iniciaron actuaciones en la E.P.C. Chascomus 1ra. por Averiguacion de Causales de Muerte con injerencia de la U.F.I.D. N\u00b0 9.<\/p>\n<blockquote>\n<h3>El motivo del inicio de esa investigacion fue el deceso de una persona de 87 a\u00f1os en momentos en que ingreso a una pileta de un complejo de duplex ubicado en la calle Roca de esta localidad.<\/h3>\n<\/blockquote>\n<p>El extinto oriundo de la localidad de Lanus se habia presentado en esta localidad junto a su esposa en calidad de turista. En la fecha a las 20:30 hs. se realizara la operacion de autopsia pertinente. Personal medico del hospital municipal habia logrado presentarse en el predio y realizarle maniobras de R.C.P. pero no lograron reanimarlo.<\/p>\n<p>imagen ilustrativa<\/p>\n","protected":false},"excerpt":{"rendered":"<div class=\"mh-excerpt\"><p>El hecho ocurri\u00f3 en la pileta de un complejo de d\u00faplex. El fallecido ten\u00eda 87 a\u00f1os. 10 de Febrero de 2025 CHASCOM\u00daS &#8211;\u00a0 En horas del mediodia del dia de la fecha se iniciaron actuaciones <a class=\"mh-excerpt-more\" href=\"https:\/\/larevistadigital.com.ar\/blog\/chascomus-fallecio-un-turista-en-una-pileta\/\" title=\"Chascom\u00fas: Falleci\u00f3 un turista en una pileta\">[Leer M\u00e1s]<\/a><\/p>\n<\/div>","protected":false},"author":3,"featured_media":38439,"comment_status":"open","ping_status":"open","sticky":false,"template":"","format":"standard","meta":{"_jetpack_memberships_contains_paid_content":false,"footnotes":"","jetpack_publicize_message":"","jetpack_publicize_feature_enabled":true,"jetpack_social_post_already_shared":true,"jetpack_social_options":{"image_generator_settings":{"template":"highway","default_image_id":0,"font":"","enabled":false},"version":2}},"categories":[41,44],"tags":[],"class_list":{"0":"post-38662","1":"post","2":"type-post","3":"status-publish","4":"format-standard","5":"has-post-thumbnail","7":"category-destacadas","8":"category-policiales"},"jetpack_publicize_connections":[],"jetpack_featured_media_url":"https:\/\/i0.wp.com\/larevistadigital.com.ar\/blog\/wp-content\/uploads\/9d13c069ebb8a015d200bdb72bd358bb7195c86a.jpg?fit=1140%2C759&ssl=1","jetpack_sharing_enabled":true,"jetpack_shortlink":"https:\/\/wp.me\/p8qtrQ-a3A","jetpack-related-posts":[{"id":38445,"url":"https:\/\/larevistadigital.com.ar\/blog\/chascomus-murio-una-mujer-de-78-anos-en-el-complejo-laguna-camp\/","url_meta":{"origin":38662,"position":0},"title":"Chascom\u00fas: Muri\u00f3 una mujer de 78 a\u00f1os en el Complejo \u00abLaguna Camp\u00bb","author":"Alejandro Sosa Ruda","date":"8 enero, 2025","format":false,"excerpt":"Se trat\u00f3 de un accidente que le provoc\u00f3 la muerte. 08 De Enero de 2025 CHASCOM\u00daS -\u00a0 En las primeras horas de la madrugada del dia Domingo 5 del corriente, personal policial de EPC Chascomus 1ra, se traslado al complejo Laguna Camp ya que en uno de los bungalows del\u2026","rel":"","context":"En \u00abPOLICIALES\u00bb","block_context":{"text":"POLICIALES","link":"https:\/\/larevistadigital.com.ar\/blog\/category\/policiales\/"},"img":{"alt_text":"","src":"https:\/\/i0.wp.com\/larevistadigital.com.ar\/blog\/wp-content\/uploads\/Captura-de-pantalla-2021-12-29-203210.jpg?fit=1013%2C675&ssl=1&resize=350%2C200","width":350,"height":200,"srcset":"https:\/\/i0.wp.com\/larevistadigital.com.ar\/blog\/wp-content\/uploads\/Captura-de-pantalla-2021-12-29-203210.jpg?fit=1013%2C675&ssl=1&resize=350%2C200 1x, https:\/\/i0.wp.com\/larevistadigital.com.ar\/blog\/wp-content\/uploads\/Captura-de-pantalla-2021-12-29-203210.jpg?fit=1013%2C675&ssl=1&resize=525%2C300 1.5x, https:\/\/i0.wp.com\/larevistadigital.com.ar\/blog\/wp-content\/uploads\/Captura-de-pantalla-2021-12-29-203210.jpg?fit=1013%2C675&ssl=1&resize=700%2C400 2x"},"classes":[]},{"id":35,"url":"https:\/\/larevistadigital.com.ar\/blog\/se-abrio-la-inscripcion-para-la-colonia-de-pami-en-el-club-deportivo\/","url_meta":{"origin":38662,"position":1},"title":"Se abri\u00f3 la inscripci\u00f3n para la colonia de PAMI en el Club Deportivo","author":"editor","date":"30 enero, 2017","format":false,"excerpt":"Desde el 31 de enero, comenz\u00f3 la Colonia de Pami en el Club Deportivo Chascom\u00fas, en donde los abuelos podr\u00e1n disfrutar de distintas actividades recreativas. All\u00ed podr\u00e1n participar del Aquagim, pileta libre, merienda y mucho m\u00e1s, todo esto los d\u00edas martes y jueves de 16:00 a 20:00 hs. y para\u2026","rel":"","context":"En \u00abCHASCOM\u00daS\u00bb","block_context":{"text":"CHASCOM\u00daS","link":"https:\/\/larevistadigital.com.ar\/blog\/category\/chascomus\/"},"img":{"alt_text":"","src":"https:\/\/i0.wp.com\/larevistadigital.com.ar\/blog\/wp-content\/uploads\/2017\/01\/DSC_0004.jpg?fit=1200%2C799&ssl=1&resize=350%2C200","width":350,"height":200,"srcset":"https:\/\/i0.wp.com\/larevistadigital.com.ar\/blog\/wp-content\/uploads\/2017\/01\/DSC_0004.jpg?fit=1200%2C799&ssl=1&resize=350%2C200 1x, https:\/\/i0.wp.com\/larevistadigital.com.ar\/blog\/wp-content\/uploads\/2017\/01\/DSC_0004.jpg?fit=1200%2C799&ssl=1&resize=525%2C300 1.5x, https:\/\/i0.wp.com\/larevistadigital.com.ar\/blog\/wp-content\/uploads\/2017\/01\/DSC_0004.jpg?fit=1200%2C799&ssl=1&resize=700%2C400 2x, https:\/\/i0.wp.com\/larevistadigital.com.ar\/blog\/wp-content\/uploads\/2017\/01\/DSC_0004.jpg?fit=1200%2C799&ssl=1&resize=1050%2C600 3x"},"classes":[]},{"id":12417,"url":"https:\/\/larevistadigital.com.ar\/blog\/brandsen-los-bomberos-rescataron-un-caballo-que-cayo-a-una-pileta\/","url_meta":{"origin":38662,"position":2},"title":"BRANDSEN: LOS BOMBEROS RESCATARON UN CABALLO QUE CAY\u00d3 A UNA PILETA","author":"Alejandro Sosa Ruda","date":"1 octubre, 2019","format":false,"excerpt":"Inform\u00f3 el portal DLN que en la tarde de este lunes 30 de septiembre, bomberos voluntarios de Brandsen rescataron a un caballo que se hab\u00eda ca\u00eddo en la pileta de una quinta, en el barrio La Plantaci\u00f3n. Fueron 20 minutos de tensi\u00f3n, en los que los voluntarios tras aplicar distintas\u2026","rel":"","context":"En \u00abREGIONALES\u00bb","block_context":{"text":"REGIONALES","link":"https:\/\/larevistadigital.com.ar\/blog\/category\/regionales\/"},"img":{"alt_text":"","src":"https:\/\/i0.wp.com\/larevistadigital.com.ar\/blog\/wp-content\/uploads\/20190930_190521_wm.jpg?fit=1080%2C600&ssl=1&resize=350%2C200","width":350,"height":200,"srcset":"https:\/\/i0.wp.com\/larevistadigital.com.ar\/blog\/wp-content\/uploads\/20190930_190521_wm.jpg?fit=1080%2C600&ssl=1&resize=350%2C200 1x, https:\/\/i0.wp.com\/larevistadigital.com.ar\/blog\/wp-content\/uploads\/20190930_190521_wm.jpg?fit=1080%2C600&ssl=1&resize=525%2C300 1.5x, https:\/\/i0.wp.com\/larevistadigital.com.ar\/blog\/wp-content\/uploads\/20190930_190521_wm.jpg?fit=1080%2C600&ssl=1&resize=700%2C400 2x, https:\/\/i0.wp.com\/larevistadigital.com.ar\/blog\/wp-content\/uploads\/20190930_190521_wm.jpg?fit=1080%2C600&ssl=1&resize=1050%2C600 3x"},"classes":[]},{"id":32876,"url":"https:\/\/larevistadigital.com.ar\/blog\/tragica-muerte-de-un-nene-en-coronel-charlone\/","url_meta":{"origin":38662,"position":3},"title":"TR\u00c1GICA MUERTE DE UN NENE EN CORONEL CHARLONE","author":"Alejandro Sosa Ruda","date":"16 agosto, 2023","format":false,"excerpt":"Inicialmente fueron los propios familiares quienes lo asistieron, traslad\u00e1ndose luego con la criatura hasta el domicilio del Dr. Licenciato donde intentaron reanimarlo por todos los medios sin \u00e9xito. 16 de agosto de 2023 CORONEL CHARLONE -\u00a0 Un ni\u00f1o fue hallado sin vida dentro de una pileta de nataci\u00f3n en la\u2026","rel":"","context":"En \u00abPOLICIALES\u00bb","block_context":{"text":"POLICIALES","link":"https:\/\/larevistadigital.com.ar\/blog\/category\/policiales\/"},"img":{"alt_text":"","src":"https:\/\/i0.wp.com\/larevistadigital.com.ar\/blog\/wp-content\/uploads\/20230815185251_cientifica-3.jpg?fit=880%2C512&ssl=1&resize=350%2C200","width":350,"height":200,"srcset":"https:\/\/i0.wp.com\/larevistadigital.com.ar\/blog\/wp-content\/uploads\/20230815185251_cientifica-3.jpg?fit=880%2C512&ssl=1&resize=350%2C200 1x, https:\/\/i0.wp.com\/larevistadigital.com.ar\/blog\/wp-content\/uploads\/20230815185251_cientifica-3.jpg?fit=880%2C512&ssl=1&resize=525%2C300 1.5x, https:\/\/i0.wp.com\/larevistadigital.com.ar\/blog\/wp-content\/uploads\/20230815185251_cientifica-3.jpg?fit=880%2C512&ssl=1&resize=700%2C400 2x"},"classes":[]},{"id":17260,"url":"https:\/\/larevistadigital.com.ar\/blog\/sorpresivo-hallazgo-de-un-lobo-marino-en-la-costa-de-berazategui\/","url_meta":{"origin":38662,"position":4},"title":"SORPRESIVO HALLAZGO DE UN LOBO MARINO EN LA COSTA DE BERAZATEGUI","author":"Alejandro Sosa Ruda","date":"27 octubre, 2020","format":false,"excerpt":"El animal qued\u00f3 al resguardo en una pileta municipal a la espera de ser trasladado a Mundo Marino. Un peque\u00f1o lobo marino apareci\u00f3 en la costa de la localidad bonaerense de Berazategui,\u00a0por lo que tuvo que quedar a resguardo en las piletas de un completo recreativo municipal a la espera\u2026","rel":"","context":"En \u00abREGIONALES\u00bb","block_context":{"text":"REGIONALES","link":"https:\/\/larevistadigital.com.ar\/blog\/category\/regionales\/"},"img":{"alt_text":"","src":"https:\/\/i0.wp.com\/larevistadigital.com.ar\/blog\/wp-content\/uploads\/0038190487.jpg?fit=1140%2C640&ssl=1&resize=350%2C200","width":350,"height":200,"srcset":"https:\/\/i0.wp.com\/larevistadigital.com.ar\/blog\/wp-content\/uploads\/0038190487.jpg?fit=1140%2C640&ssl=1&resize=350%2C200 1x, https:\/\/i0.wp.com\/larevistadigital.com.ar\/blog\/wp-content\/uploads\/0038190487.jpg?fit=1140%2C640&ssl=1&resize=525%2C300 1.5x, https:\/\/i0.wp.com\/larevistadigital.com.ar\/blog\/wp-content\/uploads\/0038190487.jpg?fit=1140%2C640&ssl=1&resize=700%2C400 2x, https:\/\/i0.wp.com\/larevistadigital.com.ar\/blog\/wp-content\/uploads\/0038190487.jpg?fit=1140%2C640&ssl=1&resize=1050%2C600 3x"},"classes":[]},{"id":13449,"url":"https:\/\/larevistadigital.com.ar\/blog\/lo-cito-por-tinder-lo-asesino-y-escondio-el-cuerpo-en-una-pileta-confeso-y-quedo-preso\/","url_meta":{"origin":38662,"position":5},"title":"LO CIT\u00d3 POR TINDER, LO ASESIN\u00d3 Y ESCONDI\u00d3 EL CUERPO EN UNA PILETA: CONFES\u00d3 Y QUED\u00d3 PRESO","author":"Alejandro Sosa Ruda","date":"3 diciembre, 2019","format":false,"excerpt":"El crimen ocurri\u00f3 la semana pasada. El hombre asesinado ten\u00eda 35 a\u00f1os y recibi\u00f3 un disparo de una pistola calibre 9 mm. Un hombre de 35 a\u00f1os asesin\u00f3 a balazos a otro y trat\u00f3 de esconder el cad\u00e1ver con una manta en el interior de una pileta en Villa Adelina,\u2026","rel":"","context":"En \u00abINTERES GENERAL\u00bb","block_context":{"text":"INTERES GENERAL","link":"https:\/\/larevistadigital.com.ar\/blog\/category\/interes-general\/"},"img":{"alt_text":"","src":"https:\/\/i0.wp.com\/larevistadigital.com.ar\/blog\/wp-content\/uploads\/72257.jpg?fit=880%2C586&ssl=1&resize=350%2C200","width":350,"height":200,"srcset":"https:\/\/i0.wp.com\/larevistadigital.com.ar\/blog\/wp-content\/uploads\/72257.jpg?fit=880%2C586&ssl=1&resize=350%2C200 1x, https:\/\/i0.wp.com\/larevistadigital.com.ar\/blog\/wp-content\/uploads\/72257.jpg?fit=880%2C586&ssl=1&resize=525%2C300 1.5x, https:\/\/i0.wp.com\/larevistadigital.com.ar\/blog\/wp-content\/uploads\/72257.jpg?fit=880%2C586&ssl=1&resize=700%2C400 2x"},"classes":[]}],"_links":{"self":[{"href":"https:\/\/larevistadigital.com.ar\/blog\/wp-json\/wp\/v2\/posts\/38662","targetHints":{"allow":["GET"]}}],"collection":[{"href":"https:\/\/larevistadigital.com.ar\/blog\/wp-json\/wp\/v2\/posts"}],"about":[{"href":"https:\/\/larevistadigital.com.ar\/blog\/wp-json\/wp\/v2\/types\/post"}],"author":[{"embeddable":true,"href":"https:\/\/larevistadigital.com.ar\/blog\/wp-json\/wp\/v2\/users\/3"}],"replies":[{"embeddable":true,"href":"https:\/\/larevistadigital.com.ar\/blog\/wp-json\/wp\/v2\/comments?post=38662"}],"version-history":[{"count":2,"href":"https:\/\/larevistadigital.com.ar\/blog\/wp-json\/wp\/v2\/posts\/38662\/revisions"}],"predecessor-version":[{"id":38664,"href":"https:\/\/larevistadigital.com.ar\/blog\/wp-json\/wp\/v2\/posts\/38662\/revisions\/38664"}],"wp:featuredmedia":[{"embeddable":true,"href":"https:\/\/larevistadigital.com.ar\/blog\/wp-json\/wp\/v2\/media\/38439"}],"wp:attachment":[{"href":"https:\/\/larevistadigital.com.ar\/blog\/wp-json\/wp\/v2\/media?parent=38662"}],"wp:term":[{"taxonomy":"category","embeddable":true,"href":"https:\/\/larevistadigital.com.ar\/blog\/wp-json\/wp\/v2\/categories?post=38662"},{"taxonomy":"post_tag","embeddable":true,"href":"https:\/\/larevistadigital.com.ar\/blog\/wp-json\/wp\/v2\/tags?post=38662"}],"curies":[{"name":"wp","href":"https:\/\/api.w.org\/{rel}","templated":true}]}}