{"id":38665,"date":"2025-02-11T20:00:18","date_gmt":"2025-02-11T23:00:18","guid":{"rendered":"https:\/\/larevistadigital.com.ar\/blog\/?p=38665"},"modified":"2025-02-11T20:00:18","modified_gmt":"2025-02-11T23:00:18","slug":"accidente-en-la-ruta-63-con-un-vuelco-el-responsable-huyo-del-lugar","status":"publish","type":"post","link":"https:\/\/larevistadigital.com.ar\/blog\/accidente-en-la-ruta-63-con-un-vuelco-el-responsable-huyo-del-lugar\/","title":{"rendered":"Accidente en la ruta 63 con un vuelco. El responsable huy\u00f3 del lugar"},"content":{"rendered":"<h2>Se menciona como responsable a un Clio rojo que huy\u00f3 del lugar. Piden que se presenten testigos ocasionales.<\/h2>\n<p>11 de Febrero de 2025<\/p>\n<p><strong>DOLORES &#8211;<\/strong>\u00a0 Ocurri\u00f3 el pasado s\u00e1bado aproximadamente a las ocho de la ma\u00f1ana, un autom\u00f3vil Renault Clio color verde, embisti\u00f3 a un peugeot 305 y fue a parar a la zanja, donde qued\u00f3 volcado. Esto sucedi\u00f3 en el kil\u00f3metro 1 de la ruta 63.<\/p>\n<blockquote>\n<h3>La mujer que conduc\u00eda el Clio, Marcela Di Negro, en di\u00e1logo con el portal de noticias entrel\u00edneas.info, dijo que los ocupantes del otro auto mencionaron la participaci\u00f3n en el hecho de otro Clio color rojo que roz\u00f3 al peugeot y provoc\u00f3 el accidente, para luego huir r\u00e1pidamente del lugar.<\/h3>\n<\/blockquote>\n<p>La mujer, ma\u00f1ana se presentar\u00e1 en la comisar\u00eda de Dolores, para hacer efectiva la denuncia, adem\u00e1s de pedir a cualquier persona que haya podido presenciar el momento del accidente que se presente a dar informaci\u00f3n o cualquier dato que permita identificar al conductor que huy\u00f3 luego de provocar el accidente que le produjo lesiones y golpes.<\/p>\n<p>&nbsp;<\/p>\n","protected":false},"excerpt":{"rendered":"<div class=\"mh-excerpt\"><p>Se menciona como responsable a un Clio rojo que huy\u00f3 del lugar. Piden que se presenten testigos ocasionales. 11 de Febrero de 2025 DOLORES &#8211;\u00a0 Ocurri\u00f3 el pasado s\u00e1bado aproximadamente a las ocho de la <a class=\"mh-excerpt-more\" href=\"https:\/\/larevistadigital.com.ar\/blog\/accidente-en-la-ruta-63-con-un-vuelco-el-responsable-huyo-del-lugar\/\" title=\"Accidente en la ruta 63 con un vuelco. El responsable huy\u00f3 del lugar\">[Leer M\u00e1s]<\/a><\/p>\n<\/div>","protected":false},"author":3,"featured_media":38666,"comment_status":"open","ping_status":"open","sticky":false,"template":"","format":"standard","meta":{"_jetpack_memberships_contains_paid_content":false,"footnotes":"","jetpack_publicize_message":"","jetpack_publicize_feature_enabled":true,"jetpack_social_post_already_shared":true,"jetpack_social_options":{"image_generator_settings":{"template":"highway","default_image_id":0,"font":"","enabled":false},"version":2}},"categories":[44,51],"tags":[],"class_list":{"0":"post-38665","1":"post","2":"type-post","3":"status-publish","4":"format-standard","5":"has-post-thumbnail","7":"category-policiales","8":"category-regionales"},"jetpack_publicize_connections":[],"jetpack_featured_media_url":"https:\/\/i0.wp.com\/larevistadigital.com.ar\/blog\/wp-content\/uploads\/ac3b96061e7057e4857b72f8d75304ab19b2b06c.jpeg?fit=1140%2C735&ssl=1","jetpack_sharing_enabled":true,"jetpack_shortlink":"https:\/\/wp.me\/p8qtrQ-a3D","jetpack-related-posts":[{"id":4738,"url":"https:\/\/larevistadigital.com.ar\/blog\/tragico-accidente-la-ruta-muerto-herido-grave\/","url_meta":{"origin":38665,"position":0},"title":"TR\u00c1GICO ACCIDENTE EN LA RUTA: UN MUERTO Y UN HERIDO GRAVE","author":"Alejandro Sosa Ruda","date":"5 febrero, 2018","format":false,"excerpt":"Un \u00a0fatal accidente ocurri\u00f3 en la madrugada de este domingo, aproximadamente a las 05.hs, \u00a0en la ruta provincial 11 a unos 10 km al norte de Cerro de La Gloria. El siniestro se produjo precisamente en el km 171 de la mencionada v\u00eda, cuando un autom\u00f3vil Renault Clio color Blanco\u2026","rel":"","context":"En \u00abCASTELLI\u00bb","block_context":{"text":"CASTELLI","link":"https:\/\/larevistadigital.com.ar\/blog\/category\/castelli\/"},"img":{"alt_text":"","src":"https:\/\/i0.wp.com\/larevistadigital.com.ar\/blog\/wp-content\/uploads\/2018\/02\/2-1.jpg?fit=800%2C450&ssl=1&resize=350%2C200","width":350,"height":200,"srcset":"https:\/\/i0.wp.com\/larevistadigital.com.ar\/blog\/wp-content\/uploads\/2018\/02\/2-1.jpg?fit=800%2C450&ssl=1&resize=350%2C200 1x, https:\/\/i0.wp.com\/larevistadigital.com.ar\/blog\/wp-content\/uploads\/2018\/02\/2-1.jpg?fit=800%2C450&ssl=1&resize=525%2C300 1.5x, https:\/\/i0.wp.com\/larevistadigital.com.ar\/blog\/wp-content\/uploads\/2018\/02\/2-1.jpg?fit=800%2C450&ssl=1&resize=700%2C400 2x"},"classes":[]},{"id":39624,"url":"https:\/\/larevistadigital.com.ar\/blog\/ruta-88-tres-mujeres-murieron-en-un-choque-frontal\/","url_meta":{"origin":38665,"position":1},"title":"Ruta 88: tres mujeres murieron en un choque frontal","author":"Alejandro Sosa Ruda","date":"2 mayo, 2025","format":false,"excerpt":"El siniestro se produjo a menos de 20 kil\u00f3metros del lugar donde, esa misma ma\u00f1ana, un hombre perdi\u00f3 la vida en otro accidente. Los dos hechos ocurrieron con una hora de diferencia. 02 de Mayo de 2025 MAR DEL PLATA -\u00a0 \u00a0Tres mujeres fallecieron este lunes por la ma\u00f1ana en\u2026","rel":"","context":"En \u00abPOLICIALES\u00bb","block_context":{"text":"POLICIALES","link":"https:\/\/larevistadigital.com.ar\/blog\/category\/policiales\/"},"img":{"alt_text":"","src":"https:\/\/i0.wp.com\/larevistadigital.com.ar\/blog\/wp-content\/uploads\/Captura-de-pantalla-2025-05-02-160146.jpg?fit=781%2C411&ssl=1&resize=350%2C200","width":350,"height":200,"srcset":"https:\/\/i0.wp.com\/larevistadigital.com.ar\/blog\/wp-content\/uploads\/Captura-de-pantalla-2025-05-02-160146.jpg?fit=781%2C411&ssl=1&resize=350%2C200 1x, https:\/\/i0.wp.com\/larevistadigital.com.ar\/blog\/wp-content\/uploads\/Captura-de-pantalla-2025-05-02-160146.jpg?fit=781%2C411&ssl=1&resize=525%2C300 1.5x, https:\/\/i0.wp.com\/larevistadigital.com.ar\/blog\/wp-content\/uploads\/Captura-de-pantalla-2025-05-02-160146.jpg?fit=781%2C411&ssl=1&resize=700%2C400 2x"},"classes":[]},{"id":30459,"url":"https:\/\/larevistadigital.com.ar\/blog\/dolores-muere-una-mujer-en-un-accidente-fatal-en-la-ruta-63\/","url_meta":{"origin":38665,"position":2},"title":"DOLORES: MUERE UNA MUJER EN UN ACCIDENTE FATAL  EN LA RUTA 63","author":"Alejandro Sosa Ruda","date":"8 marzo, 2023","format":false,"excerpt":"La joven de 26 a\u00f1os perdi\u00f3 el control del veh\u00edculo, despist\u00f3 y volc\u00f3. 8 de marzo de 2023 DOLORES -\u00a0 Una mujer de 26 a\u00f1os, falleci\u00f3 como consecuencia de un tr\u00e1gico accidente se registr\u00f3 en la Ruta 63 a la altura de Dolores. La joven perdi\u00f3 el control del veh\u00edculo,\u2026","rel":"","context":"En \u00abDOLORES\u00bb","block_context":{"text":"DOLORES","link":"https:\/\/larevistadigital.com.ar\/blog\/category\/dolores\/"},"img":{"alt_text":"","src":"https:\/\/i0.wp.com\/larevistadigital.com.ar\/blog\/wp-content\/uploads\/f63ea82b4e3f22caa1f2022f314c373f8fb7eb32.jpg?fit=1140%2C706&ssl=1&resize=350%2C200","width":350,"height":200,"srcset":"https:\/\/i0.wp.com\/larevistadigital.com.ar\/blog\/wp-content\/uploads\/f63ea82b4e3f22caa1f2022f314c373f8fb7eb32.jpg?fit=1140%2C706&ssl=1&resize=350%2C200 1x, https:\/\/i0.wp.com\/larevistadigital.com.ar\/blog\/wp-content\/uploads\/f63ea82b4e3f22caa1f2022f314c373f8fb7eb32.jpg?fit=1140%2C706&ssl=1&resize=525%2C300 1.5x, https:\/\/i0.wp.com\/larevistadigital.com.ar\/blog\/wp-content\/uploads\/f63ea82b4e3f22caa1f2022f314c373f8fb7eb32.jpg?fit=1140%2C706&ssl=1&resize=700%2C400 2x, https:\/\/i0.wp.com\/larevistadigital.com.ar\/blog\/wp-content\/uploads\/f63ea82b4e3f22caa1f2022f314c373f8fb7eb32.jpg?fit=1140%2C706&ssl=1&resize=1050%2C600 3x"},"classes":[]},{"id":13005,"url":"https:\/\/larevistadigital.com.ar\/blog\/choco-un-auto-estacionado-y-se-dio-a-la-fuga\/","url_meta":{"origin":38665,"position":3},"title":"CHOC\u00d3 UN AUTO ESTACIONADO Y SE DIO A LA FUGA","author":"Alejandro Sosa Ruda","date":"3 noviembre, 2019","format":false,"excerpt":"DOLORES - Un autom\u00f3vil marca Peugeot color gris, que se Hallaba estacionado en\u00a0 la calle Buenos Aires al 1150, sufri\u00f3 da\u00f1os cuando un sujeto que manejaba otro veh\u00edculo lo choc\u00f3 y se dio a la fuga. El rodado, que ser\u00eda una camioneta perdi\u00f3 el control e impact\u00f3 la parte trasera\u2026","rel":"","context":"En \u00abDOLORES\u00bb","block_context":{"text":"DOLORES","link":"https:\/\/larevistadigital.com.ar\/blog\/category\/dolores\/"},"img":{"alt_text":"","src":"https:\/\/i0.wp.com\/larevistadigital.com.ar\/blog\/wp-content\/uploads\/Screenshot_2-56.jpg?fit=858%2C513&ssl=1&resize=350%2C200","width":350,"height":200,"srcset":"https:\/\/i0.wp.com\/larevistadigital.com.ar\/blog\/wp-content\/uploads\/Screenshot_2-56.jpg?fit=858%2C513&ssl=1&resize=350%2C200 1x, https:\/\/i0.wp.com\/larevistadigital.com.ar\/blog\/wp-content\/uploads\/Screenshot_2-56.jpg?fit=858%2C513&ssl=1&resize=525%2C300 1.5x, https:\/\/i0.wp.com\/larevistadigital.com.ar\/blog\/wp-content\/uploads\/Screenshot_2-56.jpg?fit=858%2C513&ssl=1&resize=700%2C400 2x"},"classes":[]},{"id":15680,"url":"https:\/\/larevistadigital.com.ar\/blog\/vuelco-en-la-ruta-11-un-dolorense-fallecido\/","url_meta":{"origin":38665,"position":4},"title":"VUELCO EN LA RUTA 11, UN DOLORENSE FALLECIDO","author":"Alejandro Sosa Ruda","date":"17 junio, 2020","format":false,"excerpt":"En la noche del domingo se produjo un tr\u00e1gico accidente en la Ruta 11 a la altura de la calle 58 del Mar del Tuy\u00fa, Partido de La Costa. Producto del accidente falleci\u00f3 de manera inmediata un hombre de 32 a\u00f1os y su primo debi\u00f3 ser trasladado al Hospital de\u2026","rel":"","context":"En \u00abDOLORES\u00bb","block_context":{"text":"DOLORES","link":"https:\/\/larevistadigital.com.ar\/blog\/category\/dolores\/"},"img":{"alt_text":"","src":"https:\/\/i0.wp.com\/larevistadigital.com.ar\/blog\/wp-content\/uploads\/Dolorense.jpg?fit=627%2C307&ssl=1&resize=350%2C200","width":350,"height":200,"srcset":"https:\/\/i0.wp.com\/larevistadigital.com.ar\/blog\/wp-content\/uploads\/Dolorense.jpg?fit=627%2C307&ssl=1&resize=350%2C200 1x, https:\/\/i0.wp.com\/larevistadigital.com.ar\/blog\/wp-content\/uploads\/Dolorense.jpg?fit=627%2C307&ssl=1&resize=525%2C300 1.5x"},"classes":[]},{"id":27844,"url":"https:\/\/larevistadigital.com.ar\/blog\/violento-accidente-en-la-ruta-63-no-hubo-heridos\/","url_meta":{"origin":38665,"position":5},"title":"VIOLENTO ACCIDENTE EN LA RUTA 63. NO HUBO HERIDOS","author":"Alejandro Sosa Ruda","date":"19 septiembre, 2022","format":false,"excerpt":"Un dolorense conduc\u00eda el auto, y pudo salir por sus propios medios. 18 de septiembre de 2022 DOLORES -\u00a0 Un fuerte accidente de tr\u00e1nsito se produjo a la altura del kil\u00f3metro 1;5 de la Ruta 63 en jurisdicci\u00f3n de Dolores. Por cuestiones que se tratan de establecer, quien conduc\u00eda perdi\u00f3\u2026","rel":"","context":"En \u00abDOLORES\u00bb","block_context":{"text":"DOLORES","link":"https:\/\/larevistadigital.com.ar\/blog\/category\/dolores\/"},"img":{"alt_text":"","src":"https:\/\/i0.wp.com\/larevistadigital.com.ar\/blog\/wp-content\/uploads\/Diseno-sin-titulo-15.png?fit=1200%2C675&ssl=1&resize=350%2C200","width":350,"height":200,"srcset":"https:\/\/i0.wp.com\/larevistadigital.com.ar\/blog\/wp-content\/uploads\/Diseno-sin-titulo-15.png?fit=1200%2C675&ssl=1&resize=350%2C200 1x, https:\/\/i0.wp.com\/larevistadigital.com.ar\/blog\/wp-content\/uploads\/Diseno-sin-titulo-15.png?fit=1200%2C675&ssl=1&resize=525%2C300 1.5x, https:\/\/i0.wp.com\/larevistadigital.com.ar\/blog\/wp-content\/uploads\/Diseno-sin-titulo-15.png?fit=1200%2C675&ssl=1&resize=700%2C400 2x, https:\/\/i0.wp.com\/larevistadigital.com.ar\/blog\/wp-content\/uploads\/Diseno-sin-titulo-15.png?fit=1200%2C675&ssl=1&resize=1050%2C600 3x"},"classes":[]}],"_links":{"self":[{"href":"https:\/\/larevistadigital.com.ar\/blog\/wp-json\/wp\/v2\/posts\/38665","targetHints":{"allow":["GET"]}}],"collection":[{"href":"https:\/\/larevistadigital.com.ar\/blog\/wp-json\/wp\/v2\/posts"}],"about":[{"href":"https:\/\/larevistadigital.com.ar\/blog\/wp-json\/wp\/v2\/types\/post"}],"author":[{"embeddable":true,"href":"https:\/\/larevistadigital.com.ar\/blog\/wp-json\/wp\/v2\/users\/3"}],"replies":[{"embeddable":true,"href":"https:\/\/larevistadigital.com.ar\/blog\/wp-json\/wp\/v2\/comments?post=38665"}],"version-history":[{"count":1,"href":"https:\/\/larevistadigital.com.ar\/blog\/wp-json\/wp\/v2\/posts\/38665\/revisions"}],"predecessor-version":[{"id":38667,"href":"https:\/\/larevistadigital.com.ar\/blog\/wp-json\/wp\/v2\/posts\/38665\/revisions\/38667"}],"wp:featuredmedia":[{"embeddable":true,"href":"https:\/\/larevistadigital.com.ar\/blog\/wp-json\/wp\/v2\/media\/38666"}],"wp:attachment":[{"href":"https:\/\/larevistadigital.com.ar\/blog\/wp-json\/wp\/v2\/media?parent=38665"}],"wp:term":[{"taxonomy":"category","embeddable":true,"href":"https:\/\/larevistadigital.com.ar\/blog\/wp-json\/wp\/v2\/categories?post=38665"},{"taxonomy":"post_tag","embeddable":true,"href":"https:\/\/larevistadigital.com.ar\/blog\/wp-json\/wp\/v2\/tags?post=38665"}],"curies":[{"name":"wp","href":"https:\/\/api.w.org\/{rel}","templated":true}]}}