{"id":38668,"date":"2025-02-11T20:35:50","date_gmt":"2025-02-11T23:35:50","guid":{"rendered":"https:\/\/larevistadigital.com.ar\/blog\/?p=38668"},"modified":"2025-02-11T20:35:50","modified_gmt":"2025-02-11T23:35:50","slug":"necochea-un-hombre-filmo-a-su-inquilina-mientras-se-banaba-y-ahora-debera-pagarle-una-indemnizacion-millonaria","status":"publish","type":"post","link":"https:\/\/larevistadigital.com.ar\/blog\/necochea-un-hombre-filmo-a-su-inquilina-mientras-se-banaba-y-ahora-debera-pagarle-una-indemnizacion-millonaria\/","title":{"rendered":"Necochea: un hombre film\u00f3 a su inquilina mientras se ba\u00f1aba y ahora deber\u00e1 pagarle una indemnizaci\u00f3n millonaria"},"content":{"rendered":"<h2 class=\"nota__hero__summary\">El hecho ocurri\u00f3 en mayo de 2023. El acusado apel\u00f3 el fallo de C\u00e1mara de Apelaciones en lo Civil y Comercial de Necochea.<\/h2>\n<p>11 de Febrero de 2025<\/p>\n<p><strong>NECOCHEA &#8211;\u00a0 \u00a0<\/strong>Lo condenaron por \u00abda\u00f1os y perjuicios\u00bb, y deber\u00e1 pagar una suma millonaria a una mujer. Todo por haberla filmado mientras ella tomaba una ducha. As\u00ed lo dictamin\u00f3 el Juzgado de Primera Instancia y lo confirm\u00f3 la\u00a0<strong>C\u00e1mara de Apelaciones en lo Civil y Comercial de Necoche<\/strong>a.<\/p>\n<blockquote>\n<h3>La v\u00edctima del degenerado fue la inquilina de un departamento, dentro de la propiedad del sujeto que fue demandado y sucedi\u00f3 en el a\u00f1o 2023 en una vivienda propiedad de la mujer del condenado. All\u00ed viv\u00eda la mujer filmada junto a su hijita, menor de edad.<\/h3>\n<\/blockquote>\n<p>La mujer narr\u00f3 a la justicia, que se encontraba tomando una ducha, cuando advirti\u00f3 el celular que asomaba por el ventiluz del ba\u00f1o, enfoc\u00e1ndo hacia ella. En ese momento, sali\u00f3 r\u00e1pidamente del ba\u00f1o y le cont\u00f3 lo sucedido a una amiga que se encontraba en su casa, quien como testigo afirm\u00f3 que la v\u00edctima \u201c<strong>estaba blanca, asustad\u00edsima<\/strong>\u201d. La joven, dijo la amiga, fue a trabajar esa noche, no volvi\u00f3 al departamento y \u201c<strong>se quebr\u00f3 (\u2026) se larg\u00f3 a llorar al llegar a lo de la mam\u00e1<\/strong>\u201d.<\/p>\n<blockquote>\n<h3>Otra testigo declar\u00f3 que la v\u00edctima la llam\u00f3 inmediatamente despu\u00e9s del lamentable suceso, y que se dirigi\u00f3 al departamento donde encontr\u00f3 a la mujer \u00a0\u201c<strong>en ropa interior, llorando (\u2026) shockeada. Estaba muy pero muy mal, le temblaban las manos<\/strong>\u201d. Qued\u00f3 \u201c<strong>psicol\u00f3gicamente mal<\/strong>\u201d, consign\u00f3 Ecos Diarios.<\/h3>\n<\/blockquote>\n<p>Otra amiga declar\u00f3 que la v\u00edctima \u201c<strong>no se quer\u00eda acercar a la casa<\/strong>\u201d donde sucedi\u00f3 el hecho y que fue al psic\u00f3logo. Le costaba dormir, la not\u00f3 \u201c<strong>muy angustiada, la ve\u00eda por la cara<\/strong>\u201d.<\/p>\n<p>Adem\u00e1s, otro testigo sostuvo que la mujer <strong>\u201cestuvo mal, fue un tramo muy duro<\/strong>\u201d, tuvo que empezar el psic\u00f3logo. Como consecuencia de estos hechos, se le sumaron luego la mudanza compulsiva que debi\u00f3 realizar a la casa de su madre, el retiro de sus pertenencia -que no pudo efectuar por s\u00ed por la afectaci\u00f3n que padec\u00eda- y el largo per\u00edodo que debi\u00f3 aguardar hasta alquilar una nueva vivienda para ella y su hija.<\/p>\n<p>El hecho qued\u00f3 totalmente probado durante la investigaci\u00f3n y, por ende, el juzgado de primera instancia\u00a0<strong>sentenci\u00f3 al acusado al pago de $ 8.218.544<\/strong>, correspondiendo $ 8.000.000 en concepto de da\u00f1o moral y $ 218.544 por da\u00f1o psicol\u00f3gico, \u201c<strong>entendido como da\u00f1o patrimonial futuro y cierto consistente en el desembolso de la suma de dinero necesaria para el tratamiento a que debe someterse la v\u00edctima<\/strong>\u201d. El acusado apel\u00f3 el fallo.<\/p>\n<p>&nbsp;<\/p>\n","protected":false},"excerpt":{"rendered":"<div class=\"mh-excerpt\"><p>El hecho ocurri\u00f3 en mayo de 2023. El acusado apel\u00f3 el fallo de C\u00e1mara de Apelaciones en lo Civil y Comercial de Necochea. 11 de Febrero de 2025 NECOCHEA &#8211;\u00a0 \u00a0Lo condenaron por \u00abda\u00f1os y <a class=\"mh-excerpt-more\" href=\"https:\/\/larevistadigital.com.ar\/blog\/necochea-un-hombre-filmo-a-su-inquilina-mientras-se-banaba-y-ahora-debera-pagarle-una-indemnizacion-millonaria\/\" title=\"Necochea: un hombre film\u00f3 a su inquilina mientras se ba\u00f1aba y ahora deber\u00e1 pagarle una indemnizaci\u00f3n millonaria\">[Leer M\u00e1s]<\/a><\/p>\n<\/div>","protected":false},"author":3,"featured_media":38669,"comment_status":"open","ping_status":"open","sticky":false,"template":"","format":"standard","meta":{"_jetpack_memberships_contains_paid_content":false,"footnotes":"","jetpack_publicize_message":"","jetpack_publicize_feature_enabled":true,"jetpack_social_post_already_shared":true,"jetpack_social_options":{"image_generator_settings":{"template":"highway","default_image_id":0,"font":"","enabled":false},"version":2}},"categories":[44,51],"tags":[],"class_list":{"0":"post-38668","1":"post","2":"type-post","3":"status-publish","4":"format-standard","5":"has-post-thumbnail","7":"category-policiales","8":"category-regionales"},"jetpack_publicize_connections":[],"jetpack_featured_media_url":"https:\/\/i0.wp.com\/larevistadigital.com.ar\/blog\/wp-content\/uploads\/4fbb03f2701e390f33a3344afcf8bbe5b4e58ddb.jpg?fit=1140%2C709&ssl=1","jetpack_sharing_enabled":true,"jetpack_shortlink":"https:\/\/wp.me\/p8qtrQ-a3G","jetpack-related-posts":[{"id":30604,"url":"https:\/\/larevistadigital.com.ar\/blog\/accidente-fatal-en-la-ruta-88-murio-una-mujer-en-accidente-entre-camion-y-auto\/","url_meta":{"origin":38668,"position":0},"title":"ACCIDENTE FATAL EN LA RUTA 88: MURI\u00d3 UNA MUJER EN ACCIDENTE ENTRE CAMI\u00d3N Y AUTO","author":"Alejandro Sosa Ruda","date":"15 marzo, 2023","format":false,"excerpt":"La mujer ten\u00eda 69 a\u00f1os, y el camionero sali\u00f3 ileso. Sucedi\u00f3 en el km. 106 de la ruta que une Mar del Plata con Necochea. 15 de marzo de 2023 QUEQUEN -\u00a0 Ayer por la tarde, sucedi\u00f3 un grave accidente entre un autom\u00f3vil y un cami\u00f3n Dimex con acoplado y\u2026","rel":"","context":"En \u00abPOLICIALES\u00bb","block_context":{"text":"POLICIALES","link":"https:\/\/larevistadigital.com.ar\/blog\/category\/policiales\/"},"img":{"alt_text":"","src":"https:\/\/i0.wp.com\/larevistadigital.com.ar\/blog\/wp-content\/uploads\/0bea1e187568c0af4b2b76bab0b7884af95d3bd7.jpg?fit=1140%2C605&ssl=1&resize=350%2C200","width":350,"height":200,"srcset":"https:\/\/i0.wp.com\/larevistadigital.com.ar\/blog\/wp-content\/uploads\/0bea1e187568c0af4b2b76bab0b7884af95d3bd7.jpg?fit=1140%2C605&ssl=1&resize=350%2C200 1x, https:\/\/i0.wp.com\/larevistadigital.com.ar\/blog\/wp-content\/uploads\/0bea1e187568c0af4b2b76bab0b7884af95d3bd7.jpg?fit=1140%2C605&ssl=1&resize=525%2C300 1.5x, https:\/\/i0.wp.com\/larevistadigital.com.ar\/blog\/wp-content\/uploads\/0bea1e187568c0af4b2b76bab0b7884af95d3bd7.jpg?fit=1140%2C605&ssl=1&resize=700%2C400 2x, https:\/\/i0.wp.com\/larevistadigital.com.ar\/blog\/wp-content\/uploads\/0bea1e187568c0af4b2b76bab0b7884af95d3bd7.jpg?fit=1140%2C605&ssl=1&resize=1050%2C600 3x"},"classes":[]},{"id":38715,"url":"https:\/\/larevistadigital.com.ar\/blog\/necochea-finalmente-encontraron-sin-vida-al-joven-que-habia-desaparecido-en-el-mar\/","url_meta":{"origin":38668,"position":1},"title":"Necochea: Finalmente encontraron sin vida al joven que hab\u00eda desaparecido en el mar","author":"Alejandro Sosa Ruda","date":"16 febrero, 2025","format":false,"excerpt":"Se desarroll\u00f3 un gran operativo de b\u00fasqueda, y lamentablemente sucedi\u00f3 lo que se supon\u00eda. Estuvo 34 horas desaparecido. 16 de Febrero de 2025 NECOCHEA -\u00a0 \u00a0Luego de una intens\u00edsima b\u00fasqueda que dur\u00f3 34 horas, el joven de 22 a\u00f1os que hab\u00eda desaparecido, fue encontrado fue encontrado sin vida este domingo\u2026","rel":"","context":"En \u00abDESTACADAS\u00bb","block_context":{"text":"DESTACADAS","link":"https:\/\/larevistadigital.com.ar\/blog\/category\/destacadas\/"},"img":{"alt_text":"","src":"https:\/\/i0.wp.com\/larevistadigital.com.ar\/blog\/wp-content\/uploads\/0e020cd79a37fd474d1c860c4acf6b25a22c2fac.jpeg?fit=1140%2C759&ssl=1&resize=350%2C200","width":350,"height":200,"srcset":"https:\/\/i0.wp.com\/larevistadigital.com.ar\/blog\/wp-content\/uploads\/0e020cd79a37fd474d1c860c4acf6b25a22c2fac.jpeg?fit=1140%2C759&ssl=1&resize=350%2C200 1x, https:\/\/i0.wp.com\/larevistadigital.com.ar\/blog\/wp-content\/uploads\/0e020cd79a37fd474d1c860c4acf6b25a22c2fac.jpeg?fit=1140%2C759&ssl=1&resize=525%2C300 1.5x, https:\/\/i0.wp.com\/larevistadigital.com.ar\/blog\/wp-content\/uploads\/0e020cd79a37fd474d1c860c4acf6b25a22c2fac.jpeg?fit=1140%2C759&ssl=1&resize=700%2C400 2x, https:\/\/i0.wp.com\/larevistadigital.com.ar\/blog\/wp-content\/uploads\/0e020cd79a37fd474d1c860c4acf6b25a22c2fac.jpeg?fit=1140%2C759&ssl=1&resize=1050%2C600 3x"},"classes":[]},{"id":34465,"url":"https:\/\/larevistadigital.com.ar\/blog\/necochea-detienen-en-un-asalto-a-un-homicida-oriundo-de-mar-del-plata\/","url_meta":{"origin":38668,"position":2},"title":"NECOCHEA: DETIENEN EN UN ASALTO A UN HOMICIDA ORIUNDO DE MAR DEL PLATA","author":"Alejandro Sosa Ruda","date":"8 noviembre, 2023","format":false,"excerpt":"Se le hab\u00eda concedido el beneficio de la libertad asistida en el marco de una condena a 9 a\u00f1os por el asesinato de Mat\u00edas Garc\u00eda en 2015. 8 de noviembre de 2023 NECOCHEA-\u00a0 Nicol\u00e1s Ontivero, de 29 a\u00f1os, quien a\u00fan cumpl\u00eda con la pena impuesta por la Justicia de Mar\u2026","rel":"","context":"En \u00abPOLICIALES\u00bb","block_context":{"text":"POLICIALES","link":"https:\/\/larevistadigital.com.ar\/blog\/category\/policiales\/"},"img":{"alt_text":"","src":"https:\/\/i0.wp.com\/larevistadigital.com.ar\/blog\/wp-content\/uploads\/Captura-de-pantalla-2023-11-08-220047.png?fit=808%2C477&ssl=1&resize=350%2C200","width":350,"height":200,"srcset":"https:\/\/i0.wp.com\/larevistadigital.com.ar\/blog\/wp-content\/uploads\/Captura-de-pantalla-2023-11-08-220047.png?fit=808%2C477&ssl=1&resize=350%2C200 1x, https:\/\/i0.wp.com\/larevistadigital.com.ar\/blog\/wp-content\/uploads\/Captura-de-pantalla-2023-11-08-220047.png?fit=808%2C477&ssl=1&resize=525%2C300 1.5x, https:\/\/i0.wp.com\/larevistadigital.com.ar\/blog\/wp-content\/uploads\/Captura-de-pantalla-2023-11-08-220047.png?fit=808%2C477&ssl=1&resize=700%2C400 2x"},"classes":[]},{"id":38703,"url":"https:\/\/larevistadigital.com.ar\/blog\/busqueda-desesperada-de-un-joven-que-se-metio-al-mar-en-necochea-y-desaparecio\/","url_meta":{"origin":38668,"position":3},"title":"Busqueda desesperada de un joven que se meti\u00f3 al mar en Necochea y desapareci\u00f3","author":"Alejandro Sosa Ruda","date":"16 febrero, 2025","format":false,"excerpt":"Santiago Haedo nadaba con un amigo y fue arrastrado por las olas. Hubo un importante operativo en la zona, que sigue hoy. 16 de Febrero de 2025 NECOCHEA -\u00a0 Todo ocurri\u00f3 el s\u00e1bado, cuando Santiago Haedo, un joven de 22 a\u00f1oe ingres\u00f3 al mar con un amigo y no se\u2026","rel":"","context":"En \u00abPOLICIALES\u00bb","block_context":{"text":"POLICIALES","link":"https:\/\/larevistadigital.com.ar\/blog\/category\/policiales\/"},"img":{"alt_text":"","src":"https:\/\/i0.wp.com\/larevistadigital.com.ar\/blog\/wp-content\/uploads\/Captura-de-pantalla-2025-02-16-092911.jpg?fit=675%2C376&ssl=1&resize=350%2C200","width":350,"height":200,"srcset":"https:\/\/i0.wp.com\/larevistadigital.com.ar\/blog\/wp-content\/uploads\/Captura-de-pantalla-2025-02-16-092911.jpg?fit=675%2C376&ssl=1&resize=350%2C200 1x, https:\/\/i0.wp.com\/larevistadigital.com.ar\/blog\/wp-content\/uploads\/Captura-de-pantalla-2025-02-16-092911.jpg?fit=675%2C376&ssl=1&resize=525%2C300 1.5x"},"classes":[]},{"id":31089,"url":"https:\/\/larevistadigital.com.ar\/blog\/video-una-impactante-tromba-marina-fue-filmada-en-necochea\/","url_meta":{"origin":38668,"position":4},"title":"[VIDEO] UNA IMPACTANTE TROMBA MARINA FUE FILMADA EN NECOCHEA","author":"Alejandro Sosa Ruda","date":"17 abril, 2023","format":false,"excerpt":"Las imagenes son impactantes y se viralizaron en redes. Ac\u00e1 el video. 17 de Abril de 2023 NECOCHEA -\u00a0 El pasado lunes, los residentes de Necochea se sorprendieron con la aparici\u00f3n de una impresionante tromba marina en las costas de la ciudad. El fen\u00f3meno se manifest\u00f3 con mayor intensidad en\u2026","rel":"","context":"En \u00abREGIONALES\u00bb","block_context":{"text":"REGIONALES","link":"https:\/\/larevistadigital.com.ar\/blog\/category\/regionales\/"},"img":{"alt_text":"","src":"https:\/\/i0.wp.com\/larevistadigital.com.ar\/blog\/wp-content\/uploads\/c25ba556022ab05e26f11a92cd05b36d9ea6db0a.jpg?fit=1140%2C764&ssl=1&resize=350%2C200","width":350,"height":200,"srcset":"https:\/\/i0.wp.com\/larevistadigital.com.ar\/blog\/wp-content\/uploads\/c25ba556022ab05e26f11a92cd05b36d9ea6db0a.jpg?fit=1140%2C764&ssl=1&resize=350%2C200 1x, https:\/\/i0.wp.com\/larevistadigital.com.ar\/blog\/wp-content\/uploads\/c25ba556022ab05e26f11a92cd05b36d9ea6db0a.jpg?fit=1140%2C764&ssl=1&resize=525%2C300 1.5x, https:\/\/i0.wp.com\/larevistadigital.com.ar\/blog\/wp-content\/uploads\/c25ba556022ab05e26f11a92cd05b36d9ea6db0a.jpg?fit=1140%2C764&ssl=1&resize=700%2C400 2x, https:\/\/i0.wp.com\/larevistadigital.com.ar\/blog\/wp-content\/uploads\/c25ba556022ab05e26f11a92cd05b36d9ea6db0a.jpg?fit=1140%2C764&ssl=1&resize=1050%2C600 3x"},"classes":[]},{"id":35493,"url":"https:\/\/larevistadigital.com.ar\/blog\/video-necochea-capturan-un-puma-suelto-en-las-calles-de-la-ciudad\/","url_meta":{"origin":38668,"position":5},"title":"[VIDEO] NECOCHEA: CAPTURAN UN PUMA SUELTO EN LAS CALLES DE LA CIUDAD","author":"Alejandro Sosa Ruda","date":"10 marzo, 2024","format":false,"excerpt":"Fue durante la madrugada de este domingo. El felino de gran porte fue encerrado en el patio de una vivienda y posteriormente fue capturado por especialistas que llegaron desde Tandil, para poder transportarlo. 10 de marzo de 2024 NECOCHEA -\u00a0 Un puma suelto por las calles de Necochea fue divisado\u2026","rel":"","context":"En \u00abREGIONALES\u00bb","block_context":{"text":"REGIONALES","link":"https:\/\/larevistadigital.com.ar\/blog\/category\/regionales\/"},"img":{"alt_text":"","src":"https:\/\/i0.wp.com\/larevistadigital.com.ar\/blog\/wp-content\/uploads\/PUMA-1.png?fit=790%2C481&ssl=1&resize=350%2C200","width":350,"height":200,"srcset":"https:\/\/i0.wp.com\/larevistadigital.com.ar\/blog\/wp-content\/uploads\/PUMA-1.png?fit=790%2C481&ssl=1&resize=350%2C200 1x, https:\/\/i0.wp.com\/larevistadigital.com.ar\/blog\/wp-content\/uploads\/PUMA-1.png?fit=790%2C481&ssl=1&resize=525%2C300 1.5x, https:\/\/i0.wp.com\/larevistadigital.com.ar\/blog\/wp-content\/uploads\/PUMA-1.png?fit=790%2C481&ssl=1&resize=700%2C400 2x"},"classes":[]}],"_links":{"self":[{"href":"https:\/\/larevistadigital.com.ar\/blog\/wp-json\/wp\/v2\/posts\/38668","targetHints":{"allow":["GET"]}}],"collection":[{"href":"https:\/\/larevistadigital.com.ar\/blog\/wp-json\/wp\/v2\/posts"}],"about":[{"href":"https:\/\/larevistadigital.com.ar\/blog\/wp-json\/wp\/v2\/types\/post"}],"author":[{"embeddable":true,"href":"https:\/\/larevistadigital.com.ar\/blog\/wp-json\/wp\/v2\/users\/3"}],"replies":[{"embeddable":true,"href":"https:\/\/larevistadigital.com.ar\/blog\/wp-json\/wp\/v2\/comments?post=38668"}],"version-history":[{"count":1,"href":"https:\/\/larevistadigital.com.ar\/blog\/wp-json\/wp\/v2\/posts\/38668\/revisions"}],"predecessor-version":[{"id":38670,"href":"https:\/\/larevistadigital.com.ar\/blog\/wp-json\/wp\/v2\/posts\/38668\/revisions\/38670"}],"wp:featuredmedia":[{"embeddable":true,"href":"https:\/\/larevistadigital.com.ar\/blog\/wp-json\/wp\/v2\/media\/38669"}],"wp:attachment":[{"href":"https:\/\/larevistadigital.com.ar\/blog\/wp-json\/wp\/v2\/media?parent=38668"}],"wp:term":[{"taxonomy":"category","embeddable":true,"href":"https:\/\/larevistadigital.com.ar\/blog\/wp-json\/wp\/v2\/categories?post=38668"},{"taxonomy":"post_tag","embeddable":true,"href":"https:\/\/larevistadigital.com.ar\/blog\/wp-json\/wp\/v2\/tags?post=38668"}],"curies":[{"name":"wp","href":"https:\/\/api.w.org\/{rel}","templated":true}]}}