{"id":38889,"date":"2025-02-27T21:35:53","date_gmt":"2025-02-28T00:35:53","guid":{"rendered":"https:\/\/larevistadigital.com.ar\/blog\/?p=38889"},"modified":"2025-02-27T21:35:53","modified_gmt":"2025-02-28T00:35:53","slug":"chascomus-por-imagenes-de-monitoreo-se-logro-identificar-allanar-e-imputar-a-un-individuo-que-realizo-maniobras-peligrosas-con-su-moto","status":"publish","type":"post","link":"https:\/\/larevistadigital.com.ar\/blog\/chascomus-por-imagenes-de-monitoreo-se-logro-identificar-allanar-e-imputar-a-un-individuo-que-realizo-maniobras-peligrosas-con-su-moto\/","title":{"rendered":"Chascom\u00fas: Por imagenes de Monitoreo, se logr\u00f3 identificar, allanar e imputar a un individuo que realiz\u00f3 maniobras peligrosas con su moto"},"content":{"rendered":"<h2>El imputado, est\u00e1 acusado de atentar contra la seguridad de los vecinos por realizar maniobras temerarias con su moto.<\/h2>\n<p>27 de Febrero de 2025<\/p>\n<p><strong>CHASCOM\u00daS &#8211;<\/strong>\u00a0 En horas de la tarde y como culminaci\u00f3n de una investigaci\u00f3n iniciada por la secretaria de Seguridad respecto de personas que circulan a bordo de motocicletas realizando destrezas que atentan contra la integridad f\u00edsica de todas las personas,\u00a0 y<strong> luego de que el Laboratorio de Im\u00e1genes del Centro de Monitoreo de Chascom\u00fas aporte elementos probatorios del delito investigado,\u00a0<\/strong> personal policial de E.P.C. Chascomus 1ra. realiz\u00f3 las tareas dispuestas por la U.F.I.D. N\u00b0 9.<\/p>\n<blockquote>\n<h3>Por tal motivo, en la fecha se di\u00f3 cumplimiento a una orden de allanamiento, registro y secuestro en un domicilio de calle Garay donde se logr\u00f3 secuestrar una motocicleta 110 cc. la cual era utilizada por un joven mayor de edad para conducir de manera temeraria en las calles de esta localidad.<\/h3>\n<\/blockquote>\n<p>La investigaci\u00f3n por INF. al art. 193 bis del C.P contin\u00faa su curso <strong>con el joven imputado por ese delito<\/strong>. Se esperan m\u00e1s medidas judiciales similares ya que son muchas las investigaciones iniciadas por denuncia de la secretaria de seguridad de esta localidad.<\/p>\n","protected":false},"excerpt":{"rendered":"<div class=\"mh-excerpt\"><p>El imputado, est\u00e1 acusado de atentar contra la seguridad de los vecinos por realizar maniobras temerarias con su moto. 27 de Febrero de 2025 CHASCOM\u00daS &#8211;\u00a0 En horas de la tarde y como culminaci\u00f3n de <a class=\"mh-excerpt-more\" href=\"https:\/\/larevistadigital.com.ar\/blog\/chascomus-por-imagenes-de-monitoreo-se-logro-identificar-allanar-e-imputar-a-un-individuo-que-realizo-maniobras-peligrosas-con-su-moto\/\" title=\"Chascom\u00fas: Por imagenes de Monitoreo, se logr\u00f3 identificar, allanar e imputar a un individuo que realiz\u00f3 maniobras peligrosas con su moto\">[Leer M\u00e1s]<\/a><\/p>\n<\/div>","protected":false},"author":3,"featured_media":21648,"comment_status":"open","ping_status":"open","sticky":false,"template":"","format":"standard","meta":{"_jetpack_memberships_contains_paid_content":false,"footnotes":"","jetpack_publicize_message":"","jetpack_publicize_feature_enabled":true,"jetpack_social_post_already_shared":true,"jetpack_social_options":{"image_generator_settings":{"template":"highway","default_image_id":0,"font":"","enabled":false},"version":2}},"categories":[41,44],"tags":[],"class_list":{"0":"post-38889","1":"post","2":"type-post","3":"status-publish","4":"format-standard","5":"has-post-thumbnail","7":"category-destacadas","8":"category-policiales"},"jetpack_publicize_connections":[],"jetpack_featured_media_url":"https:\/\/i0.wp.com\/larevistadigital.com.ar\/blog\/wp-content\/uploads\/POLICIA.png?fit=1002%2C658&ssl=1","jetpack_sharing_enabled":true,"jetpack_shortlink":"https:\/\/wp.me\/p8qtrQ-a7f","jetpack-related-posts":[{"id":39058,"url":"https:\/\/larevistadigital.com.ar\/blog\/fue-citado-a-indagatoria-el-conductor-de-una-moto-que-realizaba-maniobras-peligrosas\/","url_meta":{"origin":38889,"position":0},"title":"Fue citado a indagatoria el conductor de una moto que realizaba maniobras peligrosas","author":"Alejandro Sosa Ruda","date":"22 marzo, 2025","format":false,"excerpt":"La imputaci\u00f3n surge de una denuncia de la Secretar\u00eda de Seguridad Ciudadana. 22 de Marzo de 2025 CHASCOM\u00daS -\u00a0 \u00a0La Unidad Fiscal Descentralizada N\u00b0 10, a cargo del fiscal Jonathan Robert, cit\u00f3 a indagatoria a un motociclista que realizaba maniobras de alto riesgo en la zona de la costanera de\u2026","rel":"","context":"En \u00abDESTACADAS\u00bb","block_context":{"text":"DESTACADAS","link":"https:\/\/larevistadigital.com.ar\/blog\/category\/destacadas\/"},"img":{"alt_text":"","src":"https:\/\/i0.wp.com\/larevistadigital.com.ar\/blog\/wp-content\/uploads\/67dd9dc9d963f.png?fit=668%2C445&ssl=1&resize=350%2C200","width":350,"height":200,"srcset":"https:\/\/i0.wp.com\/larevistadigital.com.ar\/blog\/wp-content\/uploads\/67dd9dc9d963f.png?fit=668%2C445&ssl=1&resize=350%2C200 1x, https:\/\/i0.wp.com\/larevistadigital.com.ar\/blog\/wp-content\/uploads\/67dd9dc9d963f.png?fit=668%2C445&ssl=1&resize=525%2C300 1.5x"},"classes":[]},{"id":41498,"url":"https:\/\/larevistadigital.com.ar\/blog\/chascomus-imputan-penalmente-a-un-joven-por-realizar-maniobras-peligrosas\/","url_meta":{"origin":38889,"position":1},"title":"Chascom\u00fas: Imputan penalmente a un joven por realizar maniobras peligrosas","author":"Alejandro Sosa Ruda","date":"18 septiembre, 2025","format":false,"excerpt":"Un joven fue citado a indagatoria tras una investigaci\u00f3n realizada con im\u00e1genes de c\u00e1maras del Centro de Monitoreo municipal. 18 de Septiembre de 2025 CHASCOM\u00daS -\u00a0 \u00a0La Fiscal\u00eda descentralizada de Chascom\u00fas, a cargo del Dr. Jonathan Robert (UFID N\u00b010), inici\u00f3 una a partir de una denuncia del director de Prevenci\u00f3n\u2026","rel":"","context":"En \u00abDESTACADAS\u00bb","block_context":{"text":"DESTACADAS","link":"https:\/\/larevistadigital.com.ar\/blog\/category\/destacadas\/"},"img":{"alt_text":"","src":"https:\/\/i0.wp.com\/larevistadigital.com.ar\/blog\/wp-content\/uploads\/68cc42715abda.png?fit=668%2C445&ssl=1&resize=350%2C200","width":350,"height":200,"srcset":"https:\/\/i0.wp.com\/larevistadigital.com.ar\/blog\/wp-content\/uploads\/68cc42715abda.png?fit=668%2C445&ssl=1&resize=350%2C200 1x, https:\/\/i0.wp.com\/larevistadigital.com.ar\/blog\/wp-content\/uploads\/68cc42715abda.png?fit=668%2C445&ssl=1&resize=525%2C300 1.5x"},"classes":[]},{"id":38065,"url":"https:\/\/larevistadigital.com.ar\/blog\/excelente-medida-se-hicieron-allanamientos-por-maniobras-peligrosas-en-moto\/","url_meta":{"origin":38889,"position":2},"title":"Excelente medida: Se hicieron allanamientos por maniobras peligrosas en moto","author":"Alejandro Sosa Ruda","date":"1 diciembre, 2024","format":false,"excerpt":"Tras detectarse las infracciones, se secuestraron veh\u00edculos y avanzan imputaciones penales contra los conductores. 01 de diciembre de 2024 CHASCOM\u00daS\u00a0 -\u00a0 En el marco de una serie de operativos destinados a erradicar las maniobras peligrosas realizadas en motocicletas, se llevaron a cabo allanamientos en los barrios La Concordia y El\u2026","rel":"","context":"En \u00abCHASCOM\u00daS\u00bb","block_context":{"text":"CHASCOM\u00daS","link":"https:\/\/larevistadigital.com.ar\/blog\/category\/chascomus\/"},"img":{"alt_text":"","src":"https:\/\/i0.wp.com\/larevistadigital.com.ar\/blog\/wp-content\/uploads\/6749f2a192325.png?fit=668%2C445&ssl=1&resize=350%2C200","width":350,"height":200,"srcset":"https:\/\/i0.wp.com\/larevistadigital.com.ar\/blog\/wp-content\/uploads\/6749f2a192325.png?fit=668%2C445&ssl=1&resize=350%2C200 1x, https:\/\/i0.wp.com\/larevistadigital.com.ar\/blog\/wp-content\/uploads\/6749f2a192325.png?fit=668%2C445&ssl=1&resize=525%2C300 1.5x"},"classes":[]},{"id":35763,"url":"https:\/\/larevistadigital.com.ar\/blog\/chascomus-denuncia-y-retencion-de-motovehiculos-a-conductores-que-realizan-maniobras-peligrosas\/","url_meta":{"origin":38889,"position":3},"title":"CHASCOM\u00daS: DENUNCIA Y RETENCI\u00d3N DE MOTOVEH\u00cdCULOS A CONDUCTORES QUE REALIZAN MANIOBRAS PELIGROSAS","author":"Alejandro Sosa Ruda","date":"5 abril, 2024","format":false,"excerpt":"La Municipalidad present\u00f3 denuncias penales contra vecinos que circulaban por la v\u00eda p\u00fablica poniendo en riesgo a otros conductores. 5 de abril de 2024 CHASCOM\u00daS -\u00a0 Las c\u00e1maras del Centro de Monitoreo captaron a un conductor que circulaba parado sobre el asiento de una motocicleta en la avenida Presidente Alfons\u00edn.\u2026","rel":"","context":"En \u00abCHASCOM\u00daS\u00bb","block_context":{"text":"CHASCOM\u00daS","link":"https:\/\/larevistadigital.com.ar\/blog\/category\/chascomus\/"},"img":{"alt_text":"","src":"https:\/\/i0.wp.com\/larevistadigital.com.ar\/blog\/wp-content\/uploads\/CENTRO-DE-MONITOREO.jpg?fit=600%2C400&ssl=1&resize=350%2C200","width":350,"height":200,"srcset":"https:\/\/i0.wp.com\/larevistadigital.com.ar\/blog\/wp-content\/uploads\/CENTRO-DE-MONITOREO.jpg?fit=600%2C400&ssl=1&resize=350%2C200 1x, https:\/\/i0.wp.com\/larevistadigital.com.ar\/blog\/wp-content\/uploads\/CENTRO-DE-MONITOREO.jpg?fit=600%2C400&ssl=1&resize=525%2C300 1.5x"},"classes":[]},{"id":42433,"url":"https:\/\/larevistadigital.com.ar\/blog\/secuestran-dos-motos-por-realizar-maniobras-peligrosas-en-el-casco-urbano-de-chascomus\/","url_meta":{"origin":38889,"position":4},"title":"Secuestran dos motos por realizar maniobras peligrosas en el casco urbano de Chascom\u00fas","author":"Alejandro Sosa Ruda","date":"8 noviembre, 2025","format":false,"excerpt":"Se lleg\u00f3 por una denuncia del municipio y con el trabajo de las C\u00e1maras del Centro de Monitoreo. 08 de Noviembre de 2025 CHASCOM\u00daS\u00a0 -\u00a0 \u00a0La SubDDI Chascom\u00fas llev\u00f3 adelante un importante operativo que culmin\u00f3 con el secuestro de dos motocicletas tipo enduro o motocross, utilizadas por sus conductores para\u2026","rel":"","context":"En \u00abCHASCOM\u00daS\u00bb","block_context":{"text":"CHASCOM\u00daS","link":"https:\/\/larevistadigital.com.ar\/blog\/category\/chascomus\/"},"img":{"alt_text":"","src":"https:\/\/i0.wp.com\/larevistadigital.com.ar\/blog\/wp-content\/uploads\/Captura-de-pantalla-2025-11-08-161024.jpg?fit=407%2C256&ssl=1&resize=350%2C200","width":350,"height":200},"classes":[]},{"id":35919,"url":"https:\/\/larevistadigital.com.ar\/blog\/35919-2\/","url_meta":{"origin":38889,"position":5},"title":"CHASCOM\u00daS DETIENEN A UN INDIVIDUO QUE CON MANIOBRAS EN SU MOTO PON\u00cdA EN PELIGRO SU VIDA Y LA DE LOS VECINOS","author":"Alejandro Sosa Ruda","date":"26 abril, 2024","format":false,"excerpt":"26 de abril de 2024 CHASCOM\u00daS -\u00a0 Hace semanas, la Patrulla de Prevenci\u00f3n Municipal de Chascom\u00fas realiz\u00f3 una denuncia penal en la que se plasm\u00f3 la Prueba Ilegal de Velocidad a bordo de un veh\u00edculo auto motor penado en el art. 193 Bis del C\u00f3digo Penal Argentino. Producto de la\u2026","rel":"","context":"En \u00abDESTACADAS\u00bb","block_context":{"text":"DESTACADAS","link":"https:\/\/larevistadigital.com.ar\/blog\/category\/destacadas\/"},"img":{"alt_text":"","src":"https:\/\/i0.wp.com\/larevistadigital.com.ar\/blog\/wp-content\/uploads\/POLICIA-4.jpg?fit=880%2C512&ssl=1&resize=350%2C200","width":350,"height":200,"srcset":"https:\/\/i0.wp.com\/larevistadigital.com.ar\/blog\/wp-content\/uploads\/POLICIA-4.jpg?fit=880%2C512&ssl=1&resize=350%2C200 1x, https:\/\/i0.wp.com\/larevistadigital.com.ar\/blog\/wp-content\/uploads\/POLICIA-4.jpg?fit=880%2C512&ssl=1&resize=525%2C300 1.5x, https:\/\/i0.wp.com\/larevistadigital.com.ar\/blog\/wp-content\/uploads\/POLICIA-4.jpg?fit=880%2C512&ssl=1&resize=700%2C400 2x"},"classes":[]}],"_links":{"self":[{"href":"https:\/\/larevistadigital.com.ar\/blog\/wp-json\/wp\/v2\/posts\/38889","targetHints":{"allow":["GET"]}}],"collection":[{"href":"https:\/\/larevistadigital.com.ar\/blog\/wp-json\/wp\/v2\/posts"}],"about":[{"href":"https:\/\/larevistadigital.com.ar\/blog\/wp-json\/wp\/v2\/types\/post"}],"author":[{"embeddable":true,"href":"https:\/\/larevistadigital.com.ar\/blog\/wp-json\/wp\/v2\/users\/3"}],"replies":[{"embeddable":true,"href":"https:\/\/larevistadigital.com.ar\/blog\/wp-json\/wp\/v2\/comments?post=38889"}],"version-history":[{"count":1,"href":"https:\/\/larevistadigital.com.ar\/blog\/wp-json\/wp\/v2\/posts\/38889\/revisions"}],"predecessor-version":[{"id":38890,"href":"https:\/\/larevistadigital.com.ar\/blog\/wp-json\/wp\/v2\/posts\/38889\/revisions\/38890"}],"wp:featuredmedia":[{"embeddable":true,"href":"https:\/\/larevistadigital.com.ar\/blog\/wp-json\/wp\/v2\/media\/21648"}],"wp:attachment":[{"href":"https:\/\/larevistadigital.com.ar\/blog\/wp-json\/wp\/v2\/media?parent=38889"}],"wp:term":[{"taxonomy":"category","embeddable":true,"href":"https:\/\/larevistadigital.com.ar\/blog\/wp-json\/wp\/v2\/categories?post=38889"},{"taxonomy":"post_tag","embeddable":true,"href":"https:\/\/larevistadigital.com.ar\/blog\/wp-json\/wp\/v2\/tags?post=38889"}],"curies":[{"name":"wp","href":"https:\/\/api.w.org\/{rel}","templated":true}]}}