{"id":389,"date":"2017-02-20T03:35:30","date_gmt":"2017-02-20T03:35:30","guid":{"rendered":"https:\/\/larevistadigital.com.ar\/blog\/?p=389"},"modified":"2017-02-22T03:38:10","modified_gmt":"2017-02-22T03:38:10","slug":"quejas-piquetes-reclamos-los-vecinos-los-cortes-agua-luz-la-plata","status":"publish","type":"post","link":"https:\/\/larevistadigital.com.ar\/blog\/quejas-piquetes-reclamos-los-vecinos-los-cortes-agua-luz-la-plata\/","title":{"rendered":"Quejas, piquetes y reclamos de los vecinos por los cortes de agua y luz en La Plata"},"content":{"rendered":"<p>Luego del temporal que provoc\u00f3 da\u00f1os en la ciudad de La Plata y deficiencias en los servicios, sobre todo el de luz, usuarios de la empresa EDELAP denunciaron que los \u201cenganchados\u201d son quienes incentivan los piquetes.<\/p>\n<p>Loa vecinos de la zona, hastiados de tantos cortes de agua y luz, decidieron tomar la calle y bloquear algunas arterias en se\u00f1al de protesta.<\/p>\n<p>Mientras tanto, desde la empresa distribuidora de energ\u00eda se asegura que solo resta solucionar el 5% del problema, pero la gente poco cree estas declaraciones.<\/p>\n<p><strong>Villa Elvira, Parque Sicardi, Villa Garibaldi, Arana, Los Hornos, San Carlos, Gambier, Romero, Altos de San Lorenzo, Olmos, Abasto, Romero, Etcheverry, Poblet,<\/strong> son algunas de las zonas que contin\u00faan sin suministro.<\/p>\n<p><strong><em>\u201cMuchos de los que arman quilombo est\u00e1n enganchados de la luz y salen a cortar las calles y los que pagan puntualmente salen a ayudar a sus vecinos\u201d<\/em><\/strong>, asegur\u00f3 un platense al portal Secciones Bonaerenses.<\/p>\n<p>A estos problemas, se suma el muy mal funcionamiento o directamente la falte de se\u00f1al en todas las empresas prestadoras del servicio de telefon\u00eda celular, con el perjuicio que esto ocasiona a los usuarios, ya que hoy en el pa\u00eds hay m\u00e1s l\u00edneas de celular que tel\u00e9fonos fijos, por lo que gran cantidad de usuarios cuentan con el celular como \u00fanico medio de comunicaci\u00f3n y se ven seriamente perjudicados en su vida social, tanto si tienen alg\u00fan tipo de urgencia, como si utilizan su m\u00f3vil por motivos de trabajo.<\/p>\n<p>Otro servicio que ya funcionaba mal, y ha empeorado a causa del \u00faltimo temporal, es el de internet, ya que a la mala se\u00f1al que nos tienen acostumbrados algunas empresas, ahora seguramente por alguna ca\u00edda de cableado u otras razones, en algunos lugares de la ciudad se hace imposible navegar por la web.<\/p>\n<p>Esto, sin dudas es muy complicado que pase en una ciudad en la que residen gran cantidad de j\u00f3venes que est\u00e1n cursando distintas carreras, ya que internet se ha tornado en algo fundamental para estudiar e investigar cosas de la facultad.<\/p>\n<p>En definitiva, un grave problema que nos afecta a todos. Ahora acrecentado por un inconveniente clim\u00e1tico, pero que desnuda el cansancio de la gente porque normalmente nada funciona como corresponde.<\/p>\n<p>&nbsp;<\/p>\n","protected":false},"excerpt":{"rendered":"<div class=\"mh-excerpt\"><p>Luego del temporal que provoc\u00f3 da\u00f1os en la ciudad de La Plata y deficiencias en los servicios, sobre todo el de luz, usuarios de la empresa EDELAP denunciaron que los \u201cenganchados\u201d son quienes incentivan los <a class=\"mh-excerpt-more\" href=\"https:\/\/larevistadigital.com.ar\/blog\/quejas-piquetes-reclamos-los-vecinos-los-cortes-agua-luz-la-plata\/\" title=\"Quejas, piquetes y reclamos de los vecinos por los cortes de agua y luz en La Plata\">[Leer M\u00e1s]<\/a><\/p>\n<\/div>","protected":false},"author":2,"featured_media":390,"comment_status":"open","ping_status":"open","sticky":false,"template":"","format":"standard","meta":{"_jetpack_memberships_contains_paid_content":false,"footnotes":"","jetpack_publicize_message":"Quejas, piquetes y reclamos de los vecinos por los cortes de agua y luz en La Plata","jetpack_publicize_feature_enabled":true,"jetpack_social_post_already_shared":true,"jetpack_social_options":{"image_generator_settings":{"template":"highway","default_image_id":0,"font":"","enabled":false},"version":2}},"categories":[12,24],"tags":[],"class_list":{"0":"post-389","1":"post","2":"type-post","3":"status-publish","4":"format-standard","5":"has-post-thumbnail","7":"category-politica","8":"category-politica-provincial"},"jetpack_publicize_connections":[],"jetpack_featured_media_url":"https:\/\/i0.wp.com\/larevistadigital.com.ar\/blog\/wp-content\/uploads\/2017\/02\/EDEL200217.jpg?fit=504%2C337&ssl=1","jetpack_sharing_enabled":true,"jetpack_shortlink":"https:\/\/wp.me\/p8qtrQ-6h","jetpack-related-posts":[{"id":7786,"url":"https:\/\/larevistadigital.com.ar\/blog\/chascomus-varios-barrios-reclaman-por-problemas-de-cortes-de-luz-y-suministro-de-agua\/","url_meta":{"origin":389,"position":0},"title":"CHASCOM\u00daS: VARIOS BARRIOS RECLAMAN POR PROBLEMAS DE CORTES DE LUZ Y SUMINISTRO DE AGUA","author":"Alejandro Sosa Ruda","date":"19 enero, 2019","format":false,"excerpt":"Durante la jornada del d\u00eda de hoy, s\u00e1bado 19 de enero, varios vecinos nos han hecho llegar su reclamo por inconvenientes ocasionados por varios cortes de energ\u00eda que en algunos casos abarcaron varios barrios, perjudicando a gran parte de la ciudad. As\u00ed llegaron mensajes a nuestra redacci\u00f3n de vecinos de\u2026","rel":"","context":"En \u00abCHASCOM\u00daS\u00bb","block_context":{"text":"CHASCOM\u00daS","link":"https:\/\/larevistadigital.com.ar\/blog\/category\/chascomus\/"},"img":{"alt_text":"","src":"https:\/\/i0.wp.com\/larevistadigital.com.ar\/blog\/wp-content\/uploads\/2019\/01\/WhatsApp-Image-2019-01-19-at-10.22.16.jpeg?fit=1200%2C900&ssl=1&resize=350%2C200","width":350,"height":200,"srcset":"https:\/\/i0.wp.com\/larevistadigital.com.ar\/blog\/wp-content\/uploads\/2019\/01\/WhatsApp-Image-2019-01-19-at-10.22.16.jpeg?fit=1200%2C900&ssl=1&resize=350%2C200 1x, https:\/\/i0.wp.com\/larevistadigital.com.ar\/blog\/wp-content\/uploads\/2019\/01\/WhatsApp-Image-2019-01-19-at-10.22.16.jpeg?fit=1200%2C900&ssl=1&resize=525%2C300 1.5x, https:\/\/i0.wp.com\/larevistadigital.com.ar\/blog\/wp-content\/uploads\/2019\/01\/WhatsApp-Image-2019-01-19-at-10.22.16.jpeg?fit=1200%2C900&ssl=1&resize=700%2C400 2x, https:\/\/i0.wp.com\/larevistadigital.com.ar\/blog\/wp-content\/uploads\/2019\/01\/WhatsApp-Image-2019-01-19-at-10.22.16.jpeg?fit=1200%2C900&ssl=1&resize=1050%2C600 3x"},"classes":[]},{"id":24256,"url":"https:\/\/larevistadigital.com.ar\/blog\/chascomus-cortes-de-luz-cambios-bruscos-en-la-tension-y-reclamos-que-no-son-escuchados-algo-que-se-repite-hace-demasiado-tiempo\/","url_meta":{"origin":389,"position":1},"title":"CHASCOM\u00daS: CORTES DE LUZ, CAMBIOS BRUSCOS EN LA TENSI\u00d3N Y RECLAMOS QUE NO SON ESCUCHADOS. ALGO QUE SE REPITE HACE DEMASIADO TIEMPO","author":"Alejandro Sosa Ruda","date":"28 febrero, 2022","format":false,"excerpt":"CHASCOM\u00daS -\u00a0\u00a0Nos contact\u00f3 por mensaje a nuestra redacci\u00f3n una vecina de Chascom\u00fas llamada Mar\u00eda que vive al otro lado de la ruta 2, sum\u00e1ndose a una innumerable cantidad de reclamos por los distintos problemas que se padecen con el servicio de EDEA y que no solo vienen de a\u00f1os, sino\u2026","rel":"","context":"En \u00abINTERES GENERAL\u00bb","block_context":{"text":"INTERES GENERAL","link":"https:\/\/larevistadigital.com.ar\/blog\/category\/interes-general\/"},"img":{"alt_text":"","src":"https:\/\/i0.wp.com\/larevistadigital.com.ar\/blog\/wp-content\/uploads\/imagepng-1.png?fit=730%2C548&ssl=1&resize=350%2C200","width":350,"height":200,"srcset":"https:\/\/i0.wp.com\/larevistadigital.com.ar\/blog\/wp-content\/uploads\/imagepng-1.png?fit=730%2C548&ssl=1&resize=350%2C200 1x, https:\/\/i0.wp.com\/larevistadigital.com.ar\/blog\/wp-content\/uploads\/imagepng-1.png?fit=730%2C548&ssl=1&resize=525%2C300 1.5x, https:\/\/i0.wp.com\/larevistadigital.com.ar\/blog\/wp-content\/uploads\/imagepng-1.png?fit=730%2C548&ssl=1&resize=700%2C400 2x"},"classes":[]},{"id":34857,"url":"https:\/\/larevistadigital.com.ar\/blog\/cortes-de-luz-comunicado-de-edea-publicado-por-el-diario-el-fuerte\/","url_meta":{"origin":389,"position":2},"title":"CORTES DE LUZ: COMUNICADO DE EDEA, PUBLICADO POR EL DIARIO EL FUERTE","author":"Alejandro Sosa Ruda","date":"17 diciembre, 2023","format":false,"excerpt":"El portal \"elfuertediario.com.arm difundi\u00f3 y comparti\u00f3 gentilmente un comunicado emitido por la empresa EDEA en relaci\u00f3n a los cortes de energ\u00eda a causa del temporal. 17 de diciembre de 2023 La Nota de El Fuerte: Desde EDEA Mar del Plata se hizo llegar un comunicado en relaci\u00f3n a los cortes\u2026","rel":"","context":"En \u00abDESTACADAS\u00bb","block_context":{"text":"DESTACADAS","link":"https:\/\/larevistadigital.com.ar\/blog\/category\/destacadas\/"},"img":{"alt_text":"","src":"https:\/\/i0.wp.com\/larevistadigital.com.ar\/blog\/wp-content\/uploads\/WhatsApp-Image-2023-12-17-at-09.58.47.jpeg?fit=1200%2C675&ssl=1&resize=350%2C200","width":350,"height":200,"srcset":"https:\/\/i0.wp.com\/larevistadigital.com.ar\/blog\/wp-content\/uploads\/WhatsApp-Image-2023-12-17-at-09.58.47.jpeg?fit=1200%2C675&ssl=1&resize=350%2C200 1x, https:\/\/i0.wp.com\/larevistadigital.com.ar\/blog\/wp-content\/uploads\/WhatsApp-Image-2023-12-17-at-09.58.47.jpeg?fit=1200%2C675&ssl=1&resize=525%2C300 1.5x, https:\/\/i0.wp.com\/larevistadigital.com.ar\/blog\/wp-content\/uploads\/WhatsApp-Image-2023-12-17-at-09.58.47.jpeg?fit=1200%2C675&ssl=1&resize=700%2C400 2x, https:\/\/i0.wp.com\/larevistadigital.com.ar\/blog\/wp-content\/uploads\/WhatsApp-Image-2023-12-17-at-09.58.47.jpeg?fit=1200%2C675&ssl=1&resize=1050%2C600 3x"},"classes":[]},{"id":30519,"url":"https:\/\/larevistadigital.com.ar\/blog\/bolivar-se-corto-la-luz-durante-12-horas-y-los-vecinos-explotaron-de-bronca\/","url_meta":{"origin":389,"position":3},"title":"BOLIVAR: SE CORT\u00d3 LA LUZ DURANTE 12 HORAS Y LOS VECINOS EXPLOTARON DE BRONCA","author":"Alejandro Sosa Ruda","date":"10 marzo, 2023","format":false,"excerpt":"M\u00e1s de 300 personas se movilizaron a la puerta de la Cooperativa El\u00e9ctrica para exigir una respuesta por parte del intendente. Hubo un trabajador agredido y pidieron por la intervenci\u00f3n de la empresa prestadora del servicio. 10 de marzo de 2023 BOLIVAR - \u00a0Cientos de vecinos de Bol\u00edvar destrozaron la\u2026","rel":"","context":"En \u00abREGIONALES\u00bb","block_context":{"text":"REGIONALES","link":"https:\/\/larevistadigital.com.ar\/blog\/category\/regionales\/"},"img":{"alt_text":"","src":"https:\/\/i0.wp.com\/larevistadigital.com.ar\/blog\/wp-content\/uploads\/20230308162519_manifes.jpg?fit=880%2C512&ssl=1&resize=350%2C200","width":350,"height":200,"srcset":"https:\/\/i0.wp.com\/larevistadigital.com.ar\/blog\/wp-content\/uploads\/20230308162519_manifes.jpg?fit=880%2C512&ssl=1&resize=350%2C200 1x, https:\/\/i0.wp.com\/larevistadigital.com.ar\/blog\/wp-content\/uploads\/20230308162519_manifes.jpg?fit=880%2C512&ssl=1&resize=525%2C300 1.5x, https:\/\/i0.wp.com\/larevistadigital.com.ar\/blog\/wp-content\/uploads\/20230308162519_manifes.jpg?fit=880%2C512&ssl=1&resize=700%2C400 2x"},"classes":[]},{"id":4371,"url":"https:\/\/larevistadigital.com.ar\/blog\/chascomus-al-calor-se-le-sumaron-problemas-la-luz-falta-agua-barrios\/","url_meta":{"origin":389,"position":4},"title":"CHASCOM\u00daS: AL CALOR, SE LE SUMARON PROBLEMAS CON LA LUZ Y FALTA DE AGUA EN ALGUNOS BARRIOS","author":"Alejandro Sosa Ruda","date":"4 enero, 2018","format":false,"excerpt":"Las altas temperaturas durante la jornada de hoy, fueron solo parte de los problemas que debieron tolerar los vecinos de Chascom\u00fas, que al parecer est\u00e1n totalmente desprotegidos ante algunas situaciones. En primer lugar, quienes viven en las cercan\u00edas del Basurero Municipal, debieron \"aspirar humo\" durante gran parte del d\u00eda por\u2026","rel":"","context":"En \u00abDESTACADAS\u00bb","block_context":{"text":"DESTACADAS","link":"https:\/\/larevistadigital.com.ar\/blog\/category\/destacadas\/"},"img":{"alt_text":"","src":"https:\/\/i0.wp.com\/larevistadigital.com.ar\/blog\/wp-content\/uploads\/2018\/01\/26165758_1654824934537610_7329404143951419528_n.jpg?fit=720%2C960&ssl=1&resize=350%2C200","width":350,"height":200,"srcset":"https:\/\/i0.wp.com\/larevistadigital.com.ar\/blog\/wp-content\/uploads\/2018\/01\/26165758_1654824934537610_7329404143951419528_n.jpg?fit=720%2C960&ssl=1&resize=350%2C200 1x, https:\/\/i0.wp.com\/larevistadigital.com.ar\/blog\/wp-content\/uploads\/2018\/01\/26165758_1654824934537610_7329404143951419528_n.jpg?fit=720%2C960&ssl=1&resize=525%2C300 1.5x, https:\/\/i0.wp.com\/larevistadigital.com.ar\/blog\/wp-content\/uploads\/2018\/01\/26165758_1654824934537610_7329404143951419528_n.jpg?fit=720%2C960&ssl=1&resize=700%2C400 2x"},"classes":[]},{"id":31752,"url":"https:\/\/larevistadigital.com.ar\/blog\/beatriz-de-leon-edea-no-retribuye-nada-en-servicios-y-deja-a-su-suerte-a-los-vecinos\/","url_meta":{"origin":389,"position":5},"title":"BEATRIZ DE LE\u00d3N: \u00abEDEA NO RETRIBUYE NADA EN SERVICIOS Y DEJA A SU SUERTE A LOS VECINOS\u00bb","author":"Alejandro Sosa Ruda","date":"26 mayo, 2023","format":false,"excerpt":"Desde ayer se producen distintos cortes de luz que tienen jaqueada a la ciudad. Son constantes y de larga duraci\u00f3n. En algunas zonas cuando vuelve el servicio, se corta de nuevo al rato. Si bien hubo un fuerte temporal por la noche, los cortes comenzaron antes, y siempre se va\u2026","rel":"","context":"En \u00abDESTACADAS\u00bb","block_context":{"text":"DESTACADAS","link":"https:\/\/larevistadigital.com.ar\/blog\/category\/destacadas\/"},"img":{"alt_text":"","src":"https:\/\/i0.wp.com\/larevistadigital.com.ar\/blog\/wp-content\/uploads\/corte-luz.jpg?fit=700%2C394&ssl=1&resize=350%2C200","width":350,"height":200,"srcset":"https:\/\/i0.wp.com\/larevistadigital.com.ar\/blog\/wp-content\/uploads\/corte-luz.jpg?fit=700%2C394&ssl=1&resize=350%2C200 1x, https:\/\/i0.wp.com\/larevistadigital.com.ar\/blog\/wp-content\/uploads\/corte-luz.jpg?fit=700%2C394&ssl=1&resize=525%2C300 1.5x, https:\/\/i0.wp.com\/larevistadigital.com.ar\/blog\/wp-content\/uploads\/corte-luz.jpg?fit=700%2C394&ssl=1&resize=700%2C400 2x"},"classes":[]}],"_links":{"self":[{"href":"https:\/\/larevistadigital.com.ar\/blog\/wp-json\/wp\/v2\/posts\/389","targetHints":{"allow":["GET"]}}],"collection":[{"href":"https:\/\/larevistadigital.com.ar\/blog\/wp-json\/wp\/v2\/posts"}],"about":[{"href":"https:\/\/larevistadigital.com.ar\/blog\/wp-json\/wp\/v2\/types\/post"}],"author":[{"embeddable":true,"href":"https:\/\/larevistadigital.com.ar\/blog\/wp-json\/wp\/v2\/users\/2"}],"replies":[{"embeddable":true,"href":"https:\/\/larevistadigital.com.ar\/blog\/wp-json\/wp\/v2\/comments?post=389"}],"version-history":[{"count":1,"href":"https:\/\/larevistadigital.com.ar\/blog\/wp-json\/wp\/v2\/posts\/389\/revisions"}],"predecessor-version":[{"id":391,"href":"https:\/\/larevistadigital.com.ar\/blog\/wp-json\/wp\/v2\/posts\/389\/revisions\/391"}],"wp:featuredmedia":[{"embeddable":true,"href":"https:\/\/larevistadigital.com.ar\/blog\/wp-json\/wp\/v2\/media\/390"}],"wp:attachment":[{"href":"https:\/\/larevistadigital.com.ar\/blog\/wp-json\/wp\/v2\/media?parent=389"}],"wp:term":[{"taxonomy":"category","embeddable":true,"href":"https:\/\/larevistadigital.com.ar\/blog\/wp-json\/wp\/v2\/categories?post=389"},{"taxonomy":"post_tag","embeddable":true,"href":"https:\/\/larevistadigital.com.ar\/blog\/wp-json\/wp\/v2\/tags?post=389"}],"curies":[{"name":"wp","href":"https:\/\/api.w.org\/{rel}","templated":true}]}}