{"id":38936,"date":"2025-03-05T15:57:29","date_gmt":"2025-03-05T18:57:29","guid":{"rendered":"https:\/\/larevistadigital.com.ar\/blog\/?p=38936"},"modified":"2025-03-05T15:58:00","modified_gmt":"2025-03-05T18:58:00","slug":"china-y-estados-unidos-tensiones-en-aumento-por-aranceles-y-defensa-militar","status":"publish","type":"post","link":"https:\/\/larevistadigital.com.ar\/blog\/china-y-estados-unidos-tensiones-en-aumento-por-aranceles-y-defensa-militar\/","title":{"rendered":"China y Estados Unidos: Tensiones en Aumento por Aranceles y Defensa Militar"},"content":{"rendered":"<h2 data-pm-slice=\"1 1 []\">Amenaza Directa de China que dice que est\u00e1 listo para cualquier tipo de guerra con EEUU<\/h2>\n<p>05 de Marzo de 2025<\/p>\n<p>El vocero del Ministerio de Exteriores de China lanz\u00f3 una contundente advertencia en su cuenta de X:<em><strong> \u201cSi lo que Estados Unidos quiere es una guerra, ya sea una guerra arancelaria, una guerra comercial o cualquier otro tipo de guerra, estamos dispuestos a luchar hasta el final\u201d<\/strong><\/em>. Esta declaraci\u00f3n, realizada tras la confirmaci\u00f3n de nuevos aranceles estadounidenses a productos chinos, eleva las tensiones entre ambas potencias y sugiere, por primera vez, un posible enfrentamiento militar.<\/p>\n<p>La medida de Estados Unidos, impulsada por el gobierno de Donald Trump, busca presionar a China para que refuerce su lucha contra el tr\u00e1fico de fentanilo. Sin embargo, el r\u00e9gimen de Xi Jinping considera que esta estrategia es solo una excusa para aumentar los aranceles y que la crisis del fentanilo en Estados Unidos es responsabilidad de Washington.<\/p>\n<h3>Disputa Comercial y la Crisis del Fentanilo<\/h3>\n<p>El Ministerio de Exteriores de China afirm\u00f3 que ha realizado esfuerzos para ayudar a Estados Unidos en la lucha contra el fentanilo, pero acusa a Washington de difamar y culpar injustamente a Beijing. Seg\u00fan la canciller\u00eda china, la imposici\u00f3n de aranceles no resolver\u00e1 el problema del consumo de drogas en Estados Unidos y solo debilitar\u00e1 la cooperaci\u00f3n bilateral en materia antinarc\u00f3ticos.<\/p>\n<p>\u201cCualquiera que ejerza la m\u00e1xima presi\u00f3n sobre China est\u00e1 eligiendo a la persona equivocada y calculando mal\u201d, advirti\u00f3 el Ministerio, dejando claro que no ceder\u00e1n ante las presiones estadounidenses.<\/p>\n<h3>Aumento del Presupuesto Militar Chino<\/h3>\n<p>China anunci\u00f3 un incremento del 7,2% en su presupuesto de defensa para este a\u00f1o, alcanzando aproximadamente 245 mil millones de d\u00f3lares. Este gasto sigue siendo el segundo m\u00e1s alto del mundo, solo por detr\u00e1s de Estados Unidos, y refleja los esfuerzos del pa\u00eds por fortalecer su ej\u00e9rcito y desafiar el liderazgo militar estadounidense en Asia.<\/p>\n<p>El Congreso Nacional Popular revel\u00f3 que este aumento se destinar\u00e1 a la modernizaci\u00f3n de su ej\u00e9rcito, incluyendo la construcci\u00f3n de un cuarto portaaviones y la expansi\u00f3n de su arsenal nuclear. Sin embargo, expertos sostienen que el gasto real podr\u00eda ser hasta un 40% mayor debido a partidas incluidas en otros presupuestos.<\/p>\n<h3>Tensi\u00f3n con Taiw\u00e1n<\/h3>\n<p>El Ej\u00e9rcito Popular de Liberaci\u00f3n ha intensificado su actividad militar en torno a Taiw\u00e1n, enviando contingentes militares cerca de la isla y realizando incursiones a\u00e9reas. Pek\u00edn reafirma su oposici\u00f3n a la independencia de Taiw\u00e1n y su determinaci\u00f3n de reunificar la isla con China continental.<\/p>\n<p>El primer ministro <strong>Li Qiang<\/strong> insisti\u00f3 en que China prefiere una soluci\u00f3n pac\u00edfica, pero advirti\u00f3 que se oponen firmemente a quienes buscan la independencia formal de Taiw\u00e1n y a sus aliados extranjeros.<\/p>\n<p>Por su parte, el ministro de Defensa de Taiw\u00e1n anunci\u00f3 que la isla aumentar\u00e1 su gasto militar ante el creciente riesgo de conflicto y el avance de la capacidad armament\u00edstica china.<\/p>\n<h3>Impacto Econ\u00f3mico y Prioridades Estrat\u00e9gicas<\/h3>\n<p>Ante una desaceleraci\u00f3n econ\u00f3mica, China ha priorizado sus objetivos estrat\u00e9gicos clave sobre las reformas sociales y econ\u00f3micas. Analistas destacan que el gobierno chino busca fortalecer su agenda tecnoindustrial y modernizar su ej\u00e9rcito en lugar de enfocarse en otros aspectos del desarrollo econ\u00f3mico.<\/p>\n<p>El presidente Xi Jinping ha impulsado reformas militares y removido a altos funcionarios dentro del ej\u00e9rcito, aunque sigue sin estar claro si estas medidas reducir\u00e1n la influencia de las fuerzas armadas en la pol\u00edtica china.<\/p>\n<h3>Perspectiva Internacional<\/h3>\n<p>El Departamento de Defensa de Estados Unidos ha se\u00f1alado que las capacidades militares chinas est\u00e1n dise\u00f1adas para proyectar poder m\u00e1s all\u00e1 de sus fronteras inmediatas. Pek\u00edn, por su parte, insiste en que su desarrollo militar es de naturaleza defensiva y no busca la hegemon\u00eda global.<\/p>\n<p>Las crecientes tensiones entre China y Estados Unidos, tanto en el \u00e1mbito comercial como militar, contin\u00faan generando preocupaci\u00f3n internacional. La posibilidad de un conflicto directo sigue siendo baja, pero la escalada de declaraciones y acciones estrat\u00e9gicas indica un escenario de creciente rivalidad entre ambas potencias.<\/p>\n<p>&nbsp;<\/p>\n","protected":false},"excerpt":{"rendered":"<div class=\"mh-excerpt\"><p>Amenaza Directa de China que dice que est\u00e1 listo para cualquier tipo de guerra con EEUU 05 de Marzo de 2025 El vocero del Ministerio de Exteriores de China lanz\u00f3 una contundente advertencia en su <a class=\"mh-excerpt-more\" href=\"https:\/\/larevistadigital.com.ar\/blog\/china-y-estados-unidos-tensiones-en-aumento-por-aranceles-y-defensa-militar\/\" title=\"China y Estados Unidos: Tensiones en Aumento por Aranceles y Defensa Militar\">[Leer M\u00e1s]<\/a><\/p>\n<\/div>","protected":false},"author":3,"featured_media":38937,"comment_status":"open","ping_status":"open","sticky":false,"template":"","format":"standard","meta":{"_jetpack_memberships_contains_paid_content":false,"footnotes":"","jetpack_publicize_message":"","jetpack_publicize_feature_enabled":true,"jetpack_social_post_already_shared":true,"jetpack_social_options":{"image_generator_settings":{"template":"highway","default_image_id":0,"font":"","enabled":false},"version":2}},"categories":[41],"tags":[],"class_list":{"0":"post-38936","1":"post","2":"type-post","3":"status-publish","4":"format-standard","5":"has-post-thumbnail","7":"category-destacadas"},"jetpack_publicize_connections":[],"jetpack_featured_media_url":"https:\/\/i0.wp.com\/larevistadigital.com.ar\/blog\/wp-content\/uploads\/Captura-de-pantalla-2025-03-05-155535.jpg?fit=689%2C366&ssl=1","jetpack_sharing_enabled":true,"jetpack_shortlink":"https:\/\/wp.me\/p8qtrQ-a80","jetpack-related-posts":[{"id":12209,"url":"https:\/\/larevistadigital.com.ar\/blog\/iran-alerta-que-esta-lista-para-la-guerra-o-cualquier-escenario\/","url_meta":{"origin":38936,"position":0},"title":"IR\u00c1N ALERTA QUE EST\u00c1 LISTA PARA LA GUERRA O \u00abCUALQUIER ESCENARIO\u00bb","author":"Alejandro Sosa Ruda","date":"21 septiembre, 2019","format":false,"excerpt":"La tensi\u00f3n entre el pa\u00eds isl\u00e1mico y Estados Unidos sigue en aumento, tras el abandono por parte de Washington del acuerdo nuclear y luego del ataque contra un sitio petrolero saudita. La Guardia Revolucionaria iran\u00ed asegur\u00f3 hoy que est\u00e1 preparada para el combate o para \"cualquier escenario\" que se presente\u2026","rel":"","context":"En \u00abINTERES GENERAL\u00bb","block_context":{"text":"INTERES GENERAL","link":"https:\/\/larevistadigital.com.ar\/blog\/category\/interes-general\/"},"img":{"alt_text":"","src":"https:\/\/i0.wp.com\/larevistadigital.com.ar\/blog\/wp-content\/uploads\/5cab8058a72e2_1004x565.jpg?fit=1004%2C565&ssl=1&resize=350%2C200","width":350,"height":200,"srcset":"https:\/\/i0.wp.com\/larevistadigital.com.ar\/blog\/wp-content\/uploads\/5cab8058a72e2_1004x565.jpg?fit=1004%2C565&ssl=1&resize=350%2C200 1x, https:\/\/i0.wp.com\/larevistadigital.com.ar\/blog\/wp-content\/uploads\/5cab8058a72e2_1004x565.jpg?fit=1004%2C565&ssl=1&resize=525%2C300 1.5x, https:\/\/i0.wp.com\/larevistadigital.com.ar\/blog\/wp-content\/uploads\/5cab8058a72e2_1004x565.jpg?fit=1004%2C565&ssl=1&resize=700%2C400 2x"},"classes":[]},{"id":44976,"url":"https:\/\/larevistadigital.com.ar\/blog\/la-locura-de-la-guerra-cuando-se-amenaza-con-borrar-una-civilizacion\/","url_meta":{"origin":38936,"position":1},"title":"La locura de la guerra: cuando se amenaza con borrar una civilizaci\u00f3n","author":"Alejandro Sosa Ruda","date":"7 abril, 2026","format":false,"excerpt":"La escalada entre Estados Unidos e Ir\u00e1n alcanz\u00f3 un punto l\u00edmite: amenazas de destrucci\u00f3n total, ataques sobre infraestructura cr\u00edtica y una respuesta que anticipa una guerra sin fronteras. El resultado es uno solo: todos pierden. 07 de abril de 2026 El presidente de Estados Unidos, Donald Trump, lanz\u00f3 una advertencia\u2026","rel":"","context":"En \u00abINTERES GENERAL\u00bb","block_context":{"text":"INTERES GENERAL","link":"https:\/\/larevistadigital.com.ar\/blog\/category\/interes-general\/"},"img":{"alt_text":"","src":"https:\/\/i0.wp.com\/larevistadigital.com.ar\/blog\/wp-content\/uploads\/El-rostro-de-la-tension-belica-e1775584362505.png?fit=1024%2C850&ssl=1&resize=350%2C200","width":350,"height":200,"srcset":"https:\/\/i0.wp.com\/larevistadigital.com.ar\/blog\/wp-content\/uploads\/El-rostro-de-la-tension-belica-e1775584362505.png?fit=1024%2C850&ssl=1&resize=350%2C200 1x, https:\/\/i0.wp.com\/larevistadigital.com.ar\/blog\/wp-content\/uploads\/El-rostro-de-la-tension-belica-e1775584362505.png?fit=1024%2C850&ssl=1&resize=525%2C300 1.5x, https:\/\/i0.wp.com\/larevistadigital.com.ar\/blog\/wp-content\/uploads\/El-rostro-de-la-tension-belica-e1775584362505.png?fit=1024%2C850&ssl=1&resize=700%2C400 2x"},"classes":[]},{"id":45310,"url":"https:\/\/larevistadigital.com.ar\/blog\/giro-historico-estados-unidos-evalua-dejar-de-respaldar-a-reino-unido-por-malvinas\/","url_meta":{"origin":38936,"position":2},"title":"Giro hist\u00f3rico: Estados Unidos eval\u00faa dejar de respaldar a Reino Unido por Malvinas","author":"Alejandro Sosa Ruda","date":"24 abril, 2026","format":false,"excerpt":"Un documento del Pent\u00e1gono abre la posibilidad de un cambio geopol\u00edtico clave. La medida estar\u00eda vinculada a tensiones por la guerra con Ir\u00e1n y podr\u00eda reconfigurar el conflicto por la soberan\u00eda. 24 de abril de 2026 Un movimiento inesperado sacude el escenario internacional y vuelve a poner a las Islas\u2026","rel":"","context":"En \u00abINTERES GENERAL\u00bb","block_context":{"text":"INTERES GENERAL","link":"https:\/\/larevistadigital.com.ar\/blog\/category\/interes-general\/"},"img":{"alt_text":"","src":"https:\/\/i0.wp.com\/larevistadigital.com.ar\/blog\/wp-content\/uploads\/Captura-de-pantalla-2026-04-24-135929.jpg?fit=654%2C432&ssl=1&resize=350%2C200","width":350,"height":200,"srcset":"https:\/\/i0.wp.com\/larevistadigital.com.ar\/blog\/wp-content\/uploads\/Captura-de-pantalla-2026-04-24-135929.jpg?fit=654%2C432&ssl=1&resize=350%2C200 1x, https:\/\/i0.wp.com\/larevistadigital.com.ar\/blog\/wp-content\/uploads\/Captura-de-pantalla-2026-04-24-135929.jpg?fit=654%2C432&ssl=1&resize=525%2C300 1.5x"},"classes":[]},{"id":8604,"url":"https:\/\/larevistadigital.com.ar\/blog\/peligro-de-guerra-mundial-putin-amenazo-a-eeuu-de-apuntar-sus-misiles-hacia-ellos-si-washington-despliega-sus-misiles-en-europa\/","url_meta":{"origin":38936,"position":3},"title":"PELIGRO DE GUERRA MUNDIAL: PUT\u00cdN AMENAZ\u00d3 A EEUU DE APUNTAR SUS MISILES HACIA ELLOS, SI WASHINGTON DESPLIEGA SUS MISILES EN EUROPA","author":"Alejandro Sosa Ruda","date":"20 febrero, 2019","format":false,"excerpt":"El mandatario lanz\u00f3 un desaf\u00edo militar durante su discurso anual ante el Parlamento y anunci\u00f3 un nuevo misil hipers\u00f3nico. \"\u00bfLos estadounidenses saben contar? Deber\u00edan calcular las armas que tiene Rusia\", exclam\u00f3 El presidente ruso, Vlad\u00edmir Putin, advirti\u00f3 este mi\u00e9rcoles a Estados Unidos de que, en caso de que despliegue en\u2026","rel":"","context":"En \u00abPOLITICA\u00bb","block_context":{"text":"POLITICA","link":"https:\/\/larevistadigital.com.ar\/blog\/category\/politica\/"},"img":{"alt_text":"","src":"https:\/\/i0.wp.com\/larevistadigital.com.ar\/blog\/wp-content\/uploads\/2019\/02\/descarga-1.jpg?fit=1200%2C675&ssl=1&resize=350%2C200","width":350,"height":200,"srcset":"https:\/\/i0.wp.com\/larevistadigital.com.ar\/blog\/wp-content\/uploads\/2019\/02\/descarga-1.jpg?fit=1200%2C675&ssl=1&resize=350%2C200 1x, https:\/\/i0.wp.com\/larevistadigital.com.ar\/blog\/wp-content\/uploads\/2019\/02\/descarga-1.jpg?fit=1200%2C675&ssl=1&resize=525%2C300 1.5x, https:\/\/i0.wp.com\/larevistadigital.com.ar\/blog\/wp-content\/uploads\/2019\/02\/descarga-1.jpg?fit=1200%2C675&ssl=1&resize=700%2C400 2x, https:\/\/i0.wp.com\/larevistadigital.com.ar\/blog\/wp-content\/uploads\/2019\/02\/descarga-1.jpg?fit=1200%2C675&ssl=1&resize=1050%2C600 3x"},"classes":[]},{"id":45231,"url":"https:\/\/larevistadigital.com.ar\/blog\/milei-firma-convenios-con-israel-y-justifica-la-guerra-es-lo-correcto\/","url_meta":{"origin":38936,"position":4},"title":"Milei firma convenios con Israel y justifica la guerra: \u201cEs lo correcto\u201d","author":"Alejandro Sosa Ruda","date":"20 abril, 2026","format":false,"excerpt":"En su tercera visita oficial, el Presidente rubric\u00f3 tres memorandos y expres\u00f3 su respaldo a la ofensiva liderada por Israel y Estados Unidos. 20 de abril de 2026 En su tercera visita oficial al Estado de Israel, el presidente\u00a0Javier Milei\u00a0encabez\u00f3 en Jerusal\u00e9n la firma de tres memorandos de entendimiento bilaterales\u2026","rel":"","context":"En \u00abINTERES GENERAL\u00bb","block_context":{"text":"INTERES GENERAL","link":"https:\/\/larevistadigital.com.ar\/blog\/category\/interes-general\/"},"img":{"alt_text":"","src":"https:\/\/i0.wp.com\/larevistadigital.com.ar\/blog\/wp-content\/uploads\/Captura-de-pantalla-2026-04-20-232229.jpg?fit=856%2C541&ssl=1&resize=350%2C200","width":350,"height":200,"srcset":"https:\/\/i0.wp.com\/larevistadigital.com.ar\/blog\/wp-content\/uploads\/Captura-de-pantalla-2026-04-20-232229.jpg?fit=856%2C541&ssl=1&resize=350%2C200 1x, https:\/\/i0.wp.com\/larevistadigital.com.ar\/blog\/wp-content\/uploads\/Captura-de-pantalla-2026-04-20-232229.jpg?fit=856%2C541&ssl=1&resize=525%2C300 1.5x, https:\/\/i0.wp.com\/larevistadigital.com.ar\/blog\/wp-content\/uploads\/Captura-de-pantalla-2026-04-20-232229.jpg?fit=856%2C541&ssl=1&resize=700%2C400 2x"},"classes":[]},{"id":40157,"url":"https:\/\/larevistadigital.com.ar\/blog\/a-traves-de-sus-redes-donald-trump-anuncio-el-fin-de-la-guerra-entre-iran-e-israel\/","url_meta":{"origin":38936,"position":5},"title":"A trav\u00e9s de sus redes, Donald Trump anunci\u00f3 el fin de la guerra entre Iran e Israel","author":"Alejandro Sosa Ruda","date":"23 junio, 2025","format":false,"excerpt":"El presidente de Estados Unidos, Donald Trump, anunci\u00f3 este lunes a trav\u00e9s de la red social Truth un cese del fuego \u201ctotal y completo\u201d entre Israel e Ir\u00e1n, que se extender\u00e1 inicialmente por 12 horas. 23 denJunio de 2023 Seg\u00fan inform\u00f3 el propio mandatario, se trata de un principio de\u2026","rel":"","context":"En \u00abDESTACADAS\u00bb","block_context":{"text":"DESTACADAS","link":"https:\/\/larevistadigital.com.ar\/blog\/category\/destacadas\/"},"img":{"alt_text":"","src":"https:\/\/i0.wp.com\/larevistadigital.com.ar\/blog\/wp-content\/uploads\/Captura-de-pantalla-2025-06-23-200526.jpg?fit=1097%2C519&ssl=1&resize=350%2C200","width":350,"height":200,"srcset":"https:\/\/i0.wp.com\/larevistadigital.com.ar\/blog\/wp-content\/uploads\/Captura-de-pantalla-2025-06-23-200526.jpg?fit=1097%2C519&ssl=1&resize=350%2C200 1x, https:\/\/i0.wp.com\/larevistadigital.com.ar\/blog\/wp-content\/uploads\/Captura-de-pantalla-2025-06-23-200526.jpg?fit=1097%2C519&ssl=1&resize=525%2C300 1.5x, https:\/\/i0.wp.com\/larevistadigital.com.ar\/blog\/wp-content\/uploads\/Captura-de-pantalla-2025-06-23-200526.jpg?fit=1097%2C519&ssl=1&resize=700%2C400 2x, https:\/\/i0.wp.com\/larevistadigital.com.ar\/blog\/wp-content\/uploads\/Captura-de-pantalla-2025-06-23-200526.jpg?fit=1097%2C519&ssl=1&resize=1050%2C600 3x"},"classes":[]}],"_links":{"self":[{"href":"https:\/\/larevistadigital.com.ar\/blog\/wp-json\/wp\/v2\/posts\/38936","targetHints":{"allow":["GET"]}}],"collection":[{"href":"https:\/\/larevistadigital.com.ar\/blog\/wp-json\/wp\/v2\/posts"}],"about":[{"href":"https:\/\/larevistadigital.com.ar\/blog\/wp-json\/wp\/v2\/types\/post"}],"author":[{"embeddable":true,"href":"https:\/\/larevistadigital.com.ar\/blog\/wp-json\/wp\/v2\/users\/3"}],"replies":[{"embeddable":true,"href":"https:\/\/larevistadigital.com.ar\/blog\/wp-json\/wp\/v2\/comments?post=38936"}],"version-history":[{"count":1,"href":"https:\/\/larevistadigital.com.ar\/blog\/wp-json\/wp\/v2\/posts\/38936\/revisions"}],"predecessor-version":[{"id":38938,"href":"https:\/\/larevistadigital.com.ar\/blog\/wp-json\/wp\/v2\/posts\/38936\/revisions\/38938"}],"wp:featuredmedia":[{"embeddable":true,"href":"https:\/\/larevistadigital.com.ar\/blog\/wp-json\/wp\/v2\/media\/38937"}],"wp:attachment":[{"href":"https:\/\/larevistadigital.com.ar\/blog\/wp-json\/wp\/v2\/media?parent=38936"}],"wp:term":[{"taxonomy":"category","embeddable":true,"href":"https:\/\/larevistadigital.com.ar\/blog\/wp-json\/wp\/v2\/categories?post=38936"},{"taxonomy":"post_tag","embeddable":true,"href":"https:\/\/larevistadigital.com.ar\/blog\/wp-json\/wp\/v2\/tags?post=38936"}],"curies":[{"name":"wp","href":"https:\/\/api.w.org\/{rel}","templated":true}]}}