{"id":38940,"date":"2025-03-06T15:47:53","date_gmt":"2025-03-06T18:47:53","guid":{"rendered":"https:\/\/larevistadigital.com.ar\/blog\/?p=38940"},"modified":"2025-03-06T15:47:53","modified_gmt":"2025-03-06T18:47:53","slug":"un-predio-ocupado-ilegalmente-desde-2021-por-mapuches-vuelve-a-su-legitimo-propietario","status":"publish","type":"post","link":"https:\/\/larevistadigital.com.ar\/blog\/un-predio-ocupado-ilegalmente-desde-2021-por-mapuches-vuelve-a-su-legitimo-propietario\/","title":{"rendered":"Un predio ocupado ilegalmente desde 2021 por Mapuches, vuelve a su leg\u00edtimo propietario"},"content":{"rendered":"<article class=\"w-full text-token-text-primary focus-visible:outline-2 focus-visible:outline-offset-[-4px]\" dir=\"auto\" data-testid=\"conversation-turn-103\" data-scroll-anchor=\"true\">\n<div class=\"text-base my-auto mx-auto py-[18px] px-6\">\n<div class=\"mx-auto flex flex-1 text-base gap-4 md:gap-5 lg:gap-6 md:max-w-3xl\">\n<div class=\"group\/conversation-turn relative flex w-full min-w-0 flex-col agent-turn @xs\/thread:px-0 @sm\/thread:px-1.5 @md\/thread:px-4\">\n<div class=\"flex-col gap-1 md:gap-3\">\n<div class=\"flex max-w-full flex-col flex-grow\">\n<div class=\"min-h-8 text-message relative flex w-full flex-col items-end gap-2 whitespace-normal break-words text-start [.text-message+&amp;]:mt-5\" dir=\"auto\" data-message-author-role=\"assistant\" data-message-id=\"651279af-5da2-4eeb-8337-0f99a21bcdba\" data-message-model-slug=\"gpt-4o\">\n<div class=\"flex w-full flex-col gap-1 empty:hidden first:pt-[3px]\">\n<div class=\"markdown prose w-full break-words dark:prose-invert light\">\n<h2 data-start=\"289\" data-end=\"636\">Luego de dos largos a\u00f1os de tomado el predio por supuestos Mapuches, la justicia hizo que premie la cordura y que se retiren los usurpadores.<\/h2>\n<p data-start=\"289\" data-end=\"636\">06 de Marzo de 2025<\/p>\n<p data-start=\"289\" data-end=\"636\"><span><strong>R\u00cdO NEGRO &#8211;<\/strong>\u00a0 El gobierno de R\u00edo Negro concret\u00f3 hoy el desalojo de un predio forestal ubicado entre Bariloche y El Bols\u00f3n, ocupado ilegalmente desde 2021 por la comunidad autoproclamada mapuche <strong>Lof Quemquemtreu<\/strong>. El grupo ingres\u00f3 al terreno <strong><em>alegando una supuesta \u00abrecuperaci\u00f3n de tierras ancestrales\u00bb, pero la Justicia determin\u00f3 que se trat\u00f3 de una usurpaci\u00f3n.<\/em><\/strong><\/span><\/p>\n<p data-start=\"638\" data-end=\"921\"><span>El plazo para que los ocupantes abandonen el lugar de manera voluntaria venci\u00f3 el pasado fin de semana. Ante la negativa de los usurpadores, la Polic\u00eda de R\u00edo Negro ejecut\u00f3 este jueves la orden judicial de desalojo. Sin embargo, los ocupantes ya hab\u00edan huido antes del operativo.<\/span><\/p>\n<h3 data-start=\"923\" data-end=\"982\"><span style=\"color: #ff0000\"><strong data-start=\"927\" data-end=\"980\">Una ocupaci\u00f3n ilegal disfrazada de reivindicaci\u00f3n<\/strong><\/span><\/h3>\n<p data-start=\"984\" data-end=\"1239\"><span>El terreno en cuesti\u00f3n pertenece al empresario forestal <strong>Rolando Rocco<\/strong>, quien desde 1981 desarrolla actividades productivas en la zona. La comunidad mapuche <strong>irrumpi\u00f3 en el lugar el 18 de septiembre de 2021, ocupando dos lotes y bloqueando su explotaci\u00f3n.<\/strong><\/span><\/p>\n<blockquote>\n<h3 data-start=\"1241\" data-end=\"1623\"><span>Desde el inicio, la usurpaci\u00f3n fue presentada por el grupo como una \u00abrecuperaci\u00f3n ancestral\u00bb, pero la Justicia fall\u00f3 en contra de los ocupantes. Se constituye que Rocco era el leg\u00edtimo poseedor y que su derecho fue violentado por la intrusi\u00f3n. Tres miembros de la comunidad fueron condenados a un a\u00f1o y seis meses de prisi\u00f3n en suspenso, mientras que otros tres fueron sobrese\u00eddos.<\/span><\/h3>\n<\/blockquote>\n<p data-start=\"1625\" data-end=\"1871\"><span>La ocupaci\u00f3n no solo gener\u00f3 conflictos legales, sino que tambi\u00e9n tuvo episodios violentos. En el predio ocurri\u00f3 el asesinato de <strong>El\u00edas Garay<\/strong>, integrante de la <strong>Lof Quemquemtreu<\/strong>, crimen por el que fueron condenados dos socios comerciales de <strong>Rocco<\/strong>.<\/span><\/p>\n<h3 data-start=\"1873\" data-end=\"1929\"><span style=\"color: #ff0000\"><strong data-start=\"1877\" data-end=\"1927\">El avance de los grupos mapuches radicalizados<\/strong><\/span><\/h3>\n<p data-start=\"1931\" data-end=\"2271\"><span>La comunidad <strong>Lof Quemquemtreu<\/strong> ha mantenido v\u00ednculos con otros grupos radicalizados, como la <strong>Lafken Winkul Mapu<\/strong>, <strong>conocida por sus ocupaciones violentas en Villa Mascardi<\/strong>. Incluso se sospecha que en este predio estuvo oculto <strong>Facundo Jones Huala<\/strong>, l\u00edder de la Resistencia Ancestral Mapuche (RAM), mientras era buscado por la Justicia chilena.<\/span><\/p>\n<blockquote>\n<h3 data-start=\"2273\" data-end=\"2566\"><span>Los ocupantes destruyeron parte del bosque, derribando \u00e1rboles para construir estructuras precarias y colocando pancartas con consignas de su grupo. Tambi\u00e9n exigieron reiteradamente negociaciones con el gobierno provincial, pero sin dejar de lado su objetivo final: consolidar la usurpaci\u00f3n.<\/span><\/h3>\n<\/blockquote>\n<h3 data-start=\"2568\" data-end=\"2635\"><span style=\"color: #ff0000\"><strong data-start=\"2572\" data-end=\"2633\">Un conflicto reiterado y una justicia que tarda en actuar<\/strong><\/span><\/h3>\n<p data-start=\"2637\" data-end=\"2899\"><span>El desalojo de este jueves marca el final de otra toma ilegal, pero no es un caso aislado. En enero ocurri\u00f3 una situaci\u00f3n similar en el Parque Nacional Los Alerces, donde otro grupo mapuche abandon\u00f3 la usurpaci\u00f3n antes del ingreso de las fuerzas de seguridad.<\/span><\/p>\n<blockquote>\n<h3 data-start=\"2901\" data-end=\"3167\"><span>A pesar de los reiterados fallos judiciales en contra de estas ocupaciones, la reacci\u00f3n del Estado suele ser tard\u00eda. En este caso, la usurpaci\u00f3n se extendi\u00f3 por m\u00e1s de dos a\u00f1os antes de que la Justicia ordenara la restituci\u00f3n del terreno a su leg\u00edtimo propietario.<\/span><\/h3>\n<\/blockquote>\n<p data-start=\"3169\" data-end=\"3437\"><span><em><strong>Los autodenominados \u00abpueblos originarios\u00bb han utilizado el discurso de la recuperaci\u00f3n ancestral como excusa para apropiarse de tierras privadas.<\/strong><\/em> Sin embargo, en la mayor\u00eda de los casos, estos grupos no pueden demostrar v\u00ednculos hist\u00f3ricos con los terrenos ocupados.<\/span><\/p>\n<p data-start=\"3439\" data-end=\"3578\" data-is-last-node=\"\" data-is-only-node=\"\"><span>El desalojo de hoy es un paso m\u00e1s en la recuperaci\u00f3n del orden legal en la Patagonia, pero la amenaza de nuevas usurpaciones sigue latente.<\/span><\/p>\n<p data-start=\"3439\" data-end=\"3578\" data-is-last-node=\"\" data-is-only-node=\"\">fuente\/imagen: Infobae<\/p>\n<\/div>\n<\/div>\n<\/div>\n<\/div>\n<\/div>\n<\/div>\n<\/div>\n<\/div>\n<\/article>\n<div class=\"pointer-events-none h-px w-px\" aria-hidden=\"true\" data-edge=\"true\"><\/div>\n","protected":false},"excerpt":{"rendered":"<div class=\"mh-excerpt\"><p>Luego de dos largos a\u00f1os de tomado el predio por supuestos Mapuches, la justicia hizo que premie la cordura y que se retiren los usurpadores. 06 de Marzo de 2025 R\u00cdO NEGRO &#8211;\u00a0 El gobierno <a class=\"mh-excerpt-more\" href=\"https:\/\/larevistadigital.com.ar\/blog\/un-predio-ocupado-ilegalmente-desde-2021-por-mapuches-vuelve-a-su-legitimo-propietario\/\" title=\"Un predio ocupado ilegalmente desde 2021 por Mapuches, vuelve a su leg\u00edtimo propietario\">[Leer M\u00e1s]<\/a><\/p>\n<\/div>","protected":false},"author":3,"featured_media":38941,"comment_status":"open","ping_status":"open","sticky":false,"template":"","format":"standard","meta":{"_jetpack_memberships_contains_paid_content":false,"footnotes":"","jetpack_publicize_message":"","jetpack_publicize_feature_enabled":true,"jetpack_social_post_already_shared":true,"jetpack_social_options":{"image_generator_settings":{"template":"highway","default_image_id":0,"font":"","enabled":false},"version":2}},"categories":[50,44],"tags":[],"class_list":{"0":"post-38940","1":"post","2":"type-post","3":"status-publish","4":"format-standard","5":"has-post-thumbnail","7":"category-interes-general","8":"category-policiales"},"jetpack_publicize_connections":[],"jetpack_featured_media_url":"https:\/\/i0.wp.com\/larevistadigital.com.ar\/blog\/wp-content\/uploads\/Captura-de-pantalla-2025-03-06-154309.jpg?fit=678%2C392&ssl=1","jetpack_sharing_enabled":true,"jetpack_shortlink":"https:\/\/wp.me\/p8qtrQ-a84","jetpack-related-posts":[{"id":18449,"url":"https:\/\/larevistadigital.com.ar\/blog\/toma-en-villa-mascardi-vecinos-denuncian-a-los-okupas-mapuches-por-venta-ilegal-de-lena\/","url_meta":{"origin":38940,"position":0},"title":"TOMA EN VILLA MASCARDI: VECINOS DENUNCIAN A LOS OKUPAS MAPUCHES POR VENTA ILEGAL DE LE\u00d1A","author":"Alejandro Sosa Ruda","date":"3 enero, 2021","format":false,"excerpt":"Los vecinos de la zona denunciaron semanas atr\u00e1s la tala con motosierras dentro del predio tomado por la lof Laftken Winkul Mapu. Ahora, la ofrecen a la venta para quienes van a pasar el d\u00eda Vecinos de Villa Mascardi denunciaron la venta de le\u00f1a ilegal parte de la comunidad mapuche\u2026","rel":"","context":"En \u00abINTERES GENERAL\u00bb","block_context":{"text":"INTERES GENERAL","link":"https:\/\/larevistadigital.com.ar\/blog\/category\/interes-general\/"},"img":{"alt_text":"","src":"https:\/\/i0.wp.com\/larevistadigital.com.ar\/blog\/wp-content\/uploads\/Screenshot_1-189.jpg?fit=1157%2C574&ssl=1&resize=350%2C200","width":350,"height":200,"srcset":"https:\/\/i0.wp.com\/larevistadigital.com.ar\/blog\/wp-content\/uploads\/Screenshot_1-189.jpg?fit=1157%2C574&ssl=1&resize=350%2C200 1x, https:\/\/i0.wp.com\/larevistadigital.com.ar\/blog\/wp-content\/uploads\/Screenshot_1-189.jpg?fit=1157%2C574&ssl=1&resize=525%2C300 1.5x, https:\/\/i0.wp.com\/larevistadigital.com.ar\/blog\/wp-content\/uploads\/Screenshot_1-189.jpg?fit=1157%2C574&ssl=1&resize=700%2C400 2x, https:\/\/i0.wp.com\/larevistadigital.com.ar\/blog\/wp-content\/uploads\/Screenshot_1-189.jpg?fit=1157%2C574&ssl=1&resize=1050%2C600 3x"},"classes":[]},{"id":28254,"url":"https:\/\/larevistadigital.com.ar\/blog\/vecinos-aterrados-en-villa-mascardi-nos-dormimos-pensando-que-vamos-a-despertar-con-nuestra-casa-en-llamas\/","url_meta":{"origin":38940,"position":1},"title":"VECINOS ATERRADOS EN VILLA MASCARDI: \u00abNOS DORMIMOS PENSANDO QUE VAMOS A DESPERTAR CON NUESTRA CASA EN LLAMAS\u00bb","author":"Alejandro Sosa Ruda","date":"4 octubre, 2022","format":false,"excerpt":"Luego de los ataques terroristas mapuches, los habitantes de la zona lamentaron tener que vivir \u201ca merced del accionar de los encapuchados, que ya demostraron que tienen intenciones de ir por todo\u201d. VILLA MASCARDI -\u00a0 Los vecinos de Villa Mascardi, vienen sufriendo distintas situaciones de violencia por los autoproclamados Mapuches,\u2026","rel":"","context":"En \u00abINTERES GENERAL\u00bb","block_context":{"text":"INTERES GENERAL","link":"https:\/\/larevistadigital.com.ar\/blog\/category\/interes-general\/"},"img":{"alt_text":"","src":"https:\/\/i0.wp.com\/larevistadigital.com.ar\/blog\/wp-content\/uploads\/63574c40-702a-5168-9104-2e2c81d318da_low.jpg?fit=640%2C288&ssl=1&resize=350%2C200","width":350,"height":200,"srcset":"https:\/\/i0.wp.com\/larevistadigital.com.ar\/blog\/wp-content\/uploads\/63574c40-702a-5168-9104-2e2c81d318da_low.jpg?fit=640%2C288&ssl=1&resize=350%2C200 1x, https:\/\/i0.wp.com\/larevistadigital.com.ar\/blog\/wp-content\/uploads\/63574c40-702a-5168-9104-2e2c81d318da_low.jpg?fit=640%2C288&ssl=1&resize=525%2C300 1.5x"},"classes":[]},{"id":28214,"url":"https:\/\/larevistadigital.com.ar\/blog\/vecinos-de-villa-mascardi-marcharon-para-pedir-el-fin-de-las-usurpaciones-mapuches\/","url_meta":{"origin":38940,"position":2},"title":"VECINOS DE VILLA MASCARDI, MARCHARON PARA PEDIR EL FIN DE LAS USURPACIONES MAPUCHES","author":"Alejandro Sosa Ruda","date":"2 octubre, 2022","format":false,"excerpt":"Se produjo un peque\u00f1o enfrentamiento verbal entre quienes estaban protestando y organizaciones en apoyo a los mapuches, pero la Polic\u00eda intervino y la situaci\u00f3n no pas\u00f3 a mayores. VILLA MASCARDI -\u00a0 Las \u00faltimas usurpaciones que se registraron durante esta semana por parte de agrupaciones autoproclamadas mapuches en la localidad de\u00a0Villa\u2026","rel":"","context":"En \u00abPOLICIALES\u00bb","block_context":{"text":"POLICIALES","link":"https:\/\/larevistadigital.com.ar\/blog\/category\/policiales\/"},"img":{"alt_text":"","src":"https:\/\/i0.wp.com\/larevistadigital.com.ar\/blog\/wp-content\/uploads\/2-6.jpg?fit=707%2C311&ssl=1&resize=350%2C200","width":350,"height":200,"srcset":"https:\/\/i0.wp.com\/larevistadigital.com.ar\/blog\/wp-content\/uploads\/2-6.jpg?fit=707%2C311&ssl=1&resize=350%2C200 1x, https:\/\/i0.wp.com\/larevistadigital.com.ar\/blog\/wp-content\/uploads\/2-6.jpg?fit=707%2C311&ssl=1&resize=525%2C300 1.5x, https:\/\/i0.wp.com\/larevistadigital.com.ar\/blog\/wp-content\/uploads\/2-6.jpg?fit=707%2C311&ssl=1&resize=700%2C400 2x"},"classes":[]},{"id":28291,"url":"https:\/\/larevistadigital.com.ar\/blog\/tension-en-villa-mascardi-las-fuerzas-especiales-ingresaron-al-predio-tomado-y-hay-al-menos-ocho-detenidos\/","url_meta":{"origin":38940,"position":3},"title":"TENSI\u00d3N EN VILLA MASCARDI: LAS FUERZAS ESPECIALES INGRESARON AL PREDIO TOMADO Y HAY AL MENOS OCHO DETENIDOS","author":"Alejandro Sosa Ruda","date":"4 octubre, 2022","format":false,"excerpt":"Uno de los detenidos es la Machi Colhuan. La mujer se considera \"autoridad espiritual\" de la Lof. Hasta momento no se confirm\u00f3 la detenci\u00f3n de ninguno de los l\u00edderes de la usurpaci\u00f3n. Pese a todo, los terroristas al retirarse dijeron \"aunque nos saquen, vamos a volver\". 04 de Octubre de\u2026","rel":"","context":"En \u00abINTERES GENERAL\u00bb","block_context":{"text":"INTERES GENERAL","link":"https:\/\/larevistadigital.com.ar\/blog\/category\/interes-general\/"},"img":{"alt_text":"","src":"https:\/\/i0.wp.com\/larevistadigital.com.ar\/blog\/wp-content\/uploads\/mapuches.jpg?fit=844%2C422&ssl=1&resize=350%2C200","width":350,"height":200,"srcset":"https:\/\/i0.wp.com\/larevistadigital.com.ar\/blog\/wp-content\/uploads\/mapuches.jpg?fit=844%2C422&ssl=1&resize=350%2C200 1x, https:\/\/i0.wp.com\/larevistadigital.com.ar\/blog\/wp-content\/uploads\/mapuches.jpg?fit=844%2C422&ssl=1&resize=525%2C300 1.5x, https:\/\/i0.wp.com\/larevistadigital.com.ar\/blog\/wp-content\/uploads\/mapuches.jpg?fit=844%2C422&ssl=1&resize=700%2C400 2x"},"classes":[]},{"id":36320,"url":"https:\/\/larevistadigital.com.ar\/blog\/se-concreta-la-concesion-del-predio-punta-norte\/","url_meta":{"origin":38940,"position":4},"title":"SE CONCRETA LA CONCESI\u00d3N DEL PREDIO PUNTA NORTE","author":"Alejandro Sosa Ruda","date":"15 junio, 2024","format":false,"excerpt":"El predio fue adjudicado y se trabaja en el contrato de concesi\u00f3n que se suscribir\u00e1 la pr\u00f3xima semana 15 de Junio de 2024 CHASCOM\u00daS -\u00a0 Fue concesionado el parador tur\u00edstico Punta Norte, ubicado en la intersecci\u00f3n de Av. Escribano y Alem. La oferta realizada por los se\u00f1ores Tomas Michelini y\u2026","rel":"","context":"En \u00abINTERES GENERAL\u00bb","block_context":{"text":"INTERES GENERAL","link":"https:\/\/larevistadigital.com.ar\/blog\/category\/interes-general\/"},"img":{"alt_text":"","src":"https:\/\/i0.wp.com\/larevistadigital.com.ar\/blog\/wp-content\/uploads\/2024_06_15_02_18_48_670993.jpg?fit=600%2C400&ssl=1&resize=350%2C200","width":350,"height":200,"srcset":"https:\/\/i0.wp.com\/larevistadigital.com.ar\/blog\/wp-content\/uploads\/2024_06_15_02_18_48_670993.jpg?fit=600%2C400&ssl=1&resize=350%2C200 1x, https:\/\/i0.wp.com\/larevistadigital.com.ar\/blog\/wp-content\/uploads\/2024_06_15_02_18_48_670993.jpg?fit=600%2C400&ssl=1&resize=525%2C300 1.5x"},"classes":[]},{"id":30923,"url":"https:\/\/larevistadigital.com.ar\/blog\/chascomus-suteba-adquirio-un-predio-de-22-hectareas\/","url_meta":{"origin":38940,"position":5},"title":"CHASCOM\u00daS: SUTEBA ADQUIRI\u00d3 UN PREDIO DE 22 HECT\u00c1REAS","author":"Alejandro Sosa Ruda","date":"6 abril, 2023","format":false,"excerpt":"Se escritur\u00f3 la compra de un predio de 22 hect\u00e1reas en Chascom\u00fas. 6 de abril de 2023 CHASCOM\u00daS -\u00a0 El SUTEBA escritur\u00f3 la compra de un predio en Chascom\u00fas de 22 hect\u00e1reas, que se suma a las instalaciones del Sindicato y que ser\u00e1 un nuevo espacio que podr\u00e1n disfrutar los\u2026","rel":"","context":"En \u00abGREMIALES\u00bb","block_context":{"text":"GREMIALES","link":"https:\/\/larevistadigital.com.ar\/blog\/category\/gremiales\/"},"img":{"alt_text":"","src":"https:\/\/i0.wp.com\/larevistadigital.com.ar\/blog\/wp-content\/uploads\/98229_8048.jpeg?fit=1200%2C675&ssl=1&resize=350%2C200","width":350,"height":200,"srcset":"https:\/\/i0.wp.com\/larevistadigital.com.ar\/blog\/wp-content\/uploads\/98229_8048.jpeg?fit=1200%2C675&ssl=1&resize=350%2C200 1x, https:\/\/i0.wp.com\/larevistadigital.com.ar\/blog\/wp-content\/uploads\/98229_8048.jpeg?fit=1200%2C675&ssl=1&resize=525%2C300 1.5x, https:\/\/i0.wp.com\/larevistadigital.com.ar\/blog\/wp-content\/uploads\/98229_8048.jpeg?fit=1200%2C675&ssl=1&resize=700%2C400 2x, https:\/\/i0.wp.com\/larevistadigital.com.ar\/blog\/wp-content\/uploads\/98229_8048.jpeg?fit=1200%2C675&ssl=1&resize=1050%2C600 3x"},"classes":[]}],"_links":{"self":[{"href":"https:\/\/larevistadigital.com.ar\/blog\/wp-json\/wp\/v2\/posts\/38940","targetHints":{"allow":["GET"]}}],"collection":[{"href":"https:\/\/larevistadigital.com.ar\/blog\/wp-json\/wp\/v2\/posts"}],"about":[{"href":"https:\/\/larevistadigital.com.ar\/blog\/wp-json\/wp\/v2\/types\/post"}],"author":[{"embeddable":true,"href":"https:\/\/larevistadigital.com.ar\/blog\/wp-json\/wp\/v2\/users\/3"}],"replies":[{"embeddable":true,"href":"https:\/\/larevistadigital.com.ar\/blog\/wp-json\/wp\/v2\/comments?post=38940"}],"version-history":[{"count":1,"href":"https:\/\/larevistadigital.com.ar\/blog\/wp-json\/wp\/v2\/posts\/38940\/revisions"}],"predecessor-version":[{"id":38942,"href":"https:\/\/larevistadigital.com.ar\/blog\/wp-json\/wp\/v2\/posts\/38940\/revisions\/38942"}],"wp:featuredmedia":[{"embeddable":true,"href":"https:\/\/larevistadigital.com.ar\/blog\/wp-json\/wp\/v2\/media\/38941"}],"wp:attachment":[{"href":"https:\/\/larevistadigital.com.ar\/blog\/wp-json\/wp\/v2\/media?parent=38940"}],"wp:term":[{"taxonomy":"category","embeddable":true,"href":"https:\/\/larevistadigital.com.ar\/blog\/wp-json\/wp\/v2\/categories?post=38940"},{"taxonomy":"post_tag","embeddable":true,"href":"https:\/\/larevistadigital.com.ar\/blog\/wp-json\/wp\/v2\/tags?post=38940"}],"curies":[{"name":"wp","href":"https:\/\/api.w.org\/{rel}","templated":true}]}}