{"id":38944,"date":"2025-03-06T16:39:23","date_gmt":"2025-03-06T19:39:23","guid":{"rendered":"https:\/\/larevistadigital.com.ar\/blog\/?p=38944"},"modified":"2025-03-06T16:39:23","modified_gmt":"2025-03-06T19:39:23","slug":"elisa-carrio-la-eterna-candidata-promesas-de-retiro-incumplidas-y-nuevas-ambiciones-politicas","status":"publish","type":"post","link":"https:\/\/larevistadigital.com.ar\/blog\/elisa-carrio-la-eterna-candidata-promesas-de-retiro-incumplidas-y-nuevas-ambiciones-politicas\/","title":{"rendered":"Elisa Carri\u00f3, la eterna candidata: promesas de retiro incumplidas y nuevas ambiciones pol\u00edticas"},"content":{"rendered":"<h2 data-pm-slice=\"1 1 []\"><em>La l\u00edder de la Coalici\u00f3n C\u00edvica vuelve a postularse para diputada tras reiteradas promesas de alejarse de la pol\u00edtica. Cr\u00edtica de Macri, aliada de Macri, cr\u00edtica de Milei: el eterno juego de Lilita.<\/em><\/h2>\n<p>06 de Marzo de 2025<\/p>\n<p><strong>Elisa Carri\u00f3<\/strong> anunci\u00f3 una vez m\u00e1s su regreso a la arena pol\u00edtica. La l\u00edder de la Coalici\u00f3n C\u00edvica (CC)-Ari <strong>confirm\u00f3 que ser\u00e1 candidata a diputada<\/strong> por la provincia de Buenos Aires en las pr\u00f3ximas elecciones legislativas, a pesar de haber prometido innumerables veces su retiro de la vida pol\u00edtica.<\/p>\n<p><strong><em>\u00abVoy a ser candidata por la provincia de Buenos Aires por si viene una crisis. Viendo la geopol\u00edtica\u00bb<\/em><\/strong>, asegur\u00f3 en una entrevista con LN+, justificando su en\u00e9sima candidatura con la necesidad de enfrentar una supuesta crisis pol\u00edtica y econ\u00f3mica. Curiosamente, el mismo argumento que us\u00f3 en el pasado para postularse en otras ocasiones.<\/p>\n<p>Desde su irrupci\u00f3n en la pol\u00edtica, <strong>Carri\u00f3<\/strong> ha construido su carrera a base de promesas de retiro que nunca cumple. Ha pasado de ser una f\u00e9rrea cr\u00edtica de <strong>Mauricio Macri<\/strong> a convertirse en una de sus aliadas clave durante su gobierno. Ahora, sus ataques est\u00e1n dirigidos a <strong>Javier Milei<\/strong>, a quien acusa de una \u00abestafa piramidal\u00bb en el caso \u00abLibragate\u00bb y de irregularidades en el financiamiento de su campa\u00f1a electoral.<\/p>\n<blockquote>\n<h3>A pesar de sus constantes acusaciones de corrupci\u00f3n contra distintos gobiernos, Carri\u00f3 nunca ha demostrado una coherencia pol\u00edtica real. En un giro que no sorprende a nadie, respald\u00f3 la candidatura de Paula Oliveto para la Legislatura porte\u00f1a en las elecciones de mayo, reafirmando su influencia dentro de la Coalici\u00f3n C\u00edvica y asegurando que su estructura pol\u00edtica siga vigente.<\/h3>\n<\/blockquote>\n<p>La exdiputada tambi\u00e9n adelant\u00f3 que su espacio apoyar\u00e1 un nuevo acuerdo con el Fondo Monetario Internacional (FMI), aunque con la condici\u00f3n de que no se utilice para <em><strong>\u00absostener ni planchar el d\u00f3lar\u00bb<\/strong><\/em>. Sin embargo, su postura frente a la econom\u00eda ha sido tan err\u00e1tica como su carrera pol\u00edtica, pasando de denostar las pol\u00edticas de ajuste a avalarlas cuando le conviene.<\/p>\n<blockquote>\n<h3>En un nuevo ataque contra el gobierno de Milei, Carri\u00f3 cuestion\u00f3 la gesti\u00f3n econ\u00f3mica del presidente y denunci\u00f3 un \u00abfestival de dinero\u00bb en el sector financiero. Sin embargo, sus cr\u00edticas se parecen m\u00e1s a una estrategia electoral que a una posici\u00f3n ideol\u00f3gica firme, como ha demostrado a lo largo de su carrera.<\/h3>\n<\/blockquote>\n<p>El discurso de la exdiputada tambi\u00e9n incluy\u00f3 referencias a la \u00abviolencia\u00bb de <strong>Milei<\/strong> en el Foro Econ\u00f3mico Mundial de Davos, a la vez que ella misma ha utilizado un lenguaje agresivo para descalificar a sus oponentes en distintas ocasiones. No es la primera vez que se ampara en su pasado como convencional constituyente para arrogarse autoridad moral, a pesar de haber participado activamente en el juego pol\u00edtico que tanto critica.<\/p>\n<p><strong>Carri\u00f3<\/strong> vuelve a la pol\u00edtica como tantas veces antes, demostrando que su retiro nunca es definitivo y que su protagonismo medi\u00e1tico es su verdadero motor. Promesas rotas, alianzas convenientes y un oportunismo que no conoce l\u00edmites: la marca registrada de la eterna candidata.<\/p>\n<p>&nbsp;<\/p>\n","protected":false},"excerpt":{"rendered":"<div class=\"mh-excerpt\"><p>La l\u00edder de la Coalici\u00f3n C\u00edvica vuelve a postularse para diputada tras reiteradas promesas de alejarse de la pol\u00edtica. Cr\u00edtica de Macri, aliada de Macri, cr\u00edtica de Milei: el eterno juego de Lilita. 06 de <a class=\"mh-excerpt-more\" href=\"https:\/\/larevistadigital.com.ar\/blog\/elisa-carrio-la-eterna-candidata-promesas-de-retiro-incumplidas-y-nuevas-ambiciones-politicas\/\" title=\"Elisa Carri\u00f3, la eterna candidata: promesas de retiro incumplidas y nuevas ambiciones pol\u00edticas\">[Leer M\u00e1s]<\/a><\/p>\n<\/div>","protected":false},"author":3,"featured_media":38946,"comment_status":"open","ping_status":"open","sticky":false,"template":"","format":"standard","meta":{"_jetpack_memberships_contains_paid_content":false,"footnotes":"","jetpack_publicize_message":"","jetpack_publicize_feature_enabled":true,"jetpack_social_post_already_shared":true,"jetpack_social_options":{"image_generator_settings":{"template":"highway","default_image_id":0,"font":"","enabled":false},"version":2}},"categories":[50,12],"tags":[],"class_list":{"0":"post-38944","1":"post","2":"type-post","3":"status-publish","4":"format-standard","5":"has-post-thumbnail","7":"category-interes-general","8":"category-politica"},"jetpack_publicize_connections":[],"jetpack_featured_media_url":"https:\/\/i0.wp.com\/larevistadigital.com.ar\/blog\/wp-content\/uploads\/lilita.jpg?fit=800%2C600&ssl=1","jetpack_sharing_enabled":true,"jetpack_shortlink":"https:\/\/wp.me\/p8qtrQ-a88","jetpack-related-posts":[{"id":30066,"url":"https:\/\/larevistadigital.com.ar\/blog\/la-que-faltaba-elisa-carrio-anuncio-que-sera-candidata-a-presidente-en-las-paso-de-juntos-por-el-cambio\/","url_meta":{"origin":38944,"position":0},"title":"LA QUE FALTABA: ELISA CARRI\u00d3 ANUNCI\u00d3 QUE SER\u00c1 CANDIDATA A PRESIDENTE EN LAS PASO DE JUNTOS POR EL CAMBIO","author":"Alejandro Sosa Ruda","date":"8 febrero, 2023","format":false,"excerpt":"La l\u00edder de la Coalici\u00f3n C\u00edvica asegur\u00f3 que decidi\u00f3 postularse para \"garantizar la unidad\" en la principal coalici\u00f3n opositora. Recomend\u00f3 que haya una gran oferta de candidatos a nivel nacional, pero listas unificadas de legisladores. 08 de febrero de 2023 Elisa Carri\u00f3 anunci\u00f3 este mi\u00e9rcoles que ser\u00e1 candidata a Presidente\u2026","rel":"","context":"En \u00abDESTACADAS\u00bb","block_context":{"text":"DESTACADAS","link":"https:\/\/larevistadigital.com.ar\/blog\/category\/destacadas\/"},"img":{"alt_text":"","src":"https:\/\/i0.wp.com\/larevistadigital.com.ar\/blog\/wp-content\/uploads\/566112.png?fit=1200%2C675&ssl=1&resize=350%2C200","width":350,"height":200,"srcset":"https:\/\/i0.wp.com\/larevistadigital.com.ar\/blog\/wp-content\/uploads\/566112.png?fit=1200%2C675&ssl=1&resize=350%2C200 1x, https:\/\/i0.wp.com\/larevistadigital.com.ar\/blog\/wp-content\/uploads\/566112.png?fit=1200%2C675&ssl=1&resize=525%2C300 1.5x, https:\/\/i0.wp.com\/larevistadigital.com.ar\/blog\/wp-content\/uploads\/566112.png?fit=1200%2C675&ssl=1&resize=700%2C400 2x, https:\/\/i0.wp.com\/larevistadigital.com.ar\/blog\/wp-content\/uploads\/566112.png?fit=1200%2C675&ssl=1&resize=1050%2C600 3x"},"classes":[]},{"id":514,"url":"https:\/\/larevistadigital.com.ar\/blog\/carrio-podria-fracturar-la-relacion-macri-vidal\/","url_meta":{"origin":38944,"position":1},"title":"Carri\u00f3 podr\u00eda fracturar la relaci\u00f3n de Macri y Vidal","author":"editor","date":"4 marzo, 2017","format":false,"excerpt":"Si la diputada se postula, podr\u00eda generar una fractura entre el Presidente y la Gobernadora porte\u00f1a. BUENOS AIRES (Redacci\u00f3n) \u2013 Todo se reduce al clima pol\u00edtico y personal que hace que unos conf\u00eden m\u00e1s en unos, que en otros. Elisa Carri\u00f3 hoy tiene mejor imagen dentro del frente que Mar\u00eda\u2026","rel":"","context":"En \u00abDESTACADAS\u00bb","block_context":{"text":"DESTACADAS","link":"https:\/\/larevistadigital.com.ar\/blog\/category\/destacadas\/"},"img":{"alt_text":"","src":"https:\/\/i0.wp.com\/larevistadigital.com.ar\/blog\/wp-content\/uploads\/2017\/03\/0010827227.jpg?fit=1170%2C658&ssl=1&resize=350%2C200","width":350,"height":200,"srcset":"https:\/\/i0.wp.com\/larevistadigital.com.ar\/blog\/wp-content\/uploads\/2017\/03\/0010827227.jpg?fit=1170%2C658&ssl=1&resize=350%2C200 1x, https:\/\/i0.wp.com\/larevistadigital.com.ar\/blog\/wp-content\/uploads\/2017\/03\/0010827227.jpg?fit=1170%2C658&ssl=1&resize=525%2C300 1.5x, https:\/\/i0.wp.com\/larevistadigital.com.ar\/blog\/wp-content\/uploads\/2017\/03\/0010827227.jpg?fit=1170%2C658&ssl=1&resize=700%2C400 2x, https:\/\/i0.wp.com\/larevistadigital.com.ar\/blog\/wp-content\/uploads\/2017\/03\/0010827227.jpg?fit=1170%2C658&ssl=1&resize=1050%2C600 3x"},"classes":[]},{"id":31203,"url":"https:\/\/larevistadigital.com.ar\/blog\/la-coalicion-civica-bonaerense-ratifico-la-candidatura-a-presidente-de-elisa-carrio\/","url_meta":{"origin":38944,"position":2},"title":"LA COALICI\u00d3N C\u00cdVICA BONAERENSE RATIFIC\u00d3 LA CANDIDATURA A PRESIDENTE DE ELISA CARRI\u00d3","author":"Alejandro Sosa Ruda","date":"23 abril, 2023","format":false,"excerpt":"Finalizado el Congreso partidario que se hizo en Bragado de cara a las pr\u00f3ximas elecciones, la presidenta de la Coalici\u00f3n C\u00edvica (CC) bonaerense y diputada provincial, Maricel Etchecoin, ratific\u00f3 la candidatura a presidenta de la dirigente Elisa Carri\u00f3\". Estuvieron presentes, el precandidato a gobernador del PRO, Diego Santilli y el\u2026","rel":"","context":"En \u00abINTERES GENERAL\u00bb","block_context":{"text":"INTERES GENERAL","link":"https:\/\/larevistadigital.com.ar\/blog\/category\/interes-general\/"},"img":{"alt_text":"","src":"https:\/\/i0.wp.com\/larevistadigital.com.ar\/blog\/wp-content\/uploads\/20230423125125_congreso-coalicion-civica.jpg?fit=880%2C512&ssl=1&resize=350%2C200","width":350,"height":200,"srcset":"https:\/\/i0.wp.com\/larevistadigital.com.ar\/blog\/wp-content\/uploads\/20230423125125_congreso-coalicion-civica.jpg?fit=880%2C512&ssl=1&resize=350%2C200 1x, https:\/\/i0.wp.com\/larevistadigital.com.ar\/blog\/wp-content\/uploads\/20230423125125_congreso-coalicion-civica.jpg?fit=880%2C512&ssl=1&resize=525%2C300 1.5x, https:\/\/i0.wp.com\/larevistadigital.com.ar\/blog\/wp-content\/uploads\/20230423125125_congreso-coalicion-civica.jpg?fit=880%2C512&ssl=1&resize=700%2C400 2x"},"classes":[]},{"id":37619,"url":"https:\/\/larevistadigital.com.ar\/blog\/elisa-carrio-milei-juega-con-fuego-si-cristina-le-gana-la-provincia-cae-el-gobierno\/","url_meta":{"origin":38944,"position":3},"title":"Elisa Carri\u00f3: \u201cMilei juega con fuego; si Cristina le gana la provincia, cae el Gobierno\u201d","author":"Alejandro Sosa Ruda","date":"27 octubre, 2024","format":false,"excerpt":"La referente de la Coalici\u00f3n C\u00edvica, Elisa Carri\u00f3 afirm\u00f3 que Javier Milei \"est\u00e1 jugando con fuego\" y advirti\u00f3 que, si Cristina Fern\u00e1ndez de Kirchner gana en la provincia de Buenos Aires, el gobierno de Milei podr\u00eda verse afectado. 27 de Octubre de 2024 BUENOS AIRES -\u00a0 Carri\u00f3 expres\u00f3 su preocupaci\u00f3n\u2026","rel":"","context":"En \u00abINTERES GENERAL\u00bb","block_context":{"text":"INTERES GENERAL","link":"https:\/\/larevistadigital.com.ar\/blog\/category\/interes-general\/"},"img":{"alt_text":"","src":"https:\/\/i0.wp.com\/larevistadigital.com.ar\/blog\/wp-content\/uploads\/20241026163808_elisa-carrio-milei-cristina.jpg?fit=880%2C512&ssl=1&resize=350%2C200","width":350,"height":200,"srcset":"https:\/\/i0.wp.com\/larevistadigital.com.ar\/blog\/wp-content\/uploads\/20241026163808_elisa-carrio-milei-cristina.jpg?fit=880%2C512&ssl=1&resize=350%2C200 1x, https:\/\/i0.wp.com\/larevistadigital.com.ar\/blog\/wp-content\/uploads\/20241026163808_elisa-carrio-milei-cristina.jpg?fit=880%2C512&ssl=1&resize=525%2C300 1.5x, https:\/\/i0.wp.com\/larevistadigital.com.ar\/blog\/wp-content\/uploads\/20241026163808_elisa-carrio-milei-cristina.jpg?fit=880%2C512&ssl=1&resize=700%2C400 2x"},"classes":[]},{"id":34567,"url":"https:\/\/larevistadigital.com.ar\/blog\/carrio-afirmo-que-jxc-se-rompio-y-que-la-coalicion-civica-recupera-total-autonomia\/","url_meta":{"origin":38944,"position":4},"title":"CARRI\u00d3 AFIRM\u00d3 QUE JXC SE ROMPI\u00d3 Y QUE LA COALICI\u00d3N C\u00cdVICA RECUPERA TOTAL AUTONOM\u00cdA.","author":"Alejandro Sosa Ruda","date":"20 noviembre, 2023","format":false,"excerpt":"Tras el balotaje, la fundadora de la coalici\u00f3n manifest\u00f3 que el espacio pol\u00edtico que lidera \"retoma su plena autonom\u00eda y van a luchar por los principios fundacionales, el contrato moral, el contrato republicano y el contrato de desarrollo econ\u00f3mico\u201d. 20 de Noviembre de 2023 A trav\u00e9s de un mensaje de\u2026","rel":"","context":"En \u00abINTERES GENERAL\u00bb","block_context":{"text":"INTERES GENERAL","link":"https:\/\/larevistadigital.com.ar\/blog\/category\/interes-general\/"},"img":{"alt_text":"","src":"https:\/\/i0.wp.com\/larevistadigital.com.ar\/blog\/wp-content\/uploads\/5e31e3fd4819d.01.2020-565_1200.jpg?fit=1004%2C565&ssl=1&resize=350%2C200","width":350,"height":200,"srcset":"https:\/\/i0.wp.com\/larevistadigital.com.ar\/blog\/wp-content\/uploads\/5e31e3fd4819d.01.2020-565_1200.jpg?fit=1004%2C565&ssl=1&resize=350%2C200 1x, https:\/\/i0.wp.com\/larevistadigital.com.ar\/blog\/wp-content\/uploads\/5e31e3fd4819d.01.2020-565_1200.jpg?fit=1004%2C565&ssl=1&resize=525%2C300 1.5x, https:\/\/i0.wp.com\/larevistadigital.com.ar\/blog\/wp-content\/uploads\/5e31e3fd4819d.01.2020-565_1200.jpg?fit=1004%2C565&ssl=1&resize=700%2C400 2x"},"classes":[]},{"id":1279,"url":"https:\/\/larevistadigital.com.ar\/blog\/jorge-macri-marca-la-agenda-en-su-territorio\/","url_meta":{"origin":38944,"position":5},"title":"JORGE MACRI MARCA LA AGENDA EN SU TERRITORIO","author":"Alejandro Sosa Ruda","date":"17 marzo, 2017","format":false,"excerpt":"Luego del embate de Lilita Carri\u00f3, el intendente de Vicente L\u00f3pez, Jorge Macri encabezar\u00e1 un acto para demostrar fuerza y fortalecer\u00a0su candidatura como senador nacional por la provincia. Macri ser\u00e1 quien presida el primer Foro Federal de Intendentes Cambiemos. El Foro tendr\u00e1 lugar en el Club Copna. Desde el entorno\u2026","rel":"","context":"En \u00abDESTACADAS\u00bb","block_context":{"text":"DESTACADAS","link":"https:\/\/larevistadigital.com.ar\/blog\/category\/destacadas\/"},"img":{"alt_text":"","src":"https:\/\/i0.wp.com\/larevistadigital.com.ar\/blog\/wp-content\/uploads\/2017\/03\/jorge-macri-1.jpg?fit=1200%2C900&ssl=1&resize=350%2C200","width":350,"height":200,"srcset":"https:\/\/i0.wp.com\/larevistadigital.com.ar\/blog\/wp-content\/uploads\/2017\/03\/jorge-macri-1.jpg?fit=1200%2C900&ssl=1&resize=350%2C200 1x, https:\/\/i0.wp.com\/larevistadigital.com.ar\/blog\/wp-content\/uploads\/2017\/03\/jorge-macri-1.jpg?fit=1200%2C900&ssl=1&resize=525%2C300 1.5x, https:\/\/i0.wp.com\/larevistadigital.com.ar\/blog\/wp-content\/uploads\/2017\/03\/jorge-macri-1.jpg?fit=1200%2C900&ssl=1&resize=700%2C400 2x, https:\/\/i0.wp.com\/larevistadigital.com.ar\/blog\/wp-content\/uploads\/2017\/03\/jorge-macri-1.jpg?fit=1200%2C900&ssl=1&resize=1050%2C600 3x"},"classes":[]}],"_links":{"self":[{"href":"https:\/\/larevistadigital.com.ar\/blog\/wp-json\/wp\/v2\/posts\/38944","targetHints":{"allow":["GET"]}}],"collection":[{"href":"https:\/\/larevistadigital.com.ar\/blog\/wp-json\/wp\/v2\/posts"}],"about":[{"href":"https:\/\/larevistadigital.com.ar\/blog\/wp-json\/wp\/v2\/types\/post"}],"author":[{"embeddable":true,"href":"https:\/\/larevistadigital.com.ar\/blog\/wp-json\/wp\/v2\/users\/3"}],"replies":[{"embeddable":true,"href":"https:\/\/larevistadigital.com.ar\/blog\/wp-json\/wp\/v2\/comments?post=38944"}],"version-history":[{"count":1,"href":"https:\/\/larevistadigital.com.ar\/blog\/wp-json\/wp\/v2\/posts\/38944\/revisions"}],"predecessor-version":[{"id":38947,"href":"https:\/\/larevistadigital.com.ar\/blog\/wp-json\/wp\/v2\/posts\/38944\/revisions\/38947"}],"wp:featuredmedia":[{"embeddable":true,"href":"https:\/\/larevistadigital.com.ar\/blog\/wp-json\/wp\/v2\/media\/38946"}],"wp:attachment":[{"href":"https:\/\/larevistadigital.com.ar\/blog\/wp-json\/wp\/v2\/media?parent=38944"}],"wp:term":[{"taxonomy":"category","embeddable":true,"href":"https:\/\/larevistadigital.com.ar\/blog\/wp-json\/wp\/v2\/categories?post=38944"},{"taxonomy":"post_tag","embeddable":true,"href":"https:\/\/larevistadigital.com.ar\/blog\/wp-json\/wp\/v2\/tags?post=38944"}],"curies":[{"name":"wp","href":"https:\/\/api.w.org\/{rel}","templated":true}]}}