{"id":38948,"date":"2025-03-08T11:15:03","date_gmt":"2025-03-08T14:15:03","guid":{"rendered":"https:\/\/larevistadigital.com.ar\/blog\/?p=38948"},"modified":"2025-03-08T11:15:03","modified_gmt":"2025-03-08T14:15:03","slug":"cierres-y-despidos-en-arca-el-ajuste-que-golpea-a-trabajadores-y-municipios","status":"publish","type":"post","link":"https:\/\/larevistadigital.com.ar\/blog\/cierres-y-despidos-en-arca-el-ajuste-que-golpea-a-trabajadores-y-municipios\/","title":{"rendered":"Cierres y despidos en ARCA: el ajuste que golpea a trabajadores y municipios"},"content":{"rendered":"<p data-pm-slice=\"1 1 []\"><strong>Un recorte que desmantela la recaudaci\u00f3n fiscal<\/strong><\/p>\n<p data-pm-slice=\"1 1 []\">08 de Marzo de 2025<\/p>\n<p>El gobierno de <strong>Javier Milei<\/strong> avanza con una reestructuraci\u00f3n en la Agencia de Regulaci\u00f3n y Control Aduanero (ARCA), ex AFIP, que <strong>significar\u00e1 el despido de al menos 695 trabajadores<\/strong> y el cierre de oficinas clave en la provincia de Buenos Aires. Amparado en la Ley de Bases y Puntos de Partida para la Libertad de los Argentinos (N\u00ba 27.742), el recorte ya despert\u00f3 protestas gremiales y el rechazo de m\u00faltiples municipios afectados.<\/p>\n<p>El vocero presidencial, <strong>Manuel Adorni<\/strong>, hab\u00eda adelantado la intenci\u00f3n de reducir en un 27% la estructura de la Direcci\u00f3n General Impositiva (DGI), pero sin precisar el impacto real. Ahora, la realidad golpea a los trabajadores: el ajuste cerrar\u00e1 oficinas en <strong>localidades como Hurlingham, Merlo, La Matanza, Jos\u00e9 C. Paz, Quilmes, Florencio Varela y Berazategui<\/strong>, dejando a miles de contribuyentes sin acceso directo a la atenci\u00f3n fiscal. En el interior bonaerense, ciudades como Bragado, San Nicol\u00e1s, San Pedro y Chivilcoy ver\u00e1n desaparecer sus delegaciones, forzando a los ciudadanos a viajar a otros distritos para cumplir con sus obligaciones tributarias.<\/p>\n<p><span style=\"color: #ff0000\"><strong>La excusa de la eficiencia y el atropello sobre los trabajadores<\/strong><\/span><\/p>\n<p>Desde el oficialismo se justifica la medida bajo el argumento de mejorar la <strong>\u00abeficiencia organizacional\u00bb<\/strong> y reducir costos en un Estado que, seg\u00fan la administraci\u00f3n libertaria, est\u00e1 \u00absobredimensionado\u00bb. Sin embargo, en los distritos afectados la respuesta es de total rechazo. Trabajadores y gremios denuncian que el recorte es arbitrario y deja a municipios sin herramientas para garantizar una recaudaci\u00f3n eficiente.<\/p>\n<p>En Chivilcoy, 30 empleados de ARCA ser\u00e1n derivados a oficinas de Mercedes o Jun\u00edn. En Bol\u00edvar, la delegaci\u00f3n local pasar\u00e1 a depender de Pehuaj\u00f3, que a su vez tendr\u00e1 que absorber la atenci\u00f3n de localidades como Carlos Tejedor, Hip\u00f3lito Yrigoyen, Trenque Lauquen y Daireaux. Los empleados de Chascom\u00fas, ser\u00edan derivados a las oficinas de La Plata. <strong>Esta reestructuraci\u00f3n no solo precariza el empleo, sino que complica la accesibilidad de miles de ciudadanos que ahora deber\u00e1n recorrer largas distancias para realizar tr\u00e1mites impositivos.<\/strong><\/p>\n<p>El sindicato AEFIP (Asociaci\u00f3n de Empleados Fiscales e Ingresos P\u00fablicos) calific\u00f3 la medida como un \u00abataque deliberado contra el sistema de recaudaci\u00f3n fiscal\u00bb. Su secretario general, <strong>Juan Mart\u00edn Andr\u00e9s<\/strong>, denunci\u00f3 que <strong><em>\u00abse viene destruyendo el organismo de a poco\u00bb<\/em><\/strong> y advirti\u00f3 que los trabajadores est\u00e1n en estado de asamblea permanente. <em><strong>\u00abNos quieren desmantelar, est\u00e1n jugando con nuestras vidas\u00bb<\/strong><\/em>, declar\u00f3.<\/p>\n<p><span style=\"color: #ff0000\"><strong>Ajuste: municipios y contribuyentes perjudicados<\/strong><\/span><\/p>\n<p>Los intendentes de varias localidades tambi\u00e9n expresaron su preocupaci\u00f3n. En Navarro, por ejemplo, el cierre de la receptor\u00eda de ARCA deja sin un servicio esencial a una comunidad que ahora deber\u00e1 trasladarse a distritos vecinos. En San Pedro, la situaci\u00f3n es a\u00fan m\u00e1s grave: m\u00e1s de 60 mil contribuyentes deber\u00e1n viajar hasta Z\u00e1rate para cumplir con sus obligaciones fiscales, aumentando costos y tiempos de gesti\u00f3n.<\/p>\n<p>Los reclamos municipales no se limitan a la p\u00e9rdida de empleos. Tambi\u00e9n apuntan a la improvisaci\u00f3n del gobierno nacional, que ejecuta recortes sin evaluar las consecuencias sociales y econ\u00f3micas. <strong><em>\u00abNo se trata solo de despidos, est\u00e1n desmontando la estructura estatal sin planificaci\u00f3n\u00bb<\/em><\/strong>, sostienen desde los gremios afectados.<\/p>\n<p><span style=\"color: #ff0000\"><strong>Un conflicto que promete escalar<\/strong><\/span><\/p>\n<p>Los trabajadores de ARCA preparan medidas de fuerza y acciones legales para frenar los cierres. El sindicato AEFIP ya ha presentado recursos judiciales y denunci\u00f3 presiones del gobierno para que se levanten las cautelares que impiden despidos masivos.<\/p>\n<blockquote>\n<h3>El pr\u00f3ximo 11 de marzo se llevar\u00e1 a cabo una reuni\u00f3n clave entre AEFIP, SUPARA (Sindicato \u00danico del Personal Aduanero de la Rep\u00fablica Argentina) y las autoridades del organismo. Los gremios buscan evitar que el recorte avance y exigir\u00e1n una recomposici\u00f3n salarial, ante lo que califican como <em>\u00abun brutal ataque contra los trabajadores y el acceso a los servicios p\u00fablicos\u00bb.<\/em><\/h3>\n<\/blockquote>\n<p><strong><em>\u00abMilei sigue apostando por una pol\u00edtica de ajuste que golpea a los sectores m\u00e1s vulnerables y desmantela la estructura estatal bajo la excusa de la eficiencia. Sin embargo, el conflicto en ARCA demuestra que la resistencia est\u00e1 en marcha y que los trabajadores no est\u00e1n dispuestos a aceptar la precarizaci\u00f3n sin dar pelea\u00bb<\/em><\/strong>, manifest\u00f3 <strong>H\u00e9ctor<\/strong>, trabajador del sector.<\/p>\n<p>&nbsp;<\/p>\n","protected":false},"excerpt":{"rendered":"<div class=\"mh-excerpt\"><p>Un recorte que desmantela la recaudaci\u00f3n fiscal 08 de Marzo de 2025 El gobierno de Javier Milei avanza con una reestructuraci\u00f3n en la Agencia de Regulaci\u00f3n y Control Aduanero (ARCA), ex AFIP, que significar\u00e1 el <a class=\"mh-excerpt-more\" href=\"https:\/\/larevistadigital.com.ar\/blog\/cierres-y-despidos-en-arca-el-ajuste-que-golpea-a-trabajadores-y-municipios\/\" title=\"Cierres y despidos en ARCA: el ajuste que golpea a trabajadores y municipios\">[Leer M\u00e1s]<\/a><\/p>\n<\/div>","protected":false},"author":3,"featured_media":38949,"comment_status":"open","ping_status":"open","sticky":false,"template":"","format":"standard","meta":{"_jetpack_memberships_contains_paid_content":false,"footnotes":"","jetpack_publicize_message":"","jetpack_publicize_feature_enabled":true,"jetpack_social_post_already_shared":true,"jetpack_social_options":{"image_generator_settings":{"template":"highway","default_image_id":0,"font":"","enabled":false},"version":2}},"categories":[50,12],"tags":[289,288,292,291,290],"class_list":{"0":"post-38948","1":"post","2":"type-post","3":"status-publish","4":"format-standard","5":"has-post-thumbnail","7":"category-interes-general","8":"category-politica","9":"tag-ajuste","10":"tag-arca","11":"tag-cierre","12":"tag-ex-afip","13":"tag-milei"},"jetpack_publicize_connections":[],"jetpack_featured_media_url":"https:\/\/i0.wp.com\/larevistadigital.com.ar\/blog\/wp-content\/uploads\/Captura-de-pantalla-2025-03-08-110032.jpg?fit=794%2C439&ssl=1","jetpack_sharing_enabled":true,"jetpack_shortlink":"https:\/\/wp.me\/p8qtrQ-a8c","jetpack-related-posts":[{"id":39407,"url":"https:\/\/larevistadigital.com.ar\/blog\/cierran-oficinas-de-arca-en-dolores-chascomus-y-pinamar-ajuste-con-impacto-local\/","url_meta":{"origin":38948,"position":0},"title":"Cierran oficinas de ARCA en Dolores, Chascom\u00fas y Pinamar: ajuste con impacto local","author":"Alejandro Sosa Ruda","date":"17 abril, 2025","format":false,"excerpt":"Con la reestructuraci\u00f3n del organismo de recaudaci\u00f3n, cierran varias sedes en todo el pa\u00eds. En la regi\u00f3n, empleados a\u00fan no saben con certeza a d\u00f3nde deber\u00e1n presentarse. 16 de Abril de 2025 BUENOS AIRES -\u00a0 En el marco de un fuerte ajuste en la estructura estatal, este viernes fue el\u2026","rel":"","context":"En \u00abDESTACADAS\u00bb","block_context":{"text":"DESTACADAS","link":"https:\/\/larevistadigital.com.ar\/blog\/category\/destacadas\/"},"img":{"alt_text":"","src":"https:\/\/i0.wp.com\/larevistadigital.com.ar\/blog\/wp-content\/uploads\/35.jpg?fit=1200%2C675&ssl=1&resize=350%2C200","width":350,"height":200,"srcset":"https:\/\/i0.wp.com\/larevistadigital.com.ar\/blog\/wp-content\/uploads\/35.jpg?fit=1200%2C675&ssl=1&resize=350%2C200 1x, https:\/\/i0.wp.com\/larevistadigital.com.ar\/blog\/wp-content\/uploads\/35.jpg?fit=1200%2C675&ssl=1&resize=525%2C300 1.5x, https:\/\/i0.wp.com\/larevistadigital.com.ar\/blog\/wp-content\/uploads\/35.jpg?fit=1200%2C675&ssl=1&resize=700%2C400 2x, https:\/\/i0.wp.com\/larevistadigital.com.ar\/blog\/wp-content\/uploads\/35.jpg?fit=1200%2C675&ssl=1&resize=1050%2C600 3x"},"classes":[]},{"id":38333,"url":"https:\/\/larevistadigital.com.ar\/blog\/revelan-que-uno-de-los-jefes-de-arca-tiene-inmuebles-en-el-exterior-sin-declarar\/","url_meta":{"origin":38948,"position":1},"title":"Revelan que uno de los jefes de ARCA tiene inmuebles en el exterior sin declarar","author":"Alejandro Sosa Ruda","date":"18 diciembre, 2024","format":false,"excerpt":"El Gobierno Nacional enfrenta un nuevo esc\u00e1ndalo relacionado con la antigua Administraci\u00f3n Federal de Ingresos P\u00fablicos (AFIP), ahora llamada Agencia de Recaudaci\u00f3n y Control Aduanero (ARCA). Se trata de uno de los m\u00e1ximos responsables de ARCA, se\u00f1alado por no declarar propiedades en el exterior A pocas semanas de que Javier\u2026","rel":"","context":"En \u00abINTERES GENERAL\u00bb","block_context":{"text":"INTERES GENERAL","link":"https:\/\/larevistadigital.com.ar\/blog\/category\/interes-general\/"},"img":{"alt_text":"","src":"https:\/\/i0.wp.com\/larevistadigital.com.ar\/blog\/wp-content\/uploads\/20241217160652_arca-afip.jpg?fit=880%2C512&ssl=1&resize=350%2C200","width":350,"height":200,"srcset":"https:\/\/i0.wp.com\/larevistadigital.com.ar\/blog\/wp-content\/uploads\/20241217160652_arca-afip.jpg?fit=880%2C512&ssl=1&resize=350%2C200 1x, https:\/\/i0.wp.com\/larevistadigital.com.ar\/blog\/wp-content\/uploads\/20241217160652_arca-afip.jpg?fit=880%2C512&ssl=1&resize=525%2C300 1.5x, https:\/\/i0.wp.com\/larevistadigital.com.ar\/blog\/wp-content\/uploads\/20241217160652_arca-afip.jpg?fit=880%2C512&ssl=1&resize=700%2C400 2x"},"classes":[]},{"id":37970,"url":"https:\/\/larevistadigital.com.ar\/blog\/gremios-e-intendentes-organizan-protesta-contra-la-gestion-de-milei\/","url_meta":{"origin":38948,"position":2},"title":"Gremios e intendentes organizan protesta contra la gesti\u00f3n de Milei","author":"Alejandro Sosa Ruda","date":"23 noviembre, 2024","format":false,"excerpt":"Las dos Centrales de Trabajadores Argentinos (CTA Aut\u00f3noma y CTA de los Trabajadores) se reunieron con intendentes del conurbano bonaerense para sumar su apoyo a una movilizaci\u00f3n contra las pol\u00edticas del presidente Javier Milei. 23 de Noviembre de 2024 BUENOS AIRES -\u00a0 En el marco de una serie de encuentros\u2026","rel":"","context":"En \u00abATAQUE DE RADIO\u00bb","block_context":{"text":"ATAQUE DE RADIO","link":"https:\/\/larevistadigital.com.ar\/blog\/category\/ataque-de-radio\/"},"img":{"alt_text":"","src":"https:\/\/i0.wp.com\/larevistadigital.com.ar\/blog\/wp-content\/uploads\/20241122152955_cta-intendentes-conurbano-movilizacion-contra-milei.jpg?fit=880%2C512&ssl=1&resize=350%2C200","width":350,"height":200,"srcset":"https:\/\/i0.wp.com\/larevistadigital.com.ar\/blog\/wp-content\/uploads\/20241122152955_cta-intendentes-conurbano-movilizacion-contra-milei.jpg?fit=880%2C512&ssl=1&resize=350%2C200 1x, https:\/\/i0.wp.com\/larevistadigital.com.ar\/blog\/wp-content\/uploads\/20241122152955_cta-intendentes-conurbano-movilizacion-contra-milei.jpg?fit=880%2C512&ssl=1&resize=525%2C300 1.5x, https:\/\/i0.wp.com\/larevistadigital.com.ar\/blog\/wp-content\/uploads\/20241122152955_cta-intendentes-conurbano-movilizacion-contra-milei.jpg?fit=880%2C512&ssl=1&resize=700%2C400 2x"},"classes":[]},{"id":27423,"url":"https:\/\/larevistadigital.com.ar\/blog\/afip-detecto-importantes-irregularidades-en-una-conocida-cadena-de-locales-gastronomicos\/","url_meta":{"origin":38948,"position":3},"title":"AFIP DETECT\u00d3 IMPORTANTES IRREGULARIDADES EN UNA CONOCIDA CADENA DE LOCALES GASTRON\u00d3MICOS","author":"Alejandro Sosa Ruda","date":"31 agosto, 2022","format":false,"excerpt":"A partir del an\u00e1lisis de inconsistencias detectadas sist\u00e9micamente por la Direcci\u00f3n General de los Recursos de la Seguridad Social, se realiz\u00f3 un operativo de relevamiento de personal en distintos comercios gastron\u00f3micos de la conocida cadena \"La Verdad de la Milanesa\". Fueron visitados 23 locales, tanto en turno diurno como nocturno,\u2026","rel":"","context":"En \u00abINTERES GENERAL\u00bb","block_context":{"text":"INTERES GENERAL","link":"https:\/\/larevistadigital.com.ar\/blog\/category\/interes-general\/"},"img":{"alt_text":"","src":"https:\/\/i0.wp.com\/larevistadigital.com.ar\/blog\/wp-content\/uploads\/20220830080149_afip-operativo-milanesa.jpg?fit=880%2C512&ssl=1&resize=350%2C200","width":350,"height":200,"srcset":"https:\/\/i0.wp.com\/larevistadigital.com.ar\/blog\/wp-content\/uploads\/20220830080149_afip-operativo-milanesa.jpg?fit=880%2C512&ssl=1&resize=350%2C200 1x, https:\/\/i0.wp.com\/larevistadigital.com.ar\/blog\/wp-content\/uploads\/20220830080149_afip-operativo-milanesa.jpg?fit=880%2C512&ssl=1&resize=525%2C300 1.5x, https:\/\/i0.wp.com\/larevistadigital.com.ar\/blog\/wp-content\/uploads\/20220830080149_afip-operativo-milanesa.jpg?fit=880%2C512&ssl=1&resize=700%2C400 2x"},"classes":[]},{"id":41633,"url":"https:\/\/larevistadigital.com.ar\/blog\/con-la-bandera-de-los-trabajadores-dirigentes-gremiales-al-grito-kicillof-2027\/","url_meta":{"origin":38948,"position":4},"title":"Con la bandera de los trabajadores, dirigentes gremiales al grito \u201cKicillof 2027\u201d","author":"Alejandro Sosa Ruda","date":"24 septiembre, 2025","format":false,"excerpt":"La cita fue en un acto encabezado por el gobernador bonaerense. 24 de septiembre de 2025 LA PLATA -\u00a0 \u00a0Los principales referentes sindicales presentes en el acto que encabez\u00f3 el gobernador\u00a0Axel Kicillof\u00a0este lunes, en el\u00a0Club Atenas\u00a0de\u00a0La Plata, remarcaron la necesidad de que los trabajadores apoyen las listas de\u00a0Fuerza Patria\u00a0para frenar\u2026","rel":"","context":"En \u00abPOLITICA PROVINCIAL\u00bb","block_context":{"text":"POLITICA PROVINCIAL","link":"https:\/\/larevistadigital.com.ar\/blog\/category\/politica\/politica-provincial\/"},"img":{"alt_text":"","src":"https:\/\/i0.wp.com\/larevistadigital.com.ar\/blog\/wp-content\/uploads\/Captura-de-pantalla-2025-09-24-184940.jpg?fit=785%2C379&ssl=1&resize=350%2C200","width":350,"height":200,"srcset":"https:\/\/i0.wp.com\/larevistadigital.com.ar\/blog\/wp-content\/uploads\/Captura-de-pantalla-2025-09-24-184940.jpg?fit=785%2C379&ssl=1&resize=350%2C200 1x, https:\/\/i0.wp.com\/larevistadigital.com.ar\/blog\/wp-content\/uploads\/Captura-de-pantalla-2025-09-24-184940.jpg?fit=785%2C379&ssl=1&resize=525%2C300 1.5x, https:\/\/i0.wp.com\/larevistadigital.com.ar\/blog\/wp-content\/uploads\/Captura-de-pantalla-2025-09-24-184940.jpg?fit=785%2C379&ssl=1&resize=700%2C400 2x"},"classes":[]},{"id":45286,"url":"https:\/\/larevistadigital.com.ar\/blog\/cierre-de-tesoros-del-banco-central-y-paro-bancario-fuerte-impacto-en-el-sistema-y-alerta-por-el-efectivo\/","url_meta":{"origin":38948,"position":5},"title":"Cierre de Tesoros del Banco Central y paro bancario: fuerte impacto en el sistema y alerta por el efectivo","author":"Alejandro Sosa Ruda","date":"23 abril, 2026","format":false,"excerpt":"El Gobierno dispuso el cierre de m\u00e1s de la mitad de las dependencias regionales del BCRA. Hay despidos y el gremio convoc\u00f3 a una medida de fuerza que podr\u00eda afectar la disponibilidad de dinero en bancos. 23 de abril de 2026 El ajuste sobre la estructura estatal suma un nuevo\u2026","rel":"","context":"En \u00abDESTACADAS\u00bb","block_context":{"text":"DESTACADAS","link":"https:\/\/larevistadigital.com.ar\/blog\/category\/destacadas\/"},"img":{"alt_text":"","src":"https:\/\/i0.wp.com\/larevistadigital.com.ar\/blog\/wp-content\/uploads\/Captura-de-pantalla-2026-04-23-165026.jpg?fit=611%2C399&ssl=1&resize=350%2C200","width":350,"height":200,"srcset":"https:\/\/i0.wp.com\/larevistadigital.com.ar\/blog\/wp-content\/uploads\/Captura-de-pantalla-2026-04-23-165026.jpg?fit=611%2C399&ssl=1&resize=350%2C200 1x, https:\/\/i0.wp.com\/larevistadigital.com.ar\/blog\/wp-content\/uploads\/Captura-de-pantalla-2026-04-23-165026.jpg?fit=611%2C399&ssl=1&resize=525%2C300 1.5x"},"classes":[]}],"_links":{"self":[{"href":"https:\/\/larevistadigital.com.ar\/blog\/wp-json\/wp\/v2\/posts\/38948","targetHints":{"allow":["GET"]}}],"collection":[{"href":"https:\/\/larevistadigital.com.ar\/blog\/wp-json\/wp\/v2\/posts"}],"about":[{"href":"https:\/\/larevistadigital.com.ar\/blog\/wp-json\/wp\/v2\/types\/post"}],"author":[{"embeddable":true,"href":"https:\/\/larevistadigital.com.ar\/blog\/wp-json\/wp\/v2\/users\/3"}],"replies":[{"embeddable":true,"href":"https:\/\/larevistadigital.com.ar\/blog\/wp-json\/wp\/v2\/comments?post=38948"}],"version-history":[{"count":1,"href":"https:\/\/larevistadigital.com.ar\/blog\/wp-json\/wp\/v2\/posts\/38948\/revisions"}],"predecessor-version":[{"id":38950,"href":"https:\/\/larevistadigital.com.ar\/blog\/wp-json\/wp\/v2\/posts\/38948\/revisions\/38950"}],"wp:featuredmedia":[{"embeddable":true,"href":"https:\/\/larevistadigital.com.ar\/blog\/wp-json\/wp\/v2\/media\/38949"}],"wp:attachment":[{"href":"https:\/\/larevistadigital.com.ar\/blog\/wp-json\/wp\/v2\/media?parent=38948"}],"wp:term":[{"taxonomy":"category","embeddable":true,"href":"https:\/\/larevistadigital.com.ar\/blog\/wp-json\/wp\/v2\/categories?post=38948"},{"taxonomy":"post_tag","embeddable":true,"href":"https:\/\/larevistadigital.com.ar\/blog\/wp-json\/wp\/v2\/tags?post=38948"}],"curies":[{"name":"wp","href":"https:\/\/api.w.org\/{rel}","templated":true}]}}