{"id":38951,"date":"2025-03-08T11:23:58","date_gmt":"2025-03-08T14:23:58","guid":{"rendered":"https:\/\/larevistadigital.com.ar\/blog\/?p=38951"},"modified":"2025-03-08T11:23:58","modified_gmt":"2025-03-08T14:23:58","slug":"municipalidad-de-lezama-pedido-a-los-vecinos","status":"publish","type":"post","link":"https:\/\/larevistadigital.com.ar\/blog\/municipalidad-de-lezama-pedido-a-los-vecinos\/","title":{"rendered":"Municipalidad de Lezama: Pedido a los vecinos"},"content":{"rendered":"<div class=\"xdj266r x11i5rnm xat24cr x1mh8g0r x1vvkbs x126k92a\">\n<div dir=\"auto\">08 de Marzo de 2025<\/div>\n<div dir=\"auto\"><\/div>\n<div dir=\"auto\"><strong>POR FAVOR: NO DEJAR SOBRE LA CALLE PASTO, TIERRA, ESCOMBRO NI RAMAS<\/strong> <span class=\"html-span xexx8yu x4uap5 x18d9i69 xkhd6sd x1hl2dhg x16tdsg8 x1vvkbs x3nfvp2 x1j61x8r x1fcty0u xdj266r xat24cr xgzva0m xhhsvwb xxymvpz xlup9mm x1kky2od\"><img loading=\"lazy\" decoding=\"async\" class=\"xz74otr x168nmei x13lgxp2 x5pf9jr xo71vjh\" src=\"https:\/\/static.xx.fbcdn.net\/images\/emoji.php\/v9\/t73\/1\/16\/1f6af.png\" alt=\"&#x1f6af;\" width=\"16\" height=\"16\" \/><\/span><\/div>\n<\/div>\n<div class=\"x11i5rnm xat24cr x1mh8g0r x1vvkbs xtlvy1s x126k92a\">\n<div dir=\"auto\">La Secretar\u00eda de Servicios y Recursos Humanos solicita a la comunidad que evite dejar en la calle materiales que puedan obstruir la circulaci\u00f3n y el escurrimiento del agua, en su lugar depositarlo sobre la vereda (en el caso del pasto siempre embolsado) frente a sus domicilios por dos cuestiones muy importantes:<\/div>\n<\/div>\n<div class=\"x11i5rnm xat24cr x1mh8g0r x1vvkbs xtlvy1s x126k92a\">\n<div dir=\"auto\"><span class=\"html-span xexx8yu x4uap5 x18d9i69 xkhd6sd x1hl2dhg x16tdsg8 x1vvkbs x3nfvp2 x1j61x8r x1fcty0u xdj266r xat24cr xgzva0m xhhsvwb xxymvpz xlup9mm x1kky2od\"><img loading=\"lazy\" decoding=\"async\" class=\"xz74otr x168nmei x13lgxp2 x5pf9jr xo71vjh\" src=\"https:\/\/static.xx.fbcdn.net\/images\/emoji.php\/v9\/t7a\/1\/16\/31_20e3.png\" alt=\"1&#xfe0f;&#x20e3;\" width=\"16\" height=\"16\" \/><\/span> <strong>&#8211; TAPONAN DESAG\u00dcES:<\/strong> <span class=\"html-span xexx8yu x4uap5 x18d9i69 xkhd6sd x1hl2dhg x16tdsg8 x1vvkbs x3nfvp2 x1j61x8r x1fcty0u xdj266r xat24cr xgzva0m xhhsvwb xxymvpz xlup9mm x1kky2od\"><img loading=\"lazy\" decoding=\"async\" class=\"xz74otr x168nmei x13lgxp2 x5pf9jr xo71vjh\" src=\"https:\/\/static.xx.fbcdn.net\/images\/emoji.php\/v9\/t6f\/1\/16\/1f6ab.png\" alt=\"&#x1f6ab;\" width=\"16\" height=\"16\" \/><\/span><span class=\"html-span xexx8yu x4uap5 x18d9i69 xkhd6sd x1hl2dhg x16tdsg8 x1vvkbs x3nfvp2 x1j61x8r x1fcty0u xdj266r xat24cr xgzva0m xhhsvwb xxymvpz xlup9mm x1kky2od\"><img loading=\"lazy\" decoding=\"async\" class=\"xz74otr x168nmei x13lgxp2 x5pf9jr xo71vjh\" src=\"https:\/\/static.xx.fbcdn.net\/images\/emoji.php\/v9\/t22\/1\/16\/26c8.png\" alt=\"&#x26c8;&#xfe0f;\" width=\"16\" height=\"16\" \/><\/span><\/div>\n<div dir=\"auto\">Cuando los dejan en la calle y llueve con intensidad, como en las \u00faltimas tormentas, esos residuos se depositan en las bocas de tormentas o cunetas generando obstrucciones que dificultan el escurrimiento del agua.<\/div>\n<\/div>\n<div class=\"x11i5rnm xat24cr x1mh8g0r x1vvkbs xtlvy1s x126k92a\">\n<div dir=\"auto\"><span class=\"html-span xexx8yu x4uap5 x18d9i69 xkhd6sd x1hl2dhg x16tdsg8 x1vvkbs x3nfvp2 x1j61x8r x1fcty0u xdj266r xat24cr xgzva0m xhhsvwb xxymvpz xlup9mm x1kky2od\"><img loading=\"lazy\" decoding=\"async\" class=\"xz74otr x168nmei x13lgxp2 x5pf9jr xo71vjh\" src=\"https:\/\/static.xx.fbcdn.net\/images\/emoji.php\/v9\/t99\/1\/16\/32_20e3.png\" alt=\"2&#xfe0f;&#x20e3;\" width=\"16\" height=\"16\" \/><\/span> <strong>&#8211; NO PERMITEN LA LIMPIEZA:<\/strong> <span class=\"html-span xexx8yu x4uap5 x18d9i69 xkhd6sd x1hl2dhg x16tdsg8 x1vvkbs x3nfvp2 x1j61x8r x1fcty0u xdj266r xat24cr xgzva0m xhhsvwb xxymvpz xlup9mm x1kky2od\"><img loading=\"lazy\" decoding=\"async\" class=\"xz74otr x168nmei x13lgxp2 x5pf9jr xo71vjh\" src=\"https:\/\/static.xx.fbcdn.net\/images\/emoji.php\/v9\/t6f\/1\/16\/1f6ab.png\" alt=\"&#x1f6ab;\" width=\"16\" height=\"16\" \/><\/span><span class=\"html-span xexx8yu x4uap5 x18d9i69 xkhd6sd x1hl2dhg x16tdsg8 x1vvkbs x3nfvp2 x1j61x8r x1fcty0u xdj266r xat24cr xgzva0m xhhsvwb xxymvpz xlup9mm x1kky2od\"><img loading=\"lazy\" decoding=\"async\" class=\"xz74otr x168nmei x13lgxp2 x5pf9jr xo71vjh\" src=\"https:\/\/static.xx.fbcdn.net\/images\/emoji.php\/v9\/t97\/1\/16\/1f69b.png\" alt=\"&#x1f69b;\" width=\"16\" height=\"16\" \/><\/span><\/div>\n<div dir=\"auto\">El barrido de nuestra ciudad se realiza en un 80% con la barredora mec\u00e1nica que, al encontrarse con estos mont\u00edculos, no puede avanzar para completar el trabajo con eficiencia.<\/div>\n<\/div>\n<div class=\"x11i5rnm xat24cr x1mh8g0r x1vvkbs xtlvy1s x126k92a\">\n<div dir=\"auto\"><span class=\"html-span xexx8yu x4uap5 x18d9i69 xkhd6sd x1hl2dhg x16tdsg8 x1vvkbs x3nfvp2 x1j61x8r x1fcty0u xdj266r xat24cr xgzva0m xhhsvwb xxymvpz xlup9mm x1kky2od\"><img loading=\"lazy\" decoding=\"async\" class=\"xz74otr x168nmei x13lgxp2 x5pf9jr xo71vjh\" src=\"https:\/\/static.xx.fbcdn.net\/images\/emoji.php\/v9\/t80\/1\/16\/1f64f.png\" alt=\"&#x1f64f;\" width=\"16\" height=\"16\" \/><\/span> Lo que cada vecino hace en la v\u00eda p\u00fablica tiene consecuencias para los dem\u00e1s, seamos emp\u00e1ticos y respetemos las normas de convivencia de nuestro espacio com\u00fan.<\/div>\n<\/div>\n<div class=\"x11i5rnm xat24cr x1mh8g0r x1vvkbs xtlvy1s x126k92a\">\n<div dir=\"auto\"><span class=\"html-span xdj266r x11i5rnm xat24cr x1mh8g0r xexx8yu x4uap5 x18d9i69 xkhd6sd x1hl2dhg x16tdsg8 x1vvkbs\"><a class=\"x1i10hfl xjbqb8w x1ejq31n xd10rxx x1sy0etr x17r0tee x972fbf xcfux6l x1qhh985 xm0m39n x9f619 x1ypdohk xt0psk2 xe8uvvx xdj266r x11i5rnm xat24cr x1mh8g0r xexx8yu x4uap5 x18d9i69 xkhd6sd x16tdsg8 x1hl2dhg xggy1nq x1a2a7pz xkrqix3 x1sur9pj x1fey0fg x1s688f\" role=\"link\" href=\"https:\/\/www.facebook.com\/hashtag\/atenci%C3%B3n?__eep__=6&amp;__cft__[0]=AZUmf9QCRiSVUXOaPAJtEgr2nfca7oD6lMRSzyu5ctM7tJRfLCJHH5nyQ3V4UoTGAh3kptUxlDIwX6Gewn2BH0AwokrP0fjEacBmPkfMcNTlIe5LtrKFGqzw-WV2SgewNXYl299Ifx-RuiFJKZibcLQQMetT5kDjKeFgRPHvajtI4g&amp;__tn__=*NK-R\">#ATENCI\u00d3N<\/a><\/span> <span class=\"html-span xexx8yu x4uap5 x18d9i69 xkhd6sd x1hl2dhg x16tdsg8 x1vvkbs x3nfvp2 x1j61x8r x1fcty0u xdj266r xat24cr xgzva0m xhhsvwb xxymvpz xlup9mm x1kky2od\"><img loading=\"lazy\" decoding=\"async\" class=\"xz74otr x168nmei x13lgxp2 x5pf9jr xo71vjh\" src=\"https:\/\/static.xx.fbcdn.net\/images\/emoji.php\/v9\/t9e\/1\/16\/27a1.png\" alt=\"&#x27a1;&#xfe0f;\" width=\"16\" height=\"16\" \/><\/span> Colaboremos entre todos para mantener m\u00e1s limpia y ordenada la ciudad!!<\/div>\n<\/div>\n<div class=\"x11i5rnm xat24cr x1mh8g0r x1vvkbs xtlvy1s x126k92a\">\n<div dir=\"auto\"><span class=\"html-span xdj266r x11i5rnm xat24cr x1mh8g0r xexx8yu x4uap5 x18d9i69 xkhd6sd x1hl2dhg x16tdsg8 x1vvkbs\"><a class=\"x1i10hfl xjbqb8w x1ejq31n xd10rxx x1sy0etr x17r0tee x972fbf xcfux6l x1qhh985 xm0m39n x9f619 x1ypdohk xt0psk2 xe8uvvx xdj266r x11i5rnm xat24cr x1mh8g0r xexx8yu x4uap5 x18d9i69 xkhd6sd x16tdsg8 x1hl2dhg xggy1nq x1a2a7pz xkrqix3 x1sur9pj x1fey0fg x1s688f\" role=\"link\" href=\"https:\/\/www.facebook.com\/hashtag\/lezamam%C3%A1slimpio?__eep__=6&amp;__cft__[0]=AZUmf9QCRiSVUXOaPAJtEgr2nfca7oD6lMRSzyu5ctM7tJRfLCJHH5nyQ3V4UoTGAh3kptUxlDIwX6Gewn2BH0AwokrP0fjEacBmPkfMcNTlIe5LtrKFGqzw-WV2SgewNXYl299Ifx-RuiFJKZibcLQQMetT5kDjKeFgRPHvajtI4g&amp;__tn__=*NK-R\">#LezamaM\u00e1sLimpio<\/a><\/span> <span class=\"html-span xdj266r x11i5rnm xat24cr x1mh8g0r xexx8yu x4uap5 x18d9i69 xkhd6sd x1hl2dhg x16tdsg8 x1vvkbs\"><a class=\"x1i10hfl xjbqb8w x1ejq31n xd10rxx x1sy0etr x17r0tee x972fbf xcfux6l x1qhh985 xm0m39n x9f619 x1ypdohk xt0psk2 xe8uvvx xdj266r x11i5rnm xat24cr x1mh8g0r xexx8yu x4uap5 x18d9i69 xkhd6sd x16tdsg8 x1hl2dhg xggy1nq x1a2a7pz xkrqix3 x1sur9pj x1fey0fg x1s688f\" role=\"link\" href=\"https:\/\/www.facebook.com\/hashtag\/desag%C3%BCes?__eep__=6&amp;__cft__[0]=AZUmf9QCRiSVUXOaPAJtEgr2nfca7oD6lMRSzyu5ctM7tJRfLCJHH5nyQ3V4UoTGAh3kptUxlDIwX6Gewn2BH0AwokrP0fjEacBmPkfMcNTlIe5LtrKFGqzw-WV2SgewNXYl299Ifx-RuiFJKZibcLQQMetT5kDjKeFgRPHvajtI4g&amp;__tn__=*NK-R\">#desag\u00fces<\/a><\/span> <span class=\"html-span xdj266r x11i5rnm xat24cr x1mh8g0r xexx8yu x4uap5 x18d9i69 xkhd6sd x1hl2dhg x16tdsg8 x1vvkbs\"><a class=\"x1i10hfl xjbqb8w x1ejq31n xd10rxx x1sy0etr x17r0tee x972fbf xcfux6l x1qhh985 xm0m39n x9f619 x1ypdohk xt0psk2 xe8uvvx xdj266r x11i5rnm xat24cr x1mh8g0r xexx8yu x4uap5 x18d9i69 xkhd6sd x16tdsg8 x1hl2dhg xggy1nq x1a2a7pz xkrqix3 x1sur9pj x1fey0fg x1s688f\" role=\"link\" href=\"https:\/\/www.facebook.com\/hashtag\/serviciosmunicipales?__eep__=6&amp;__cft__[0]=AZUmf9QCRiSVUXOaPAJtEgr2nfca7oD6lMRSzyu5ctM7tJRfLCJHH5nyQ3V4UoTGAh3kptUxlDIwX6Gewn2BH0AwokrP0fjEacBmPkfMcNTlIe5LtrKFGqzw-WV2SgewNXYl299Ifx-RuiFJKZibcLQQMetT5kDjKeFgRPHvajtI4g&amp;__tn__=*NK-R\">#ServiciosMunicipales<\/a><\/span><\/div>\n<\/div>\n","protected":false},"excerpt":{"rendered":"<div class=\"mh-excerpt\"><p>08 de Marzo de 2025 POR FAVOR: NO DEJAR SOBRE LA CALLE PASTO, TIERRA, ESCOMBRO NI RAMAS La Secretar\u00eda de Servicios y Recursos Humanos solicita a la comunidad que evite dejar en la calle materiales <a class=\"mh-excerpt-more\" href=\"https:\/\/larevistadigital.com.ar\/blog\/municipalidad-de-lezama-pedido-a-los-vecinos\/\" title=\"Municipalidad de Lezama: Pedido a los vecinos\">[Leer M\u00e1s]<\/a><\/p>\n<\/div>","protected":false},"author":3,"featured_media":38952,"comment_status":"open","ping_status":"open","sticky":false,"template":"","format":"standard","meta":{"_jetpack_memberships_contains_paid_content":false,"footnotes":"","jetpack_publicize_message":"","jetpack_publicize_feature_enabled":true,"jetpack_social_post_already_shared":true,"jetpack_social_options":{"image_generator_settings":{"template":"highway","default_image_id":0,"font":"","enabled":false},"version":2}},"categories":[7,51],"tags":[],"class_list":{"0":"post-38951","1":"post","2":"type-post","3":"status-publish","4":"format-standard","5":"has-post-thumbnail","7":"category-lezama","8":"category-regionales"},"jetpack_publicize_connections":[],"jetpack_featured_media_url":"https:\/\/i0.wp.com\/larevistadigital.com.ar\/blog\/wp-content\/uploads\/481080606_948728297431390_1031559863189372647_n.jpg?fit=843%2C519&ssl=1","jetpack_sharing_enabled":true,"jetpack_shortlink":"https:\/\/wp.me\/p8qtrQ-a8f","jetpack-related-posts":[{"id":8266,"url":"https:\/\/larevistadigital.com.ar\/blog\/lezama-dos-personas-hospitalizadas-tras-volcar-en-su-vehiculo\/","url_meta":{"origin":38951,"position":0},"title":"LEZAMA: DOS PERSONAS HOSPITALIZADAS TRAS VOLCAR EN SU VEH\u00cdCULO","author":"Alejandro Sosa Ruda","date":"10 febrero, 2019","format":false,"excerpt":"Inform\u00f3 el portal INFOZONA, que siendo las 7,20 horas de este domingo se recibi\u00f3 un llamado an\u00f3nimo dando cuenta del vuelco de un autom\u00f3vil acontecido sobre calle Entessano de la localidad de Lezama, trat\u00e1ndose de un veh\u00edculo marca Peugeot de color blanco. Por razones que se tratan de establecer la\u2026","rel":"","context":"En \u00abLEZAMA\u00bb","block_context":{"text":"LEZAMA","link":"https:\/\/larevistadigital.com.ar\/blog\/category\/lezama\/"},"img":{"alt_text":"","src":"https:\/\/i0.wp.com\/larevistadigital.com.ar\/blog\/wp-content\/uploads\/2019\/02\/vuelco-lezama.jpg?fit=1200%2C775&ssl=1&resize=350%2C200","width":350,"height":200,"srcset":"https:\/\/i0.wp.com\/larevistadigital.com.ar\/blog\/wp-content\/uploads\/2019\/02\/vuelco-lezama.jpg?fit=1200%2C775&ssl=1&resize=350%2C200 1x, https:\/\/i0.wp.com\/larevistadigital.com.ar\/blog\/wp-content\/uploads\/2019\/02\/vuelco-lezama.jpg?fit=1200%2C775&ssl=1&resize=525%2C300 1.5x, https:\/\/i0.wp.com\/larevistadigital.com.ar\/blog\/wp-content\/uploads\/2019\/02\/vuelco-lezama.jpg?fit=1200%2C775&ssl=1&resize=700%2C400 2x, https:\/\/i0.wp.com\/larevistadigital.com.ar\/blog\/wp-content\/uploads\/2019\/02\/vuelco-lezama.jpg?fit=1200%2C775&ssl=1&resize=1050%2C600 3x"},"classes":[]},{"id":7457,"url":"https:\/\/larevistadigital.com.ar\/blog\/los-bomberos-de-chascomus-asistieron-a-los-de-lezama-para-sofocar-un-incendio-durante-tres-horas\/","url_meta":{"origin":38951,"position":1},"title":"LOS BOMBEROS DE CHASCOMUS ASISTIERON A LOS DE LEZAMA PARA SOFOCAR UN INCENDIO DURANTE TRES HORAS","author":"Alejandro Sosa Ruda","date":"28 diciembre, 2018","format":false,"excerpt":"Aproximadamente a las 14:50 hs. se recibe en el Cuartel de Bomberos Voluntarios de Chascom\u00fas, un llamado de sus colegas de Lezama, a efectos de pedir la colaboraci\u00f3n para sofocar un incendio de grandes proporciones de un campo, y una maquinaria agr\u00edcola en el paraje Libres del Sur. Con alarma\u2026","rel":"","context":"En \u00abCHASCOM\u00daS\u00bb","block_context":{"text":"CHASCOM\u00daS","link":"https:\/\/larevistadigital.com.ar\/blog\/category\/chascomus\/"},"img":{"alt_text":"","src":"https:\/\/i0.wp.com\/larevistadigital.com.ar\/blog\/wp-content\/uploads\/2018\/12\/13921169_553231878196592_8484525598537632035_n.jpg?fit=600%2C319&ssl=1&resize=350%2C200","width":350,"height":200,"srcset":"https:\/\/i0.wp.com\/larevistadigital.com.ar\/blog\/wp-content\/uploads\/2018\/12\/13921169_553231878196592_8484525598537632035_n.jpg?fit=600%2C319&ssl=1&resize=350%2C200 1x, https:\/\/i0.wp.com\/larevistadigital.com.ar\/blog\/wp-content\/uploads\/2018\/12\/13921169_553231878196592_8484525598537632035_n.jpg?fit=600%2C319&ssl=1&resize=525%2C300 1.5x"},"classes":[]},{"id":17023,"url":"https:\/\/larevistadigital.com.ar\/blog\/lezama-se-inicio-el-hormigonado-en-calle-penaloza\/","url_meta":{"origin":38951,"position":2},"title":"LEZAMA: SE INICI\u00d3 EL HORMIGONADO EN CALLE PE\u00d1ALOZA","author":"Alejandro Sosa Ruda","date":"16 octubre, 2020","format":false,"excerpt":"Personal municipal ultim\u00f3 detalles en la preparaci\u00f3n del suelo y, durante la ma\u00f1ana de hoy, la empresa Majoba comenz\u00f3 a hormigonar la cuadra n\u00famero 49 del Plan de Pavimentaci\u00f3n: Pe\u00f1aloza entre Liniers y Roca, en la zona sur de la ciudad. Una semana despu\u00e9s de iniciado el desmonte ya se\u2026","rel":"","context":"En \u00abLEZAMA\u00bb","block_context":{"text":"LEZAMA","link":"https:\/\/larevistadigital.com.ar\/blog\/category\/lezama\/"},"img":{"alt_text":"","src":"https:\/\/i0.wp.com\/larevistadigital.com.ar\/blog\/wp-content\/uploads\/Screenshot_1-162.jpg?fit=759%2C634&ssl=1&resize=350%2C200","width":350,"height":200,"srcset":"https:\/\/i0.wp.com\/larevistadigital.com.ar\/blog\/wp-content\/uploads\/Screenshot_1-162.jpg?fit=759%2C634&ssl=1&resize=350%2C200 1x, https:\/\/i0.wp.com\/larevistadigital.com.ar\/blog\/wp-content\/uploads\/Screenshot_1-162.jpg?fit=759%2C634&ssl=1&resize=525%2C300 1.5x, https:\/\/i0.wp.com\/larevistadigital.com.ar\/blog\/wp-content\/uploads\/Screenshot_1-162.jpg?fit=759%2C634&ssl=1&resize=700%2C400 2x"},"classes":[]},{"id":17424,"url":"https:\/\/larevistadigital.com.ar\/blog\/lezama-el-viernes-quedara-inaugurada-la-obra-de-pavimentacion-de-calle-rivadavia\/","url_meta":{"origin":38951,"position":3},"title":"LEZAMA: EL VIERNES QUEDAR\u00c1 INAUGURADA LA OBRA DE PAVIMENTACI\u00d3N DE CALLE RIVADAVIA","author":"Alejandro Sosa Ruda","date":"4 noviembre, 2020","format":false,"excerpt":"Se trata de la Cuadra N\u00ba 48 realizada por la gesti\u00f3n municipal en los \u00faltimos cuatro a\u00f1os. Mientras est\u00e1 en ejecuci\u00f3n el pavimento de la calle Pe\u00f1aloza, y se cumplen los plazos de obra en Hern\u00e1ndez y Clara Laborde, el intendente municipal\u00a0Lalo Harispe\u00a0dejar\u00e1 inaugurada este viernes 6 de noviembre la\u2026","rel":"","context":"En \u00abLEZAMA\u00bb","block_context":{"text":"LEZAMA","link":"https:\/\/larevistadigital.com.ar\/blog\/category\/lezama\/"},"img":{"alt_text":"","src":"https:\/\/i0.wp.com\/larevistadigital.com.ar\/blog\/wp-content\/uploads\/123309214_1911684432357582_4498986109427593921_o.jpg?fit=960%2C642&ssl=1&resize=350%2C200","width":350,"height":200,"srcset":"https:\/\/i0.wp.com\/larevistadigital.com.ar\/blog\/wp-content\/uploads\/123309214_1911684432357582_4498986109427593921_o.jpg?fit=960%2C642&ssl=1&resize=350%2C200 1x, https:\/\/i0.wp.com\/larevistadigital.com.ar\/blog\/wp-content\/uploads\/123309214_1911684432357582_4498986109427593921_o.jpg?fit=960%2C642&ssl=1&resize=525%2C300 1.5x, https:\/\/i0.wp.com\/larevistadigital.com.ar\/blog\/wp-content\/uploads\/123309214_1911684432357582_4498986109427593921_o.jpg?fit=960%2C642&ssl=1&resize=700%2C400 2x"},"classes":[]},{"id":8170,"url":"https:\/\/larevistadigital.com.ar\/blog\/lezama-se-comenzara-a-pavimentar-la-calle-roca\/","url_meta":{"origin":38951,"position":4},"title":"LEZAMA: SE COMENZAR\u00c1 A PAVIMENTAR LA CALLE ROCA","author":"Alejandro Sosa Ruda","date":"5 febrero, 2019","format":false,"excerpt":"El intendente Interino, Prof. Diego Mongay, recorri\u00f3 la arteria a pavimentar y dio aviso a los vecinos frentistas. Se espera que en el d\u00eda de ma\u00f1ana se d\u00e9 comienzo a los trabajos de movimiento de suelo para que luego se proceda a colocar el pavimento de hormig\u00f3n. De acuerdo al\u2026","rel":"","context":"En \u00abLEZAMA\u00bb","block_context":{"text":"LEZAMA","link":"https:\/\/larevistadigital.com.ar\/blog\/category\/lezama\/"},"img":{"alt_text":"","src":"https:\/\/i0.wp.com\/larevistadigital.com.ar\/blog\/wp-content\/uploads\/2019\/02\/51762297_1397889913737039_7130464611299491840_n.jpg?fit=709%2C470&ssl=1&resize=350%2C200","width":350,"height":200,"srcset":"https:\/\/i0.wp.com\/larevistadigital.com.ar\/blog\/wp-content\/uploads\/2019\/02\/51762297_1397889913737039_7130464611299491840_n.jpg?fit=709%2C470&ssl=1&resize=350%2C200 1x, https:\/\/i0.wp.com\/larevistadigital.com.ar\/blog\/wp-content\/uploads\/2019\/02\/51762297_1397889913737039_7130464611299491840_n.jpg?fit=709%2C470&ssl=1&resize=525%2C300 1.5x, https:\/\/i0.wp.com\/larevistadigital.com.ar\/blog\/wp-content\/uploads\/2019\/02\/51762297_1397889913737039_7130464611299491840_n.jpg?fit=709%2C470&ssl=1&resize=700%2C400 2x"},"classes":[]},{"id":19052,"url":"https:\/\/larevistadigital.com.ar\/blog\/lezama-se-realiza-fumigacion-contra-los-mosquitos-en-distintos-lugares-de-la-ciudad\/","url_meta":{"origin":38951,"position":5},"title":"LEZAMA: SE REALIZA FUMIGACI\u00d3N CONTRA LOS MOSQUITOS EN DISTINTOS LUGARES DE LA CIUDAD","author":"Alejandro Sosa Ruda","date":"26 febrero, 2021","format":false,"excerpt":"El \u00e1rea de Zoonosis y Bromatolog\u00eda del municipio, en conjunto con la Secretar\u00eda de Seguridad, realiz\u00f3 fumigaciones para reducir la poblaci\u00f3n de mosquitos en un amplio sector del sector urbano: bulevares, Plaza de la Autonom\u00eda, barrio El Tero, Plaza Marinacci, sector industrial y UPA Trauma. Dadas las condiciones clim\u00e1ticas de\u2026","rel":"","context":"En \u00abLEZAMA\u00bb","block_context":{"text":"LEZAMA","link":"https:\/\/larevistadigital.com.ar\/blog\/category\/lezama\/"},"img":{"alt_text":"","src":"https:\/\/i0.wp.com\/larevistadigital.com.ar\/blog\/wp-content\/uploads\/153419200_2001022056757152_619161520338180697_o.jpg?fit=1040%2C644&ssl=1&resize=350%2C200","width":350,"height":200,"srcset":"https:\/\/i0.wp.com\/larevistadigital.com.ar\/blog\/wp-content\/uploads\/153419200_2001022056757152_619161520338180697_o.jpg?fit=1040%2C644&ssl=1&resize=350%2C200 1x, https:\/\/i0.wp.com\/larevistadigital.com.ar\/blog\/wp-content\/uploads\/153419200_2001022056757152_619161520338180697_o.jpg?fit=1040%2C644&ssl=1&resize=525%2C300 1.5x, https:\/\/i0.wp.com\/larevistadigital.com.ar\/blog\/wp-content\/uploads\/153419200_2001022056757152_619161520338180697_o.jpg?fit=1040%2C644&ssl=1&resize=700%2C400 2x"},"classes":[]}],"_links":{"self":[{"href":"https:\/\/larevistadigital.com.ar\/blog\/wp-json\/wp\/v2\/posts\/38951","targetHints":{"allow":["GET"]}}],"collection":[{"href":"https:\/\/larevistadigital.com.ar\/blog\/wp-json\/wp\/v2\/posts"}],"about":[{"href":"https:\/\/larevistadigital.com.ar\/blog\/wp-json\/wp\/v2\/types\/post"}],"author":[{"embeddable":true,"href":"https:\/\/larevistadigital.com.ar\/blog\/wp-json\/wp\/v2\/users\/3"}],"replies":[{"embeddable":true,"href":"https:\/\/larevistadigital.com.ar\/blog\/wp-json\/wp\/v2\/comments?post=38951"}],"version-history":[{"count":1,"href":"https:\/\/larevistadigital.com.ar\/blog\/wp-json\/wp\/v2\/posts\/38951\/revisions"}],"predecessor-version":[{"id":38953,"href":"https:\/\/larevistadigital.com.ar\/blog\/wp-json\/wp\/v2\/posts\/38951\/revisions\/38953"}],"wp:featuredmedia":[{"embeddable":true,"href":"https:\/\/larevistadigital.com.ar\/blog\/wp-json\/wp\/v2\/media\/38952"}],"wp:attachment":[{"href":"https:\/\/larevistadigital.com.ar\/blog\/wp-json\/wp\/v2\/media?parent=38951"}],"wp:term":[{"taxonomy":"category","embeddable":true,"href":"https:\/\/larevistadigital.com.ar\/blog\/wp-json\/wp\/v2\/categories?post=38951"},{"taxonomy":"post_tag","embeddable":true,"href":"https:\/\/larevistadigital.com.ar\/blog\/wp-json\/wp\/v2\/tags?post=38951"}],"curies":[{"name":"wp","href":"https:\/\/api.w.org\/{rel}","templated":true}]}}