{"id":38959,"date":"2025-03-08T14:31:11","date_gmt":"2025-03-08T17:31:11","guid":{"rendered":"https:\/\/larevistadigital.com.ar\/blog\/?p=38959"},"modified":"2025-03-08T14:31:11","modified_gmt":"2025-03-08T17:31:11","slug":"el-triste-testimonio-de-una-empleada-de-arca-ante-la-incertidumbre-del-traslado-obligatorio-renuncia-o-despido","status":"publish","type":"post","link":"https:\/\/larevistadigital.com.ar\/blog\/el-triste-testimonio-de-una-empleada-de-arca-ante-la-incertidumbre-del-traslado-obligatorio-renuncia-o-despido\/","title":{"rendered":"El triste testimonio de una empleada de ARCA, ante la incertidumbre del traslado obligatorio, renuncia o despido&#8230;"},"content":{"rendered":"<h2>Es empleada de la Provincia de Buenos Aires, y no mencionaremos su nombre para no exponerla. Un testimonio que conmueve de una persona que con m\u00e1s de 50 a\u00f1os, vive una incertidumbre que le destroza el alma.<\/h2>\n<p>08 de Marzo de 2025<\/p>\n<p><strong>BUENOS AIRES &#8211;\u00a0 \u00a0<\/strong>Luego de los movimientos que el gobierno est\u00e1 aplicando con ARCA, muchos, por no decir todos los empleados de la repartici\u00f3n, viven una situaci\u00f3n que no se le desea a nadie: La angustia de perder todo lo que uno ten\u00eda en su vida, todas las certezas, las tranquilidades, los planes y proyectos y qui\u00e9n sabe qu\u00e9 m\u00e1s.<\/p>\n<p>El caso que exponemos, es el de una mujer, mayor de 50 a\u00f1os que est\u00e1 desesperada porque no sebe, como tantos otros, lo que pasar\u00e1 con su futuro cercano.<\/p>\n<p>Ac\u00e1 dejamos su testimonio, que es solamente una muestra de uno de los casos, que nos hace ver lo que la gente est\u00e1 viviendo en esta terrible, caprichosa e impensada situaci\u00f3n.<\/p>\n<p><em><strong>\u00abNo sabemos nada. Hay una incertidumbre terrible. Hay gente que tiene que hacer 180 km. De ida y 180km. De vuelta. Y en algunos distritos, 300 de ida y 300 de vuelta. \u00a1Imaginate el quilombo que hay! No tenemos novedades de cu\u00e1ndo empezamos, cu\u00e1ndo se deja la oficina, si tenemos que trabajar remoto, si nos pagan el viaje, si no te pagan nada, que creo que no nos pagan nada\u2026 Si ten\u00e9s alg\u00fan retiro voluntario o ten\u00e9s que renunciar. Hay gente grande que no puede viajar todos los d\u00edas. Hay gente que tiene nenes en el colegio, y no pueden mudarse, ni buscar escuela a mitad de a\u00f1o, buscar casa para alquilar\u2026 No es el mejor momento y seguramente la semana pr\u00f3xima haya quilombo. No sabemos m\u00e1s nada. Estamos desesperados. La gente de 25 de Mayo, tiene que ir hasta Ca\u00f1uelas y tiene m\u00e1s de 150 kil\u00f3metros\u2026<\/strong><\/em><\/p>\n<p><em><strong>Todo esto, luego de tantos a\u00f1os de trabajo, tanto sacrificio y de un d\u00eda para otro, te cambian la vida. Te dejan sin nada, y sin saber qu\u00e9 van a hacer con vos.<\/strong><\/em><\/p>\n<p><em><strong>Nos tiran a la basura, o nos obligan a irnos\u2026 No nos dejan chances, y destrozan familias. Tengo una compa\u00f1era que con esto, depende c\u00f3mo se defina, no le va a poder seguir pagando los estudios a su hijo. \u00bfQu\u00e9 hace?. Otro le paga el alquiler y ayuda a sus padres que son muy mayores. \u00bfC\u00f3mo lo va a hacer ahora? En muchos casos, son m\u00e1s los gastos a afrontar, que el mismo sueldo. \u00bfEsto era lo que ten\u00edan pensado para mejorarnos la vida?\u00bb&#8230;<\/strong><\/em><\/p>\n<p>Las palabras son concluyentes, y el sentimiento doloroso. Esperemos que quienes gobiernan tengan un poco de empat\u00eda con los trabajadores del sector.<br \/>\nNo es esta gente la \u00abCasta\u00bb que hunde a nuestro pa\u00eds. Ma\u00f1ana, nos puede tocar a nosotros.<\/p>\n","protected":false},"excerpt":{"rendered":"<div class=\"mh-excerpt\"><p>Es empleada de la Provincia de Buenos Aires, y no mencionaremos su nombre para no exponerla. Un testimonio que conmueve de una persona que con m\u00e1s de 50 a\u00f1os, vive una incertidumbre que le destroza <a class=\"mh-excerpt-more\" href=\"https:\/\/larevistadigital.com.ar\/blog\/el-triste-testimonio-de-una-empleada-de-arca-ante-la-incertidumbre-del-traslado-obligatorio-renuncia-o-despido\/\" title=\"El triste testimonio de una empleada de ARCA, ante la incertidumbre del traslado obligatorio, renuncia o despido&#8230;\">[Leer M\u00e1s]<\/a><\/p>\n<\/div>","protected":false},"author":3,"featured_media":38955,"comment_status":"open","ping_status":"open","sticky":false,"template":"","format":"standard","meta":{"_jetpack_memberships_contains_paid_content":false,"footnotes":"","jetpack_publicize_message":"","jetpack_publicize_feature_enabled":true,"jetpack_social_post_already_shared":true,"jetpack_social_options":{"image_generator_settings":{"template":"highway","default_image_id":0,"font":"","enabled":false},"version":2}},"categories":[41,29],"tags":[],"class_list":{"0":"post-38959","1":"post","2":"type-post","3":"status-publish","4":"format-standard","5":"has-post-thumbnail","7":"category-destacadas","8":"category-sociedad"},"jetpack_publicize_connections":[],"jetpack_featured_media_url":"https:\/\/i0.wp.com\/larevistadigital.com.ar\/blog\/wp-content\/uploads\/Captura-de-pantalla-2025-03-08-142428.jpg?fit=725%2C529&ssl=1","jetpack_sharing_enabled":true,"jetpack_shortlink":"https:\/\/wp.me\/p8qtrQ-a8n","jetpack-related-posts":[{"id":39407,"url":"https:\/\/larevistadigital.com.ar\/blog\/cierran-oficinas-de-arca-en-dolores-chascomus-y-pinamar-ajuste-con-impacto-local\/","url_meta":{"origin":38959,"position":0},"title":"Cierran oficinas de ARCA en Dolores, Chascom\u00fas y Pinamar: ajuste con impacto local","author":"Alejandro Sosa Ruda","date":"17 abril, 2025","format":false,"excerpt":"Con la reestructuraci\u00f3n del organismo de recaudaci\u00f3n, cierran varias sedes en todo el pa\u00eds. En la regi\u00f3n, empleados a\u00fan no saben con certeza a d\u00f3nde deber\u00e1n presentarse. 16 de Abril de 2025 BUENOS AIRES -\u00a0 En el marco de un fuerte ajuste en la estructura estatal, este viernes fue el\u2026","rel":"","context":"En \u00abDESTACADAS\u00bb","block_context":{"text":"DESTACADAS","link":"https:\/\/larevistadigital.com.ar\/blog\/category\/destacadas\/"},"img":{"alt_text":"","src":"https:\/\/i0.wp.com\/larevistadigital.com.ar\/blog\/wp-content\/uploads\/35.jpg?fit=1200%2C675&ssl=1&resize=350%2C200","width":350,"height":200,"srcset":"https:\/\/i0.wp.com\/larevistadigital.com.ar\/blog\/wp-content\/uploads\/35.jpg?fit=1200%2C675&ssl=1&resize=350%2C200 1x, https:\/\/i0.wp.com\/larevistadigital.com.ar\/blog\/wp-content\/uploads\/35.jpg?fit=1200%2C675&ssl=1&resize=525%2C300 1.5x, https:\/\/i0.wp.com\/larevistadigital.com.ar\/blog\/wp-content\/uploads\/35.jpg?fit=1200%2C675&ssl=1&resize=700%2C400 2x, https:\/\/i0.wp.com\/larevistadigital.com.ar\/blog\/wp-content\/uploads\/35.jpg?fit=1200%2C675&ssl=1&resize=1050%2C600 3x"},"classes":[]},{"id":29050,"url":"https:\/\/larevistadigital.com.ar\/blog\/aparecio-ema-la-nena-de-13-anos-que-era-intensamente-buscada\/","url_meta":{"origin":38959,"position":1},"title":"\u00a1APARECI\u00d3 EMA! LA NENA DE 13 A\u00d1OS QUE ERA INTENSAMENTE BUSCADA.","author":"Alejandro Sosa Ruda","date":"25 noviembre, 2022","format":false,"excerpt":"Su familia la buscaba con desesperaci\u00f3n y la gente colabor\u00f3 compartiendo el hecho en las redes sociales. Afortunadamente apareci\u00f3 en CABA. 25 de noviembre de 2022 La menor de edad hab\u00eda sido vista este martes al mediod\u00eda por \u00faltima vez y era buscada por su familia luego de que no\u2026","rel":"","context":"En \u00abDESTACADAS\u00bb","block_context":{"text":"DESTACADAS","link":"https:\/\/larevistadigital.com.ar\/blog\/category\/destacadas\/"},"img":{"alt_text":"","src":"https:\/\/i0.wp.com\/larevistadigital.com.ar\/blog\/wp-content\/uploads\/APARECIO-EMA.jpg?fit=1080%2C1080&ssl=1&resize=350%2C200","width":350,"height":200,"srcset":"https:\/\/i0.wp.com\/larevistadigital.com.ar\/blog\/wp-content\/uploads\/APARECIO-EMA.jpg?fit=1080%2C1080&ssl=1&resize=350%2C200 1x, https:\/\/i0.wp.com\/larevistadigital.com.ar\/blog\/wp-content\/uploads\/APARECIO-EMA.jpg?fit=1080%2C1080&ssl=1&resize=525%2C300 1.5x, https:\/\/i0.wp.com\/larevistadigital.com.ar\/blog\/wp-content\/uploads\/APARECIO-EMA.jpg?fit=1080%2C1080&ssl=1&resize=700%2C400 2x, https:\/\/i0.wp.com\/larevistadigital.com.ar\/blog\/wp-content\/uploads\/APARECIO-EMA.jpg?fit=1080%2C1080&ssl=1&resize=1050%2C600 3x"},"classes":[]},{"id":39028,"url":"https:\/\/larevistadigital.com.ar\/blog\/oficializan-la-convocatoria-a-elecciones-paso-en-territorio-bonaerense\/","url_meta":{"origin":38959,"position":2},"title":"Oficializan la convocatoria a elecciones PASO en territorio bonaerense","author":"Alejandro Sosa Ruda","date":"16 marzo, 2025","format":false,"excerpt":"El Gobernador de la Provincia de Buenos Aires, Axel Kicillof, en el marco de las atribuciones que le confiere la Constituci\u00f3n de la Provincia de Buenos Aires, firm\u00f3 el Decreto 367\/2025, mediante el cual se convoca al pueblo bonaerense a Elecciones Primarias, Abiertas, Simult\u00e1neas y Obligatorias (PASO), estableciendo el 13\u2026","rel":"","context":"En \u00abDESTACADAS\u00bb","block_context":{"text":"DESTACADAS","link":"https:\/\/larevistadigital.com.ar\/blog\/category\/destacadas\/"},"img":{"alt_text":"","src":"https:\/\/i0.wp.com\/larevistadigital.com.ar\/blog\/wp-content\/uploads\/20250315154706_kicillof-magario-153-apertura-sesiones-legislativas.jpg?fit=880%2C512&ssl=1&resize=350%2C200","width":350,"height":200,"srcset":"https:\/\/i0.wp.com\/larevistadigital.com.ar\/blog\/wp-content\/uploads\/20250315154706_kicillof-magario-153-apertura-sesiones-legislativas.jpg?fit=880%2C512&ssl=1&resize=350%2C200 1x, https:\/\/i0.wp.com\/larevistadigital.com.ar\/blog\/wp-content\/uploads\/20250315154706_kicillof-magario-153-apertura-sesiones-legislativas.jpg?fit=880%2C512&ssl=1&resize=525%2C300 1.5x, https:\/\/i0.wp.com\/larevistadigital.com.ar\/blog\/wp-content\/uploads\/20250315154706_kicillof-magario-153-apertura-sesiones-legislativas.jpg?fit=880%2C512&ssl=1&resize=700%2C400 2x"},"classes":[]},{"id":33514,"url":"https:\/\/larevistadigital.com.ar\/blog\/la-provincia-de-buenos-aires-dara-subsidios-a-mas-de-4-000-productores-frutihorticolas\/","url_meta":{"origin":38959,"position":3},"title":"LA PROVINCIA DE BUENOS AIRES DAR\u00c1 SUBSIDIOS A M\u00c1S DE 4.000 PRODUCTORES FRUTIHORT\u00cdCOLAS","author":"Alejandro Sosa Ruda","date":"20 septiembre, 2023","format":false,"excerpt":"El gobierno bonaerense ampli\u00f3 de 2.552 a 4.276 la lista de productores relevados y habilitados a solicitar el beneficio. Son para los afectados por las tormentas. 20 de Septiembre de 2023 BUENOS AIRES -\u00a0 La Secretar\u00eda de Agricultura, Ganader\u00eda y Pesca del Gobierno de la Provincia de Buenos Aires ha\u2026","rel":"","context":"En \u00abPOLITICA PROVINCIAL\u00bb","block_context":{"text":"POLITICA PROVINCIAL","link":"https:\/\/larevistadigital.com.ar\/blog\/category\/politica\/politica-provincial\/"},"img":{"alt_text":"","src":"https:\/\/i0.wp.com\/larevistadigital.com.ar\/blog\/wp-content\/uploads\/SUBSIDIOS.png?fit=809%2C512&ssl=1&resize=350%2C200","width":350,"height":200,"srcset":"https:\/\/i0.wp.com\/larevistadigital.com.ar\/blog\/wp-content\/uploads\/SUBSIDIOS.png?fit=809%2C512&ssl=1&resize=350%2C200 1x, https:\/\/i0.wp.com\/larevistadigital.com.ar\/blog\/wp-content\/uploads\/SUBSIDIOS.png?fit=809%2C512&ssl=1&resize=525%2C300 1.5x, https:\/\/i0.wp.com\/larevistadigital.com.ar\/blog\/wp-content\/uploads\/SUBSIDIOS.png?fit=809%2C512&ssl=1&resize=700%2C400 2x"},"classes":[]},{"id":38901,"url":"https:\/\/larevistadigital.com.ar\/blog\/origenes-del-espiritismo-en-la-argentina\/","url_meta":{"origin":38959,"position":4},"title":"Or\u00edgenes del espiritismo en la Argentina","author":"Alejandro Sosa Ruda","date":"1 marzo, 2025","format":false,"excerpt":"Un art\u00edculo, gentileza de Carlos Parodi, periodista,\u00a0 escritor e investigador,\u00a0 \u00a0IG Carlos Parodi.64\u2033 01 de Marzo de 2025 Las brumosas se\u00f1ales de la doctrina espiritista arribaron al R\u00edo de la Plata en el a\u00f1o 1857. Se cuenta que un pasajero espa\u00f1ol llamado Justo de Espada, procedente de M\u00e1laga, tra\u00eda entre\u2026","rel":"","context":"En \u00abCULTURA\u00bb","block_context":{"text":"CULTURA","link":"https:\/\/larevistadigital.com.ar\/blog\/category\/cultura\/"},"img":{"alt_text":"","src":"https:\/\/i0.wp.com\/larevistadigital.com.ar\/blog\/wp-content\/uploads\/libro-de-Cosme-Marino.jpg?fit=900%2C1199&ssl=1&resize=350%2C200","width":350,"height":200,"srcset":"https:\/\/i0.wp.com\/larevistadigital.com.ar\/blog\/wp-content\/uploads\/libro-de-Cosme-Marino.jpg?fit=900%2C1199&ssl=1&resize=350%2C200 1x, https:\/\/i0.wp.com\/larevistadigital.com.ar\/blog\/wp-content\/uploads\/libro-de-Cosme-Marino.jpg?fit=900%2C1199&ssl=1&resize=525%2C300 1.5x, https:\/\/i0.wp.com\/larevistadigital.com.ar\/blog\/wp-content\/uploads\/libro-de-Cosme-Marino.jpg?fit=900%2C1199&ssl=1&resize=700%2C400 2x"},"classes":[]},{"id":35070,"url":"https:\/\/larevistadigital.com.ar\/blog\/fallecio-umma-la-nena-de-9-anos-baleada-en-un-intento-de-robo-a-su-padre-custodio-de-patricia-bullrich\/","url_meta":{"origin":38959,"position":5},"title":"FALLECI\u00d3 UMMA, LA NENA DE 9 A\u00d1OS BALEADA EN UN INTENTO DE ROBO A SU PADRE, CUSTODIO DE PATRICIA BULLRICH","author":"Alejandro Sosa Ruda","date":"22 enero, 2024","format":false,"excerpt":"Patricia Bullrich asegur\u00f3 que \"Mano dura es matar a una nena de 9 a\u00f1os\". Umma Aguilera muri\u00f3 en el hospital Churruca tras haber recibido un tiro en la nuca. 22 de enero de 2023 Lamentablemente, despu\u00e9s de pelear por su vida,\u00a0Umma, la nena de 9 a\u00f1os que hab\u00eda sido baleada\u2026","rel":"","context":"En \u00abDESTACADAS\u00bb","block_context":{"text":"DESTACADAS","link":"https:\/\/larevistadigital.com.ar\/blog\/category\/destacadas\/"},"img":{"alt_text":"","src":"https:\/\/i0.wp.com\/larevistadigital.com.ar\/blog\/wp-content\/uploads\/bullrich.jpg?fit=700%2C466&ssl=1&resize=350%2C200","width":350,"height":200,"srcset":"https:\/\/i0.wp.com\/larevistadigital.com.ar\/blog\/wp-content\/uploads\/bullrich.jpg?fit=700%2C466&ssl=1&resize=350%2C200 1x, https:\/\/i0.wp.com\/larevistadigital.com.ar\/blog\/wp-content\/uploads\/bullrich.jpg?fit=700%2C466&ssl=1&resize=525%2C300 1.5x, https:\/\/i0.wp.com\/larevistadigital.com.ar\/blog\/wp-content\/uploads\/bullrich.jpg?fit=700%2C466&ssl=1&resize=700%2C400 2x"},"classes":[]}],"_links":{"self":[{"href":"https:\/\/larevistadigital.com.ar\/blog\/wp-json\/wp\/v2\/posts\/38959","targetHints":{"allow":["GET"]}}],"collection":[{"href":"https:\/\/larevistadigital.com.ar\/blog\/wp-json\/wp\/v2\/posts"}],"about":[{"href":"https:\/\/larevistadigital.com.ar\/blog\/wp-json\/wp\/v2\/types\/post"}],"author":[{"embeddable":true,"href":"https:\/\/larevistadigital.com.ar\/blog\/wp-json\/wp\/v2\/users\/3"}],"replies":[{"embeddable":true,"href":"https:\/\/larevistadigital.com.ar\/blog\/wp-json\/wp\/v2\/comments?post=38959"}],"version-history":[{"count":1,"href":"https:\/\/larevistadigital.com.ar\/blog\/wp-json\/wp\/v2\/posts\/38959\/revisions"}],"predecessor-version":[{"id":38960,"href":"https:\/\/larevistadigital.com.ar\/blog\/wp-json\/wp\/v2\/posts\/38959\/revisions\/38960"}],"wp:featuredmedia":[{"embeddable":true,"href":"https:\/\/larevistadigital.com.ar\/blog\/wp-json\/wp\/v2\/media\/38955"}],"wp:attachment":[{"href":"https:\/\/larevistadigital.com.ar\/blog\/wp-json\/wp\/v2\/media?parent=38959"}],"wp:term":[{"taxonomy":"category","embeddable":true,"href":"https:\/\/larevistadigital.com.ar\/blog\/wp-json\/wp\/v2\/categories?post=38959"},{"taxonomy":"post_tag","embeddable":true,"href":"https:\/\/larevistadigital.com.ar\/blog\/wp-json\/wp\/v2\/tags?post=38959"}],"curies":[{"name":"wp","href":"https:\/\/api.w.org\/{rel}","templated":true}]}}