{"id":38962,"date":"2025-03-09T12:38:01","date_gmt":"2025-03-09T15:38:01","guid":{"rendered":"https:\/\/larevistadigital.com.ar\/blog\/?p=38962"},"modified":"2025-03-09T12:38:01","modified_gmt":"2025-03-09T15:38:01","slug":"yararas-en-la-zona-mas-comun-de-lo-que-creiamos","status":"publish","type":"post","link":"https:\/\/larevistadigital.com.ar\/blog\/yararas-en-la-zona-mas-comun-de-lo-que-creiamos\/","title":{"rendered":"Yarar\u00e1s en la zona&#8230; M\u00e1s com\u00fan de lo que cre\u00edamos."},"content":{"rendered":"<h2>Hablamos con la Licenciada Eva Schlegel, quien explic\u00f3 qu\u00e9 hacer y c\u00f3mo actuar ante la presencia de estos animales.<\/h2>\n<p>09 de Marzo de 2025<\/p>\n<p><strong>BUENOS AIRES &#8211;<em>\u00a0 \u201cEsto, es normal y frecuente en la zona, no es casual. Son de nuestro medioambiente, y es normal que aparezcan\u201d<\/em><\/strong>, agregando que a causa del calor y la sequ\u00eda, las apariciones son m\u00e1s frecuentes.<\/p>\n<p>As\u00ed se refiri\u00f3 al tema, la licenciada <strong>Eva Schlegel<\/strong>, Directora de Zoonosis y Cuidado Animal del Partido de la Costa cuando se la consult\u00f3 acerca de la aparici\u00f3n de serpientes Yarar\u00e1 en la zona. El di\u00e1logo se desarroll\u00f3 en el programa <strong>\u201cAtaque de Radio\u201d, que es emitido por la FM 102.7 y en simult\u00e1neo por el Streeming de YouTube en el canal de \u201cradiopowerch\u201d.<\/strong><\/p>\n<p><strong>Schlegel, <\/strong>destac\u00f3 que la Yarar\u00e1 es una serpiente venenosa, y que entre otras hay variedades de v\u00edboras y culebras, las \u201csaperas\u201d, las \u201cratoneras\u201d, la falsa yarar\u00e1 (que no posee veneno), y si bien tiene un notable parecido, la panza del animal es roja y blanca.<\/p>\n<blockquote><p>La Yarar\u00e1 es cazadora de distintos animales como ratas, sapos y distintos animales, agregando que la diferencia entre v\u00edboras y serpientes, radica en que las \u201cserpientes\u201d son las venenosas, explicando que <strong><em>\u201clas v\u00edboras y serpientes, no pican, sino que muerden, porque poseen dientes\u201d.<\/em><\/strong><\/p><\/blockquote>\n<p>Inform\u00f3 que la \u00fanica variedad venenosa de la zona, es la Yarar\u00e1, que puede encontrarse en el Partido de la Costa, Villa Gesell, Pinamar, Mar del Plata\u2026<\/p>\n<blockquote>\n<h3>En referencia a los tama\u00f1os de esta serpiente, son aproximadamente de unos 80\/85 cm. Generalmente, y la m\u00e1s grande que apareci\u00f3 alcanz\u00f3 el metro y medio.<\/h3>\n<\/blockquote>\n<p><strong><em>\u201cEllos son parte del ecosistema, y por algo est\u00e1n. Tenemos que entender que debemos aprender a coexistir con ellos porque as\u00ed debe ser. Por eso, ante la aparici\u00f3n pedimos que nos llamen, y nosotros las reubicamos en otro lado, donde no representen un peligro para las personas\u201d<\/em><\/strong>, expres\u00f3.<\/p>\n<p>Por \u00faltimo, asegur\u00f3 que no atacan a la gente, sino que se defienden cuando se ven en peligro, ya que los ofidios nos tienen m\u00e1s miedo que nosotros a ellos.<\/p>\n","protected":false},"excerpt":{"rendered":"<div class=\"mh-excerpt\"><p>Hablamos con la Licenciada Eva Schlegel, quien explic\u00f3 qu\u00e9 hacer y c\u00f3mo actuar ante la presencia de estos animales. 09 de Marzo de 2025 BUENOS AIRES &#8211;\u00a0 \u201cEsto, es normal y frecuente en la zona, <a class=\"mh-excerpt-more\" href=\"https:\/\/larevistadigital.com.ar\/blog\/yararas-en-la-zona-mas-comun-de-lo-que-creiamos\/\" title=\"Yarar\u00e1s en la zona&#8230; M\u00e1s com\u00fan de lo que cre\u00edamos.\">[Leer M\u00e1s]<\/a><\/p>\n<\/div>","protected":false},"author":3,"featured_media":38963,"comment_status":"open","ping_status":"open","sticky":false,"template":"","format":"standard","meta":{"_jetpack_memberships_contains_paid_content":false,"footnotes":"","jetpack_publicize_message":"","jetpack_publicize_feature_enabled":true,"jetpack_social_post_already_shared":true,"jetpack_social_options":{"image_generator_settings":{"template":"highway","default_image_id":0,"font":"","enabled":false},"version":2}},"categories":[247,34,51],"tags":[],"class_list":{"0":"post-38962","1":"post","2":"type-post","3":"status-publish","4":"format-standard","5":"has-post-thumbnail","7":"category-ataque-de-radio","8":"category-medio-ambiente","9":"category-regionales"},"jetpack_publicize_connections":[],"jetpack_featured_media_url":"https:\/\/i0.wp.com\/larevistadigital.com.ar\/blog\/wp-content\/uploads\/Captura-de-pantalla-2025-03-09-123511.jpg?fit=697%2C462&ssl=1","jetpack_sharing_enabled":true,"jetpack_shortlink":"https:\/\/wp.me\/p8qtrQ-a8q","jetpack-related-posts":[{"id":38882,"url":"https:\/\/larevistadigital.com.ar\/blog\/alerta-en-la-costa-aparicion-de-yararas-por-la-sequia\/","url_meta":{"origin":38962,"position":0},"title":"Alerta en La Costa: aparici\u00f3n de yarar\u00e1s por la sequ\u00eda","author":"Alejandro Sosa Ruda","date":"27 febrero, 2025","format":false,"excerpt":"Se trata de una especie venenosa que \u201cahora est\u00e1n apareciendo bastante\u201d, seg\u00fan la directora de Cuidado Animal y Zoonosis, debido a la sequ\u00eda. 27 de Febrero de 2025 PARTIDO DE LA COSTA -\u00a0 Durante el inicio de la semana, la tranquilidad de Mar del Tuy\u00fa (Partido de La Costa) se\u2026","rel":"","context":"En \u00abREGIONALES\u00bb","block_context":{"text":"REGIONALES","link":"https:\/\/larevistadigital.com.ar\/blog\/category\/regionales\/"},"img":{"alt_text":"","src":"https:\/\/i0.wp.com\/larevistadigital.com.ar\/blog\/wp-content\/uploads\/b7121fd417389c723c9ff19ae9aa0d43e7a45154.jpg?fit=1140%2C753&ssl=1&resize=350%2C200","width":350,"height":200,"srcset":"https:\/\/i0.wp.com\/larevistadigital.com.ar\/blog\/wp-content\/uploads\/b7121fd417389c723c9ff19ae9aa0d43e7a45154.jpg?fit=1140%2C753&ssl=1&resize=350%2C200 1x, https:\/\/i0.wp.com\/larevistadigital.com.ar\/blog\/wp-content\/uploads\/b7121fd417389c723c9ff19ae9aa0d43e7a45154.jpg?fit=1140%2C753&ssl=1&resize=525%2C300 1.5x, https:\/\/i0.wp.com\/larevistadigital.com.ar\/blog\/wp-content\/uploads\/b7121fd417389c723c9ff19ae9aa0d43e7a45154.jpg?fit=1140%2C753&ssl=1&resize=700%2C400 2x, https:\/\/i0.wp.com\/larevistadigital.com.ar\/blog\/wp-content\/uploads\/b7121fd417389c723c9ff19ae9aa0d43e7a45154.jpg?fit=1140%2C753&ssl=1&resize=1050%2C600 3x"},"classes":[]},{"id":31797,"url":"https:\/\/larevistadigital.com.ar\/blog\/quilmes-una-mujer-encontro-una-yarara-en-su-placard\/","url_meta":{"origin":38962,"position":1},"title":"QUILMES: UNA MUJER ENCONTR\u00d3 UNA YARAR\u00c1 EN SU PLACARD","author":"Alejandro Sosa Ruda","date":"29 mayo, 2023","format":false,"excerpt":"Una mujer se llev\u00f3 la desagradable sorpresa, y alert\u00f3 a los vecinos de la zona. El ins\u00f3lito hallazgo ocurri\u00f3 en una vivienda cercana a la ribera de Quilmes. No hubo heridos por el animal. 28 DE MAYO DE 2023 QUILMES -\u00a0 Vecinos de la Ribera de Quilmes sufrieron un gran\u2026","rel":"","context":"En \u00abREGIONALES\u00bb","block_context":{"text":"REGIONALES","link":"https:\/\/larevistadigital.com.ar\/blog\/category\/regionales\/"},"img":{"alt_text":"","src":"https:\/\/i0.wp.com\/larevistadigital.com.ar\/blog\/wp-content\/uploads\/20230525072639_quilmes-yayara-placard.jpg?fit=880%2C512&ssl=1&resize=350%2C200","width":350,"height":200,"srcset":"https:\/\/i0.wp.com\/larevistadigital.com.ar\/blog\/wp-content\/uploads\/20230525072639_quilmes-yayara-placard.jpg?fit=880%2C512&ssl=1&resize=350%2C200 1x, https:\/\/i0.wp.com\/larevistadigital.com.ar\/blog\/wp-content\/uploads\/20230525072639_quilmes-yayara-placard.jpg?fit=880%2C512&ssl=1&resize=525%2C300 1.5x, https:\/\/i0.wp.com\/larevistadigital.com.ar\/blog\/wp-content\/uploads\/20230525072639_quilmes-yayara-placard.jpg?fit=880%2C512&ssl=1&resize=700%2C400 2x"},"classes":[]},{"id":44974,"url":"https:\/\/larevistadigital.com.ar\/blog\/alarma-por-mordeduras-de-yarara-una-perrita-fue-atacada-y-reaviva-la-falta-de-suero-en-la-zona\/","url_meta":{"origin":38962,"position":2},"title":"Alarma por mordeduras de yarar\u00e1: una perrita fue atacada y reaviva la falta de suero en la zona","author":"Alejandro Sosa Ruda","date":"7 abril, 2026","format":false,"excerpt":"El episodio ocurri\u00f3 en Paraje Las Chacras en General Lavalle y expone una preocupaci\u00f3n creciente: la escasez de suero antiof\u00eddico ante casos cada vez m\u00e1s frecuentes. 07 de abril de 2026 Las Chacras.- GENERAL LAVALLE -\u00a0 \u00a0 Un momento de fuerte preocupaci\u00f3n se vivi\u00f3 el s\u00e1bado en el Paraje Las\u2026","rel":"","context":"En \u00abREGIONALES\u00bb","block_context":{"text":"REGIONALES","link":"https:\/\/larevistadigital.com.ar\/blog\/category\/regionales\/"},"img":{"alt_text":"","src":"https:\/\/i0.wp.com\/larevistadigital.com.ar\/blog\/wp-content\/uploads\/fotonoticia_20200217170857_1200.jpg?fit=1200%2C792&ssl=1&resize=350%2C200","width":350,"height":200,"srcset":"https:\/\/i0.wp.com\/larevistadigital.com.ar\/blog\/wp-content\/uploads\/fotonoticia_20200217170857_1200.jpg?fit=1200%2C792&ssl=1&resize=350%2C200 1x, https:\/\/i0.wp.com\/larevistadigital.com.ar\/blog\/wp-content\/uploads\/fotonoticia_20200217170857_1200.jpg?fit=1200%2C792&ssl=1&resize=525%2C300 1.5x, https:\/\/i0.wp.com\/larevistadigital.com.ar\/blog\/wp-content\/uploads\/fotonoticia_20200217170857_1200.jpg?fit=1200%2C792&ssl=1&resize=700%2C400 2x, https:\/\/i0.wp.com\/larevistadigital.com.ar\/blog\/wp-content\/uploads\/fotonoticia_20200217170857_1200.jpg?fit=1200%2C792&ssl=1&resize=1050%2C600 3x"},"classes":[]},{"id":41800,"url":"https:\/\/larevistadigital.com.ar\/blog\/grave-ataque-de-yarara-en-general-lavalle-un-hombre-permanece-internado-en-terapia-intensiva\/","url_meta":{"origin":38962,"position":3},"title":"Grave ataque de yarar\u00e1 en General Lavalle: un hombre permanece internado en terapia intensiva","author":"Alejandro Sosa Ruda","date":"7 octubre, 2025","format":false,"excerpt":"El hecho ocurri\u00f3 en el Paraje Las Chacras. El vecino fue mordido mientras trabajaba en su vivienda y fue trasladado de urgencia al Hospital de Mar de Aj\u00f3. Su perra tambi\u00e9n result\u00f3 herida al intentar defenderlo. \u00a007 de Octubre de 2025 General Lavalle.-BUENOS AIRES -\u00a0 \u00a0Un grave episodio tuvo lugar\u2026","rel":"","context":"En \u00abREGIONALES\u00bb","block_context":{"text":"REGIONALES","link":"https:\/\/larevistadigital.com.ar\/blog\/category\/regionales\/"},"img":{"alt_text":"","src":"https:\/\/i0.wp.com\/larevistadigital.com.ar\/blog\/wp-content\/uploads\/original.jpg?fit=1200%2C800&ssl=1&resize=350%2C200","width":350,"height":200,"srcset":"https:\/\/i0.wp.com\/larevistadigital.com.ar\/blog\/wp-content\/uploads\/original.jpg?fit=1200%2C800&ssl=1&resize=350%2C200 1x, https:\/\/i0.wp.com\/larevistadigital.com.ar\/blog\/wp-content\/uploads\/original.jpg?fit=1200%2C800&ssl=1&resize=525%2C300 1.5x, https:\/\/i0.wp.com\/larevistadigital.com.ar\/blog\/wp-content\/uploads\/original.jpg?fit=1200%2C800&ssl=1&resize=700%2C400 2x, https:\/\/i0.wp.com\/larevistadigital.com.ar\/blog\/wp-content\/uploads\/original.jpg?fit=1200%2C800&ssl=1&resize=1050%2C600 3x"},"classes":[]},{"id":13461,"url":"https:\/\/larevistadigital.com.ar\/blog\/13461-2\/","url_meta":{"origin":38962,"position":4},"title":"APARECEN V\u00cdBORAS VENENOSAS EN LA REGI\u00d3N. \u00bfQU\u00c9 HACER Y QU\u00c9 NO, ANTE UNA MORDEDURA?","author":"Alejandro Sosa Ruda","date":"4 diciembre, 2019","format":false,"excerpt":"Nuestros colegas del portal Entrel\u00edneas.info, publican un art\u00edculo generado desde el municipio de General lavalle, que advierte los peligros de algunos ofidios que aparecen en la zona, sobre todo en \u00e9poca de verano, y c\u00f3mo debe uno comportarse ante una mordedura. A continuaci\u00f3n lo reproducimos: Con el aumento de la\u2026","rel":"","context":"En \u00abREGIONALES\u00bb","block_context":{"text":"REGIONALES","link":"https:\/\/larevistadigital.com.ar\/blog\/category\/regionales\/"},"img":{"alt_text":"","src":"https:\/\/i0.wp.com\/larevistadigital.com.ar\/blog\/wp-content\/uploads\/Screenshot_3-32.jpg?fit=1200%2C698&ssl=1&resize=350%2C200","width":350,"height":200,"srcset":"https:\/\/i0.wp.com\/larevistadigital.com.ar\/blog\/wp-content\/uploads\/Screenshot_3-32.jpg?fit=1200%2C698&ssl=1&resize=350%2C200 1x, https:\/\/i0.wp.com\/larevistadigital.com.ar\/blog\/wp-content\/uploads\/Screenshot_3-32.jpg?fit=1200%2C698&ssl=1&resize=525%2C300 1.5x, https:\/\/i0.wp.com\/larevistadigital.com.ar\/blog\/wp-content\/uploads\/Screenshot_3-32.jpg?fit=1200%2C698&ssl=1&resize=700%2C400 2x, https:\/\/i0.wp.com\/larevistadigital.com.ar\/blog\/wp-content\/uploads\/Screenshot_3-32.jpg?fit=1200%2C698&ssl=1&resize=1050%2C600 3x"},"classes":[]},{"id":27776,"url":"https:\/\/larevistadigital.com.ar\/blog\/gral-lavalle-preocupacion-por-la-aparicion-de-yararas-en-zonas-rurales\/","url_meta":{"origin":38962,"position":5},"title":"GRAL. LAVALLE: PREOCUPACI\u00d3N POR LA APARICI\u00d3N DE YARARAS EN ZONAS RURALES","author":"Alejandro Sosa Ruda","date":"15 septiembre, 2022","format":false,"excerpt":"Un productor encontr\u00f3 dos de sus caballos muertos, con signos de haber sido mordidos por esa clase de serpientes. Qu\u00e9 hacer en estos casos: detalles y recomendaciones. 15 de septiembre de 2022 Un productor rural del\u00a0paraje Las Chacras, en\u00a0General Lavalle, advirti\u00f3 que\u00a0dos caballos de su propiedad hab\u00edan muerto por lesiones\u2026","rel":"","context":"En \u00abREGIONALES\u00bb","block_context":{"text":"REGIONALES","link":"https:\/\/larevistadigital.com.ar\/blog\/category\/regionales\/"},"img":{"alt_text":"","src":"https:\/\/i0.wp.com\/larevistadigital.com.ar\/blog\/wp-content\/uploads\/foto-72.jpg?fit=850%2C465&ssl=1&resize=350%2C200","width":350,"height":200,"srcset":"https:\/\/i0.wp.com\/larevistadigital.com.ar\/blog\/wp-content\/uploads\/foto-72.jpg?fit=850%2C465&ssl=1&resize=350%2C200 1x, https:\/\/i0.wp.com\/larevistadigital.com.ar\/blog\/wp-content\/uploads\/foto-72.jpg?fit=850%2C465&ssl=1&resize=525%2C300 1.5x, https:\/\/i0.wp.com\/larevistadigital.com.ar\/blog\/wp-content\/uploads\/foto-72.jpg?fit=850%2C465&ssl=1&resize=700%2C400 2x"},"classes":[]}],"_links":{"self":[{"href":"https:\/\/larevistadigital.com.ar\/blog\/wp-json\/wp\/v2\/posts\/38962","targetHints":{"allow":["GET"]}}],"collection":[{"href":"https:\/\/larevistadigital.com.ar\/blog\/wp-json\/wp\/v2\/posts"}],"about":[{"href":"https:\/\/larevistadigital.com.ar\/blog\/wp-json\/wp\/v2\/types\/post"}],"author":[{"embeddable":true,"href":"https:\/\/larevistadigital.com.ar\/blog\/wp-json\/wp\/v2\/users\/3"}],"replies":[{"embeddable":true,"href":"https:\/\/larevistadigital.com.ar\/blog\/wp-json\/wp\/v2\/comments?post=38962"}],"version-history":[{"count":1,"href":"https:\/\/larevistadigital.com.ar\/blog\/wp-json\/wp\/v2\/posts\/38962\/revisions"}],"predecessor-version":[{"id":38964,"href":"https:\/\/larevistadigital.com.ar\/blog\/wp-json\/wp\/v2\/posts\/38962\/revisions\/38964"}],"wp:featuredmedia":[{"embeddable":true,"href":"https:\/\/larevistadigital.com.ar\/blog\/wp-json\/wp\/v2\/media\/38963"}],"wp:attachment":[{"href":"https:\/\/larevistadigital.com.ar\/blog\/wp-json\/wp\/v2\/media?parent=38962"}],"wp:term":[{"taxonomy":"category","embeddable":true,"href":"https:\/\/larevistadigital.com.ar\/blog\/wp-json\/wp\/v2\/categories?post=38962"},{"taxonomy":"post_tag","embeddable":true,"href":"https:\/\/larevistadigital.com.ar\/blog\/wp-json\/wp\/v2\/tags?post=38962"}],"curies":[{"name":"wp","href":"https:\/\/api.w.org\/{rel}","templated":true}]}}