{"id":39005,"date":"2025-03-14T19:57:26","date_gmt":"2025-03-14T22:57:26","guid":{"rendered":"https:\/\/larevistadigital.com.ar\/blog\/?p=39005"},"modified":"2025-03-14T19:57:26","modified_gmt":"2025-03-14T22:57:26","slug":"kicillof-inauguro-el-nuevo-muelle-y-la-planta-potabilizadora-de-agua","status":"publish","type":"post","link":"https:\/\/larevistadigital.com.ar\/blog\/kicillof-inauguro-el-nuevo-muelle-y-la-planta-potabilizadora-de-agua\/","title":{"rendered":"Kicillof inaugur\u00f3 el nuevo muelle y la planta potabilizadora de agua"},"content":{"rendered":"<h2>Adem\u00e1s, el Gobernador entreg\u00f3 dos embarcaciones de transporte y recorri\u00f3 espacios p\u00fablicos reacondicionados.<\/h2>\n<p>14 de Marzo de 2025<\/p>\n<p><strong>BUENOS AIRES &#8211;<\/strong>\u00a0 \u00a0En el marco del 211\u00b0 aniversario de la Isla Mart\u00edn Garc\u00eda, el gobernador de la provincia de Buenos Aires, <strong>Axel Kicillof<\/strong>, encabez\u00f3 este viernes el acto de inauguraci\u00f3n del nuevo muelle, entreg\u00f3 dos embarcaciones y puso en funcionamiento una planta potabilizadora de agua. Fue junto a los ministros de Gobierno, <strong>Carlos Bianco<\/strong>; de Infraestructura y Servicios P\u00fablicos, <strong>Gabriel Katopodis<\/strong>; y la ministra de Ambiente, <strong>Daniela Vilar<\/strong>.<\/p>\n<blockquote>\n<h3>En ese marco, <strong>Kicillof<\/strong> afirm\u00f3: <em>\u201cEsta isla es una parte fundamental de la historia argentina y un lugar estrat\u00e9gico que domina la entrada al R\u00edo de La Plata: es fundamental reivindicar y fortalecer esta pieza de soberan\u00eda nacional que qued\u00f3 al cuidado de la Provincia y que es patrimonio cultural de todos los argentinos y las argentinas\u201d.<\/em><\/h3>\n<\/blockquote>\n<p>\u201c<strong><em>Cuando asumimos encontramos en este espacio en una situaci\u00f3n de abandono y de falta de obras b\u00e1sicas absoluta\u201d<\/em><\/strong>, sostuvo el Gobernador y agreg\u00f3: <strong><em>\u201cNo pod\u00edamos permitirlo, y desde el Gobierno bonaerense iniciamos una serie de ejecuciones en materia de agua, ambiente y de iluminaci\u00f3n para volver a poner a la isla de pie\u00bb.<\/em><\/strong><\/p>\n<blockquote>\n<h3>El nuevo muelle permitir\u00e1 mejorar la conectividad, la recepci\u00f3n de alimentos, el desarrollo de la zona y el impulso del turismo. A partir de una inversi\u00f3n de $3.032 millones, la obra incluy\u00f3 la demolici\u00f3n de la antigua estructura de madera, la colocaci\u00f3n de un ascensor para personas con movilidad reducida y el dragado de 27.000 metros c\u00fabicos del canal de acceso a la isla.<\/h3>\n<\/blockquote>\n<p>Por su parte, <strong>Bianco<\/strong> remarc\u00f3: <strong><em>\u201cComo n\u00facleo de historia, patrimonio y soberan\u00eda, la Isla Mart\u00edn Garc\u00eda requiri\u00f3 de grandes esfuerzos del Gobierno provincial para ejecutar una bater\u00eda de obras de infraestructura que le devuelven el valor no s\u00f3lo al lugar, sino tambi\u00e9n a la comunidad que la conforma\u201d.<\/em><\/strong><\/p>\n<p>Tras una inversi\u00f3n de $3.140 millones, la nueva planta modular sistematizada permitir\u00e1 abastecer la demanda de m\u00e1s de 1.500 personas que residen y visitan la isla. En tanto, se anunci\u00f3 la obra de las nuevas redes de distribuci\u00f3n de agua potable y cloacales que ser\u00e1n realizadas a trav\u00e9s del Organismo Provincial de Integraci\u00f3n Social y Urbana (OPISU).<\/p>\n<blockquote>\n<h3>Adem\u00e1s, se hizo entrega de dos embarcaciones que ser\u00e1n utilizadas para el traslado de estudiantes, la carga de materiales esenciales y para mejorar los trabajos de control y fiscalizaci\u00f3n de los guardaparques.<\/h3>\n<\/blockquote>\n<p><strong><em>\u00abEn la provincia de Buenos Aires trabajamos por mejorar la calidad de vida de nuestro pueblo a partir de pol\u00edticas p\u00fablicas: esta isla es un ejemplo concreto de transformaci\u00f3n\u201d<\/em><\/strong>, sostuvo <strong>Vilar<\/strong> y agreg\u00f3: <strong><em>\u201cEn tiempos donde circulan discursos que niegan la crisis clim\u00e1tica, se pone en evidencia la importancia del cuidado ambiental: seguiremos dando estas luchas para cuidar este espacio y a su gente\u201d.<\/em><\/strong><\/p>\n<p><span style=\"color: #ff0000\"><strong>Recorrida por espacios p\u00fablicos reacondicionados<\/strong><\/span><\/p>\n<p>Durante la jornada, el Gobernador recorri\u00f3 el nuevo reservorio de combustible en el que se instalaron cuatro tanques de 10.000 litros, reemplazando los anteriores con 70 a\u00f1os de antig\u00fcedad; y visit\u00f3 las instalaciones de la oficina de monitoreo de La Usina.<\/p>\n<blockquote>\n<h3>Asimismo, Kicillof encabez\u00f3 el acto de descubrimiento del busto de Rub\u00e9n Dar\u00edo, restaurado por personal del Museo Provincial de Bellas Artes Emilio Pettoruti. En tanto, \u00a0visit\u00f3 el Centro C\u00edvico, la escuela de nivel primario y secundario, la zona recreativa en la Costa Oeste del R\u00edo y recorri\u00f3 espacios p\u00fablicos en los que se instalaron nuevas luminarias led.<\/h3>\n<\/blockquote>\n<p>Por \u00faltimo, <strong>Kicillof<\/strong> remarc\u00f3: <strong><em>\u201cVamos a seguir trabajando para mejorar a\u00fan m\u00e1s la conectividad de la isla con el continente y generar nuevos servicios para que m\u00e1s turistas puedan visitarla: nuestro objetivo es que todos los bonaerenses la conozcan\u201d. \u201cLo hacemos porque estamos comprometidos con nuestra historia y porque defendemos y cuidamos la soberan\u00eda y la patria\u201d,<\/em><\/strong> concluy\u00f3.<\/p>\n<p>Estuvieron presentes la directora Ejecutiva de OPISU, <strong>Romina Barrios<\/strong>; la subsecretaria de Pol\u00edtica Ambiental, <strong>Tamara Basteiro<\/strong>; sus pares de Control y Fiscalizaci\u00f3n Ambiental, <strong>Luis Couyoupetrou<\/strong>; y de Asuntos Territoriales, <strong>Agust\u00edn Robla<\/strong>; el presidente del directorio de la Autoridad del Agua, <strong>Dami\u00e1n Costamagna<\/strong>; el jefe de Departamento de la Isla, <strong>Germ\u00e1n Herrera<\/strong>; el Guardaparques <strong>Nazareno Asin<\/strong>; la gu\u00eda de turismo local, <strong>Mar\u00eda Elena Reus<\/strong>; funcionarios y funcionarias locales.<\/p>\n","protected":false},"excerpt":{"rendered":"<div class=\"mh-excerpt\"><p>Adem\u00e1s, el Gobernador entreg\u00f3 dos embarcaciones de transporte y recorri\u00f3 espacios p\u00fablicos reacondicionados. 14 de Marzo de 2025 BUENOS AIRES &#8211;\u00a0 \u00a0En el marco del 211\u00b0 aniversario de la Isla Mart\u00edn Garc\u00eda, el gobernador de <a class=\"mh-excerpt-more\" href=\"https:\/\/larevistadigital.com.ar\/blog\/kicillof-inauguro-el-nuevo-muelle-y-la-planta-potabilizadora-de-agua\/\" title=\"Kicillof inaugur\u00f3 el nuevo muelle y la planta potabilizadora de agua\">[Leer M\u00e1s]<\/a><\/p>\n<\/div>","protected":false},"author":3,"featured_media":39006,"comment_status":"open","ping_status":"open","sticky":false,"template":"","format":"standard","meta":{"_jetpack_memberships_contains_paid_content":false,"footnotes":"","jetpack_publicize_message":"","jetpack_publicize_feature_enabled":true,"jetpack_social_post_already_shared":true,"jetpack_social_options":{"image_generator_settings":{"template":"highway","default_image_id":0,"font":"","enabled":false},"version":2}},"categories":[24,51],"tags":[],"class_list":{"0":"post-39005","1":"post","2":"type-post","3":"status-publish","4":"format-standard","5":"has-post-thumbnail","7":"category-politica-provincial","8":"category-regionales"},"jetpack_publicize_connections":[],"jetpack_featured_media_url":"https:\/\/i0.wp.com\/larevistadigital.com.ar\/blog\/wp-content\/uploads\/Axel-Kicillof_89.jpg?fit=743%2C530&ssl=1","jetpack_sharing_enabled":true,"jetpack_shortlink":"https:\/\/wp.me\/p8qtrQ-a97","jetpack-related-posts":[{"id":40114,"url":"https:\/\/larevistadigital.com.ar\/blog\/ensenada-kicillof-recorrio-la-obra-de-la-nueva-planta-potabilizadora-para-la-region-capital\/","url_meta":{"origin":39005,"position":0},"title":"Ensenada: Kicillof recorri\u00f3 la obra de la nueva planta potabilizadora para la Regi\u00f3n Capital","author":"Alejandro Sosa Ruda","date":"23 junio, 2025","format":false,"excerpt":"Adem\u00e1s, el Gobernador entreg\u00f3 45 m\u00f3viles a ABSA para atender las necesidades de las distintas localidades. 23 de Junio de 2025 BUENOS AIRES -\u00a0 El gobernador de la provincia de Buenos Aires, Axel Kicillof, recorri\u00f3 este jueves en Ensenada los avances de la obra de construcci\u00f3n de la planta potabilizadora\u2026","rel":"","context":"En \u00abPOLITICA PROVINCIAL\u00bb","block_context":{"text":"POLITICA PROVINCIAL","link":"https:\/\/larevistadigital.com.ar\/blog\/category\/politica\/politica-provincial\/"},"img":{"alt_text":"","src":"https:\/\/i0.wp.com\/larevistadigital.com.ar\/blog\/wp-content\/uploads\/77A60352.jpg?fit=743%2C530&ssl=1&resize=350%2C200","width":350,"height":200,"srcset":"https:\/\/i0.wp.com\/larevistadigital.com.ar\/blog\/wp-content\/uploads\/77A60352.jpg?fit=743%2C530&ssl=1&resize=350%2C200 1x, https:\/\/i0.wp.com\/larevistadigital.com.ar\/blog\/wp-content\/uploads\/77A60352.jpg?fit=743%2C530&ssl=1&resize=525%2C300 1.5x, https:\/\/i0.wp.com\/larevistadigital.com.ar\/blog\/wp-content\/uploads\/77A60352.jpg?fit=743%2C530&ssl=1&resize=700%2C400 2x"},"classes":[]},{"id":36640,"url":"https:\/\/larevistadigital.com.ar\/blog\/kicillof-puso-en-marcha-una-planta-potabilizadora-en-vedia-y-una-usina-lactea-en-alberdi\/","url_meta":{"origin":39005,"position":1},"title":"KICILLOF PUSO EN MARCHA UNA PLANTA POTABILIZADORA EN VEDIA Y UNA USINA L\u00c1CTEA EN ALBERDI","author":"Alejandro Sosa Ruda","date":"10 julio, 2024","format":false,"excerpt":"El gobernador de Buenos Aires, Axel Kicillof, inaugur\u00f3 este mi\u00e9rcoles una planta potabilizadora en Vedia, acompa\u00f1ado por el ministro de Infraestructura y Servicios P\u00fablicos, Gabriel Katopodis, y el intendente de Leandro N. Alem, Carlos Ferraris. Adem\u00e1s, el Gobernador encabez\u00f3 la apertura de la Escuela Art\u00edstica N\u00b01 de la localidad de\u2026","rel":"","context":"En \u00abPOLITICA PROVINCIAL\u00bb","block_context":{"text":"POLITICA PROVINCIAL","link":"https:\/\/larevistadigital.com.ar\/blog\/category\/politica\/politica-provincial\/"},"img":{"alt_text":"","src":"https:\/\/i0.wp.com\/larevistadigital.com.ar\/blog\/wp-content\/uploads\/20240710174936_kicillof-vedia-planta-potabilizadora-usina-lactea-leandro-n-alem.jpg?fit=880%2C512&ssl=1&resize=350%2C200","width":350,"height":200,"srcset":"https:\/\/i0.wp.com\/larevistadigital.com.ar\/blog\/wp-content\/uploads\/20240710174936_kicillof-vedia-planta-potabilizadora-usina-lactea-leandro-n-alem.jpg?fit=880%2C512&ssl=1&resize=350%2C200 1x, https:\/\/i0.wp.com\/larevistadigital.com.ar\/blog\/wp-content\/uploads\/20240710174936_kicillof-vedia-planta-potabilizadora-usina-lactea-leandro-n-alem.jpg?fit=880%2C512&ssl=1&resize=525%2C300 1.5x, https:\/\/i0.wp.com\/larevistadigital.com.ar\/blog\/wp-content\/uploads\/20240710174936_kicillof-vedia-planta-potabilizadora-usina-lactea-leandro-n-alem.jpg?fit=880%2C512&ssl=1&resize=700%2C400 2x"},"classes":[]},{"id":35570,"url":"https:\/\/larevistadigital.com.ar\/blog\/el-viceministro-de-cultura-juan-ignacio-cote-rossi-visito-la-isla-martin-garcia-junto-al-gobernador-kicillof\/","url_meta":{"origin":39005,"position":2},"title":"EL VICEMINISTRO DE CULTURA, JUAN IGNACIO \u00abCOTE\u00bb ROSSI VISIT\u00d3 LA ISLA MART\u00cdN GARC\u00cdA JUNTO AL GOBERNADOR KICILLOF","author":"Alejandro Sosa Ruda","date":"16 marzo, 2024","format":false,"excerpt":"\u00a0 16 de marzo de 2024 LRD - El chascomunense Juan Ignacio \"Cote\" Rossi, viceministro de Cultura de la Provincia de Buenos Aires, junto al gobernador Axel Kicillof\u00a0 y en representaci\u00f3n del Instituto Cultural de la Provincia de Buenos Aires, de un reconocimiento a Eva Per\u00f3n, abanderada de los humildes\u2026","rel":"","context":"En \u00abINTERES GENERAL\u00bb","block_context":{"text":"INTERES GENERAL","link":"https:\/\/larevistadigital.com.ar\/blog\/category\/interes-general\/"},"img":{"alt_text":"","src":"https:\/\/i0.wp.com\/larevistadigital.com.ar\/blog\/wp-content\/uploads\/432381351_824620576348153_5614084164306149309_n.jpg?fit=1200%2C1200&ssl=1&resize=350%2C200","width":350,"height":200,"srcset":"https:\/\/i0.wp.com\/larevistadigital.com.ar\/blog\/wp-content\/uploads\/432381351_824620576348153_5614084164306149309_n.jpg?fit=1200%2C1200&ssl=1&resize=350%2C200 1x, https:\/\/i0.wp.com\/larevistadigital.com.ar\/blog\/wp-content\/uploads\/432381351_824620576348153_5614084164306149309_n.jpg?fit=1200%2C1200&ssl=1&resize=525%2C300 1.5x, https:\/\/i0.wp.com\/larevistadigital.com.ar\/blog\/wp-content\/uploads\/432381351_824620576348153_5614084164306149309_n.jpg?fit=1200%2C1200&ssl=1&resize=700%2C400 2x, https:\/\/i0.wp.com\/larevistadigital.com.ar\/blog\/wp-content\/uploads\/432381351_824620576348153_5614084164306149309_n.jpg?fit=1200%2C1200&ssl=1&resize=1050%2C600 3x"},"classes":[]},{"id":42877,"url":"https:\/\/larevistadigital.com.ar\/blog\/monte-hermoso-kicillof-entrego-viviendas-e-inauguro-un-centro-universitario-puentes\/","url_meta":{"origin":39005,"position":3},"title":"Monte Hermoso: Kicillof entreg\u00f3 viviendas e inaugur\u00f3 un centro universitario Puentes","author":"Alejandro Sosa Ruda","date":"12 diciembre, 2025","format":false,"excerpt":"Adem\u00e1s, el Gobernador puso en funcionamiento la nueva planta de ox\u00edgeno medicinal y otorg\u00f3 una ambulancia de alta complejidad al Hospital Municipal Carrillo. 12 de Diciembre de 2025 CHASCOM\u00daS -\u00a0 \u00a0El gobernador de la provincia de Buenos Aires, Axel Kicillof, encabez\u00f3 este viernes el acto de entrega de 28 viviendas\u2026","rel":"","context":"En \u00abPOLITICA PROVINCIAL\u00bb","block_context":{"text":"POLITICA PROVINCIAL","link":"https:\/\/larevistadigital.com.ar\/blog\/category\/politica\/politica-provincial\/"},"img":{"alt_text":"","src":"https:\/\/i0.wp.com\/larevistadigital.com.ar\/blog\/wp-content\/uploads\/DSC2714-scaled.jpeg?fit=1200%2C801&ssl=1&resize=350%2C200","width":350,"height":200,"srcset":"https:\/\/i0.wp.com\/larevistadigital.com.ar\/blog\/wp-content\/uploads\/DSC2714-scaled.jpeg?fit=1200%2C801&ssl=1&resize=350%2C200 1x, https:\/\/i0.wp.com\/larevistadigital.com.ar\/blog\/wp-content\/uploads\/DSC2714-scaled.jpeg?fit=1200%2C801&ssl=1&resize=525%2C300 1.5x, https:\/\/i0.wp.com\/larevistadigital.com.ar\/blog\/wp-content\/uploads\/DSC2714-scaled.jpeg?fit=1200%2C801&ssl=1&resize=700%2C400 2x, https:\/\/i0.wp.com\/larevistadigital.com.ar\/blog\/wp-content\/uploads\/DSC2714-scaled.jpeg?fit=1200%2C801&ssl=1&resize=1050%2C600 3x"},"classes":[]},{"id":37556,"url":"https:\/\/larevistadigital.com.ar\/blog\/avanza-la-construccion-de-la-nueva-planta-potabilizadora-en-general-alvear\/","url_meta":{"origin":39005,"position":4},"title":"Avanza la construcci\u00f3n de la nueva Planta Potabilizadora en General Alvear","author":"Alejandro Sosa Ruda","date":"17 octubre, 2024","format":false,"excerpt":"Esta obra hidr\u00e1ulica lograr\u00e1 aumentar la capacidad de producci\u00f3n de agua a 100 m3 por hora, mejorando el acceso a este servicio para toda la comunidad. 17 de octubre de 2024 BUENOS AIRES -\u00a0 El Ministerio de Infraestructura y Servicios P\u00fablicos, a trav\u00e9s de la Subsecretar\u00eda de Recursos H\u00eddricos, avanza\u2026","rel":"","context":"En \u00abPOLITICA PROVINCIAL\u00bb","block_context":{"text":"POLITICA PROVINCIAL","link":"https:\/\/larevistadigital.com.ar\/blog\/category\/politica\/politica-provincial\/"},"img":{"alt_text":"","src":"https:\/\/i0.wp.com\/larevistadigital.com.ar\/blog\/wp-content\/uploads\/alvear-planta-3.jpg?fit=664%2C500&ssl=1&resize=350%2C200","width":350,"height":200,"srcset":"https:\/\/i0.wp.com\/larevistadigital.com.ar\/blog\/wp-content\/uploads\/alvear-planta-3.jpg?fit=664%2C500&ssl=1&resize=350%2C200 1x, https:\/\/i0.wp.com\/larevistadigital.com.ar\/blog\/wp-content\/uploads\/alvear-planta-3.jpg?fit=664%2C500&ssl=1&resize=525%2C300 1.5x"},"classes":[]},{"id":38237,"url":"https:\/\/larevistadigital.com.ar\/blog\/kicillof-entrego-60-viviendas-a-familias-de-pehuajo\/","url_meta":{"origin":39005,"position":5},"title":"Kicillof entreg\u00f3 60 viviendas a familias de Pehuaj\u00f3","author":"Alejandro Sosa Ruda","date":"11 diciembre, 2024","format":false,"excerpt":"Fue junto a la ministra de H\u00e1bitat y Desarrollo Urbano, Silvina Batakis, y el intendente local, Pablo Zurro. 11 de Diciembre de 2024 BUENOS AIRES -\u00a0 El gobernador de la provincia de Buenos Aires, Axel Kicillof, entreg\u00f3 este mi\u00e9rcoles 60 viviendas a familias del municipio de Pehuaj\u00f3, junto a la\u2026","rel":"","context":"En \u00abPOLITICA PROVINCIAL\u00bb","block_context":{"text":"POLITICA PROVINCIAL","link":"https:\/\/larevistadigital.com.ar\/blog\/category\/politica\/politica-provincial\/"},"img":{"alt_text":"","src":"https:\/\/i0.wp.com\/larevistadigital.com.ar\/blog\/wp-content\/uploads\/77A63172-1.jpg?fit=743%2C530&ssl=1&resize=350%2C200","width":350,"height":200,"srcset":"https:\/\/i0.wp.com\/larevistadigital.com.ar\/blog\/wp-content\/uploads\/77A63172-1.jpg?fit=743%2C530&ssl=1&resize=350%2C200 1x, https:\/\/i0.wp.com\/larevistadigital.com.ar\/blog\/wp-content\/uploads\/77A63172-1.jpg?fit=743%2C530&ssl=1&resize=525%2C300 1.5x, https:\/\/i0.wp.com\/larevistadigital.com.ar\/blog\/wp-content\/uploads\/77A63172-1.jpg?fit=743%2C530&ssl=1&resize=700%2C400 2x"},"classes":[]}],"_links":{"self":[{"href":"https:\/\/larevistadigital.com.ar\/blog\/wp-json\/wp\/v2\/posts\/39005","targetHints":{"allow":["GET"]}}],"collection":[{"href":"https:\/\/larevistadigital.com.ar\/blog\/wp-json\/wp\/v2\/posts"}],"about":[{"href":"https:\/\/larevistadigital.com.ar\/blog\/wp-json\/wp\/v2\/types\/post"}],"author":[{"embeddable":true,"href":"https:\/\/larevistadigital.com.ar\/blog\/wp-json\/wp\/v2\/users\/3"}],"replies":[{"embeddable":true,"href":"https:\/\/larevistadigital.com.ar\/blog\/wp-json\/wp\/v2\/comments?post=39005"}],"version-history":[{"count":1,"href":"https:\/\/larevistadigital.com.ar\/blog\/wp-json\/wp\/v2\/posts\/39005\/revisions"}],"predecessor-version":[{"id":39007,"href":"https:\/\/larevistadigital.com.ar\/blog\/wp-json\/wp\/v2\/posts\/39005\/revisions\/39007"}],"wp:featuredmedia":[{"embeddable":true,"href":"https:\/\/larevistadigital.com.ar\/blog\/wp-json\/wp\/v2\/media\/39006"}],"wp:attachment":[{"href":"https:\/\/larevistadigital.com.ar\/blog\/wp-json\/wp\/v2\/media?parent=39005"}],"wp:term":[{"taxonomy":"category","embeddable":true,"href":"https:\/\/larevistadigital.com.ar\/blog\/wp-json\/wp\/v2\/categories?post=39005"},{"taxonomy":"post_tag","embeddable":true,"href":"https:\/\/larevistadigital.com.ar\/blog\/wp-json\/wp\/v2\/tags?post=39005"}],"curies":[{"name":"wp","href":"https:\/\/api.w.org\/{rel}","templated":true}]}}