{"id":39008,"date":"2025-03-14T21:10:29","date_gmt":"2025-03-15T00:10:29","guid":{"rendered":"https:\/\/larevistadigital.com.ar\/blog\/?p=39008"},"modified":"2025-03-14T21:10:29","modified_gmt":"2025-03-15T00:10:29","slug":"la-provincia-de-buenos-aires-puso-en-funcionamiento-un-nuevo-edificio-escolar-en-san-andres-de-giles","status":"publish","type":"post","link":"https:\/\/larevistadigital.com.ar\/blog\/la-provincia-de-buenos-aires-puso-en-funcionamiento-un-nuevo-edificio-escolar-en-san-andres-de-giles\/","title":{"rendered":"La Provincia de Buenos Aires puso en funcionamiento un nuevo edificio escolar en San Andr\u00e9s de Giles"},"content":{"rendered":"<h3>Fue en un acto encabezado por el gobernador Axel Kicillof, quien adem\u00e1s entreg\u00f3 una ambulancia de alta complejidad para fortalecer la atenci\u00f3n en el distrito.<\/h3>\n<p>14 de Marzo de 2025<\/p>\n<div class=\"field field-name-body field-type-text-with-summary field-label-hidden\">\n<div class=\"field-items\">\n<div class=\"field-item even\">\n<p>El gobernador de la provincia de Buenos Aires, <strong>Axel Kicillof<\/strong>, encabez\u00f3 este jueves el acto de inauguraci\u00f3n del nuevo edificio de la Escuela de Educaci\u00f3n Secundaria N\u00b0 8 \u201cF\u00e9lix Paladino\u201d, en el municipio de San Andr\u00e9s de Giles, junto al director general de Cultura y Educaci\u00f3n, <strong>Alberto Sileoni<\/strong>; el intendente local, <strong>Miguel Gesualdi<\/strong>; y la directora de la instituci\u00f3n, <strong>Fernanda Vigor.<\/strong><\/p>\n<p>En ese marco, <strong>Kicillof<\/strong> sostuvo: <strong><em>\u201cEn la provincia de Buenos Aires tenemos m\u00e1s de mil obras paralizadas por el Gobierno nacional, muchas de ellas corresponden a nuevos edificios escolares y a distintas ejecuciones de infraestructura educativa\u201d. \u201cEl discurso de \u2018cero obra p\u00fablica\u2019 no es te\u00f3rico, tiene graves consecuencias para la poblaci\u00f3n: son menos escuelas, menos hospitales y menos rutas\u201d<\/em><\/strong>, agreg\u00f3.<\/p>\n<p><em><strong>\u201cAlgunas teor\u00edas econ\u00f3micas sostienen que todo lo debe resolver el privado, eso funciona para determinados sectores de la poblaci\u00f3n, pero no para las mayor\u00edas\u201d<\/strong><\/em>, sostuvo el mandatario bonaerense y a\u00f1adi\u00f3: <strong><em>\u201cPara resolver esas desigualdades y, por ejemplo, construir escuelas que generen oportunidades en los distintos sectores de la sociedad es que existe el Estado\u201d.<\/em><\/strong><\/p>\n<blockquote>\n<h3>A trav\u00e9s de una inversi\u00f3n de $774 millones, la nueva infraestructura permitir\u00e1 que la Escuela Secundaria N\u00ba8 cuente con edificio propio, dejando de compartir instalaciones con la Escuela Primaria N\u00ba3. Al nuevo espacio, que posee seis aulas, laboratorio, sala de inform\u00e1tica y patio central, asistir\u00e1n m\u00e1s de 160 alumnos y alumnas del distrito.<\/h3>\n<\/blockquote>\n<p>Por su parte, <strong>Sileoni<\/strong> manifest\u00f3: <strong><em>\u201cEste nuevo edificio escolar no es un privilegio, es un derecho que se adquiere fruto del trabajo incansable que d\u00eda a d\u00eda lleva adelante toda la comunidad educativa local\u201d. \u201cDesde el Gobierno provincial estamos comprometidos en pensar y ejecutar pol\u00edticas que mejoren las condiciones de estudio de los chicos y de trabajo de los educadores\u201d<\/em><\/strong>, agreg\u00f3.<\/p>\n<blockquote>\n<h3><em>\u201cEs una jornada muy especial para el pueblo de San Andr\u00e9s de Giles ya que luego de mucho esfuerzo estamos inaugurando este edificio escolar en nuestra ciudad cabecera: agradecemos al Gobierno bonaerense por el compromiso que asume con la educaci\u00f3n p\u00fablica\u201d<\/em>, manifest\u00f3 Gesualdi.<\/h3>\n<\/blockquote>\n<p>Asimismo, el Gobernador, junto al ministro de Salud, <strong>Nicol\u00e1s Kreplak<\/strong>, puso en funcionamiento una nueva ambulancia de alta complejidad equipada para fortalecer la atenci\u00f3n de emergencias en el municipio. Es la unidad N\u00b0346 entregada desde el inicio de la gesti\u00f3n.<\/p>\n<p>Durante la jornada, con la presencia de la ministra de Ambiente, Daniela Vilar, se suscribi\u00f3 un convenio para la adquisici\u00f3n de un cami\u00f3n caja abierta que mejorar\u00e1 el proceso de recolecci\u00f3n diferenciada de residuos s\u00f3lidos urbanos. Adem\u00e1s, se entregaron kits de huerta para establecimientos educativos del distrito y bicicletas para la Reserva Natural local. El Gobernador tambi\u00e9n recorri\u00f3 las instalaciones donde se pondr\u00e1 en marcha pr\u00f3ximamente un Centro Universitario.<\/p>\n<blockquote>\n<h3>Por \u00faltimo, Kicillof remarc\u00f3: <em>\u201cEn la provincia de Buenos Aires continuaremos inaugurando escuelas, poniendo en funcionamiento ambulancias y construyendo rutas: no vamos a frenar aunque ilegalmente nos quiten los recursos\u201d. \u201cA\u00fan falta mucho, pero estamos convencidos de que el camino es defendiendo la identidad de nuestro pueblo y cumpliendo el mandato que nos otorgaron para ampliar derechos\u201d<\/em>, concluy\u00f3.<\/h3>\n<\/blockquote>\n<p>Estuvieron presentes la jefa de Asesores del Gobernador, Cristina \u00c1lvarez Rodr\u00edguez; la titular del Instituto de Previsi\u00f3n Social, Marina Moretti; el subsecretario de Infraestructura Escolar, Ariel Lambezat; los directores provinciales de Educaci\u00f3n Secundaria, Gustavo Galli; y de Relaciones Parlamentarias, Lisandro Bormioli; el diputado provincial Carlos Puglelli; funcionarios y funcionarias locales.<\/p>\n<\/div>\n<\/div>\n<\/div>\n<div class=\"social-share clearfix\"><\/div>\n","protected":false},"excerpt":{"rendered":"<div class=\"mh-excerpt\"><p>Fue en un acto encabezado por el gobernador Axel Kicillof, quien adem\u00e1s entreg\u00f3 una ambulancia de alta complejidad para fortalecer la atenci\u00f3n en el distrito. 14 de Marzo de 2025 El gobernador de la provincia <a class=\"mh-excerpt-more\" href=\"https:\/\/larevistadigital.com.ar\/blog\/la-provincia-de-buenos-aires-puso-en-funcionamiento-un-nuevo-edificio-escolar-en-san-andres-de-giles\/\" title=\"La Provincia de Buenos Aires puso en funcionamiento un nuevo edificio escolar en San Andr\u00e9s de Giles\">[Leer M\u00e1s]<\/a><\/p>\n<\/div>","protected":false},"author":3,"featured_media":39009,"comment_status":"open","ping_status":"open","sticky":false,"template":"","format":"standard","meta":{"_jetpack_memberships_contains_paid_content":false,"footnotes":"","jetpack_publicize_message":"","jetpack_publicize_feature_enabled":true,"jetpack_social_post_already_shared":true,"jetpack_social_options":{"image_generator_settings":{"template":"highway","default_image_id":0,"font":"","enabled":false},"version":2}},"categories":[41],"tags":[],"class_list":{"0":"post-39008","1":"post","2":"type-post","3":"status-publish","4":"format-standard","5":"has-post-thumbnail","7":"category-destacadas"},"jetpack_publicize_connections":[],"jetpack_featured_media_url":"https:\/\/i0.wp.com\/larevistadigital.com.ar\/blog\/wp-content\/uploads\/77A26362.jpg?fit=743%2C530&ssl=1","jetpack_sharing_enabled":true,"jetpack_shortlink":"https:\/\/wp.me\/p8qtrQ-a9a","jetpack-related-posts":[{"id":41636,"url":"https:\/\/larevistadigital.com.ar\/blog\/kicillof-cruzo-a-caputo-es-un-caradura-y-mentiroso-no-hay-ningun-impuesto-nuevo-en-la-provincia\/","url_meta":{"origin":39008,"position":0},"title":"Kicillof cruz\u00f3 a Caputo: \u201cEs un caradura y mentiroso, no hay ning\u00fan impuesto nuevo en la provincia\u00bb","author":"Alejandro Sosa Ruda","date":"24 septiembre, 2025","format":false,"excerpt":"El gobernador bonaerense sostuvo que es otra \u201crepugnante mentira\u201d del Gobierno Nacional que busca \u201cgenerar confusi\u00f3n y rascar votos\u201d en las pr\u00f3ximas elecciones. 24 de septiembre de 2025 BUENOS AIRES -\u00a0 \u00a0El gobernador de la provincia de Buenos Aires, Axel Kicillof, cruz\u00f3 al ministro de Econom\u00eda de la Naci\u00f3n, Luis\u2026","rel":"","context":"En \u00abINTERES GENERAL\u00bb","block_context":{"text":"INTERES GENERAL","link":"https:\/\/larevistadigital.com.ar\/blog\/category\/interes-general\/"},"img":{"alt_text":"","src":"https:\/\/i0.wp.com\/larevistadigital.com.ar\/blog\/wp-content\/uploads\/Captura-de-pantalla-2025-09-24-185654.jpg?fit=624%2C353&ssl=1&resize=350%2C200","width":350,"height":200,"srcset":"https:\/\/i0.wp.com\/larevistadigital.com.ar\/blog\/wp-content\/uploads\/Captura-de-pantalla-2025-09-24-185654.jpg?fit=624%2C353&ssl=1&resize=350%2C200 1x, https:\/\/i0.wp.com\/larevistadigital.com.ar\/blog\/wp-content\/uploads\/Captura-de-pantalla-2025-09-24-185654.jpg?fit=624%2C353&ssl=1&resize=525%2C300 1.5x"},"classes":[]},{"id":34736,"url":"https:\/\/larevistadigital.com.ar\/blog\/el-gobernador-kicillof-da-un-paso-al-frente-por-la-coparticipacion-en-la-provincia-de-buenos-aires\/","url_meta":{"origin":39008,"position":1},"title":"EL GOBERNADOR KICILLOF DA UN PASO AL FRENTE POR LA COPARTICIPACI\u00d3N EN LA PROVINCIA DE BUENOS AIRES","author":"Alejandro Sosa Ruda","date":"4 diciembre, 2023","format":false,"excerpt":"El Gobernador de la Provincia de Buenos Aires, Axel Kicillof advirti\u00f3 el d\u00eda de hoy que se pondr\u00e1 en \"pi\u00e9 de guerra\" por los recursos coparticipables de la provincia. A trav\u00e9s de una publicaci\u00f3n en su cuenta de \"X\" (ex-Twitter), el mandatario asegur\u00f3 que \"va a continuar peleando por los\u2026","rel":"","context":"En \u00abPOLITICA\u00bb","block_context":{"text":"POLITICA","link":"https:\/\/larevistadigital.com.ar\/blog\/category\/politica\/"},"img":{"alt_text":"","src":"https:\/\/i0.wp.com\/larevistadigital.com.ar\/blog\/wp-content\/uploads\/1701645238273.jpg?fit=790%2C493&ssl=1&resize=350%2C200","width":350,"height":200,"srcset":"https:\/\/i0.wp.com\/larevistadigital.com.ar\/blog\/wp-content\/uploads\/1701645238273.jpg?fit=790%2C493&ssl=1&resize=350%2C200 1x, https:\/\/i0.wp.com\/larevistadigital.com.ar\/blog\/wp-content\/uploads\/1701645238273.jpg?fit=790%2C493&ssl=1&resize=525%2C300 1.5x, https:\/\/i0.wp.com\/larevistadigital.com.ar\/blog\/wp-content\/uploads\/1701645238273.jpg?fit=790%2C493&ssl=1&resize=700%2C400 2x"},"classes":[]},{"id":25383,"url":"https:\/\/larevistadigital.com.ar\/blog\/provincia-de-buenos-aires-aumentan-60-el-valor-de-los-programas-sociales\/","url_meta":{"origin":39008,"position":2},"title":"PROVINCIA DE BUENOS AIRES: AUMENTAN 60% EL VALOR DE LOS PROGRAMAS SOCIALES","author":"Alejandro Sosa Ruda","date":"24 mayo, 2022","format":false,"excerpt":"El gobernador de la provincia de Buenos Aires, Axel Kicillof, y el ministro de Desarrollo de la Comunidad, Andr\u00e9s Larroque, anunciaron este lunes aumentos del 60% en programas sociales que est\u00e1n bajo la \u00f3rbita del Ministerio de Desarrollo de la Comunidad. Listado completo de Programas alcanzados por el aumento. El\u2026","rel":"","context":"En \u00abPOLITICA PROVINCIAL\u00bb","block_context":{"text":"POLITICA PROVINCIAL","link":"https:\/\/larevistadigital.com.ar\/blog\/category\/politica\/politica-provincial\/"},"img":{"alt_text":"","src":"https:\/\/i0.wp.com\/larevistadigital.com.ar\/blog\/wp-content\/uploads\/20220523174122_kicillof-larroque-aumento-prestaciones.jpg?fit=880%2C512&ssl=1&resize=350%2C200","width":350,"height":200,"srcset":"https:\/\/i0.wp.com\/larevistadigital.com.ar\/blog\/wp-content\/uploads\/20220523174122_kicillof-larroque-aumento-prestaciones.jpg?fit=880%2C512&ssl=1&resize=350%2C200 1x, https:\/\/i0.wp.com\/larevistadigital.com.ar\/blog\/wp-content\/uploads\/20220523174122_kicillof-larroque-aumento-prestaciones.jpg?fit=880%2C512&ssl=1&resize=525%2C300 1.5x, https:\/\/i0.wp.com\/larevistadigital.com.ar\/blog\/wp-content\/uploads\/20220523174122_kicillof-larroque-aumento-prestaciones.jpg?fit=880%2C512&ssl=1&resize=700%2C400 2x"},"classes":[]},{"id":34654,"url":"https:\/\/larevistadigital.com.ar\/blog\/axel-kicillof-se-reunio-con-intendentes-bonaerenses-y-les-llevo-tranquilidad\/","url_meta":{"origin":39008,"position":3},"title":"AXEL KICILLOF SE REUNI\u00d3 CON INTENDENTES BONAERENSES Y LES LLEV\u00d3 TRANQUILIDAD","author":"Alejandro Sosa Ruda","date":"27 noviembre, 2023","format":false,"excerpt":"Los intendentes peronistas desembarcaron en La Plata con la intenci\u00f3n de dialogar en busca de respuestas para los tiempos que se avecinan a ra\u00edz del plan de ajuste que propone La Libertad Avanza. 27 de Noviembre de 2023 BUENOS AIRES -\u00a0 Este lunes, el gobernador de la provincia de Buenos\u2026","rel":"","context":"En \u00abDESTACADAS\u00bb","block_context":{"text":"DESTACADAS","link":"https:\/\/larevistadigital.com.ar\/blog\/category\/destacadas\/"},"img":{"alt_text":"","src":"https:\/\/i0.wp.com\/larevistadigital.com.ar\/blog\/wp-content\/uploads\/20231127173251_kicillof.jpg?fit=880%2C512&ssl=1&resize=350%2C200","width":350,"height":200,"srcset":"https:\/\/i0.wp.com\/larevistadigital.com.ar\/blog\/wp-content\/uploads\/20231127173251_kicillof.jpg?fit=880%2C512&ssl=1&resize=350%2C200 1x, https:\/\/i0.wp.com\/larevistadigital.com.ar\/blog\/wp-content\/uploads\/20231127173251_kicillof.jpg?fit=880%2C512&ssl=1&resize=525%2C300 1.5x, https:\/\/i0.wp.com\/larevistadigital.com.ar\/blog\/wp-content\/uploads\/20231127173251_kicillof.jpg?fit=880%2C512&ssl=1&resize=700%2C400 2x"},"classes":[]},{"id":36851,"url":"https:\/\/larevistadigital.com.ar\/blog\/el-gobernador-kicillof-participo-de-la-apertura-del-10-congreso-mundial-de-educacion\/","url_meta":{"origin":39008,"position":4},"title":"EL GOBERNADOR KICILLOF, PARTICIP\u00d3 DE LA APERTURA DEL 10\u00b0 CONGRESO MUNDIAL DE EDUCACI\u00d3N","author":"Alejandro Sosa Ruda","date":"30 julio, 2024","format":false,"excerpt":"La jornada se desarroll\u00f3 en el Centro de Convenciones de la Ciudad Aut\u00f3noma de Buenos Aires. 30 de Julio de 2024 BUENOS AIRES\u00a0 -\u00a0 El gobernador de la provincia de Buenos Aires, Axel Kicillof, particip\u00f3 este lunes de la apertura del 10\u00b0 Congreso Mundial de la Internacional de Educaci\u00f3n (IE),\u2026","rel":"","context":"En \u00abDESTACADAS\u00bb","block_context":{"text":"DESTACADAS","link":"https:\/\/larevistadigital.com.ar\/blog\/category\/destacadas\/"},"img":{"alt_text":"","src":"https:\/\/i0.wp.com\/larevistadigital.com.ar\/blog\/wp-content\/uploads\/WhatsApp-Image-2024-07-29-at-12.52.07.jpeg?fit=743%2C530&ssl=1&resize=350%2C200","width":350,"height":200,"srcset":"https:\/\/i0.wp.com\/larevistadigital.com.ar\/blog\/wp-content\/uploads\/WhatsApp-Image-2024-07-29-at-12.52.07.jpeg?fit=743%2C530&ssl=1&resize=350%2C200 1x, https:\/\/i0.wp.com\/larevistadigital.com.ar\/blog\/wp-content\/uploads\/WhatsApp-Image-2024-07-29-at-12.52.07.jpeg?fit=743%2C530&ssl=1&resize=525%2C300 1.5x, https:\/\/i0.wp.com\/larevistadigital.com.ar\/blog\/wp-content\/uploads\/WhatsApp-Image-2024-07-29-at-12.52.07.jpeg?fit=743%2C530&ssl=1&resize=700%2C400 2x"},"classes":[]},{"id":36809,"url":"https:\/\/larevistadigital.com.ar\/blog\/kicillof-participo-de-la-marcha-de-las-antorchas-en-homenaje-a-evita\/","url_meta":{"origin":39008,"position":5},"title":"KICILLOF PARTICIP\u00d3 DE LA MARCHA DE LAS ANTORCHAS EN HOMENAJE A EVITA","author":"Alejandro Sosa Ruda","date":"28 julio, 2024","format":false,"excerpt":"Con motivo del 72\u00b0 aniversario del fallecimiento de Eva Per\u00f3n, el gobernador de la provincia de Buenos Aires, Axel Kicillof, asisti\u00f3 este viernes en Moreno junto a la intendenta Mariel Fern\u00e1ndez a un acto de homenaje que incluy\u00f3 la tradicional \u201cMarcha de las Antorchas\u201d, que se desarroll\u00f3 desde el Palacio\u2026","rel":"","context":"En \u00abINTERES GENERAL\u00bb","block_context":{"text":"INTERES GENERAL","link":"https:\/\/larevistadigital.com.ar\/blog\/category\/interes-general\/"},"img":{"alt_text":"","src":"https:\/\/i0.wp.com\/larevistadigital.com.ar\/blog\/wp-content\/uploads\/20240727171746_kicillof-marcha-antorchaas-moreno.jpg?fit=880%2C512&ssl=1&resize=350%2C200","width":350,"height":200,"srcset":"https:\/\/i0.wp.com\/larevistadigital.com.ar\/blog\/wp-content\/uploads\/20240727171746_kicillof-marcha-antorchaas-moreno.jpg?fit=880%2C512&ssl=1&resize=350%2C200 1x, https:\/\/i0.wp.com\/larevistadigital.com.ar\/blog\/wp-content\/uploads\/20240727171746_kicillof-marcha-antorchaas-moreno.jpg?fit=880%2C512&ssl=1&resize=525%2C300 1.5x, https:\/\/i0.wp.com\/larevistadigital.com.ar\/blog\/wp-content\/uploads\/20240727171746_kicillof-marcha-antorchaas-moreno.jpg?fit=880%2C512&ssl=1&resize=700%2C400 2x"},"classes":[]}],"_links":{"self":[{"href":"https:\/\/larevistadigital.com.ar\/blog\/wp-json\/wp\/v2\/posts\/39008","targetHints":{"allow":["GET"]}}],"collection":[{"href":"https:\/\/larevistadigital.com.ar\/blog\/wp-json\/wp\/v2\/posts"}],"about":[{"href":"https:\/\/larevistadigital.com.ar\/blog\/wp-json\/wp\/v2\/types\/post"}],"author":[{"embeddable":true,"href":"https:\/\/larevistadigital.com.ar\/blog\/wp-json\/wp\/v2\/users\/3"}],"replies":[{"embeddable":true,"href":"https:\/\/larevistadigital.com.ar\/blog\/wp-json\/wp\/v2\/comments?post=39008"}],"version-history":[{"count":1,"href":"https:\/\/larevistadigital.com.ar\/blog\/wp-json\/wp\/v2\/posts\/39008\/revisions"}],"predecessor-version":[{"id":39010,"href":"https:\/\/larevistadigital.com.ar\/blog\/wp-json\/wp\/v2\/posts\/39008\/revisions\/39010"}],"wp:featuredmedia":[{"embeddable":true,"href":"https:\/\/larevistadigital.com.ar\/blog\/wp-json\/wp\/v2\/media\/39009"}],"wp:attachment":[{"href":"https:\/\/larevistadigital.com.ar\/blog\/wp-json\/wp\/v2\/media?parent=39008"}],"wp:term":[{"taxonomy":"category","embeddable":true,"href":"https:\/\/larevistadigital.com.ar\/blog\/wp-json\/wp\/v2\/categories?post=39008"},{"taxonomy":"post_tag","embeddable":true,"href":"https:\/\/larevistadigital.com.ar\/blog\/wp-json\/wp\/v2\/tags?post=39008"}],"curies":[{"name":"wp","href":"https:\/\/api.w.org\/{rel}","templated":true}]}}