{"id":39011,"date":"2025-03-14T21:54:04","date_gmt":"2025-03-15T00:54:04","guid":{"rendered":"https:\/\/larevistadigital.com.ar\/blog\/?p=39011"},"modified":"2025-03-14T21:54:04","modified_gmt":"2025-03-15T00:54:04","slug":"tragico-accidente-en-ruta-2-una-mujer-fallecio-tras-ser-atropellada-por-un-micro","status":"publish","type":"post","link":"https:\/\/larevistadigital.com.ar\/blog\/tragico-accidente-en-ruta-2-una-mujer-fallecio-tras-ser-atropellada-por-un-micro\/","title":{"rendered":"Tr\u00e1gico accidente en Ruta 2: una mujer falleci\u00f3 tras ser atropellada por un micro"},"content":{"rendered":"<h2 data-pm-slice=\"1 1 []\"><strong>Ocurri\u00f3 en el kil\u00f3metro 62, a la altura de Olmos. La identidad de la v\u00edctima a\u00fan es desconocida.<\/strong><\/h2>\n<p>15 de Marzo de 2025<\/p>\n<p><strong>LA PLATA &#8211;\u00a0<\/strong> En la madrugada de este viernes, una mujer perdi\u00f3 la vida tras ser embestida por un micro de la empresa \u00abEl \u00c1guila\u00bb en el kil\u00f3metro 62 de la Ruta 2, a la altura de la localidad de Olmos, partido de La Plata. La identidad de la v\u00edctima a\u00fan no ha sido determinada.<\/p>\n<blockquote>\n<h3>El fatal episodio est\u00e1 bajo investigaci\u00f3n, pero seg\u00fan informaron voceros policiales, el siniestro ocurri\u00f3 en las primeras horas del d\u00eda. Tras recibir el aviso al 911, efectivos del Subcomando Oeste acudieron al lugar y encontraron el cuerpo de la mujer a un costado de la ruta, sin signos vitales y con un fuerte golpe sangrante en la cabeza.<\/h3>\n<\/blockquote>\n<p>El conductor del micro, identificado como Ra\u00fal Dionicio Garc\u00eda, de 61 a\u00f1os y oriundo de Merlo, declar\u00f3 que \u00aben momentos en que se encontraban circulando por la Ruta 2, en direcci\u00f3n a La Plata, hab\u00edan colisionado a una femenina la cual se encontraba a pie cruzando la Ruta 2\u00bb, seg\u00fan consign\u00f3 el portal <em>El Editor Platense<\/em>.<\/p>\n<blockquote>\n<h3>Las pericias forenses est\u00e1n en curso para esclarecer lo sucedido y determinar la identidad de la mujer, ya que al momento del accidente no llevaba consigo documentaci\u00f3n. <em>\u00abLa ambulancia de Aubasa constat\u00f3 su deceso, encontr\u00e1ndose sin documentaci\u00f3n\u00bb<\/em>, informaron fuentes oficiales.<\/h3>\n<\/blockquote>\n<p>La Fiscal\u00eda N\u00ba 12 de La Plata, a cargo de Fernando Padovan, intervino en el caso y lo caratul\u00f3 como \u00abhomicidio culposo\u00bb. Se han dispuesto diversas pericias para reconstruir los hechos y establecer las responsabilidades del caso.<\/p>\n<p><span style=\"color: #ff0000\"><strong>Reflexi\u00f3n y precauci\u00f3n<\/strong><\/span><\/p>\n<p>Este tr\u00e1gico incidente recuerda la importancia de la prudencia al transitar por rutas de alta velocidad, tanto para peatones como para conductores. En zonas sin cruces habilitados, se recomienda extremar las precauciones y, en caso de emergencia, solicitar asistencia a las autoridades viales.<\/p>\n<p>La investigaci\u00f3n sigue en curso y se espera que en las pr\u00f3ximas horas se pueda arrojar mayor claridad sobre lo sucedido.<\/p>\n","protected":false},"excerpt":{"rendered":"<div class=\"mh-excerpt\"><p>Ocurri\u00f3 en el kil\u00f3metro 62, a la altura de Olmos. La identidad de la v\u00edctima a\u00fan es desconocida. 15 de Marzo de 2025 LA PLATA &#8211;\u00a0 En la madrugada de este viernes, una mujer perdi\u00f3 <a class=\"mh-excerpt-more\" href=\"https:\/\/larevistadigital.com.ar\/blog\/tragico-accidente-en-ruta-2-una-mujer-fallecio-tras-ser-atropellada-por-un-micro\/\" title=\"Tr\u00e1gico accidente en Ruta 2: una mujer falleci\u00f3 tras ser atropellada por un micro\">[Leer M\u00e1s]<\/a><\/p>\n<\/div>","protected":false},"author":3,"featured_media":39012,"comment_status":"open","ping_status":"open","sticky":false,"template":"","format":"standard","meta":{"_jetpack_memberships_contains_paid_content":false,"footnotes":"","jetpack_publicize_message":"","jetpack_publicize_feature_enabled":true,"jetpack_social_post_already_shared":true,"jetpack_social_options":{"image_generator_settings":{"template":"highway","default_image_id":0,"font":"","enabled":false},"version":2}},"categories":[44,51],"tags":[],"class_list":{"0":"post-39011","1":"post","2":"type-post","3":"status-publish","4":"format-standard","5":"has-post-thumbnail","7":"category-policiales","8":"category-regionales"},"jetpack_publicize_connections":[],"jetpack_featured_media_url":"https:\/\/i0.wp.com\/larevistadigital.com.ar\/blog\/wp-content\/uploads\/47cd93ae67384c53cf0fe4e81f1603e1d085a308.png?fit=1140%2C650&ssl=1","jetpack_sharing_enabled":true,"jetpack_shortlink":"https:\/\/wp.me\/p8qtrQ-a9d","jetpack-related-posts":[{"id":38654,"url":"https:\/\/larevistadigital.com.ar\/blog\/tragedia-en-mar-de-ajo-un-joven-murio-tras-ser-atropellado-en-la-ruta-11\/","url_meta":{"origin":39011,"position":0},"title":"Tragedia en Mar de Aj\u00f3: un joven muri\u00f3 tras ser atropellado en la Ruta 11","author":"Alejandro Sosa Ruda","date":"9 febrero, 2025","format":false,"excerpt":"El chico ten\u00eda problemas psiqui\u00e1tricos. 09 de Febrero de 2025 MAR DE AJ\u00d3 -\u00a0 Un joven de 23 a\u00f1os perdi\u00f3 la vida en la noche del mi\u00e9rcoles tras ser embestido por un autom\u00f3vil mientras caminaba por la Ruta 11, a la altura de la estaci\u00f3n de servicio Shell de Mar\u2026","rel":"","context":"En \u00abPOLICIALES\u00bb","block_context":{"text":"POLICIALES","link":"https:\/\/larevistadigital.com.ar\/blog\/category\/policiales\/"},"img":{"alt_text":"","src":"https:\/\/i0.wp.com\/larevistadigital.com.ar\/blog\/wp-content\/uploads\/b95e7aedcd52723e787a4728ee5edc84b2777080.jpg?fit=1140%2C645&ssl=1&resize=350%2C200","width":350,"height":200,"srcset":"https:\/\/i0.wp.com\/larevistadigital.com.ar\/blog\/wp-content\/uploads\/b95e7aedcd52723e787a4728ee5edc84b2777080.jpg?fit=1140%2C645&ssl=1&resize=350%2C200 1x, https:\/\/i0.wp.com\/larevistadigital.com.ar\/blog\/wp-content\/uploads\/b95e7aedcd52723e787a4728ee5edc84b2777080.jpg?fit=1140%2C645&ssl=1&resize=525%2C300 1.5x, https:\/\/i0.wp.com\/larevistadigital.com.ar\/blog\/wp-content\/uploads\/b95e7aedcd52723e787a4728ee5edc84b2777080.jpg?fit=1140%2C645&ssl=1&resize=700%2C400 2x, https:\/\/i0.wp.com\/larevistadigital.com.ar\/blog\/wp-content\/uploads\/b95e7aedcd52723e787a4728ee5edc84b2777080.jpg?fit=1140%2C645&ssl=1&resize=1050%2C600 3x"},"classes":[]},{"id":39192,"url":"https:\/\/larevistadigital.com.ar\/blog\/impactante-accidente-en-mar-del-plata-un-auto-cayo-por-los-acantilados-y-una-mujer-lucha-por-su-vida\/","url_meta":{"origin":39011,"position":1},"title":"Impactante accidente en Mar del Plata: un auto cay\u00f3 por los acantilados y una mujer lucha por su vida","author":"Alejandro Sosa Ruda","date":"29 marzo, 2025","format":false,"excerpt":"La v\u00edctima sufri\u00f3 graves heridas tras el brutal impacto contra las rocas. Fue rescatada y trasladada de urgencia al Hospital Interzonal. 29 de Marzo de 2025 MAR DEL PLATA -\u00a0 Un dram\u00e1tico accidente ocurri\u00f3 anoche en Mar del Plata, cuando un auto cay\u00f3 por los acantilados a pocos kil\u00f3metros de\u2026","rel":"","context":"En \u00abPOLICIALES\u00bb","block_context":{"text":"POLICIALES","link":"https:\/\/larevistadigital.com.ar\/blog\/category\/policiales\/"},"img":{"alt_text":"","src":"https:\/\/i0.wp.com\/larevistadigital.com.ar\/blog\/wp-content\/uploads\/d5c773ff63ec7a036a8ae9fd257d616bda301f15.jpeg?fit=1140%2C641&ssl=1&resize=350%2C200","width":350,"height":200,"srcset":"https:\/\/i0.wp.com\/larevistadigital.com.ar\/blog\/wp-content\/uploads\/d5c773ff63ec7a036a8ae9fd257d616bda301f15.jpeg?fit=1140%2C641&ssl=1&resize=350%2C200 1x, https:\/\/i0.wp.com\/larevistadigital.com.ar\/blog\/wp-content\/uploads\/d5c773ff63ec7a036a8ae9fd257d616bda301f15.jpeg?fit=1140%2C641&ssl=1&resize=525%2C300 1.5x, https:\/\/i0.wp.com\/larevistadigital.com.ar\/blog\/wp-content\/uploads\/d5c773ff63ec7a036a8ae9fd257d616bda301f15.jpeg?fit=1140%2C641&ssl=1&resize=700%2C400 2x, https:\/\/i0.wp.com\/larevistadigital.com.ar\/blog\/wp-content\/uploads\/d5c773ff63ec7a036a8ae9fd257d616bda301f15.jpeg?fit=1140%2C641&ssl=1&resize=1050%2C600 3x"},"classes":[]},{"id":39334,"url":"https:\/\/larevistadigital.com.ar\/blog\/misterio-y-tragedia-en-ruta-11-hallaron-calcinada-a-una-mujer-de-la-plata-dentro-de-su-auto\/","url_meta":{"origin":39011,"position":2},"title":"Misterio y tragedia en Ruta 11: hallaron calcinada a una mujer de La Plata dentro de su auto","author":"Alejandro Sosa Ruda","date":"7 abril, 2025","format":false,"excerpt":"La v\u00edctima fue identificada como Adriana Mattiauda, \u200b\u200bde 57 a\u00f1os. El dram\u00e1tico hallazgo ocurri\u00f3 a la altura del kil\u00f3metro 171, cerca de Castelli. La Justicia intenta determinar qu\u00e9 ocurri\u00f3. CASTELLI -\u00a0 Un dram\u00e1tico y estremecedor hallazgo conmociona por estas horas a toda la regi\u00f3n. Una mujer de 57 a\u00f1os, oriunda\u2026","rel":"","context":"En \u00abPOLICIALES\u00bb","block_context":{"text":"POLICIALES","link":"https:\/\/larevistadigital.com.ar\/blog\/category\/policiales\/"},"img":{"alt_text":"","src":"https:\/\/i0.wp.com\/larevistadigital.com.ar\/blog\/wp-content\/uploads\/Captura-de-pantalla-2025-04-07-221910.jpg?fit=887%2C513&ssl=1&resize=350%2C200","width":350,"height":200,"srcset":"https:\/\/i0.wp.com\/larevistadigital.com.ar\/blog\/wp-content\/uploads\/Captura-de-pantalla-2025-04-07-221910.jpg?fit=887%2C513&ssl=1&resize=350%2C200 1x, https:\/\/i0.wp.com\/larevistadigital.com.ar\/blog\/wp-content\/uploads\/Captura-de-pantalla-2025-04-07-221910.jpg?fit=887%2C513&ssl=1&resize=525%2C300 1.5x, https:\/\/i0.wp.com\/larevistadigital.com.ar\/blog\/wp-content\/uploads\/Captura-de-pantalla-2025-04-07-221910.jpg?fit=887%2C513&ssl=1&resize=700%2C400 2x"},"classes":[]},{"id":37577,"url":"https:\/\/larevistadigital.com.ar\/blog\/tragedia-en-castelli-un-muerto-y-cuatro-heridos-tras-el-despiste-de-un-micro-en-la-ruta-2\/","url_meta":{"origin":39011,"position":3},"title":"Tragedia en Castelli: un muerto y cuatro heridos tras el despiste de un micro en la ruta 2","author":"Alejandro Sosa Ruda","date":"20 octubre, 2024","format":false,"excerpt":"Accidente fatal, se desconocen a\u00fan las causas que lo originaron. 20 de Octubre de 2024 CASTELLI -\u00a0 \u00a0En un fatal accidente un colectivo de la empresa PlataBus,\u00a0\u200bdespist\u00f3 a la altura del kil\u00f3metro 185 de la Autov\u00eda 2\u00a0en la mano hacia\u00a0 Mar del Plata.\u00a0 La causa del siniestro, habr\u00eda sido una\u2026","rel":"","context":"En \u00abCASTELLI\u00bb","block_context":{"text":"CASTELLI","link":"https:\/\/larevistadigital.com.ar\/blog\/category\/castelli\/"},"img":{"alt_text":"","src":"https:\/\/i0.wp.com\/larevistadigital.com.ar\/blog\/wp-content\/uploads\/fb6419854f90c4174408b94ad6806f38f4326539.jpg?fit=1140%2C630&ssl=1&resize=350%2C200","width":350,"height":200,"srcset":"https:\/\/i0.wp.com\/larevistadigital.com.ar\/blog\/wp-content\/uploads\/fb6419854f90c4174408b94ad6806f38f4326539.jpg?fit=1140%2C630&ssl=1&resize=350%2C200 1x, https:\/\/i0.wp.com\/larevistadigital.com.ar\/blog\/wp-content\/uploads\/fb6419854f90c4174408b94ad6806f38f4326539.jpg?fit=1140%2C630&ssl=1&resize=525%2C300 1.5x, https:\/\/i0.wp.com\/larevistadigital.com.ar\/blog\/wp-content\/uploads\/fb6419854f90c4174408b94ad6806f38f4326539.jpg?fit=1140%2C630&ssl=1&resize=700%2C400 2x, https:\/\/i0.wp.com\/larevistadigital.com.ar\/blog\/wp-content\/uploads\/fb6419854f90c4174408b94ad6806f38f4326539.jpg?fit=1140%2C630&ssl=1&resize=1050%2C600 3x"},"classes":[]},{"id":39094,"url":"https:\/\/larevistadigital.com.ar\/blog\/peligro-en-la-ruta-2-una-mujer-volco-con-su-auto-bajo-una-intensa-lluvia\/","url_meta":{"origin":39011,"position":4},"title":"Peligro en la Ruta 2: una mujer volc\u00f3 con su auto bajo una intensa lluvia","author":"Alejandro Sosa Ruda","date":"24 marzo, 2025","format":false,"excerpt":"El accidente ocurri\u00f3 a la altura de Dolores. La conductora, oriunda de Mar del Plata, fue trasladada para recibir atenci\u00f3n m\u00e9dica. 24 de Marzo de 2025 DOLORES -\u00a0 Un violento accidente de tr\u00e1nsito tuvo lugar este lunes en la Ruta 2, a la altura del kil\u00f3metro 213, en jurisdicci\u00f3n de\u2026","rel":"","context":"En \u00abDOLORES\u00bb","block_context":{"text":"DOLORES","link":"https:\/\/larevistadigital.com.ar\/blog\/category\/dolores\/"},"img":{"alt_text":"","src":"https:\/\/i0.wp.com\/larevistadigital.com.ar\/blog\/wp-content\/uploads\/7c9586409e4b052f03bbdd86c6dc20aacb1f6426.jpg?fit=1140%2C858&ssl=1&resize=350%2C200","width":350,"height":200,"srcset":"https:\/\/i0.wp.com\/larevistadigital.com.ar\/blog\/wp-content\/uploads\/7c9586409e4b052f03bbdd86c6dc20aacb1f6426.jpg?fit=1140%2C858&ssl=1&resize=350%2C200 1x, https:\/\/i0.wp.com\/larevistadigital.com.ar\/blog\/wp-content\/uploads\/7c9586409e4b052f03bbdd86c6dc20aacb1f6426.jpg?fit=1140%2C858&ssl=1&resize=525%2C300 1.5x, https:\/\/i0.wp.com\/larevistadigital.com.ar\/blog\/wp-content\/uploads\/7c9586409e4b052f03bbdd86c6dc20aacb1f6426.jpg?fit=1140%2C858&ssl=1&resize=700%2C400 2x, https:\/\/i0.wp.com\/larevistadigital.com.ar\/blog\/wp-content\/uploads\/7c9586409e4b052f03bbdd86c6dc20aacb1f6426.jpg?fit=1140%2C858&ssl=1&resize=1050%2C600 3x"},"classes":[]},{"id":42082,"url":"https:\/\/larevistadigital.com.ar\/blog\/tragedia-en-la-ruta-2-una-mujer-murio-al-chocar-contra-el-guardarrail\/","url_meta":{"origin":39011,"position":5},"title":"Tragedia en la Ruta 2: una mujer muri\u00f3 al chocar contra el guardarra\u00edl","author":"Alejandro Sosa Ruda","date":"19 octubre, 2025","format":false,"excerpt":"El accidente ocurri\u00f3 durante la madrugada del s\u00e1bado, a la altura del kil\u00f3metro 253 en Gral. Guido.\u00a0 La v\u00edctima, de 72 a\u00f1os, viajaba con su pareja, que result\u00f3 con heridas leves. 19 de Octubre de 2025 General Guido.- BUENOS AIRES -\u00a0 Un nuevo accidente fatal se registr\u00f3 en la madrugada\u2026","rel":"","context":"En \u00abPOLICIALES\u00bb","block_context":{"text":"POLICIALES","link":"https:\/\/larevistadigital.com.ar\/blog\/category\/policiales\/"},"img":{"alt_text":"","src":"https:\/\/i0.wp.com\/larevistadigital.com.ar\/blog\/wp-content\/uploads\/4a3e11ff20abed0a478648db76313199e4f2b18e.jpg?fit=1140%2C652&ssl=1&resize=350%2C200","width":350,"height":200,"srcset":"https:\/\/i0.wp.com\/larevistadigital.com.ar\/blog\/wp-content\/uploads\/4a3e11ff20abed0a478648db76313199e4f2b18e.jpg?fit=1140%2C652&ssl=1&resize=350%2C200 1x, https:\/\/i0.wp.com\/larevistadigital.com.ar\/blog\/wp-content\/uploads\/4a3e11ff20abed0a478648db76313199e4f2b18e.jpg?fit=1140%2C652&ssl=1&resize=525%2C300 1.5x, https:\/\/i0.wp.com\/larevistadigital.com.ar\/blog\/wp-content\/uploads\/4a3e11ff20abed0a478648db76313199e4f2b18e.jpg?fit=1140%2C652&ssl=1&resize=700%2C400 2x, https:\/\/i0.wp.com\/larevistadigital.com.ar\/blog\/wp-content\/uploads\/4a3e11ff20abed0a478648db76313199e4f2b18e.jpg?fit=1140%2C652&ssl=1&resize=1050%2C600 3x"},"classes":[]}],"_links":{"self":[{"href":"https:\/\/larevistadigital.com.ar\/blog\/wp-json\/wp\/v2\/posts\/39011","targetHints":{"allow":["GET"]}}],"collection":[{"href":"https:\/\/larevistadigital.com.ar\/blog\/wp-json\/wp\/v2\/posts"}],"about":[{"href":"https:\/\/larevistadigital.com.ar\/blog\/wp-json\/wp\/v2\/types\/post"}],"author":[{"embeddable":true,"href":"https:\/\/larevistadigital.com.ar\/blog\/wp-json\/wp\/v2\/users\/3"}],"replies":[{"embeddable":true,"href":"https:\/\/larevistadigital.com.ar\/blog\/wp-json\/wp\/v2\/comments?post=39011"}],"version-history":[{"count":1,"href":"https:\/\/larevistadigital.com.ar\/blog\/wp-json\/wp\/v2\/posts\/39011\/revisions"}],"predecessor-version":[{"id":39013,"href":"https:\/\/larevistadigital.com.ar\/blog\/wp-json\/wp\/v2\/posts\/39011\/revisions\/39013"}],"wp:featuredmedia":[{"embeddable":true,"href":"https:\/\/larevistadigital.com.ar\/blog\/wp-json\/wp\/v2\/media\/39012"}],"wp:attachment":[{"href":"https:\/\/larevistadigital.com.ar\/blog\/wp-json\/wp\/v2\/media?parent=39011"}],"wp:term":[{"taxonomy":"category","embeddable":true,"href":"https:\/\/larevistadigital.com.ar\/blog\/wp-json\/wp\/v2\/categories?post=39011"},{"taxonomy":"post_tag","embeddable":true,"href":"https:\/\/larevistadigital.com.ar\/blog\/wp-json\/wp\/v2\/tags?post=39011"}],"curies":[{"name":"wp","href":"https:\/\/api.w.org\/{rel}","templated":true}]}}