{"id":39014,"date":"2025-03-14T22:00:06","date_gmt":"2025-03-15T01:00:06","guid":{"rendered":"https:\/\/larevistadigital.com.ar\/blog\/?p=39014"},"modified":"2025-03-14T22:00:06","modified_gmt":"2025-03-15T01:00:06","slug":"detienen-a-un-menor-por-el-homicidio-de-un-joven-en-villa-gesell","status":"publish","type":"post","link":"https:\/\/larevistadigital.com.ar\/blog\/detienen-a-un-menor-por-el-homicidio-de-un-joven-en-villa-gesell\/","title":{"rendered":"Detienen a un menor por el homicidio de un joven en Villa Gesell"},"content":{"rendered":"<h2 data-pm-slice=\"1 1 []\"><strong>La v\u00edctima hab\u00eda recibido una brutal golpiza y permaneci\u00f3 en terapia intensiva antes de fallecer.<\/strong><\/h2>\n<p>15 De Marzo de 2025<\/p>\n<p>VILLA GESELL\u00a0 &#8211;\u00a0 En el marco de la investigaci\u00f3n por el asesinato de <strong>Jes\u00fas Lezcano<\/strong>, un joven de 23 a\u00f1os que muri\u00f3 tras ser brutalmente golpeado en Villa Gesell, las autoridades detuvieron a un menor de edad como presunto autor del crimen. El detenido fue trasladado al Centro Cerrado de Menores en Dolores, seg\u00fan inform\u00f3 el portal <em>El Mensajero<\/em>.<\/p>\n<h3><span style=\"color: #ff0000\"><strong>Una agresi\u00f3n fatal<\/strong><\/span><\/h3>\n<p>El hecho ocurri\u00f3 d\u00edas atr\u00e1s cuando un llamado al 911 alert\u00f3 a la polic\u00eda sobre una persona herida en Paseo 121 y Cortada 15. Al llegar, efectivos de la EPC Cuarta encontraron a <strong>Lezcano<\/strong> con un fuerte golpe en la cabeza. De inmediato, personal m\u00e9dico municipal lo traslad\u00f3 al hospital local, donde fue estabilizado antes de ser derivado a Mar del Plata. A pesar de los esfuerzos m\u00e9dicos, el joven falleci\u00f3 el 6 de marzo, lo que llev\u00f3 a que la causa se reclasificara de tentativa de homicidio a homicidio.<\/p>\n<h3><span style=\"color: #ff0000\"><strong>Investigaci\u00f3n y detenci\u00f3n<\/strong><\/span><\/h3>\n<p>Seg\u00fan las pesquisas, la v\u00edctima hab\u00eda estado alterando el orden en estado de ebriedad antes de ser atacada. A partir de testimonios de vecinos y una exhaustiva recolecci\u00f3n de pruebas, los investigadores identificaron al presunto agresor: un menor de edad que resid\u00eda cerca de la v\u00edctima.<\/p>\n<p>Como parte del proceso, se llevaron a cabo allanamientos de alto riesgo en dos domicilios de Villa Gesell. En el operativo participaron efectivos de la EPC I, II, III y IV, adem\u00e1s de grupos especiales como el GAD, Caballer\u00eda e Infanter\u00eda.<\/p>\n<h3><span style=\"color: #ff0000\"><strong>El rol de la justicia<\/strong><\/span><\/h3>\n<p>La causa est\u00e1 en manos de la Fiscal\u00eda Joven N\u00b02, a cargo de la <strong>Dra. M\u00f3nica Ferr\u00e9<\/strong>, y del Juzgado Joven N\u00b01, quienes determinar\u00e1n los pr\u00f3ximos pasos en la investigaci\u00f3n. Mientras tanto, el menor detenido qued\u00f3 a disposici\u00f3n de la justicia, mientras se esclarecen todos los detalles del caso.<\/p>\n<p>Este tr\u00e1gico hecho pone de manifiesto la importancia de la prevenci\u00f3n de la violencia juvenil y la necesidad de generar espacios de contenci\u00f3n para evitar que situaciones como esta sigan ocurriendo. La comunidad de Villa Gesell se mantiene en vilo, esperando justicia por la muerte de Jes\u00fas Lezcano.<\/p>\n<p>&nbsp;<\/p>\n","protected":false},"excerpt":{"rendered":"<div class=\"mh-excerpt\"><p>La v\u00edctima hab\u00eda recibido una brutal golpiza y permaneci\u00f3 en terapia intensiva antes de fallecer. 15 De Marzo de 2025 VILLA GESELL\u00a0 &#8211;\u00a0 En el marco de la investigaci\u00f3n por el asesinato de Jes\u00fas Lezcano, <a class=\"mh-excerpt-more\" href=\"https:\/\/larevistadigital.com.ar\/blog\/detienen-a-un-menor-por-el-homicidio-de-un-joven-en-villa-gesell\/\" title=\"Detienen a un menor por el homicidio de un joven en Villa Gesell\">[Leer M\u00e1s]<\/a><\/p>\n<\/div>","protected":false},"author":3,"featured_media":39015,"comment_status":"open","ping_status":"open","sticky":false,"template":"","format":"standard","meta":{"_jetpack_memberships_contains_paid_content":false,"footnotes":"","jetpack_publicize_message":"","jetpack_publicize_feature_enabled":true,"jetpack_social_post_already_shared":true,"jetpack_social_options":{"image_generator_settings":{"template":"highway","default_image_id":0,"font":"","enabled":false},"version":2}},"categories":[44,51],"tags":[],"class_list":{"0":"post-39014","1":"post","2":"type-post","3":"status-publish","4":"format-standard","5":"has-post-thumbnail","7":"category-policiales","8":"category-regionales"},"jetpack_publicize_connections":[],"jetpack_featured_media_url":"https:\/\/i0.wp.com\/larevistadigital.com.ar\/blog\/wp-content\/uploads\/c90fbb9d323280cb7cdaac6908156eb64c198b43.jpg?fit=1140%2C642&ssl=1","jetpack_sharing_enabled":true,"jetpack_shortlink":"https:\/\/wp.me\/p8qtrQ-a9g","jetpack-related-posts":[{"id":20817,"url":"https:\/\/larevistadigital.com.ar\/blog\/villa-gesell-detienen-a-sujeto-por-abuso-sexual\/","url_meta":{"origin":39014,"position":0},"title":"VILLA GESELL: DETIENEN A SUJETO POR ABUSO SEXUAL","author":"Alejandro Sosa Ruda","date":"22 junio, 2021","format":false,"excerpt":"VILLA GESELL - La madre de una joven de 17 a\u00f1os denunci\u00f3 a su ex pareja por el abuso de la menor en Villa Gesell. Pero, minutos antes de que la mujer realice la denuncia, el hombre de 57 a\u00f1os se present\u00f3 en la dependencia policial expresando que hab\u00eda abusado\u2026","rel":"","context":"En \u00abPOLICIALES\u00bb","block_context":{"text":"POLICIALES","link":"https:\/\/larevistadigital.com.ar\/blog\/category\/policiales\/"},"img":{"alt_text":"","src":"https:\/\/i0.wp.com\/larevistadigital.com.ar\/blog\/wp-content\/uploads\/6293d05cedac45dbdf493a68ef3916bb67d86121.jpg?fit=1140%2C759&ssl=1&resize=350%2C200","width":350,"height":200,"srcset":"https:\/\/i0.wp.com\/larevistadigital.com.ar\/blog\/wp-content\/uploads\/6293d05cedac45dbdf493a68ef3916bb67d86121.jpg?fit=1140%2C759&ssl=1&resize=350%2C200 1x, https:\/\/i0.wp.com\/larevistadigital.com.ar\/blog\/wp-content\/uploads\/6293d05cedac45dbdf493a68ef3916bb67d86121.jpg?fit=1140%2C759&ssl=1&resize=525%2C300 1.5x, https:\/\/i0.wp.com\/larevistadigital.com.ar\/blog\/wp-content\/uploads\/6293d05cedac45dbdf493a68ef3916bb67d86121.jpg?fit=1140%2C759&ssl=1&resize=700%2C400 2x, https:\/\/i0.wp.com\/larevistadigital.com.ar\/blog\/wp-content\/uploads\/6293d05cedac45dbdf493a68ef3916bb67d86121.jpg?fit=1140%2C759&ssl=1&resize=1050%2C600 3x"},"classes":[]},{"id":15890,"url":"https:\/\/larevistadigital.com.ar\/blog\/villa-gesell-asesinan-a-hombre-de-un-balazo-hay-tres-detenidos\/","url_meta":{"origin":39014,"position":1},"title":"VILLA GESELL: ASESINAN A HOMBRE DE UN BALAZO. HAY TRES DETENIDOS","author":"Alejandro Sosa Ruda","date":"10 agosto, 2020","format":false,"excerpt":"La v\u00edctima fue identificada como Gonzalo Romano (42), quien este s\u00e1bado a la noche recibi\u00f3 un tiro en el t\u00f3rax cuando se encontraba en Paseo 126 y avenida de Circunvalaci\u00f3n. La polic\u00eda aprehendi\u00f3 a tres sospechosos: uno es menor. VILLA GESELL- Un hombre fue asesinado de un balazo en el\u2026","rel":"","context":"En \u00abPOLICIALES\u00bb","block_context":{"text":"POLICIALES","link":"https:\/\/larevistadigital.com.ar\/blog\/category\/policiales\/"},"img":{"alt_text":"","src":"https:\/\/i0.wp.com\/larevistadigital.com.ar\/blog\/wp-content\/uploads\/villa-gessel-22.jpg?fit=1200%2C849&ssl=1&resize=350%2C200","width":350,"height":200,"srcset":"https:\/\/i0.wp.com\/larevistadigital.com.ar\/blog\/wp-content\/uploads\/villa-gessel-22.jpg?fit=1200%2C849&ssl=1&resize=350%2C200 1x, https:\/\/i0.wp.com\/larevistadigital.com.ar\/blog\/wp-content\/uploads\/villa-gessel-22.jpg?fit=1200%2C849&ssl=1&resize=525%2C300 1.5x, https:\/\/i0.wp.com\/larevistadigital.com.ar\/blog\/wp-content\/uploads\/villa-gessel-22.jpg?fit=1200%2C849&ssl=1&resize=700%2C400 2x, https:\/\/i0.wp.com\/larevistadigital.com.ar\/blog\/wp-content\/uploads\/villa-gessel-22.jpg?fit=1200%2C849&ssl=1&resize=1050%2C600 3x"},"classes":[]},{"id":34357,"url":"https:\/\/larevistadigital.com.ar\/blog\/villa-gesell-prendieron-fuego-a-un-joven-esta-muy-delicado\/","url_meta":{"origin":39014,"position":2},"title":"VILLA GESELL: PRENDIERON FUEGO A UN JOVEN. EST\u00c1 MUY DELICADO","author":"Alejandro Sosa Ruda","date":"4 noviembre, 2023","format":false,"excerpt":"La v\u00edctima fue asistida por vecinos hasta que lleg\u00f3 la ambulancia. El agresor escap\u00f3 en moto pero fue detenido. Se espera poder trasladarlo a un centro de mayor complejidad para pacientes con quemaduras graves. 4 de noviembre de 2023 VILLA GESELL -\u00a0 Un joven de Villa Gesell permanece internado en\u2026","rel":"","context":"En \u00abINTERES GENERAL\u00bb","block_context":{"text":"INTERES GENERAL","link":"https:\/\/larevistadigital.com.ar\/blog\/category\/interes-general\/"},"img":{"alt_text":"","src":"https:\/\/i0.wp.com\/larevistadigital.com.ar\/blog\/wp-content\/uploads\/20231103145058_quemado.jpg?fit=880%2C512&ssl=1&resize=350%2C200","width":350,"height":200,"srcset":"https:\/\/i0.wp.com\/larevistadigital.com.ar\/blog\/wp-content\/uploads\/20231103145058_quemado.jpg?fit=880%2C512&ssl=1&resize=350%2C200 1x, https:\/\/i0.wp.com\/larevistadigital.com.ar\/blog\/wp-content\/uploads\/20231103145058_quemado.jpg?fit=880%2C512&ssl=1&resize=525%2C300 1.5x, https:\/\/i0.wp.com\/larevistadigital.com.ar\/blog\/wp-content\/uploads\/20231103145058_quemado.jpg?fit=880%2C512&ssl=1&resize=700%2C400 2x"},"classes":[]},{"id":44102,"url":"https:\/\/larevistadigital.com.ar\/blog\/villa-gesell-otro-accidente-fatal-ahora-un-joven-en-su-moto-durante-el-enduro-de-verano\/","url_meta":{"origin":39014,"position":3},"title":"Villa Gesell: Otro accidente fatal. Ahora un joven en su moto durante el \u00abEnduro de Verano\u00bb","author":"Alejandro Sosa Ruda","date":"22 febrero, 2026","format":false,"excerpt":"Ten\u00eda 28 a\u00f1os y participaba del tradicional evento en los m\u00e9danos. Circulaba sin casco y cay\u00f3 tras enfrentar un corte pronunciado en la arena. Falleci\u00f3 pese a las maniobras de reanimaci\u00f3n. 22 de febrero de 2026 VILLA GESELL -\u00a0 \u00a0Un joven de 28 a\u00f1os, oriundo de Ensenada, muri\u00f3 este fin\u2026","rel":"","context":"En \u00abPOLICIALES\u00bb","block_context":{"text":"POLICIALES","link":"https:\/\/larevistadigital.com.ar\/blog\/category\/policiales\/"},"img":{"alt_text":"","src":"https:\/\/i0.wp.com\/larevistadigital.com.ar\/blog\/wp-content\/uploads\/d201a6483fb04bf07efc40d0a65e9890f120c84f.jpeg?fit=1108%2C900&ssl=1&resize=350%2C200","width":350,"height":200,"srcset":"https:\/\/i0.wp.com\/larevistadigital.com.ar\/blog\/wp-content\/uploads\/d201a6483fb04bf07efc40d0a65e9890f120c84f.jpeg?fit=1108%2C900&ssl=1&resize=350%2C200 1x, https:\/\/i0.wp.com\/larevistadigital.com.ar\/blog\/wp-content\/uploads\/d201a6483fb04bf07efc40d0a65e9890f120c84f.jpeg?fit=1108%2C900&ssl=1&resize=525%2C300 1.5x, https:\/\/i0.wp.com\/larevistadigital.com.ar\/blog\/wp-content\/uploads\/d201a6483fb04bf07efc40d0a65e9890f120c84f.jpeg?fit=1108%2C900&ssl=1&resize=700%2C400 2x, https:\/\/i0.wp.com\/larevistadigital.com.ar\/blog\/wp-content\/uploads\/d201a6483fb04bf07efc40d0a65e9890f120c84f.jpeg?fit=1108%2C900&ssl=1&resize=1050%2C600 3x"},"classes":[]},{"id":36374,"url":"https:\/\/larevistadigital.com.ar\/blog\/un-joven-de-villa-gesell-murio-en-brasil-atropellado-por-un-auto-y-su-familia-hace-una-colecta-para-traer-sus-restos\/","url_meta":{"origin":39014,"position":4},"title":"UN JOVEN DE VILLA GESELL MURI\u00d3 EN BRASIL ATROPELLADO POR UN AUTO, Y SU FAMILIA HACE UNA COLECTA PARA TRAER SUS RESTOS","author":"Alejandro Sosa Ruda","date":"21 junio, 2024","format":false,"excerpt":"Ariel Cabral un chico geselino, sufri\u00f3 un accidente fatal en Brasil, su familia geselina , esta destrozada por lo ocurrido. Se realizaron los tr\u00e1mites correspondientes, mediante v\u00eda Cancilleria y las autoridades locales de Brasil, para traer los restos del joven, la familia debe costear el traslado en su totalidad, y\u2026","rel":"","context":"En \u00abREGIONALES\u00bb","block_context":{"text":"REGIONALES","link":"https:\/\/larevistadigital.com.ar\/blog\/category\/regionales\/"},"img":{"alt_text":"","src":"https:\/\/i0.wp.com\/larevistadigital.com.ar\/blog\/wp-content\/uploads\/2-19.jpg?fit=700%2C700&ssl=1&resize=350%2C200","width":350,"height":200,"srcset":"https:\/\/i0.wp.com\/larevistadigital.com.ar\/blog\/wp-content\/uploads\/2-19.jpg?fit=700%2C700&ssl=1&resize=350%2C200 1x, https:\/\/i0.wp.com\/larevistadigital.com.ar\/blog\/wp-content\/uploads\/2-19.jpg?fit=700%2C700&ssl=1&resize=525%2C300 1.5x, https:\/\/i0.wp.com\/larevistadigital.com.ar\/blog\/wp-content\/uploads\/2-19.jpg?fit=700%2C700&ssl=1&resize=700%2C400 2x"},"classes":[]},{"id":43114,"url":"https:\/\/larevistadigital.com.ar\/blog\/villa-gesell-un-bebe-sufrio-heridas-de-gravedad-tras-ser-mordido-por-un-perro\/","url_meta":{"origin":39014,"position":5},"title":"Villa Gesell: Un beb\u00e9 sufri\u00f3 heridas de gravedad tras ser mordido por un perro","author":"Alejandro Sosa Ruda","date":"2 enero, 2026","format":false,"excerpt":"El menor sufri\u00f3 una grave herida en el rostro y debi\u00f3 ser trasladado de urgencia al Hospital Materno Infantil de Mar del Plata. Interviene Zoonosis. 02 de enero de 2026 Un grave episodio ocurrido durante los festejos de A\u00f1o Nuevo en Villa Gesell gener\u00f3 preocupaci\u00f3n y moviliz\u00f3 al sistema de\u2026","rel":"","context":"En \u00abPOLICIALES\u00bb","block_context":{"text":"POLICIALES","link":"https:\/\/larevistadigital.com.ar\/blog\/category\/policiales\/"},"img":{"alt_text":"","src":"https:\/\/i0.wp.com\/larevistadigital.com.ar\/blog\/wp-content\/uploads\/Captura-de-pantalla-2026-01-02-161343.jpg?fit=785%2C461&ssl=1&resize=350%2C200","width":350,"height":200,"srcset":"https:\/\/i0.wp.com\/larevistadigital.com.ar\/blog\/wp-content\/uploads\/Captura-de-pantalla-2026-01-02-161343.jpg?fit=785%2C461&ssl=1&resize=350%2C200 1x, https:\/\/i0.wp.com\/larevistadigital.com.ar\/blog\/wp-content\/uploads\/Captura-de-pantalla-2026-01-02-161343.jpg?fit=785%2C461&ssl=1&resize=525%2C300 1.5x, https:\/\/i0.wp.com\/larevistadigital.com.ar\/blog\/wp-content\/uploads\/Captura-de-pantalla-2026-01-02-161343.jpg?fit=785%2C461&ssl=1&resize=700%2C400 2x"},"classes":[]}],"_links":{"self":[{"href":"https:\/\/larevistadigital.com.ar\/blog\/wp-json\/wp\/v2\/posts\/39014","targetHints":{"allow":["GET"]}}],"collection":[{"href":"https:\/\/larevistadigital.com.ar\/blog\/wp-json\/wp\/v2\/posts"}],"about":[{"href":"https:\/\/larevistadigital.com.ar\/blog\/wp-json\/wp\/v2\/types\/post"}],"author":[{"embeddable":true,"href":"https:\/\/larevistadigital.com.ar\/blog\/wp-json\/wp\/v2\/users\/3"}],"replies":[{"embeddable":true,"href":"https:\/\/larevistadigital.com.ar\/blog\/wp-json\/wp\/v2\/comments?post=39014"}],"version-history":[{"count":1,"href":"https:\/\/larevistadigital.com.ar\/blog\/wp-json\/wp\/v2\/posts\/39014\/revisions"}],"predecessor-version":[{"id":39016,"href":"https:\/\/larevistadigital.com.ar\/blog\/wp-json\/wp\/v2\/posts\/39014\/revisions\/39016"}],"wp:featuredmedia":[{"embeddable":true,"href":"https:\/\/larevistadigital.com.ar\/blog\/wp-json\/wp\/v2\/media\/39015"}],"wp:attachment":[{"href":"https:\/\/larevistadigital.com.ar\/blog\/wp-json\/wp\/v2\/media?parent=39014"}],"wp:term":[{"taxonomy":"category","embeddable":true,"href":"https:\/\/larevistadigital.com.ar\/blog\/wp-json\/wp\/v2\/categories?post=39014"},{"taxonomy":"post_tag","embeddable":true,"href":"https:\/\/larevistadigital.com.ar\/blog\/wp-json\/wp\/v2\/tags?post=39014"}],"curies":[{"name":"wp","href":"https:\/\/api.w.org\/{rel}","templated":true}]}}